{"id":2907,"date":"2024-03-13T11:44:47","date_gmt":"2024-03-13T16:44:47","guid":{"rendered":"https:\/\/www.ucm.edu.co\/radio\/?p=2907"},"modified":"2024-03-13T11:44:47","modified_gmt":"2024-03-13T16:44:47","slug":"teledeteccion-aplicada-para-la-evaluacion-de-los-impactos-ocasionados-por-el-paso-del-huracan-iota-en-la-linea-de-costa-y-zonas-de-manglar-teniendo-en-cuenta-procesos-de-amenaza-en-la-isla-de-san-and","status":"publish","type":"post","link":"https:\/\/www.ucm.edu.co\/radio\/teledeteccion-aplicada-para-la-evaluacion-de-los-impactos-ocasionados-por-el-paso-del-huracan-iota-en-la-linea-de-costa-y-zonas-de-manglar-teniendo-en-cuenta-procesos-de-amenaza-en-la-isla-de-san-and\/","title":{"rendered":"Teledetecci\u00f3n aplicada para la evaluaci\u00f3n de los impactos ocasionados por el paso del hurac\u00e1n IOTA en la l\u00ednea de costa y zonas de manglar, teniendo en cuenta procesos de amenaza en la Isla de San Andr\u00e9s."},"content":{"rendered":"\n<iframe loading=\"lazy\" src=\"https:\/\/widget.spreaker.com\/player?episode_id=59033963&#038;theme=light&#038;playlist=false&#038;playlist-continuous=false&#038;chapters-image=true&#038;episode_image_position=right&#038;hide-logo=false&#038;hide-likes=false&#038;hide-comments=false&#038;hide-sharing=false&#038;hide-download=true\" width=\"100%\" height=\"200px\" frameborder=\"0\"><\/iframe>\n","protected":false},"excerpt":{"rendered":"<p>Proyecto que busca conocer cu\u00e1les fueron las consecuencias surgidas por el hurac\u00e1n IOTA, a partir de procesos de teledetecci\u00f3n, que adem\u00e1s permitan conocer el grado de amenaza.<\/p>\n","protected":false},"author":2,"featured_media":1375,"comment_status":"open","ping_status":"open","sticky":false,"template":"","format":"standard","meta":{"_et_pb_use_builder":"","_et_pb_old_content":"","_et_gb_content_width":"","_monsterinsights_skip_tracking":false,"_monsterinsights_sitenote_active":false,"_monsterinsights_sitenote_note":"","_monsterinsights_sitenote_category":0,"footnotes":""},"categories":[183],"tags":[],"class_list":["post-2907","post","type-post","status-publish","format-standard","has-post-thumbnail","hentry","category-sabias-que"],"_links":{"self":[{"href":"https:\/\/www.ucm.edu.co\/radio\/wp-json\/wp\/v2\/posts\/2907","targetHints":{"allow":["GET"]}}],"collection":[{"href":"https:\/\/www.ucm.edu.co\/radio\/wp-json\/wp\/v2\/posts"}],"about":[{"href":"https:\/\/www.ucm.edu.co\/radio\/wp-json\/wp\/v2\/types\/post"}],"author":[{"embeddable":true,"href":"https:\/\/www.ucm.edu.co\/radio\/wp-json\/wp\/v2\/users\/2"}],"replies":[{"embeddable":true,"href":"https:\/\/www.ucm.edu.co\/radio\/wp-json\/wp\/v2\/comments?post=2907"}],"version-history":[{"count":0,"href":"https:\/\/www.ucm.edu.co\/radio\/wp-json\/wp\/v2\/posts\/2907\/revisions"}],"wp:featuredmedia":[{"embeddable":true,"href":"https:\/\/www.ucm.edu.co\/radio\/wp-json\/wp\/v2\/media\/1375"}],"wp:attachment":[{"href":"https:\/\/www.ucm.edu.co\/radio\/wp-json\/wp\/v2\/media?parent=2907"}],"wp:term":[{"taxonomy":"category","embeddable":true,"href":"https:\/\/www.ucm.edu.co\/radio\/wp-json\/wp\/v2\/categories?post=2907"},{"taxonomy":"post_tag","embeddable":true,"href":"https:\/\/www.ucm.edu.co\/radio\/wp-json\/wp\/v2\/tags?post=2907"}],"curies":[{"name":"wp","href":"https:\/\/api.w.org\/{rel}","templated":true}]}}