{"id":2433,"date":"2023-08-30T12:56:20","date_gmt":"2023-08-30T17:56:20","guid":{"rendered":"https:\/\/www.ucm.edu.co\/radio\/?p=2433"},"modified":"2023-08-30T12:56:20","modified_gmt":"2023-08-30T17:56:20","slug":"jaime-benitez-rexarch-por-emilio-ruiz-sastre-final","status":"publish","type":"post","link":"https:\/\/www.ucm.edu.co\/radio\/jaime-benitez-rexarch-por-emilio-ruiz-sastre-final\/","title":{"rendered":"Jaime Benitez Rexarch, una vida de humanismo y universidad, por Emilio Ru\u00edz Sastre &#8211; Parte final"},"content":{"rendered":"\n<p class=\"has-medium-font-size\">Un espacio de la Unidad Acad\u00e9mica de Formaci\u00f3n Humano Cristiana de la Facultad de Ciencias Sociales Humanidades y Teolog\u00eda.<\/p>\n\n\n\n<iframe loading=\"lazy\" src=\"https:\/\/widget.spreaker.com\/player?episode_id=56639182&#038;theme=light&#038;playlist=false&#038;playlist-continuous=false&#038;chapters-image=true&#038;episode_image_position=right&#038;hide-logo=false&#038;hide-likes=false&#038;hide-comments=false&#038;hide-sharing=false&#038;hide-download=true\" width=\"100%\" height=\"200px\" frameborder=\"0\"><\/iframe>\n","protected":false},"excerpt":{"rendered":"<p>El historiador espa\u00f1ol, Emilio Ruiz Sastre, habla sobre sus m\u00e1s de 20 a\u00f1os de investigaci\u00f3n sobre la vida y obra de Jaime Ben\u00edtez Rexach, figura cumbre de la vida cultural y universitaria de Puerto Rico, as\u00ed como su labor de acogida de los intelectuales espa\u00f1oles en la Universidad de Puerto Rico como consecuencia de la guerra civil espa\u00f1ola. Esta es la cuarta y \u00faltima entrega de una serie dedicada a este gran acad\u00e9mico e intelectual antillano.<\/p>\n","protected":false},"author":2,"featured_media":1070,"comment_status":"open","ping_status":"open","sticky":false,"template":"","format":"standard","meta":{"_et_pb_use_builder":"","_et_pb_old_content":"","_et_gb_content_width":"","_monsterinsights_skip_tracking":false,"_monsterinsights_sitenote_active":false,"_monsterinsights_sitenote_note":"","_monsterinsights_sitenote_category":0,"footnotes":""},"categories":[181],"tags":[],"class_list":["post-2433","post","type-post","status-publish","format-standard","has-post-thumbnail","hentry","category-vida-bella"],"_links":{"self":[{"href":"https:\/\/www.ucm.edu.co\/radio\/wp-json\/wp\/v2\/posts\/2433","targetHints":{"allow":["GET"]}}],"collection":[{"href":"https:\/\/www.ucm.edu.co\/radio\/wp-json\/wp\/v2\/posts"}],"about":[{"href":"https:\/\/www.ucm.edu.co\/radio\/wp-json\/wp\/v2\/types\/post"}],"author":[{"embeddable":true,"href":"https:\/\/www.ucm.edu.co\/radio\/wp-json\/wp\/v2\/users\/2"}],"replies":[{"embeddable":true,"href":"https:\/\/www.ucm.edu.co\/radio\/wp-json\/wp\/v2\/comments?post=2433"}],"version-history":[{"count":0,"href":"https:\/\/www.ucm.edu.co\/radio\/wp-json\/wp\/v2\/posts\/2433\/revisions"}],"wp:featuredmedia":[{"embeddable":true,"href":"https:\/\/www.ucm.edu.co\/radio\/wp-json\/wp\/v2\/media\/1070"}],"wp:attachment":[{"href":"https:\/\/www.ucm.edu.co\/radio\/wp-json\/wp\/v2\/media?parent=2433"}],"wp:term":[{"taxonomy":"category","embeddable":true,"href":"https:\/\/www.ucm.edu.co\/radio\/wp-json\/wp\/v2\/categories?post=2433"},{"taxonomy":"post_tag","embeddable":true,"href":"https:\/\/www.ucm.edu.co\/radio\/wp-json\/wp\/v2\/tags?post=2433"}],"curies":[{"name":"wp","href":"https:\/\/api.w.org\/{rel}","templated":true}]}}