{"id":212808,"date":"2025-08-29T15:20:16","date_gmt":"2025-08-29T20:20:16","guid":{"rendered":"https:\/\/www.ucm.edu.co\/radio\/?p=212808"},"modified":"2025-08-29T15:20:17","modified_gmt":"2025-08-29T20:20:17","slug":"domingo-xxii-del-tiempo-ordinario-la-humildad-es-todavia-una-virtud","status":"publish","type":"post","link":"https:\/\/www.ucm.edu.co\/radio\/domingo-xxii-del-tiempo-ordinario-la-humildad-es-todavia-una-virtud\/","title":{"rendered":"Domingo XXII del tiempo ordinario. La humildad es todav\u00eda una virtud."},"content":{"rendered":"\n<p><em>Un espacio de reflexi\u00f3n espiritual de la Vicerrector\u00eda de Bienestar y pastoral Universitaria de la UCM, orientado por el Pbro. \u00d3scar Piedrahita Osorio<\/em>.<\/p>\n\n\n\n<iframe loading=\"lazy\" src=\"https:\/\/widget.spreaker.com\/player?episode_id=67557040&#038;theme=light&#038;playlist=false&#038;playlist-continuous=false&#038;chapters-image=true&#038;episode_image_position=right&#038;hide-logo=false&#038;hide-likes=false&#038;hide-comments=false&#038;hide-sharing=false&#038;hide-download=true\" width=\"100%\" height=\"200px\" title=\"Domingo XXII del tiempo ordinario.  La humildad es todav\u00eda una virtud.\" frameborder=\"0\"><\/iframe>\n","protected":false},"excerpt":{"rendered":"<p>Domingo XXII del tiempo ordinario. \u00a0La humildad es todav\u00eda una virtud.\u00a0<\/p>\n<p>&#8221; El que se humilla, ser\u00e1 enaltecido &#8221;\u00a0 \u00a0 \u00a0 \u00a0 Lc 14, 11<\/p>\n","protected":false},"author":9,"featured_media":212485,"comment_status":"open","ping_status":"open","sticky":false,"template":"","format":"standard","meta":{"_et_pb_use_builder":"off","_et_pb_old_content":"","_et_gb_content_width":"","_monsterinsights_skip_tracking":false,"_monsterinsights_sitenote_active":false,"_monsterinsights_sitenote_note":"","_monsterinsights_sitenote_category":0,"footnotes":""},"categories":[189],"tags":[],"class_list":["post-212808","post","type-post","status-publish","format-standard","has-post-thumbnail","hentry","category-palabra-dios"],"_links":{"self":[{"href":"https:\/\/www.ucm.edu.co\/radio\/wp-json\/wp\/v2\/posts\/212808","targetHints":{"allow":["GET"]}}],"collection":[{"href":"https:\/\/www.ucm.edu.co\/radio\/wp-json\/wp\/v2\/posts"}],"about":[{"href":"https:\/\/www.ucm.edu.co\/radio\/wp-json\/wp\/v2\/types\/post"}],"author":[{"embeddable":true,"href":"https:\/\/www.ucm.edu.co\/radio\/wp-json\/wp\/v2\/users\/9"}],"replies":[{"embeddable":true,"href":"https:\/\/www.ucm.edu.co\/radio\/wp-json\/wp\/v2\/comments?post=212808"}],"version-history":[{"count":1,"href":"https:\/\/www.ucm.edu.co\/radio\/wp-json\/wp\/v2\/posts\/212808\/revisions"}],"predecessor-version":[{"id":212809,"href":"https:\/\/www.ucm.edu.co\/radio\/wp-json\/wp\/v2\/posts\/212808\/revisions\/212809"}],"wp:featuredmedia":[{"embeddable":true,"href":"https:\/\/www.ucm.edu.co\/radio\/wp-json\/wp\/v2\/media\/212485"}],"wp:attachment":[{"href":"https:\/\/www.ucm.edu.co\/radio\/wp-json\/wp\/v2\/media?parent=212808"}],"wp:term":[{"taxonomy":"category","embeddable":true,"href":"https:\/\/www.ucm.edu.co\/radio\/wp-json\/wp\/v2\/categories?post=212808"},{"taxonomy":"post_tag","embeddable":true,"href":"https:\/\/www.ucm.edu.co\/radio\/wp-json\/wp\/v2\/tags?post=212808"}],"curies":[{"name":"wp","href":"https:\/\/api.w.org\/{rel}","templated":true}]}}