{"id":1739,"date":"2022-05-27T09:42:43","date_gmt":"2022-05-27T14:42:43","guid":{"rendered":"https:\/\/www.ucm.edu.co\/radio\/?p=1739"},"modified":"2022-05-27T09:42:43","modified_gmt":"2022-05-27T14:42:43","slug":"domingo-de-resurreccion","status":"publish","type":"post","link":"https:\/\/www.ucm.edu.co\/radio\/domingo-de-resurreccion\/","title":{"rendered":"Palabra de Dios"},"content":{"rendered":"<h1>Lc 24, 46-53.<\/h1>\n<p>&#8220;En aquel tiempo, Jes\u00fas se apareci\u00f3 a sus disc\u00edpulos y les dijo: Est\u00e1 escrito que el Mes\u00edas ten\u00eda que padecer y hab\u00eda de resucitar de entre los muertos al tercer d\u00eda&#8221;.\u00a0Reflexi\u00f3n a cargo del Padre Oscar Piedrahita Osorio, Capell\u00e1n de la Universidad Cat\u00f3lica de Manizales.<\/p>\n<p><iframe loading=\"lazy\" src=\"https:\/\/widget.spreaker.com\/player?episode_id=49968155&amp;theme=light&amp;playlist=false&amp;playlist-continuous=false&amp;chapters-image=true&amp;episode_image_position=right&amp;hide-logo=false&amp;hide-likes=false&amp;hide-comments=false&amp;hide-sharing=false&amp;hide-download=true\" width=\"100%\" height=\"200px\" frameborder=\"0\"><\/iframe><\/p>\n","protected":false},"excerpt":{"rendered":"<p>Domingo de resurrecci\u00f3n, domingo de esperanza.<\/p>\n","protected":false},"author":2,"featured_media":1022,"comment_status":"open","ping_status":"open","sticky":false,"template":"","format":"standard","meta":{"_et_pb_use_builder":"","_et_pb_old_content":"","_et_gb_content_width":"","_monsterinsights_skip_tracking":false,"footnotes":""},"categories":[189],"tags":[],"class_list":["post-1739","post","type-post","status-publish","format-standard","has-post-thumbnail","hentry","category-palabra-dios"],"_links":{"self":[{"href":"https:\/\/www.ucm.edu.co\/radio\/wp-json\/wp\/v2\/posts\/1739","targetHints":{"allow":["GET"]}}],"collection":[{"href":"https:\/\/www.ucm.edu.co\/radio\/wp-json\/wp\/v2\/posts"}],"about":[{"href":"https:\/\/www.ucm.edu.co\/radio\/wp-json\/wp\/v2\/types\/post"}],"author":[{"embeddable":true,"href":"https:\/\/www.ucm.edu.co\/radio\/wp-json\/wp\/v2\/users\/2"}],"replies":[{"embeddable":true,"href":"https:\/\/www.ucm.edu.co\/radio\/wp-json\/wp\/v2\/comments?post=1739"}],"version-history":[{"count":0,"href":"https:\/\/www.ucm.edu.co\/radio\/wp-json\/wp\/v2\/posts\/1739\/revisions"}],"wp:featuredmedia":[{"embeddable":true,"href":"https:\/\/www.ucm.edu.co\/radio\/wp-json\/wp\/v2\/media\/1022"}],"wp:attachment":[{"href":"https:\/\/www.ucm.edu.co\/radio\/wp-json\/wp\/v2\/media?parent=1739"}],"wp:term":[{"taxonomy":"category","embeddable":true,"href":"https:\/\/www.ucm.edu.co\/radio\/wp-json\/wp\/v2\/categories?post=1739"},{"taxonomy":"post_tag","embeddable":true,"href":"https:\/\/www.ucm.edu.co\/radio\/wp-json\/wp\/v2\/tags?post=1739"}],"curies":[{"name":"wp","href":"https:\/\/api.w.org\/{rel}","templated":true}]}}