{"id":1699,"date":"2022-05-12T09:52:51","date_gmt":"2022-05-12T14:52:51","guid":{"rendered":"https:\/\/www.ucm.edu.co\/radio\/?p=1699"},"modified":"2022-05-12T09:52:51","modified_gmt":"2022-05-12T14:52:51","slug":"nuestra-voz-nuestro-fe-proceso-electoral","status":"publish","type":"post","link":"https:\/\/www.ucm.edu.co\/radio\/nuestra-voz-nuestro-fe-proceso-electoral\/","title":{"rendered":"La Fe en el Proceso Electoral"},"content":{"rendered":"<h1>Tercer Conversatorio Participaci\u00f3n Ciudadana.<\/h1>\n<p><span style=\"color: #000000; font-family: verdana, geneva, sans-serif;\">Una mirada al actual panorama democr\u00e1tico colombiano. La Fe en el Proceso Electoral: Una Perspectiva desde la Doctrina Social De La Iglesia. Invitado: Jose Antonio Rosas, Cientista Pol\u00edtico de la Universidad Popular Aut\u00f3noma del Estado de Puebla, Magister en Pol\u00edticas P\u00fablicas de la Universidad de Chile y Director general de la Academia Latinoamericana de L\u00edderes Cat\u00f3licos.<\/span><\/p>\n<p><iframe loading=\"lazy\" src=\"https:\/\/widget.spreaker.com\/player?episode_id=49773698&amp;theme=light&amp;playlist=false&amp;playlist-continuous=false&amp;chapters-image=true&amp;episode_image_position=right&amp;hide-logo=false&amp;hide-likes=false&amp;hide-comments=false&amp;hide-sharing=false&amp;hide-download=true\" width=\"100%\" height=\"200px\" frameborder=\"0\"><\/iframe><\/p>\n","protected":false},"excerpt":{"rendered":"<p>Una Perspectiva desde la Doctrina Social De La Iglesia.<\/p>\n","protected":false},"author":2,"featured_media":1704,"comment_status":"open","ping_status":"open","sticky":false,"template":"","format":"standard","meta":{"_et_pb_use_builder":"","_et_pb_old_content":"","_et_gb_content_width":"","_monsterinsights_skip_tracking":false,"footnotes":""},"categories":[198],"tags":[],"class_list":["post-1699","post","type-post","status-publish","format-standard","has-post-thumbnail","hentry","category-nuestra-voz-nuestro-voto"],"_links":{"self":[{"href":"https:\/\/www.ucm.edu.co\/radio\/wp-json\/wp\/v2\/posts\/1699","targetHints":{"allow":["GET"]}}],"collection":[{"href":"https:\/\/www.ucm.edu.co\/radio\/wp-json\/wp\/v2\/posts"}],"about":[{"href":"https:\/\/www.ucm.edu.co\/radio\/wp-json\/wp\/v2\/types\/post"}],"author":[{"embeddable":true,"href":"https:\/\/www.ucm.edu.co\/radio\/wp-json\/wp\/v2\/users\/2"}],"replies":[{"embeddable":true,"href":"https:\/\/www.ucm.edu.co\/radio\/wp-json\/wp\/v2\/comments?post=1699"}],"version-history":[{"count":0,"href":"https:\/\/www.ucm.edu.co\/radio\/wp-json\/wp\/v2\/posts\/1699\/revisions"}],"wp:featuredmedia":[{"embeddable":true,"href":"https:\/\/www.ucm.edu.co\/radio\/wp-json\/wp\/v2\/media\/1704"}],"wp:attachment":[{"href":"https:\/\/www.ucm.edu.co\/radio\/wp-json\/wp\/v2\/media?parent=1699"}],"wp:term":[{"taxonomy":"category","embeddable":true,"href":"https:\/\/www.ucm.edu.co\/radio\/wp-json\/wp\/v2\/categories?post=1699"},{"taxonomy":"post_tag","embeddable":true,"href":"https:\/\/www.ucm.edu.co\/radio\/wp-json\/wp\/v2\/tags?post=1699"}],"curies":[{"name":"wp","href":"https:\/\/api.w.org\/{rel}","templated":true}]}}