{"id":1523,"date":"2021-09-09T11:09:45","date_gmt":"2021-09-09T16:09:45","guid":{"rendered":"https:\/\/www.ucm.edu.co\/radio\/?p=1523"},"modified":"2021-09-09T11:09:45","modified_gmt":"2021-09-09T16:09:45","slug":"la-relaciones-entre-las-practicas-pedagogicas-y-los-resultados-de-las-pruebas-saber-3-5-9-y-11","status":"publish","type":"post","link":"https:\/\/www.ucm.edu.co\/radio\/la-relaciones-entre-las-practicas-pedagogicas-y-los-resultados-de-las-pruebas-saber-3-5-9-y-11\/","title":{"rendered":"La relaciones entre las pr\u00e1cticas pedag\u00f3gicas y los resultados de las pruebas Saber 3, 5, 9 y 11"},"content":{"rendered":"<p><a class=\"spreaker-player\" href=\"https:\/\/www.spreaker.com\/episode\/46446260\" data-resource=\"episode_id=46446260\" data-width=\"100%\" data-height=\"200px\" data-theme=\"light\" data-playlist=\"false\" data-playlist-continuous=\"false\" data-chapters-image=\"true\" data-episode-image-position=\"right\" data-hide-logo=\"false\" data-hide-likes=\"false\" data-hide-comments=\"false\" data-hide-sharing=\"false\" data-hide-download=\"true\">Listen to &#8220;La relaciones entre las pr\u00e1cticas pedag\u00f3gicas y los resultados de las pruebas Saber 3, 5, 9 y 11&#8221; on Spreaker.<\/a><br \/>\n<script async src=\"https:\/\/widget.spreaker.com\/widgets.js\"><\/script><\/p>\n","protected":false},"excerpt":{"rendered":"<p>En esta entrega de Sab\u00edas Que, nos presentan el proyecto: &#8220;La relaciones entre las pr\u00e1cticas pedag\u00f3gicas y los resultados de las pruebas Saber 3, 5, 9 y 11&#8221;, un proyecto que lidera el grupo EFE, en asocio con Inventiva Soluciones.<\/p>\n","protected":false},"author":2,"featured_media":1377,"comment_status":"open","ping_status":"open","sticky":false,"template":"","format":"standard","meta":{"_et_pb_use_builder":"","_et_pb_old_content":"","_et_gb_content_width":"","_monsterinsights_skip_tracking":false,"footnotes":""},"categories":[183],"tags":[],"class_list":["post-1523","post","type-post","status-publish","format-standard","has-post-thumbnail","hentry","category-sabias-que"],"_links":{"self":[{"href":"https:\/\/www.ucm.edu.co\/radio\/wp-json\/wp\/v2\/posts\/1523","targetHints":{"allow":["GET"]}}],"collection":[{"href":"https:\/\/www.ucm.edu.co\/radio\/wp-json\/wp\/v2\/posts"}],"about":[{"href":"https:\/\/www.ucm.edu.co\/radio\/wp-json\/wp\/v2\/types\/post"}],"author":[{"embeddable":true,"href":"https:\/\/www.ucm.edu.co\/radio\/wp-json\/wp\/v2\/users\/2"}],"replies":[{"embeddable":true,"href":"https:\/\/www.ucm.edu.co\/radio\/wp-json\/wp\/v2\/comments?post=1523"}],"version-history":[{"count":0,"href":"https:\/\/www.ucm.edu.co\/radio\/wp-json\/wp\/v2\/posts\/1523\/revisions"}],"wp:featuredmedia":[{"embeddable":true,"href":"https:\/\/www.ucm.edu.co\/radio\/wp-json\/wp\/v2\/media\/1377"}],"wp:attachment":[{"href":"https:\/\/www.ucm.edu.co\/radio\/wp-json\/wp\/v2\/media?parent=1523"}],"wp:term":[{"taxonomy":"category","embeddable":true,"href":"https:\/\/www.ucm.edu.co\/radio\/wp-json\/wp\/v2\/categories?post=1523"},{"taxonomy":"post_tag","embeddable":true,"href":"https:\/\/www.ucm.edu.co\/radio\/wp-json\/wp\/v2\/tags?post=1523"}],"curies":[{"name":"wp","href":"https:\/\/api.w.org\/{rel}","templated":true}]}}