{"id":1488,"date":"2021-06-24T15:57:31","date_gmt":"2021-06-24T20:57:31","guid":{"rendered":"https:\/\/www.ucm.edu.co\/radio\/?p=1488"},"modified":"2021-06-24T15:57:31","modified_gmt":"2021-06-24T20:57:31","slug":"aprendizaje-de-la-quimica-a-traves-de-la-realidad-virtual","status":"publish","type":"post","link":"https:\/\/www.ucm.edu.co\/radio\/aprendizaje-de-la-quimica-a-traves-de-la-realidad-virtual\/","title":{"rendered":"Aprendizaje de la qu\u00edmica a trav\u00e9s de la realidad virtual"},"content":{"rendered":"<p><a class=\"spreaker-player\" href=\"https:\/\/www.spreaker.com\/episode\/45431378\" data-resource=\"episode_id=45431378\" data-width=\"100%\" data-height=\"200px\" data-theme=\"light\" data-playlist=\"false\" data-playlist-continuous=\"false\" data-chapters-image=\"true\" data-episode-image-position=\"right\" data-hide-logo=\"false\" data-hide-likes=\"false\" data-hide-comments=\"false\" data-hide-sharing=\"false\" data-hide-download=\"true\">Listen to &#8220;Aprendizaje de la qu\u00edmica a trav\u00e9s de la realidad virtual&#8221; on Spreaker.<\/a><br \/>\n<script async src=\"https:\/\/widget.spreaker.com\/widgets.js\"><\/script><\/p>\n","protected":false},"excerpt":{"rendered":"<p>En esta nueva entrega de Sab\u00edas que, profesores pertenecientes al grupo de investigaci\u00f3n EFE nos presentan el proyecto: &#8220;Aprendizaje del concepto de reacciones qu\u00edmicas a partir de un modelo de resoluci\u00f3n de problemas en los estudiantes de la UCM, a trav\u00e9s de un enfoque microsc\u00f3pico de la qu\u00edmica en un ambiente de realidad virtual inmersiva&#8221;<\/p>\n","protected":false},"author":2,"featured_media":1377,"comment_status":"open","ping_status":"open","sticky":false,"template":"","format":"standard","meta":{"_et_pb_use_builder":"","_et_pb_old_content":"","_et_gb_content_width":"","_monsterinsights_skip_tracking":false,"_monsterinsights_sitenote_active":false,"_monsterinsights_sitenote_note":"","_monsterinsights_sitenote_category":0,"footnotes":""},"categories":[183],"tags":[],"class_list":["post-1488","post","type-post","status-publish","format-standard","has-post-thumbnail","hentry","category-sabias-que"],"_links":{"self":[{"href":"https:\/\/www.ucm.edu.co\/radio\/wp-json\/wp\/v2\/posts\/1488","targetHints":{"allow":["GET"]}}],"collection":[{"href":"https:\/\/www.ucm.edu.co\/radio\/wp-json\/wp\/v2\/posts"}],"about":[{"href":"https:\/\/www.ucm.edu.co\/radio\/wp-json\/wp\/v2\/types\/post"}],"author":[{"embeddable":true,"href":"https:\/\/www.ucm.edu.co\/radio\/wp-json\/wp\/v2\/users\/2"}],"replies":[{"embeddable":true,"href":"https:\/\/www.ucm.edu.co\/radio\/wp-json\/wp\/v2\/comments?post=1488"}],"version-history":[{"count":0,"href":"https:\/\/www.ucm.edu.co\/radio\/wp-json\/wp\/v2\/posts\/1488\/revisions"}],"wp:featuredmedia":[{"embeddable":true,"href":"https:\/\/www.ucm.edu.co\/radio\/wp-json\/wp\/v2\/media\/1377"}],"wp:attachment":[{"href":"https:\/\/www.ucm.edu.co\/radio\/wp-json\/wp\/v2\/media?parent=1488"}],"wp:term":[{"taxonomy":"category","embeddable":true,"href":"https:\/\/www.ucm.edu.co\/radio\/wp-json\/wp\/v2\/categories?post=1488"},{"taxonomy":"post_tag","embeddable":true,"href":"https:\/\/www.ucm.edu.co\/radio\/wp-json\/wp\/v2\/tags?post=1488"}],"curies":[{"name":"wp","href":"https:\/\/api.w.org\/{rel}","templated":true}]}}