{"id":1048,"date":"2021-05-26T16:19:57","date_gmt":"2021-05-26T14:19:57","guid":{"rendered":"https:\/\/www.ucm.edu.co\/mariepoussepin\/?p=1048"},"modified":"2021-06-03T15:05:34","modified_gmt":"2021-06-03T13:05:34","slug":"cofre","status":"publish","type":"post","link":"https:\/\/www.ucm.edu.co\/mariepoussepin\/cofre\/","title":{"rendered":"Cofre del carisma UCM"},"content":{"rendered":"\t\t<div data-elementor-type=\"wp-post\" data-elementor-id=\"1048\" class=\"elementor elementor-1048\">\n\t\t\t\t\t\t<section class=\"elementor-section elementor-top-section elementor-element elementor-element-9dfe898 elementor-section-full_width elementor-section-height-default elementor-section-height-default\" data-id=\"9dfe898\" data-element_type=\"section\">\n\t\t\t\t\t\t<div class=\"elementor-container elementor-column-gap-no\">\n\t\t\t\t\t<div class=\"elementor-column elementor-col-100 elementor-top-column elementor-element elementor-element-9a34fd9\" data-id=\"9a34fd9\" data-element_type=\"column\">\n\t\t\t<div class=\"elementor-widget-wrap elementor-element-populated\">\n\t\t\t\t\t\t<div class=\"elementor-element elementor-element-0e96324 elementor-widget elementor-widget-image\" data-id=\"0e96324\" data-element_type=\"widget\" data-widget_type=\"image.default\">\n\t\t\t\t<div class=\"elementor-widget-container\">\n\t\t\t\t\t\t\t\t\t\t\t\t\t\t\t<img fetchpriority=\"high\" decoding=\"async\" width=\"700\" height=\"504\" src=\"https:\/\/www.ucm.edu.co\/mariepoussepin\/wp-content\/uploads\/2021\/05\/cofre.png\" class=\"attachment-large size-large wp-image-1096\" alt=\"\" \/>\t\t\t\t\t\t\t\t\t\t\t\t\t\t\t<\/div>\n\t\t\t\t<\/div>\n\t\t\t\t<div class=\"elementor-element elementor-element-691728d interlineado elementor-widget elementor-widget-image\" data-id=\"691728d\" data-element_type=\"widget\" data-widget_type=\"image.default\">\n\t\t\t\t<div class=\"elementor-widget-container\">\n\t\t\t\t\t\t\t\t\t\t\t\t\t\t\t<img decoding=\"async\" width=\"700\" height=\"165\" src=\"https:\/\/www.ucm.edu.co\/mariepoussepin\/wp-content\/uploads\/2021\/05\/325_anos.png\" class=\"attachment-large size-large wp-image-1097\" alt=\"\" \/>\t\t\t\t\t\t\t\t\t\t\t\t\t\t\t<\/div>\n\t\t\t\t<\/div>\n\t\t\t\t\t<\/div>\n\t\t<\/div>\n\t\t\t\t\t<\/div>\n\t\t<\/section>\n\t\t\t\t<section class=\"elementor-section elementor-top-section elementor-element elementor-element-77b261b elementor-section-boxed elementor-section-height-default elementor-section-height-default\" data-id=\"77b261b\" data-element_type=\"section\">\n\t\t\t\t\t\t<div class=\"elementor-container elementor-column-gap-default\">\n\t\t\t\t\t<div class=\"elementor-column elementor-col-100 elementor-top-column elementor-element elementor-element-98522f0\" data-id=\"98522f0\" data-element_type=\"column\">\n\t\t\t<div class=\"elementor-widget-wrap elementor-element-populated\">\n\t\t\t\t\t\t<div class=\"elementor-element elementor-element-fdda8f6 elementor-widget elementor-widget-text-editor\" data-id=\"fdda8f6\" data-element_type=\"widget\" data-widget_type=\"text-editor.default\">\n\t\t\t\t<div class=\"elementor-widget-container\">\n\t\t\t\t\t\t\t\t\t<p>Como parte de la celebraci\u00f3n de los 325 a\u00f1os de la Fundaci\u00f3n la Congregaci\u00f3n de Hermanas Dominicas de la Presentaci\u00f3n, abrimos este cofre simb\u00f3lico que permita albergar el sue\u00f1o a futuro del carisma institucional que tenemos como comunidad universitaria.<\/p><p>Viajando en el tiempo imagina y suma como ser\u00e1n las cosas en 25 a\u00f1os, responde a la pregunta que te plantea el cofre, y se parte de este sue\u00f1o de todos.<\/p><p>En 25 a\u00f1os abriremos el cofre y verificaremos como la vivencia de nuestro carisma se corresponde con lo que anhel\u00e1mos hoy.<\/p>\t\t\t\t\t\t\t\t<\/div>\n\t\t\t\t<\/div>\n\t\t\t\t\t<\/div>\n\t\t<\/div>\n\t\t\t\t\t<\/div>\n\t\t<\/section>\n\t\t\t\t<section class=\"elementor-section elementor-top-section elementor-element elementor-element-89d0197 elementor-section-full_width elementor-section-height-default elementor-section-height-default\" data-id=\"89d0197\" data-element_type=\"section\">\n\t\t\t\t\t\t<div class=\"elementor-container elementor-column-gap-default\">\n\t\t\t\t\t<div class=\"elementor-column elementor-col-100 elementor-top-column elementor-element elementor-element-887aa97\" data-id=\"887aa97\" data-element_type=\"column\">\n\t\t\t<div class=\"elementor-widget-wrap elementor-element-populated\">\n\t\t\t\t\t\t<div class=\"elementor-element elementor-element-9fc5fd4 elementor-widget elementor-widget-heading\" data-id=\"9fc5fd4\" data-element_type=\"widget\" data-widget_type=\"heading.default\">\n\t\t\t\t<div class=\"elementor-widget-container\">\n\t\t\t\t\t<h2 class=\"elementor-heading-title elementor-size-default\">Pens\u00e1ndonos a futuro...<\/h2>\t\t\t\t<\/div>\n\t\t\t\t<\/div>\n\t\t\t\t<div class=\"elementor-element elementor-element-01cdb1d interlineado elementor-widget elementor-widget-text-editor\" data-id=\"01cdb1d\" data-element_type=\"widget\" data-widget_type=\"text-editor.default\">\n\t\t\t\t<div class=\"elementor-widget-container\">\n\t\t\t\t\t\t\t\t\t<p>\u00bfEn 25 a\u00f1os, cu\u00e1l y c\u00f3mo crees que ser\u00e1 la vivencia del carisma congregacional desde la academia en la UCM?<\/p>\t\t\t\t\t\t\t\t<\/div>\n\t\t\t\t<\/div>\n\t\t\t\t<div class=\"elementor-element elementor-element-7460efa elementor-widget elementor-widget-image\" data-id=\"7460efa\" data-element_type=\"widget\" data-widget_type=\"image.default\">\n\t\t\t\t<div class=\"elementor-widget-container\">\n\t\t\t\t\t\t\t\t\t\t\t\t\t\t\t<img decoding=\"async\" width=\"500\" height=\"267\" src=\"https:\/\/www.ucm.edu.co\/mariepoussepin\/wp-content\/uploads\/2021\/05\/flecha.png\" class=\"attachment-large size-large wp-image-1111\" alt=\"\" \/>\t\t\t\t\t\t\t\t\t\t\t\t\t\t\t<\/div>\n\t\t\t\t<\/div>\n\t\t\t\t\t<\/div>\n\t\t<\/div>\n\t\t\t\t\t<\/div>\n\t\t<\/section>\n\t\t\t\t<\/div>\n\t\t","protected":false},"excerpt":{"rendered":"<p>Como parte de la celebraci\u00f3n de los 325 a\u00f1os de la Fundaci\u00f3n la Congregaci\u00f3n de Hermanas Dominicas de la Presentaci\u00f3n, abrimos este cofre simb\u00f3lico que permita albergar el sue\u00f1o a futuro del carisma institucional que tenemos como comunidad universitaria. Viajando en el tiempo imagina y suma como ser\u00e1n las cosas [&hellip;]<\/p>\n","protected":false},"author":1,"featured_media":1028,"comment_status":"open","ping_status":"closed","sticky":false,"template":"","format":"standard","meta":{"footnotes":"","_links_to":"","_links_to_target":""},"categories":[1],"tags":[],"class_list":["post-1048","post","type-post","status-publish","format-standard","has-post-thumbnail","hentry","category-sin-categoria"],"_links":{"self":[{"href":"https:\/\/www.ucm.edu.co\/mariepoussepin\/wp-json\/wp\/v2\/posts\/1048","targetHints":{"allow":["GET"]}}],"collection":[{"href":"https:\/\/www.ucm.edu.co\/mariepoussepin\/wp-json\/wp\/v2\/posts"}],"about":[{"href":"https:\/\/www.ucm.edu.co\/mariepoussepin\/wp-json\/wp\/v2\/types\/post"}],"author":[{"embeddable":true,"href":"https:\/\/www.ucm.edu.co\/mariepoussepin\/wp-json\/wp\/v2\/users\/1"}],"replies":[{"embeddable":true,"href":"https:\/\/www.ucm.edu.co\/mariepoussepin\/wp-json\/wp\/v2\/comments?post=1048"}],"version-history":[{"count":72,"href":"https:\/\/www.ucm.edu.co\/mariepoussepin\/wp-json\/wp\/v2\/posts\/1048\/revisions"}],"predecessor-version":[{"id":1139,"href":"https:\/\/www.ucm.edu.co\/mariepoussepin\/wp-json\/wp\/v2\/posts\/1048\/revisions\/1139"}],"wp:featuredmedia":[{"embeddable":true,"href":"https:\/\/www.ucm.edu.co\/mariepoussepin\/wp-json\/wp\/v2\/media\/1028"}],"wp:attachment":[{"href":"https:\/\/www.ucm.edu.co\/mariepoussepin\/wp-json\/wp\/v2\/media?parent=1048"}],"wp:term":[{"taxonomy":"category","embeddable":true,"href":"https:\/\/www.ucm.edu.co\/mariepoussepin\/wp-json\/wp\/v2\/categories?post=1048"},{"taxonomy":"post_tag","embeddable":true,"href":"https:\/\/www.ucm.edu.co\/mariepoussepin\/wp-json\/wp\/v2\/tags?post=1048"}],"curies":[{"name":"wp","href":"https:\/\/api.w.org\/{rel}","templated":true}]}}