{"id":235427,"date":"2026-09-04T08:58:45","date_gmt":"2026-09-04T13:58:45","guid":{"rendered":"https:\/\/www.ucm.edu.co\/?p=235427"},"modified":"2026-09-04T09:03:02","modified_gmt":"2026-09-04T14:03:02","slug":"la-ucm-dio-apertura-a-la-xxvii-cohorte-de-la-especializacion-en-gerencia-de-la-calidad","status":"publish","type":"post","link":"https:\/\/www.ucm.edu.co\/en\/la-ucm-dio-apertura-a-la-xxvii-cohorte-de-la-especializacion-en-gerencia-de-la-calidad\/","title":{"rendered":"La UCM dio apertura a la XXVII cohorte de la Especializaci\u00f3n en Gerencia de la Calidad"},"content":{"rendered":"<p class=\"wp-block-paragraph\">La Universidad Cat\u00f3lica de Manizales (UCM) dio apertura oficial a la <strong>XXVII cohorte de la Especializaci\u00f3n en Gerencia de la Calidad<\/strong>, en una jornada de inducci\u00f3n institucional realizada el 28 de agosto de 2026. Este encuentro marc\u00f3 el inicio de un nuevo proceso de formaci\u00f3n para profesionales que han decidido fortalecer sus competencias y contribuir, desde sus diferentes campos de acci\u00f3n, a la construcci\u00f3n de una cultura de calidad en las organizaciones y en el pa\u00eds.<\/p>\n\n\n\n<p class=\"wp-block-paragraph\">La apertura de una nueva cohorte reafirma la pertinencia de este programa de posgrado, que semestre a semestre consolida su presencia y demuestra el aporte de sus graduados a la infraestructura de la calidad en Colombia. Desde la UCM, esta formaci\u00f3n representa una apuesta por profesionales capaces de asumir los desaf\u00edos de sus contextos con una mirada integral, \u00e9tica y comprometida con la transformaci\u00f3n social.<\/p>\n\n\n\n<h2 class=\"wp-block-heading\">Una comunidad acad\u00e9mica que sigue creciendo<\/h2>\n\n\n\n<p class=\"wp-block-paragraph\">La XXVII cohorte cuenta con una comunidad acad\u00e9mica diversa, integrada por profesionales y estudiantes que encuentran en la Universidad Cat\u00f3lica de Manizales un escenario para continuar fortaleciendo su trayectoria. Entre sus integrantes se encuentra un profesor del TEC Marie Poussepin, Jorge Iv\u00e1n Ospina, as\u00ed como estudiantes de los programas de Bacteriolog\u00eda y Enfermer\u00eda que han optado por esta especializaci\u00f3n como modalidad de grado.<\/p>\n\n\n\n<figure class=\"wp-block-image size-full\"><img loading=\"lazy\" decoding=\"async\" width=\"799\" height=\"467\" src=\"https:\/\/www.ucm.edu.co\/wp-content\/uploads\/2026\/09\/Apertura-28-agosto-2026.png\" alt=\"\" class=\"wp-image-235431\" srcset=\"https:\/\/www.ucm.edu.co\/wp-content\/uploads\/2026\/09\/Apertura-28-agosto-2026.png 799w, https:\/\/www.ucm.edu.co\/wp-content\/uploads\/2026\/09\/Apertura-28-agosto-2026-480x281.png 480w\" sizes=\"(min-width: 0px) and (max-width: 480px) 480px, (min-width: 481px) 799px, 100vw\" \/><\/figure>\n\n\n\n<p class=\"wp-block-paragraph\">Esta diversidad de perfiles enriquece el proceso formativo y favorece el di\u00e1logo entre diferentes disciplinas y experiencias profesionales, elementos fundamentales para comprender la calidad como un prop\u00f3sito transversal.<\/p>\n\n\n\n<h2 class=\"wp-block-heading\">Formaci\u00f3n que trasciende las aulas<\/h2>\n\n\n\n<p class=\"wp-block-paragraph\">La presencia de graduados UCM en esta cohorte tambi\u00e9n evidencia la confianza que nuestros profesionales depositan en la instituci\u00f3n para continuar su formaci\u00f3n posgradual. Es un reconocimiento al sello que los acompa\u00f1a y a una propuesta educativa que busca responder a las necesidades del entorno.<\/p>\n\n\n\n<p class=\"wp-block-paragraph\">Para la Universidad Cat\u00f3lica de Manizales, formar especialistas en Gerencia de la Calidad significa contribuir al fortalecimiento de las organizaciones y, con ello, al desarrollo del pa\u00eds. Cada graduado representa la posibilidad de llevar conocimiento, liderazgo y compromiso a los diferentes escenarios donde se construye la excelencia.<\/p>\n\n\n\n<p class=\"wp-block-paragraph\">De esta manera, la XXVII cohorte inicia un nuevo camino acad\u00e9mico con el prop\u00f3sito de seguir aportando a una Colombia que requiere profesionales preparados para gestionar procesos de calidad, promover la mejora continua y generar transformaciones con sentido humano y social.<\/p>\n\n\n\n<p class=\"wp-block-paragraph\">Tambi\u00e9n podr\u00eda interesarte:<em>\u00a0<\/em><a href=\"https:\/\/www.ucm.edu.co\/en\/la-ucm-dio-la-bienvenida-a-la-cohorte-56-de-la-especializacion-en-administracion-de-la-salud\/\" data-type=\"link\" data-id=\"https:\/\/www.ucm.edu.co\/la-ucm-dio-la-bienvenida-a-la-cohorte-56-de-la-especializacion-en-administracion-de-la-salud\/\">https:\/\/www.ucm.edu.co\/la-ucm-dio-la-bienvenida-a-la-cohorte-56-de-la-especializacion-en-administracion-de-la-salud\/<\/a><\/p>","protected":false},"excerpt":{"rendered":"<p>La Universidad Cat\u00f3lica de Manizales dio apertura a la XXVII cohorte de la Especializaci\u00f3n en Gerencia de la Calidad, reafirmando su compromiso con la formaci\u00f3n de profesionales que aportan al fortalecimiento de la calidad en Colombia.<\/p>","protected":false},"author":5,"featured_media":235428,"comment_status":"closed","ping_status":"open","sticky":false,"template":"","format":"standard","meta":{"_et_pb_use_builder":"","_et_pb_old_content":"","_et_gb_content_width":"","content-type":"","_monsterinsights_skip_tracking":false,"footnotes":""},"categories":[11],"tags":[891,68,69],"class_list":["post-235427","post","type-post","status-publish","format-standard","has-post-thumbnail","hentry","category-proyeccion","tag-especializacion-en-gerencia-de-la-calidad","tag-ucm","tag-universidad-catolica-de-manizales"],"yoast_head":"<!-- This site is optimized with the Yoast SEO plugin v28.1 - https:\/\/yoast.com\/product\/yoast-seo-wordpress\/ -->\n<title>UCM abri\u00f3 la XXVII cohorte de Gerencia de la Calidad<\/title>\n<meta name=\"description\" content=\"La UCM dio apertura a la XXVII cohorte de Gerencia de la Calidad, fortaleciendo su aporte a la infraestructura de la calidad en Colombia.\" \/>\n<meta name=\"robots\" content=\"index, follow, max-snippet:-1, max-image-preview:large, max-video-preview:-1\" \/>\n<link rel=\"canonical\" href=\"https:\/\/www.ucm.edu.co\/en\/la-ucm-dio-apertura-a-la-xxvii-cohorte-de-la-especializacion-en-gerencia-de-la-calidad\/\" \/>\n<meta property=\"og:locale\" content=\"en_US\" \/>\n<meta property=\"og:type\" content=\"article\" \/>\n<meta property=\"og:title\" content=\"UCM abri\u00f3 la XXVII cohorte de Gerencia de la Calidad\" \/>\n<meta property=\"og:description\" content=\"La UCM dio apertura a la XXVII cohorte de Gerencia de la Calidad, fortaleciendo su aporte a la infraestructura de la calidad en Colombia.\" \/>\n<meta property=\"og:url\" content=\"https:\/\/www.ucm.edu.co\/en\/la-ucm-dio-apertura-a-la-xxvii-cohorte-de-la-especializacion-en-gerencia-de-la-calidad\/\" \/>\n<meta property=\"og:site_name\" content=\"UCM - Universidad Cat\u00f3lica de Manizales\" \/>\n<meta property=\"article:publisher\" content=\"https:\/\/www.facebook.com\/ucatolicamanizales\" \/>\n<meta property=\"article:published_time\" content=\"2026-09-04T13:58:45+00:00\" \/>\n<meta property=\"article:modified_time\" content=\"2026-09-04T14:03:02+00:00\" \/>\n<meta property=\"og:image\" content=\"https:\/\/www.ucm.edu.co\/wp-content\/uploads\/2026\/09\/Gerencia-de-la-calidad-XXVII.png\" \/>\n\t<meta property=\"og:image:width\" content=\"800\" \/>\n\t<meta property=\"og:image:height\" content=\"452\" \/>\n\t<meta property=\"og:image:type\" content=\"image\/png\" \/>\n<meta name=\"author\" content=\"Prensa UCM\" \/>\n<meta name=\"twitter:card\" content=\"summary_large_image\" \/>\n<meta name=\"twitter:creator\" content=\"@ucm_manizales\" \/>\n<meta name=\"twitter:site\" content=\"@ucm_manizales\" \/>\n<meta name=\"twitter:label1\" content=\"Written by\" \/>\n\t<meta name=\"twitter:data1\" content=\"Prensa UCM\" \/>\n\t<meta name=\"twitter:label2\" content=\"Est. reading time\" \/>\n\t<meta name=\"twitter:data2\" content=\"3 minutes\" \/>\n<script type=\"application\/ld+json\" class=\"yoast-schema-graph\">{\"@context\":\"https:\\\/\\\/schema.org\",\"@graph\":[{\"@type\":\"Article\",\"@id\":\"https:\\\/\\\/www.ucm.edu.co\\\/la-ucm-dio-apertura-a-la-xxvii-cohorte-de-la-especializacion-en-gerencia-de-la-calidad\\\/#article\",\"isPartOf\":{\"@id\":\"https:\\\/\\\/www.ucm.edu.co\\\/la-ucm-dio-apertura-a-la-xxvii-cohorte-de-la-especializacion-en-gerencia-de-la-calidad\\\/\"},\"author\":{\"name\":\"Prensa UCM\",\"@id\":\"https:\\\/\\\/www.ucm.edu.co\\\/#\\\/schema\\\/person\\\/fea805666959d6cfcf87dea44ef2f0b8\"},\"headline\":\"La UCM dio apertura a la XXVII cohorte de la Especializaci\u00f3n en Gerencia de la Calidad\",\"datePublished\":\"2026-09-04T13:58:45+00:00\",\"dateModified\":\"2026-09-04T14:03:02+00:00\",\"mainEntityOfPage\":{\"@id\":\"https:\\\/\\\/www.ucm.edu.co\\\/la-ucm-dio-apertura-a-la-xxvii-cohorte-de-la-especializacion-en-gerencia-de-la-calidad\\\/\"},\"wordCount\":431,\"publisher\":{\"@id\":\"https:\\\/\\\/www.ucm.edu.co\\\/#organization\"},\"image\":{\"@id\":\"https:\\\/\\\/www.ucm.edu.co\\\/la-ucm-dio-apertura-a-la-xxvii-cohorte-de-la-especializacion-en-gerencia-de-la-calidad\\\/#primaryimage\"},\"thumbnailUrl\":\"https:\\\/\\\/www.ucm.edu.co\\\/wp-content\\\/uploads\\\/2026\\\/09\\\/Gerencia-de-la-calidad-XXVII.png\",\"keywords\":[\"Especializaci\u00f3n en Gerencia de la Calidad\",\"UCM\",\"Universidad Cat\u00f3lica de Manizales\"],\"articleSection\":[\"Ext. y Proyecci\u00f3n\"],\"inLanguage\":\"en-US\"},{\"@type\":\"WebPage\",\"@id\":\"https:\\\/\\\/www.ucm.edu.co\\\/la-ucm-dio-apertura-a-la-xxvii-cohorte-de-la-especializacion-en-gerencia-de-la-calidad\\\/\",\"url\":\"https:\\\/\\\/www.ucm.edu.co\\\/la-ucm-dio-apertura-a-la-xxvii-cohorte-de-la-especializacion-en-gerencia-de-la-calidad\\\/\",\"name\":\"UCM abri\u00f3 la XXVII cohorte de Gerencia de la Calidad\",\"isPartOf\":{\"@id\":\"https:\\\/\\\/www.ucm.edu.co\\\/#website\"},\"primaryImageOfPage\":{\"@id\":\"https:\\\/\\\/www.ucm.edu.co\\\/la-ucm-dio-apertura-a-la-xxvii-cohorte-de-la-especializacion-en-gerencia-de-la-calidad\\\/#primaryimage\"},\"image\":{\"@id\":\"https:\\\/\\\/www.ucm.edu.co\\\/la-ucm-dio-apertura-a-la-xxvii-cohorte-de-la-especializacion-en-gerencia-de-la-calidad\\\/#primaryimage\"},\"thumbnailUrl\":\"https:\\\/\\\/www.ucm.edu.co\\\/wp-content\\\/uploads\\\/2026\\\/09\\\/Gerencia-de-la-calidad-XXVII.png\",\"datePublished\":\"2026-09-04T13:58:45+00:00\",\"dateModified\":\"2026-09-04T14:03:02+00:00\",\"description\":\"La UCM dio apertura a la XXVII cohorte de Gerencia de la Calidad, fortaleciendo su aporte a la infraestructura de la calidad en Colombia.\",\"breadcrumb\":{\"@id\":\"https:\\\/\\\/www.ucm.edu.co\\\/la-ucm-dio-apertura-a-la-xxvii-cohorte-de-la-especializacion-en-gerencia-de-la-calidad\\\/#breadcrumb\"},\"inLanguage\":\"en-US\",\"potentialAction\":[{\"@type\":\"ReadAction\",\"target\":[\"https:\\\/\\\/www.ucm.edu.co\\\/la-ucm-dio-apertura-a-la-xxvii-cohorte-de-la-especializacion-en-gerencia-de-la-calidad\\\/\"]}]},{\"@type\":\"ImageObject\",\"inLanguage\":\"en-US\",\"@id\":\"https:\\\/\\\/www.ucm.edu.co\\\/la-ucm-dio-apertura-a-la-xxvii-cohorte-de-la-especializacion-en-gerencia-de-la-calidad\\\/#primaryimage\",\"url\":\"https:\\\/\\\/www.ucm.edu.co\\\/wp-content\\\/uploads\\\/2026\\\/09\\\/Gerencia-de-la-calidad-XXVII.png\",\"contentUrl\":\"https:\\\/\\\/www.ucm.edu.co\\\/wp-content\\\/uploads\\\/2026\\\/09\\\/Gerencia-de-la-calidad-XXVII.png\",\"width\":800,\"height\":452},{\"@type\":\"BreadcrumbList\",\"@id\":\"https:\\\/\\\/www.ucm.edu.co\\\/la-ucm-dio-apertura-a-la-xxvii-cohorte-de-la-especializacion-en-gerencia-de-la-calidad\\\/#breadcrumb\",\"itemListElement\":[{\"@type\":\"ListItem\",\"position\":1,\"name\":\"Portada\",\"item\":\"https:\\\/\\\/www.ucm.edu.co\\\/\"},{\"@type\":\"ListItem\",\"position\":2,\"name\":\"La UCM dio apertura a la XXVII cohorte de la Especializaci\u00f3n en Gerencia de la Calidad\"}]},{\"@type\":\"WebSite\",\"@id\":\"https:\\\/\\\/www.ucm.edu.co\\\/#website\",\"url\":\"https:\\\/\\\/www.ucm.edu.co\\\/\",\"name\":\"UCM - Universidad Cat\u00f3lica de Manizales\",\"description\":\"Ven a ser quien quieres ser\",\"publisher\":{\"@id\":\"https:\\\/\\\/www.ucm.edu.co\\\/#organization\"},\"alternateName\":\"UCM\",\"potentialAction\":[{\"@type\":\"SearchAction\",\"target\":{\"@type\":\"EntryPoint\",\"urlTemplate\":\"https:\\\/\\\/www.ucm.edu.co\\\/?s={search_term_string}\"},\"query-input\":{\"@type\":\"PropertyValueSpecification\",\"valueRequired\":true,\"valueName\":\"search_term_string\"}}],\"inLanguage\":\"en-US\"},{\"@type\":\"Organization\",\"@id\":\"https:\\\/\\\/www.ucm.edu.co\\\/#organization\",\"name\":\"Universidad Cat\u00f3lica de Manizales\",\"alternateName\":\"UCM\",\"url\":\"https:\\\/\\\/www.ucm.edu.co\\\/\",\"logo\":{\"@type\":\"ImageObject\",\"inLanguage\":\"en-US\",\"@id\":\"https:\\\/\\\/www.ucm.edu.co\\\/#\\\/schema\\\/logo\\\/image\\\/\",\"url\":\"https:\\\/\\\/www.ucm.edu.co\\\/wp-content\\\/uploads\\\/2021\\\/03\\\/favicon_ucm.png\",\"contentUrl\":\"https:\\\/\\\/www.ucm.edu.co\\\/wp-content\\\/uploads\\\/2021\\\/03\\\/favicon_ucm.png\",\"width\":512,\"height\":512,\"caption\":\"Universidad Cat\u00f3lica de Manizales\"},\"image\":{\"@id\":\"https:\\\/\\\/www.ucm.edu.co\\\/#\\\/schema\\\/logo\\\/image\\\/\"},\"sameAs\":[\"https:\\\/\\\/www.facebook.com\\\/ucatolicamanizales\",\"https:\\\/\\\/x.com\\\/ucm_manizales\",\"https:\\\/\\\/www.instagram.com\\\/ucatolicamanizales\\\/\",\"https:\\\/\\\/co.linkedin.com\\\/school\\\/ucatolicamanizales\\\/\",\"https:\\\/\\\/www.youtube.com\\\/user\\\/UCMtelevision\"]},{\"@type\":\"Person\",\"@id\":\"https:\\\/\\\/www.ucm.edu.co\\\/#\\\/schema\\\/person\\\/fea805666959d6cfcf87dea44ef2f0b8\",\"name\":\"Prensa UCM\",\"image\":{\"@type\":\"ImageObject\",\"inLanguage\":\"en-US\",\"@id\":\"https:\\\/\\\/secure.gravatar.com\\\/avatar\\\/e9670ef3f6e98ca21e5ca101324fddb19f2b728f8bc808ffc267be23350fac46?s=96&d=mm&r=g\",\"url\":\"https:\\\/\\\/secure.gravatar.com\\\/avatar\\\/e9670ef3f6e98ca21e5ca101324fddb19f2b728f8bc808ffc267be23350fac46?s=96&d=mm&r=g\",\"contentUrl\":\"https:\\\/\\\/secure.gravatar.com\\\/avatar\\\/e9670ef3f6e98ca21e5ca101324fddb19f2b728f8bc808ffc267be23350fac46?s=96&d=mm&r=g\",\"caption\":\"Prensa UCM\"},\"url\":\"https:\\\/\\\/www.ucm.edu.co\\\/en\\\/author\\\/prensa\\\/\"}]}<\/script>\n<!-- \/ Yoast SEO plugin. -->","yoast_head_json":{"title":"UCM abri\u00f3 la XXVII cohorte de Gerencia de la Calidad","description":"La UCM dio apertura a la XXVII cohorte de Gerencia de la Calidad, fortaleciendo su aporte a la infraestructura de la calidad en Colombia.","robots":{"index":"index","follow":"follow","max-snippet":"max-snippet:-1","max-image-preview":"max-image-preview:large","max-video-preview":"max-video-preview:-1"},"canonical":"https:\/\/www.ucm.edu.co\/en\/la-ucm-dio-apertura-a-la-xxvii-cohorte-de-la-especializacion-en-gerencia-de-la-calidad\/","og_locale":"en_US","og_type":"article","og_title":"UCM abri\u00f3 la XXVII cohorte de Gerencia de la Calidad","og_description":"La UCM dio apertura a la XXVII cohorte de Gerencia de la Calidad, fortaleciendo su aporte a la infraestructura de la calidad en Colombia.","og_url":"https:\/\/www.ucm.edu.co\/en\/la-ucm-dio-apertura-a-la-xxvii-cohorte-de-la-especializacion-en-gerencia-de-la-calidad\/","og_site_name":"UCM - Universidad Cat\u00f3lica de Manizales","article_publisher":"https:\/\/www.facebook.com\/ucatolicamanizales","article_published_time":"2026-09-04T13:58:45+00:00","article_modified_time":"2026-09-04T14:03:02+00:00","og_image":[{"width":800,"height":452,"url":"https:\/\/www.ucm.edu.co\/wp-content\/uploads\/2026\/09\/Gerencia-de-la-calidad-XXVII.png","type":"image\/png"}],"author":"Prensa UCM","twitter_card":"summary_large_image","twitter_creator":"@ucm_manizales","twitter_site":"@ucm_manizales","twitter_misc":{"Written by":"Prensa UCM","Est. reading time":"3 minutes"},"schema":{"@context":"https:\/\/schema.org","@graph":[{"@type":"Article","@id":"https:\/\/www.ucm.edu.co\/la-ucm-dio-apertura-a-la-xxvii-cohorte-de-la-especializacion-en-gerencia-de-la-calidad\/#article","isPartOf":{"@id":"https:\/\/www.ucm.edu.co\/la-ucm-dio-apertura-a-la-xxvii-cohorte-de-la-especializacion-en-gerencia-de-la-calidad\/"},"author":{"name":"Prensa UCM","@id":"https:\/\/www.ucm.edu.co\/#\/schema\/person\/fea805666959d6cfcf87dea44ef2f0b8"},"headline":"La UCM dio apertura a la XXVII cohorte de la Especializaci\u00f3n en Gerencia de la Calidad","datePublished":"2026-09-04T13:58:45+00:00","dateModified":"2026-09-04T14:03:02+00:00","mainEntityOfPage":{"@id":"https:\/\/www.ucm.edu.co\/la-ucm-dio-apertura-a-la-xxvii-cohorte-de-la-especializacion-en-gerencia-de-la-calidad\/"},"wordCount":431,"publisher":{"@id":"https:\/\/www.ucm.edu.co\/#organization"},"image":{"@id":"https:\/\/www.ucm.edu.co\/la-ucm-dio-apertura-a-la-xxvii-cohorte-de-la-especializacion-en-gerencia-de-la-calidad\/#primaryimage"},"thumbnailUrl":"https:\/\/www.ucm.edu.co\/wp-content\/uploads\/2026\/09\/Gerencia-de-la-calidad-XXVII.png","keywords":["Especializaci\u00f3n en Gerencia de la Calidad","UCM","Universidad Cat\u00f3lica de Manizales"],"articleSection":["Ext. y Proyecci\u00f3n"],"inLanguage":"en-US"},{"@type":"WebPage","@id":"https:\/\/www.ucm.edu.co\/la-ucm-dio-apertura-a-la-xxvii-cohorte-de-la-especializacion-en-gerencia-de-la-calidad\/","url":"https:\/\/www.ucm.edu.co\/la-ucm-dio-apertura-a-la-xxvii-cohorte-de-la-especializacion-en-gerencia-de-la-calidad\/","name":"UCM abri\u00f3 la XXVII cohorte de Gerencia de la Calidad","isPartOf":{"@id":"https:\/\/www.ucm.edu.co\/#website"},"primaryImageOfPage":{"@id":"https:\/\/www.ucm.edu.co\/la-ucm-dio-apertura-a-la-xxvii-cohorte-de-la-especializacion-en-gerencia-de-la-calidad\/#primaryimage"},"image":{"@id":"https:\/\/www.ucm.edu.co\/la-ucm-dio-apertura-a-la-xxvii-cohorte-de-la-especializacion-en-gerencia-de-la-calidad\/#primaryimage"},"thumbnailUrl":"https:\/\/www.ucm.edu.co\/wp-content\/uploads\/2026\/09\/Gerencia-de-la-calidad-XXVII.png","datePublished":"2026-09-04T13:58:45+00:00","dateModified":"2026-09-04T14:03:02+00:00","description":"La UCM dio apertura a la XXVII cohorte de Gerencia de la Calidad, fortaleciendo su aporte a la infraestructura de la calidad en Colombia.","breadcrumb":{"@id":"https:\/\/www.ucm.edu.co\/la-ucm-dio-apertura-a-la-xxvii-cohorte-de-la-especializacion-en-gerencia-de-la-calidad\/#breadcrumb"},"inLanguage":"en-US","potentialAction":[{"@type":"ReadAction","target":["https:\/\/www.ucm.edu.co\/la-ucm-dio-apertura-a-la-xxvii-cohorte-de-la-especializacion-en-gerencia-de-la-calidad\/"]}]},{"@type":"ImageObject","inLanguage":"en-US","@id":"https:\/\/www.ucm.edu.co\/la-ucm-dio-apertura-a-la-xxvii-cohorte-de-la-especializacion-en-gerencia-de-la-calidad\/#primaryimage","url":"https:\/\/www.ucm.edu.co\/wp-content\/uploads\/2026\/09\/Gerencia-de-la-calidad-XXVII.png","contentUrl":"https:\/\/www.ucm.edu.co\/wp-content\/uploads\/2026\/09\/Gerencia-de-la-calidad-XXVII.png","width":800,"height":452},{"@type":"BreadcrumbList","@id":"https:\/\/www.ucm.edu.co\/la-ucm-dio-apertura-a-la-xxvii-cohorte-de-la-especializacion-en-gerencia-de-la-calidad\/#breadcrumb","itemListElement":[{"@type":"ListItem","position":1,"name":"Portada","item":"https:\/\/www.ucm.edu.co\/"},{"@type":"ListItem","position":2,"name":"La UCM dio apertura a la XXVII cohorte de la Especializaci\u00f3n en Gerencia de la Calidad"}]},{"@type":"WebSite","@id":"https:\/\/www.ucm.edu.co\/#website","url":"https:\/\/www.ucm.edu.co\/","name":"UCM - Universidad Cat\u00f3lica de Manizales","description":"Ven a ser quien quieres ser","publisher":{"@id":"https:\/\/www.ucm.edu.co\/#organization"},"alternateName":"UCM","potentialAction":[{"@type":"SearchAction","target":{"@type":"EntryPoint","urlTemplate":"https:\/\/www.ucm.edu.co\/?s={search_term_string}"},"query-input":{"@type":"PropertyValueSpecification","valueRequired":true,"valueName":"search_term_string"}}],"inLanguage":"en-US"},{"@type":"Organization","@id":"https:\/\/www.ucm.edu.co\/#organization","name":"Universidad Cat\u00f3lica de Manizales","alternateName":"UCM","url":"https:\/\/www.ucm.edu.co\/","logo":{"@type":"ImageObject","inLanguage":"en-US","@id":"https:\/\/www.ucm.edu.co\/#\/schema\/logo\/image\/","url":"https:\/\/www.ucm.edu.co\/wp-content\/uploads\/2021\/03\/favicon_ucm.png","contentUrl":"https:\/\/www.ucm.edu.co\/wp-content\/uploads\/2021\/03\/favicon_ucm.png","width":512,"height":512,"caption":"Universidad Cat\u00f3lica de Manizales"},"image":{"@id":"https:\/\/www.ucm.edu.co\/#\/schema\/logo\/image\/"},"sameAs":["https:\/\/www.facebook.com\/ucatolicamanizales","https:\/\/x.com\/ucm_manizales","https:\/\/www.instagram.com\/ucatolicamanizales\/","https:\/\/co.linkedin.com\/school\/ucatolicamanizales\/","https:\/\/www.youtube.com\/user\/UCMtelevision"]},{"@type":"Person","@id":"https:\/\/www.ucm.edu.co\/#\/schema\/person\/fea805666959d6cfcf87dea44ef2f0b8","name":"Prensa UCM","image":{"@type":"ImageObject","inLanguage":"en-US","@id":"https:\/\/secure.gravatar.com\/avatar\/e9670ef3f6e98ca21e5ca101324fddb19f2b728f8bc808ffc267be23350fac46?s=96&d=mm&r=g","url":"https:\/\/secure.gravatar.com\/avatar\/e9670ef3f6e98ca21e5ca101324fddb19f2b728f8bc808ffc267be23350fac46?s=96&d=mm&r=g","contentUrl":"https:\/\/secure.gravatar.com\/avatar\/e9670ef3f6e98ca21e5ca101324fddb19f2b728f8bc808ffc267be23350fac46?s=96&d=mm&r=g","caption":"Prensa UCM"},"url":"https:\/\/www.ucm.edu.co\/en\/author\/prensa\/"}]}},"_links":{"self":[{"href":"https:\/\/www.ucm.edu.co\/en\/wp-json\/wp\/v2\/posts\/235427","targetHints":{"allow":["GET"]}}],"collection":[{"href":"https:\/\/www.ucm.edu.co\/en\/wp-json\/wp\/v2\/posts"}],"about":[{"href":"https:\/\/www.ucm.edu.co\/en\/wp-json\/wp\/v2\/types\/post"}],"author":[{"embeddable":true,"href":"https:\/\/www.ucm.edu.co\/en\/wp-json\/wp\/v2\/users\/5"}],"replies":[{"embeddable":true,"href":"https:\/\/www.ucm.edu.co\/en\/wp-json\/wp\/v2\/comments?post=235427"}],"version-history":[{"count":1,"href":"https:\/\/www.ucm.edu.co\/en\/wp-json\/wp\/v2\/posts\/235427\/revisions"}],"predecessor-version":[{"id":235432,"href":"https:\/\/www.ucm.edu.co\/en\/wp-json\/wp\/v2\/posts\/235427\/revisions\/235432"}],"wp:featuredmedia":[{"embeddable":true,"href":"https:\/\/www.ucm.edu.co\/en\/wp-json\/wp\/v2\/media\/235428"}],"wp:attachment":[{"href":"https:\/\/www.ucm.edu.co\/en\/wp-json\/wp\/v2\/media?parent=235427"}],"wp:term":[{"taxonomy":"category","embeddable":true,"href":"https:\/\/www.ucm.edu.co\/en\/wp-json\/wp\/v2\/categories?post=235427"},{"taxonomy":"post_tag","embeddable":true,"href":"https:\/\/www.ucm.edu.co\/en\/wp-json\/wp\/v2\/tags?post=235427"}],"curies":[{"name":"wp","href":"https:\/\/api.w.org\/{rel}","templated":true}]}}