{"id":235244,"date":"2026-08-26T09:22:59","date_gmt":"2026-08-26T14:22:59","guid":{"rendered":"https:\/\/www.ucm.edu.co\/?p=235244"},"modified":"2026-08-26T10:28:41","modified_gmt":"2026-08-26T15:28:41","slug":"universidad-catolica-de-manizales-da-apertura-a-la-primera-cohorte-de-la-especializacion-en-gestion-de-la-calidad","status":"publish","type":"post","link":"https:\/\/www.ucm.edu.co\/en\/universidad-catolica-de-manizales-da-apertura-a-la-primera-cohorte-de-la-especializacion-en-gestion-de-la-calidad\/","title":{"rendered":"Universidad Cat\u00f3lica de Manizales da apertura a la primera cohorte de la Especializaci\u00f3n en Gesti\u00f3n de la Calidad en Laboratorios"},"content":{"rendered":"<p class=\"wp-block-paragraph\">La UCM dio apertura a la primera cohorte de la Especializaci\u00f3n en Gesti\u00f3n de la Calidad en Laboratorios, fortaleciendo la formaci\u00f3n profesional y los procesos de calidad en sectores estrat\u00e9gicos.<\/p>\n\n\n\n<p class=\"wp-block-paragraph\">El acto de apertura se realiz\u00f3 el martes 25 de agosto de 2026 y cont\u00f3 con la participaci\u00f3n del Dr. Cristian Camilo Guti\u00e9rrez Restrepo, rector de la UCM; la hermana Elsa Myriam Londo\u00f1o Valencia, vicerrectora Acad\u00e9mica; Gloria In\u00e9s Estrada Salazar, decana de la Facultad de Ciencias de la Salud y directora del programa; la hermana Aurora Ca\u00f1as Montagut, vicerrectora de Bienestar y Pastoral Universitaria; V\u00edctor Hugo Mar\u00edn Torres, coordinador de la Biblioteca Josefina N\u00fa\u00f1ez, y Nelson Mario Arango Villegas, de la Unidad Institucional de Educaci\u00f3n a Distancia y Virtual.<\/p>\n\n\n\n<h2 class=\"wp-block-heading\">Una nueva oportunidad para fortalecer los est\u00e1ndares de calidad<\/h2>\n\n\n\n<p class=\"wp-block-paragraph\">Durante la jornada, los estudiantes tuvieron un primer acercamiento con la comunidad universitaria y con los diferentes servicios y unidades que acompa\u00f1ar\u00e1n su experiencia formativa. La agenda contempl\u00f3 el saludo institucional de la Rector\u00eda, Vicerrector\u00eda Acad\u00e9mica y la Decanatura, seguido de la presentaci\u00f3n de los estudiantes.<\/p>\n\n\n\n<p class=\"wp-block-paragraph\">Durante la jornada, los estudiantes tuvieron un primer acercamiento con la comunidad universitaria y con los diferentes servicios y unidades que acompa\u00f1ar\u00e1n su experiencia formativa.<\/p>\n\n\n\n<p class=\"wp-block-paragraph\">En su intervenci\u00f3n de bienvenida, el rector de la UCM, Dr. Cristian Camilo Guti\u00e9rrez Restrepo, comparti\u00f3 con los nuevos estudiantes diferentes aspectos de la Universidad, presentando los servicios y posibilidades que la instituci\u00f3n pone a disposici\u00f3n de su comunidad.<\/p>\n\n\n\n<p class=\"wp-block-paragraph\">Asimismo, hizo un recorrido por algunos elementos de la infraestructura universitaria y destac\u00f3 las oportunidades que ofrece la UCM para continuar los procesos de formaci\u00f3n, desde el tr\u00e1nsito de los estudios de pregrado hacia los programas de posgrado, hasta las posibilidades de movilidad e internacionalizaci\u00f3n que complementan la experiencia acad\u00e9mica.<\/p>\n\n\n\n<p class=\"wp-block-paragraph\">A su vez, este es el inicio de una formaci\u00f3n acad\u00e9mica orientada a desarrollar competencias para asumir, con rigor y compromiso, los desaf\u00edos de la gesti\u00f3n de la calidad en laboratorios cl\u00ednicos, de ensayo y calibraci\u00f3n.<\/p>\n\n\n\n<figure class=\"wp-block-image size-full\"><img loading=\"lazy\" decoding=\"async\" width=\"800\" height=\"269\" src=\"https:\/\/www.ucm.edu.co\/wp-content\/uploads\/2026\/08\/Especializacion-gestion-de-la-calidad.png\" alt=\"\" class=\"wp-image-235250\" srcset=\"https:\/\/www.ucm.edu.co\/wp-content\/uploads\/2026\/08\/Especializacion-gestion-de-la-calidad.png 800w, https:\/\/www.ucm.edu.co\/wp-content\/uploads\/2026\/08\/Especializacion-gestion-de-la-calidad-480x161.png 480w\" sizes=\"(min-width: 0px) and (max-width: 480px) 480px, (min-width: 481px) 800px, 100vw\" \/><\/figure>\n\n\n\n<h2 class=\"wp-block-heading\">Formaci\u00f3n integral y acompa\u00f1amiento a los estudiantes<\/h2>\n\n\n\n<p class=\"wp-block-paragraph\">La Vicerrector\u00eda de Bienestar y Pastoral present\u00f3 sus servicios de Bienestar en L\u00ednea, y la Biblioteca Josefina N\u00fa\u00f1ez sus recursos para apoyar los procesos acad\u00e9micos. Para concluir, la jornada incluy\u00f3 la inducci\u00f3n a UCM Conecta.<\/p>\n\n\n\n<p class=\"wp-block-paragraph\">Sumado a ello, para la UCM, recibir esta primera cohorte significa ampliar las oportunidades de formaci\u00f3n y fortalecer una propuesta educativa basada en conocimiento, calidad y formaci\u00f3n integral, comprometida con la excelencia y los desaf\u00edos de estos sectores.<\/p>\n\n\n\n<p class=\"wp-block-paragraph\">Tambi\u00e9n podr\u00eda interesarte:&nbsp;<a href=\"https:\/\/www.ucm.edu.co\/en\/2do-taller-practico-sobre-alimentacion-saludable-buenas-practicas-de-manipulacion-y-conservacion-de-alimentos\/\" data-type=\"link\" data-id=\"https:\/\/www.ucm.edu.co\/2do-taller-practico-sobre-alimentacion-saludable-buenas-practicas-de-manipulacion-y-conservacion-de-alimentos\/\">https:\/\/www.ucm.edu.co\/2do-taller-practico-sobre-alimentacion-saludable-buenas-practicas-de-manipulacion-y-conservacion-de-alimentos\/<\/a><\/p>","protected":false},"excerpt":{"rendered":"<p>La Universidad Cat\u00f3lica de Manizales dio apertura a la primera cohorte de la Especializaci\u00f3n en Gesti\u00f3n de la Calidad en Laboratorios Cl\u00ednicos, de Ensayo y de Calibraci\u00f3n, fortaleciendo su apuesta por una formaci\u00f3n pertinente y de calidad.<\/p>","protected":false},"author":5,"featured_media":235255,"comment_status":"closed","ping_status":"open","sticky":false,"template":"","format":"standard","meta":{"_et_pb_use_builder":"","_et_pb_old_content":"","_et_gb_content_width":"","content-type":"","_monsterinsights_skip_tracking":false,"footnotes":""},"categories":[11],"tags":[1654,68,69],"class_list":["post-235244","post","type-post","status-publish","format-standard","has-post-thumbnail","hentry","category-proyeccion","tag-especializacion-en-gestion-de-la-calidad","tag-ucm","tag-universidad-catolica-de-manizales"],"yoast_head":"<!-- This site is optimized with the Yoast SEO plugin v28.1 - https:\/\/yoast.com\/product\/yoast-seo-wordpress\/ -->\n<title>UCM inicia Especializaci\u00f3n en Gesti\u00f3n de la Calidad<\/title>\n<meta name=\"description\" content=\"La UCM dio apertura a la primera cohorte de la Especializaci\u00f3n en Gesti\u00f3n de la Calidad en Laboratorios Cl\u00ednicos, de Ensayo y de Calibraci\u00f3n.\" \/>\n<meta name=\"robots\" content=\"index, follow, max-snippet:-1, max-image-preview:large, max-video-preview:-1\" \/>\n<link rel=\"canonical\" href=\"https:\/\/www.ucm.edu.co\/en\/universidad-catolica-de-manizales-da-apertura-a-la-primera-cohorte-de-la-especializacion-en-gestion-de-la-calidad\/\" \/>\n<meta property=\"og:locale\" content=\"en_US\" \/>\n<meta property=\"og:type\" content=\"article\" \/>\n<meta property=\"og:title\" content=\"UCM inicia Especializaci\u00f3n en Gesti\u00f3n de la Calidad\" \/>\n<meta property=\"og:description\" content=\"La UCM dio apertura a la primera cohorte de la Especializaci\u00f3n en Gesti\u00f3n de la Calidad en Laboratorios Cl\u00ednicos, de Ensayo y de Calibraci\u00f3n.\" \/>\n<meta property=\"og:url\" content=\"https:\/\/www.ucm.edu.co\/en\/universidad-catolica-de-manizales-da-apertura-a-la-primera-cohorte-de-la-especializacion-en-gestion-de-la-calidad\/\" \/>\n<meta property=\"og:site_name\" content=\"UCM - Universidad Cat\u00f3lica de Manizales\" \/>\n<meta property=\"article:publisher\" content=\"https:\/\/www.facebook.com\/ucatolicamanizales\" \/>\n<meta property=\"article:published_time\" content=\"2026-08-26T14:22:59+00:00\" \/>\n<meta property=\"article:modified_time\" content=\"2026-08-26T15:28:41+00:00\" \/>\n<meta property=\"og:image\" content=\"https:\/\/www.ucm.edu.co\/wp-content\/uploads\/2026\/08\/Captura-de-pantalla-2026-08-25-172244-2.png\" \/>\n\t<meta property=\"og:image:width\" content=\"1227\" \/>\n\t<meta property=\"og:image:height\" content=\"700\" \/>\n\t<meta property=\"og:image:type\" content=\"image\/png\" \/>\n<meta name=\"author\" content=\"Prensa UCM\" \/>\n<meta name=\"twitter:card\" content=\"summary_large_image\" \/>\n<meta name=\"twitter:creator\" content=\"@ucm_manizales\" \/>\n<meta name=\"twitter:site\" content=\"@ucm_manizales\" \/>\n<meta name=\"twitter:label1\" content=\"Written by\" \/>\n\t<meta name=\"twitter:data1\" content=\"Prensa UCM\" \/>\n\t<meta name=\"twitter:label2\" content=\"Est. reading time\" \/>\n\t<meta name=\"twitter:data2\" content=\"3 minutes\" \/>\n<script type=\"application\/ld+json\" class=\"yoast-schema-graph\">{\"@context\":\"https:\\\/\\\/schema.org\",\"@graph\":[{\"@type\":\"Article\",\"@id\":\"https:\\\/\\\/www.ucm.edu.co\\\/universidad-catolica-de-manizales-da-apertura-a-la-primera-cohorte-de-la-especializacion-en-gestion-de-la-calidad\\\/#article\",\"isPartOf\":{\"@id\":\"https:\\\/\\\/www.ucm.edu.co\\\/universidad-catolica-de-manizales-da-apertura-a-la-primera-cohorte-de-la-especializacion-en-gestion-de-la-calidad\\\/\"},\"author\":{\"name\":\"Prensa UCM\",\"@id\":\"https:\\\/\\\/www.ucm.edu.co\\\/#\\\/schema\\\/person\\\/fea805666959d6cfcf87dea44ef2f0b8\"},\"headline\":\"Universidad Cat\u00f3lica de Manizales da apertura a la primera cohorte de la Especializaci\u00f3n en Gesti\u00f3n de la Calidad en Laboratorios\",\"datePublished\":\"2026-08-26T14:22:59+00:00\",\"dateModified\":\"2026-08-26T15:28:41+00:00\",\"mainEntityOfPage\":{\"@id\":\"https:\\\/\\\/www.ucm.edu.co\\\/universidad-catolica-de-manizales-da-apertura-a-la-primera-cohorte-de-la-especializacion-en-gestion-de-la-calidad\\\/\"},\"wordCount\":484,\"publisher\":{\"@id\":\"https:\\\/\\\/www.ucm.edu.co\\\/#organization\"},\"image\":{\"@id\":\"https:\\\/\\\/www.ucm.edu.co\\\/universidad-catolica-de-manizales-da-apertura-a-la-primera-cohorte-de-la-especializacion-en-gestion-de-la-calidad\\\/#primaryimage\"},\"thumbnailUrl\":\"https:\\\/\\\/www.ucm.edu.co\\\/wp-content\\\/uploads\\\/2026\\\/08\\\/Captura-de-pantalla-2026-08-25-172244-2.png\",\"keywords\":[\"Especializaci\u00f3n en Gesti\u00f3n de la Calidad\",\"UCM\",\"Universidad Cat\u00f3lica de Manizales\"],\"articleSection\":[\"Ext. y Proyecci\u00f3n\"],\"inLanguage\":\"en-US\"},{\"@type\":\"WebPage\",\"@id\":\"https:\\\/\\\/www.ucm.edu.co\\\/universidad-catolica-de-manizales-da-apertura-a-la-primera-cohorte-de-la-especializacion-en-gestion-de-la-calidad\\\/\",\"url\":\"https:\\\/\\\/www.ucm.edu.co\\\/universidad-catolica-de-manizales-da-apertura-a-la-primera-cohorte-de-la-especializacion-en-gestion-de-la-calidad\\\/\",\"name\":\"UCM inicia Especializaci\u00f3n en Gesti\u00f3n de la Calidad\",\"isPartOf\":{\"@id\":\"https:\\\/\\\/www.ucm.edu.co\\\/#website\"},\"primaryImageOfPage\":{\"@id\":\"https:\\\/\\\/www.ucm.edu.co\\\/universidad-catolica-de-manizales-da-apertura-a-la-primera-cohorte-de-la-especializacion-en-gestion-de-la-calidad\\\/#primaryimage\"},\"image\":{\"@id\":\"https:\\\/\\\/www.ucm.edu.co\\\/universidad-catolica-de-manizales-da-apertura-a-la-primera-cohorte-de-la-especializacion-en-gestion-de-la-calidad\\\/#primaryimage\"},\"thumbnailUrl\":\"https:\\\/\\\/www.ucm.edu.co\\\/wp-content\\\/uploads\\\/2026\\\/08\\\/Captura-de-pantalla-2026-08-25-172244-2.png\",\"datePublished\":\"2026-08-26T14:22:59+00:00\",\"dateModified\":\"2026-08-26T15:28:41+00:00\",\"description\":\"La UCM dio apertura a la primera cohorte de la Especializaci\u00f3n en Gesti\u00f3n de la Calidad en Laboratorios Cl\u00ednicos, de Ensayo y de Calibraci\u00f3n.\",\"breadcrumb\":{\"@id\":\"https:\\\/\\\/www.ucm.edu.co\\\/universidad-catolica-de-manizales-da-apertura-a-la-primera-cohorte-de-la-especializacion-en-gestion-de-la-calidad\\\/#breadcrumb\"},\"inLanguage\":\"en-US\",\"potentialAction\":[{\"@type\":\"ReadAction\",\"target\":[\"https:\\\/\\\/www.ucm.edu.co\\\/universidad-catolica-de-manizales-da-apertura-a-la-primera-cohorte-de-la-especializacion-en-gestion-de-la-calidad\\\/\"]}]},{\"@type\":\"ImageObject\",\"inLanguage\":\"en-US\",\"@id\":\"https:\\\/\\\/www.ucm.edu.co\\\/universidad-catolica-de-manizales-da-apertura-a-la-primera-cohorte-de-la-especializacion-en-gestion-de-la-calidad\\\/#primaryimage\",\"url\":\"https:\\\/\\\/www.ucm.edu.co\\\/wp-content\\\/uploads\\\/2026\\\/08\\\/Captura-de-pantalla-2026-08-25-172244-2.png\",\"contentUrl\":\"https:\\\/\\\/www.ucm.edu.co\\\/wp-content\\\/uploads\\\/2026\\\/08\\\/Captura-de-pantalla-2026-08-25-172244-2.png\",\"width\":1227,\"height\":700},{\"@type\":\"BreadcrumbList\",\"@id\":\"https:\\\/\\\/www.ucm.edu.co\\\/universidad-catolica-de-manizales-da-apertura-a-la-primera-cohorte-de-la-especializacion-en-gestion-de-la-calidad\\\/#breadcrumb\",\"itemListElement\":[{\"@type\":\"ListItem\",\"position\":1,\"name\":\"Portada\",\"item\":\"https:\\\/\\\/www.ucm.edu.co\\\/\"},{\"@type\":\"ListItem\",\"position\":2,\"name\":\"Universidad Cat\u00f3lica de Manizales da apertura a la primera cohorte de la Especializaci\u00f3n en Gesti\u00f3n de la Calidad en Laboratorios\"}]},{\"@type\":\"WebSite\",\"@id\":\"https:\\\/\\\/www.ucm.edu.co\\\/#website\",\"url\":\"https:\\\/\\\/www.ucm.edu.co\\\/\",\"name\":\"UCM - Universidad Cat\u00f3lica de Manizales\",\"description\":\"Ven a ser quien quieres ser\",\"publisher\":{\"@id\":\"https:\\\/\\\/www.ucm.edu.co\\\/#organization\"},\"alternateName\":\"UCM\",\"potentialAction\":[{\"@type\":\"SearchAction\",\"target\":{\"@type\":\"EntryPoint\",\"urlTemplate\":\"https:\\\/\\\/www.ucm.edu.co\\\/?s={search_term_string}\"},\"query-input\":{\"@type\":\"PropertyValueSpecification\",\"valueRequired\":true,\"valueName\":\"search_term_string\"}}],\"inLanguage\":\"en-US\"},{\"@type\":\"Organization\",\"@id\":\"https:\\\/\\\/www.ucm.edu.co\\\/#organization\",\"name\":\"Universidad Cat\u00f3lica de Manizales\",\"alternateName\":\"UCM\",\"url\":\"https:\\\/\\\/www.ucm.edu.co\\\/\",\"logo\":{\"@type\":\"ImageObject\",\"inLanguage\":\"en-US\",\"@id\":\"https:\\\/\\\/www.ucm.edu.co\\\/#\\\/schema\\\/logo\\\/image\\\/\",\"url\":\"https:\\\/\\\/www.ucm.edu.co\\\/wp-content\\\/uploads\\\/2021\\\/03\\\/favicon_ucm.png\",\"contentUrl\":\"https:\\\/\\\/www.ucm.edu.co\\\/wp-content\\\/uploads\\\/2021\\\/03\\\/favicon_ucm.png\",\"width\":512,\"height\":512,\"caption\":\"Universidad Cat\u00f3lica de Manizales\"},\"image\":{\"@id\":\"https:\\\/\\\/www.ucm.edu.co\\\/#\\\/schema\\\/logo\\\/image\\\/\"},\"sameAs\":[\"https:\\\/\\\/www.facebook.com\\\/ucatolicamanizales\",\"https:\\\/\\\/x.com\\\/ucm_manizales\",\"https:\\\/\\\/www.instagram.com\\\/ucatolicamanizales\\\/\",\"https:\\\/\\\/co.linkedin.com\\\/school\\\/ucatolicamanizales\\\/\",\"https:\\\/\\\/www.youtube.com\\\/user\\\/UCMtelevision\"]},{\"@type\":\"Person\",\"@id\":\"https:\\\/\\\/www.ucm.edu.co\\\/#\\\/schema\\\/person\\\/fea805666959d6cfcf87dea44ef2f0b8\",\"name\":\"Prensa UCM\",\"image\":{\"@type\":\"ImageObject\",\"inLanguage\":\"en-US\",\"@id\":\"https:\\\/\\\/secure.gravatar.com\\\/avatar\\\/e9670ef3f6e98ca21e5ca101324fddb19f2b728f8bc808ffc267be23350fac46?s=96&d=mm&r=g\",\"url\":\"https:\\\/\\\/secure.gravatar.com\\\/avatar\\\/e9670ef3f6e98ca21e5ca101324fddb19f2b728f8bc808ffc267be23350fac46?s=96&d=mm&r=g\",\"contentUrl\":\"https:\\\/\\\/secure.gravatar.com\\\/avatar\\\/e9670ef3f6e98ca21e5ca101324fddb19f2b728f8bc808ffc267be23350fac46?s=96&d=mm&r=g\",\"caption\":\"Prensa UCM\"},\"url\":\"https:\\\/\\\/www.ucm.edu.co\\\/en\\\/author\\\/prensa\\\/\"}]}<\/script>\n<!-- \/ Yoast SEO plugin. -->","yoast_head_json":{"title":"UCM inicia Especializaci\u00f3n en Gesti\u00f3n de la Calidad","description":"La UCM dio apertura a la primera cohorte de la Especializaci\u00f3n en Gesti\u00f3n de la Calidad en Laboratorios Cl\u00ednicos, de Ensayo y de Calibraci\u00f3n.","robots":{"index":"index","follow":"follow","max-snippet":"max-snippet:-1","max-image-preview":"max-image-preview:large","max-video-preview":"max-video-preview:-1"},"canonical":"https:\/\/www.ucm.edu.co\/en\/universidad-catolica-de-manizales-da-apertura-a-la-primera-cohorte-de-la-especializacion-en-gestion-de-la-calidad\/","og_locale":"en_US","og_type":"article","og_title":"UCM inicia Especializaci\u00f3n en Gesti\u00f3n de la Calidad","og_description":"La UCM dio apertura a la primera cohorte de la Especializaci\u00f3n en Gesti\u00f3n de la Calidad en Laboratorios Cl\u00ednicos, de Ensayo y de Calibraci\u00f3n.","og_url":"https:\/\/www.ucm.edu.co\/en\/universidad-catolica-de-manizales-da-apertura-a-la-primera-cohorte-de-la-especializacion-en-gestion-de-la-calidad\/","og_site_name":"UCM - Universidad Cat\u00f3lica de Manizales","article_publisher":"https:\/\/www.facebook.com\/ucatolicamanizales","article_published_time":"2026-08-26T14:22:59+00:00","article_modified_time":"2026-08-26T15:28:41+00:00","og_image":[{"width":1227,"height":700,"url":"https:\/\/www.ucm.edu.co\/wp-content\/uploads\/2026\/08\/Captura-de-pantalla-2026-08-25-172244-2.png","type":"image\/png"}],"author":"Prensa UCM","twitter_card":"summary_large_image","twitter_creator":"@ucm_manizales","twitter_site":"@ucm_manizales","twitter_misc":{"Written by":"Prensa UCM","Est. reading time":"3 minutes"},"schema":{"@context":"https:\/\/schema.org","@graph":[{"@type":"Article","@id":"https:\/\/www.ucm.edu.co\/universidad-catolica-de-manizales-da-apertura-a-la-primera-cohorte-de-la-especializacion-en-gestion-de-la-calidad\/#article","isPartOf":{"@id":"https:\/\/www.ucm.edu.co\/universidad-catolica-de-manizales-da-apertura-a-la-primera-cohorte-de-la-especializacion-en-gestion-de-la-calidad\/"},"author":{"name":"Prensa UCM","@id":"https:\/\/www.ucm.edu.co\/#\/schema\/person\/fea805666959d6cfcf87dea44ef2f0b8"},"headline":"Universidad Cat\u00f3lica de Manizales da apertura a la primera cohorte de la Especializaci\u00f3n en Gesti\u00f3n de la Calidad en Laboratorios","datePublished":"2026-08-26T14:22:59+00:00","dateModified":"2026-08-26T15:28:41+00:00","mainEntityOfPage":{"@id":"https:\/\/www.ucm.edu.co\/universidad-catolica-de-manizales-da-apertura-a-la-primera-cohorte-de-la-especializacion-en-gestion-de-la-calidad\/"},"wordCount":484,"publisher":{"@id":"https:\/\/www.ucm.edu.co\/#organization"},"image":{"@id":"https:\/\/www.ucm.edu.co\/universidad-catolica-de-manizales-da-apertura-a-la-primera-cohorte-de-la-especializacion-en-gestion-de-la-calidad\/#primaryimage"},"thumbnailUrl":"https:\/\/www.ucm.edu.co\/wp-content\/uploads\/2026\/08\/Captura-de-pantalla-2026-08-25-172244-2.png","keywords":["Especializaci\u00f3n en Gesti\u00f3n de la Calidad","UCM","Universidad Cat\u00f3lica de Manizales"],"articleSection":["Ext. y Proyecci\u00f3n"],"inLanguage":"en-US"},{"@type":"WebPage","@id":"https:\/\/www.ucm.edu.co\/universidad-catolica-de-manizales-da-apertura-a-la-primera-cohorte-de-la-especializacion-en-gestion-de-la-calidad\/","url":"https:\/\/www.ucm.edu.co\/universidad-catolica-de-manizales-da-apertura-a-la-primera-cohorte-de-la-especializacion-en-gestion-de-la-calidad\/","name":"UCM inicia Especializaci\u00f3n en Gesti\u00f3n de la Calidad","isPartOf":{"@id":"https:\/\/www.ucm.edu.co\/#website"},"primaryImageOfPage":{"@id":"https:\/\/www.ucm.edu.co\/universidad-catolica-de-manizales-da-apertura-a-la-primera-cohorte-de-la-especializacion-en-gestion-de-la-calidad\/#primaryimage"},"image":{"@id":"https:\/\/www.ucm.edu.co\/universidad-catolica-de-manizales-da-apertura-a-la-primera-cohorte-de-la-especializacion-en-gestion-de-la-calidad\/#primaryimage"},"thumbnailUrl":"https:\/\/www.ucm.edu.co\/wp-content\/uploads\/2026\/08\/Captura-de-pantalla-2026-08-25-172244-2.png","datePublished":"2026-08-26T14:22:59+00:00","dateModified":"2026-08-26T15:28:41+00:00","description":"La UCM dio apertura a la primera cohorte de la Especializaci\u00f3n en Gesti\u00f3n de la Calidad en Laboratorios Cl\u00ednicos, de Ensayo y de Calibraci\u00f3n.","breadcrumb":{"@id":"https:\/\/www.ucm.edu.co\/universidad-catolica-de-manizales-da-apertura-a-la-primera-cohorte-de-la-especializacion-en-gestion-de-la-calidad\/#breadcrumb"},"inLanguage":"en-US","potentialAction":[{"@type":"ReadAction","target":["https:\/\/www.ucm.edu.co\/universidad-catolica-de-manizales-da-apertura-a-la-primera-cohorte-de-la-especializacion-en-gestion-de-la-calidad\/"]}]},{"@type":"ImageObject","inLanguage":"en-US","@id":"https:\/\/www.ucm.edu.co\/universidad-catolica-de-manizales-da-apertura-a-la-primera-cohorte-de-la-especializacion-en-gestion-de-la-calidad\/#primaryimage","url":"https:\/\/www.ucm.edu.co\/wp-content\/uploads\/2026\/08\/Captura-de-pantalla-2026-08-25-172244-2.png","contentUrl":"https:\/\/www.ucm.edu.co\/wp-content\/uploads\/2026\/08\/Captura-de-pantalla-2026-08-25-172244-2.png","width":1227,"height":700},{"@type":"BreadcrumbList","@id":"https:\/\/www.ucm.edu.co\/universidad-catolica-de-manizales-da-apertura-a-la-primera-cohorte-de-la-especializacion-en-gestion-de-la-calidad\/#breadcrumb","itemListElement":[{"@type":"ListItem","position":1,"name":"Portada","item":"https:\/\/www.ucm.edu.co\/"},{"@type":"ListItem","position":2,"name":"Universidad Cat\u00f3lica de Manizales da apertura a la primera cohorte de la Especializaci\u00f3n en Gesti\u00f3n de la Calidad en Laboratorios"}]},{"@type":"WebSite","@id":"https:\/\/www.ucm.edu.co\/#website","url":"https:\/\/www.ucm.edu.co\/","name":"UCM - Universidad Cat\u00f3lica de Manizales","description":"Ven a ser quien quieres ser","publisher":{"@id":"https:\/\/www.ucm.edu.co\/#organization"},"alternateName":"UCM","potentialAction":[{"@type":"SearchAction","target":{"@type":"EntryPoint","urlTemplate":"https:\/\/www.ucm.edu.co\/?s={search_term_string}"},"query-input":{"@type":"PropertyValueSpecification","valueRequired":true,"valueName":"search_term_string"}}],"inLanguage":"en-US"},{"@type":"Organization","@id":"https:\/\/www.ucm.edu.co\/#organization","name":"Universidad Cat\u00f3lica de Manizales","alternateName":"UCM","url":"https:\/\/www.ucm.edu.co\/","logo":{"@type":"ImageObject","inLanguage":"en-US","@id":"https:\/\/www.ucm.edu.co\/#\/schema\/logo\/image\/","url":"https:\/\/www.ucm.edu.co\/wp-content\/uploads\/2021\/03\/favicon_ucm.png","contentUrl":"https:\/\/www.ucm.edu.co\/wp-content\/uploads\/2021\/03\/favicon_ucm.png","width":512,"height":512,"caption":"Universidad Cat\u00f3lica de Manizales"},"image":{"@id":"https:\/\/www.ucm.edu.co\/#\/schema\/logo\/image\/"},"sameAs":["https:\/\/www.facebook.com\/ucatolicamanizales","https:\/\/x.com\/ucm_manizales","https:\/\/www.instagram.com\/ucatolicamanizales\/","https:\/\/co.linkedin.com\/school\/ucatolicamanizales\/","https:\/\/www.youtube.com\/user\/UCMtelevision"]},{"@type":"Person","@id":"https:\/\/www.ucm.edu.co\/#\/schema\/person\/fea805666959d6cfcf87dea44ef2f0b8","name":"Prensa UCM","image":{"@type":"ImageObject","inLanguage":"en-US","@id":"https:\/\/secure.gravatar.com\/avatar\/e9670ef3f6e98ca21e5ca101324fddb19f2b728f8bc808ffc267be23350fac46?s=96&d=mm&r=g","url":"https:\/\/secure.gravatar.com\/avatar\/e9670ef3f6e98ca21e5ca101324fddb19f2b728f8bc808ffc267be23350fac46?s=96&d=mm&r=g","contentUrl":"https:\/\/secure.gravatar.com\/avatar\/e9670ef3f6e98ca21e5ca101324fddb19f2b728f8bc808ffc267be23350fac46?s=96&d=mm&r=g","caption":"Prensa UCM"},"url":"https:\/\/www.ucm.edu.co\/en\/author\/prensa\/"}]}},"_links":{"self":[{"href":"https:\/\/www.ucm.edu.co\/en\/wp-json\/wp\/v2\/posts\/235244","targetHints":{"allow":["GET"]}}],"collection":[{"href":"https:\/\/www.ucm.edu.co\/en\/wp-json\/wp\/v2\/posts"}],"about":[{"href":"https:\/\/www.ucm.edu.co\/en\/wp-json\/wp\/v2\/types\/post"}],"author":[{"embeddable":true,"href":"https:\/\/www.ucm.edu.co\/en\/wp-json\/wp\/v2\/users\/5"}],"replies":[{"embeddable":true,"href":"https:\/\/www.ucm.edu.co\/en\/wp-json\/wp\/v2\/comments?post=235244"}],"version-history":[{"count":4,"href":"https:\/\/www.ucm.edu.co\/en\/wp-json\/wp\/v2\/posts\/235244\/revisions"}],"predecessor-version":[{"id":235257,"href":"https:\/\/www.ucm.edu.co\/en\/wp-json\/wp\/v2\/posts\/235244\/revisions\/235257"}],"wp:featuredmedia":[{"embeddable":true,"href":"https:\/\/www.ucm.edu.co\/en\/wp-json\/wp\/v2\/media\/235255"}],"wp:attachment":[{"href":"https:\/\/www.ucm.edu.co\/en\/wp-json\/wp\/v2\/media?parent=235244"}],"wp:term":[{"taxonomy":"category","embeddable":true,"href":"https:\/\/www.ucm.edu.co\/en\/wp-json\/wp\/v2\/categories?post=235244"},{"taxonomy":"post_tag","embeddable":true,"href":"https:\/\/www.ucm.edu.co\/en\/wp-json\/wp\/v2\/tags?post=235244"}],"curies":[{"name":"wp","href":"https:\/\/api.w.org\/{rel}","templated":true}]}}