{"id":234757,"date":"2026-07-10T09:09:30","date_gmt":"2026-07-10T14:09:30","guid":{"rendered":"https:\/\/www.ucm.edu.co\/?p=234757"},"modified":"2026-07-10T09:09:32","modified_gmt":"2026-07-10T14:09:32","slug":"taller-de-contabilidad-aflora-fortalece-las-capacidades-financieras-de-organizaciones-sociales","status":"publish","type":"post","link":"https:\/\/www.ucm.edu.co\/en\/taller-de-contabilidad-aflora-fortalece-las-capacidades-financieras-de-organizaciones-sociales\/","title":{"rendered":"Taller de contabilidad Aflora fortalece las capacidades financieras de organizaciones sociales"},"content":{"rendered":"<p class=\"wp-block-paragraph\">El pasado 7 de junio, la Universidad Cat\u00f3lica de Manizales fue sede del tercer taller de contabilidad del programa Aflora, iniciativa de la Fundaci\u00f3n Bol\u00edvar Davivienda orientada al fortalecimiento de organizaciones sociales. La jornada fue liderada por Lizeth Nataly Gonzales, l\u00edder de la Ruta de Fortalecimiento del programa Aflora, y por Ricardo Mej\u00eda, ingeniero industrial, especialista en finanzas y consultor estrat\u00e9gico, quienes acompa\u00f1aron a 36 representantes de organizaciones vinculadas al programa en un proceso de aprendizaje pr\u00e1ctico y contextualizado.<\/p>\n\n\n\n<p class=\"wp-block-paragraph\">Durante el encuentro, los participantes profundizaron en herramientas que les permiten comprender y gestionar de manera estrat\u00e9gica la informaci\u00f3n financiera de sus entidades.<\/p>\n\n\n\n<p class=\"wp-block-paragraph\"><\/p>\n\n\n\n<h2 class=\"wp-block-heading\"><strong>El modelo F.I.N.A.N.Z.A.S. como gu\u00eda de an\u00e1lisis<\/strong><\/h2>\n\n\n\n<p class=\"wp-block-paragraph\"><\/p>\n\n\n\n<p class=\"wp-block-paragraph\">Las organizaciones trabajaron con el modelo F.I.N.A.N.Z.A.S., una metodolog\u00eda que orienta el an\u00e1lisis financiero a trav\u00e9s de ocho etapas: fotografiar la realidad financiera, interpretar los estados financieros, navegar el flujo de caja, analizar el punto de equilibrio, nivelar el presupuesto estrat\u00e9gico, zonificar los gastos, accionar decisiones y realizar seguimiento.<\/p>\n\n\n\n<p class=\"wp-block-paragraph\"><\/p>\n\n\n\n<div class=\"wp-block-columns is-layout-flex wp-container-core-columns-is-layout-8f761849 wp-block-columns-is-layout-flex\">\n<div class=\"wp-block-column is-layout-flow wp-block-column-is-layout-flow\">\n<figure class=\"wp-block-image size-full\"><img loading=\"lazy\" decoding=\"async\" width=\"800\" height=\"450\" src=\"https:\/\/www.ucm.edu.co\/wp-content\/uploads\/2026\/07\/Taller-contabilidad-ucm.jpeg\" alt=\"\" class=\"wp-image-234760\" srcset=\"https:\/\/www.ucm.edu.co\/wp-content\/uploads\/2026\/07\/Taller-contabilidad-ucm.jpeg 800w, https:\/\/www.ucm.edu.co\/wp-content\/uploads\/2026\/07\/Taller-contabilidad-ucm-480x270.jpeg 480w\" sizes=\"(min-width: 0px) and (max-width: 480px) 480px, (min-width: 481px) 800px, 100vw\" \/><\/figure>\n<\/div>\n\n\n\n<div class=\"wp-block-column is-layout-flow wp-block-column-is-layout-flow\">\n<figure class=\"wp-block-image size-full\"><img loading=\"lazy\" decoding=\"async\" width=\"664\" height=\"374\" src=\"https:\/\/www.ucm.edu.co\/wp-content\/uploads\/2026\/07\/Participantes-taller-contabilidad.jpg\" alt=\"\" class=\"wp-image-234758\" srcset=\"https:\/\/www.ucm.edu.co\/wp-content\/uploads\/2026\/07\/Participantes-taller-contabilidad.jpg 664w, https:\/\/www.ucm.edu.co\/wp-content\/uploads\/2026\/07\/Participantes-taller-contabilidad-480x270.jpg 480w\" sizes=\"(min-width: 0px) and (max-width: 480px) 480px, (min-width: 481px) 664px, 100vw\" \/><\/figure>\n<\/div>\n<\/div>\n\n\n\n<p class=\"wp-block-paragraph\"><\/p>\n\n\n\n<p class=\"wp-block-paragraph\">Como parte del proceso, los asistentes diligenciaron un tablero de diagn\u00f3stico financiero que les permiti\u00f3 identificar sus principales fuentes de ingresos, estructura de gastos, activos, pasivos, patrimonio e indicadores clave de desempe\u00f1o financiero. Tambi\u00e9n, construyeron proyecciones de flujo de caja, reconocieron riesgos asociados a la dependencia de una \u00fanica fuente de financiaci\u00f3n y reflexionaron sobre la importancia de destinar la mayor parte de los recursos al cumplimiento de la misi\u00f3n institucional.<\/p>\n\n\n\n<p class=\"wp-block-paragraph\"><\/p>\n\n\n\n<h2 class=\"wp-block-heading\"><strong>Proyecci\u00f3n y sostenibilidad para el impacto social<\/strong><\/h2>\n\n\n\n<p class=\"wp-block-paragraph\"><\/p>\n\n\n\n<p class=\"wp-block-paragraph\">Uno de los aprendizajes m\u00e1s significativos de la jornada fue comprender que la informaci\u00f3n financiera constituye una herramienta esencial para la toma de decisiones estrat\u00e9gicas. En consecuencia, cada organizaci\u00f3n elabor\u00f3 un plan de acci\u00f3n con compromisos a 30, 60 y 90 d\u00edas, orientado a fortalecer los ingresos, optimizar los gastos y garantizar la sostenibilidad de sus proyectos sociales mediante el seguimiento peri\u00f3dico de indicadores financieros.<\/p>\n\n\n\n<p class=\"wp-block-paragraph\">Las organizaciones se preparan ahora para iniciar un nuevo ciclo de proyectos y participar en el pr\u00f3ximo taller, programado para el 18 de agosto. Con estos espacios de formaci\u00f3n, la UCM, a trav\u00e9s del Centro de Innovaci\u00f3n INNEO y en representaci\u00f3n del Ecosistema Social de Caldas integrado por Fundaci\u00f3n Luker, CHEC, Confa, Efigas, la Federaci\u00f3n de ONG de Caldas, ProCaldas y Manizales C\u00f3mo Vamos, reafirma su compromiso con el fortalecimiento de las organizaciones sociales de Caldas, Risaralda y Tolima, promoviendo capacidades que favorecen una gesti\u00f3n m\u00e1s eficiente, sostenible y orientada al impacto social.<\/p>\n\n\n\n<p class=\"wp-block-paragraph\"><\/p>\n\n\n\n<div class=\"wp-block-columns is-layout-flex wp-container-core-columns-is-layout-8f761849 wp-block-columns-is-layout-flex\">\n<div class=\"wp-block-column is-layout-flow wp-block-column-is-layout-flow\">\n<figure class=\"wp-block-image size-full\"><img loading=\"lazy\" decoding=\"async\" width=\"800\" height=\"450\" src=\"https:\/\/www.ucm.edu.co\/wp-content\/uploads\/2026\/07\/Taller-contabilidad.jpeg\" alt=\"\" class=\"wp-image-234762\" srcset=\"https:\/\/www.ucm.edu.co\/wp-content\/uploads\/2026\/07\/Taller-contabilidad.jpeg 800w, https:\/\/www.ucm.edu.co\/wp-content\/uploads\/2026\/07\/Taller-contabilidad-480x270.jpeg 480w\" sizes=\"(min-width: 0px) and (max-width: 480px) 480px, (min-width: 481px) 800px, 100vw\" \/><\/figure>\n<\/div>\n\n\n\n<div class=\"wp-block-column is-layout-flow wp-block-column-is-layout-flow\">\n<figure class=\"wp-block-image size-full\"><img loading=\"lazy\" decoding=\"async\" width=\"800\" height=\"450\" src=\"https:\/\/www.ucm.edu.co\/wp-content\/uploads\/2026\/07\/Contabilidad-UCM.jpeg\" alt=\"\" class=\"wp-image-234759\" srcset=\"https:\/\/www.ucm.edu.co\/wp-content\/uploads\/2026\/07\/Contabilidad-UCM.jpeg 800w, https:\/\/www.ucm.edu.co\/wp-content\/uploads\/2026\/07\/Contabilidad-UCM-480x270.jpeg 480w\" sizes=\"(min-width: 0px) and (max-width: 480px) 480px, (min-width: 481px) 800px, 100vw\" \/><\/figure>\n<\/div>\n<\/div>\n\n\n\n<p class=\"wp-block-paragraph\">Tambi\u00e9n podr\u00eda interesarte: <a href=\"https:\/\/www.ucm.edu.co\/en\/director-de-investigaciones-y-posgrados-de-la-ucm-participa-en-taller-internacional-sobre-geotecnologias-e-inteligencia-artificial-en-chile\/\" data-type=\"link\" data-id=\"https:\/\/www.ucm.edu.co\/director-de-investigaciones-y-posgrados-de-la-ucm-participa-en-taller-internacional-sobre-geotecnologias-e-inteligencia-artificial-en-chile\/\">https:\/\/www.ucm.edu.co\/director-de-investigaciones-y-posgrados-de-la-ucm-participa-en-taller-internacional-sobre-geotecnologias-e-inteligencia-artificial-en-chile\/<\/a><\/p>","protected":false},"excerpt":{"rendered":"<p>El taller de contabilidad del programa Aflora, realizado en la UCM, brind\u00f3 herramientas pr\u00e1cticas para fortalecer la gesti\u00f3n financiera y la sostenibilidad de organizaciones sociales de Caldas, Risaralda y Tolima, promoviendo una toma de decisiones estrat\u00e9gica orientada al impacto social.<\/p>","protected":false},"author":5,"featured_media":234761,"comment_status":"closed","ping_status":"open","sticky":false,"template":"","format":"standard","meta":{"_et_pb_use_builder":"","_et_pb_old_content":"","_et_gb_content_width":"","content-type":"","_monsterinsights_skip_tracking":false,"footnotes":""},"categories":[11],"tags":[1651,1650,68,69],"class_list":["post-234757","post","type-post","status-publish","format-standard","has-post-thumbnail","hentry","category-proyeccion","tag-aflora","tag-contabilidad-ucm","tag-ucm","tag-universidad-catolica-de-manizales"],"yoast_head":"<!-- This site is optimized with the Yoast SEO plugin v28.1 - https:\/\/yoast.com\/product\/yoast-seo-wordpress\/ -->\n<title>Aflora y UCM fortalecen las ONG de la regi\u00f3n<\/title>\n<meta name=\"description\" content=\"Capacitaci\u00f3n del programa Aflora en la UCM fortalece la gesti\u00f3n financiera y la sostenibilidad de organizaciones sociales de la regi\u00f3n.\" \/>\n<meta name=\"robots\" content=\"index, follow, max-snippet:-1, max-image-preview:large, max-video-preview:-1\" \/>\n<link rel=\"canonical\" href=\"https:\/\/www.ucm.edu.co\/en\/taller-de-contabilidad-aflora-fortalece-las-capacidades-financieras-de-organizaciones-sociales\/\" \/>\n<meta property=\"og:locale\" content=\"en_US\" \/>\n<meta property=\"og:type\" content=\"article\" \/>\n<meta property=\"og:title\" content=\"Aflora y UCM fortalecen las ONG de la regi\u00f3n\" \/>\n<meta property=\"og:description\" content=\"Capacitaci\u00f3n del programa Aflora en la UCM fortalece la gesti\u00f3n financiera y la sostenibilidad de organizaciones sociales de la regi\u00f3n.\" \/>\n<meta property=\"og:url\" content=\"https:\/\/www.ucm.edu.co\/en\/taller-de-contabilidad-aflora-fortalece-las-capacidades-financieras-de-organizaciones-sociales\/\" \/>\n<meta property=\"og:site_name\" content=\"UCM - Universidad Cat\u00f3lica de Manizales\" \/>\n<meta property=\"article:publisher\" content=\"https:\/\/www.facebook.com\/ucatolicamanizales\" \/>\n<meta property=\"article:published_time\" content=\"2026-07-10T14:09:30+00:00\" \/>\n<meta property=\"article:modified_time\" content=\"2026-07-10T14:09:32+00:00\" \/>\n<meta property=\"og:image\" content=\"https:\/\/www.ucm.edu.co\/wp-content\/uploads\/2026\/07\/Taller-contabilidad-asistencia.jpeg\" \/>\n\t<meta property=\"og:image:width\" content=\"800\" \/>\n\t<meta property=\"og:image:height\" content=\"450\" \/>\n\t<meta property=\"og:image:type\" content=\"image\/jpeg\" \/>\n<meta name=\"author\" content=\"Prensa UCM\" \/>\n<meta name=\"twitter:card\" content=\"summary_large_image\" \/>\n<meta name=\"twitter:creator\" content=\"@ucm_manizales\" \/>\n<meta name=\"twitter:site\" content=\"@ucm_manizales\" \/>\n<meta name=\"twitter:label1\" content=\"Written by\" \/>\n\t<meta name=\"twitter:data1\" content=\"Prensa UCM\" \/>\n\t<meta name=\"twitter:label2\" content=\"Est. reading time\" \/>\n\t<meta name=\"twitter:data2\" content=\"3 minutes\" \/>\n<script type=\"application\/ld+json\" class=\"yoast-schema-graph\">{\"@context\":\"https:\\\/\\\/schema.org\",\"@graph\":[{\"@type\":\"Article\",\"@id\":\"https:\\\/\\\/www.ucm.edu.co\\\/taller-de-contabilidad-aflora-fortalece-las-capacidades-financieras-de-organizaciones-sociales\\\/#article\",\"isPartOf\":{\"@id\":\"https:\\\/\\\/www.ucm.edu.co\\\/taller-de-contabilidad-aflora-fortalece-las-capacidades-financieras-de-organizaciones-sociales\\\/\"},\"author\":{\"name\":\"Prensa UCM\",\"@id\":\"https:\\\/\\\/www.ucm.edu.co\\\/#\\\/schema\\\/person\\\/fea805666959d6cfcf87dea44ef2f0b8\"},\"headline\":\"Taller de contabilidad Aflora fortalece las capacidades financieras de organizaciones sociales\",\"datePublished\":\"2026-07-10T14:09:30+00:00\",\"dateModified\":\"2026-07-10T14:09:32+00:00\",\"mainEntityOfPage\":{\"@id\":\"https:\\\/\\\/www.ucm.edu.co\\\/taller-de-contabilidad-aflora-fortalece-las-capacidades-financieras-de-organizaciones-sociales\\\/\"},\"wordCount\":463,\"publisher\":{\"@id\":\"https:\\\/\\\/www.ucm.edu.co\\\/#organization\"},\"image\":{\"@id\":\"https:\\\/\\\/www.ucm.edu.co\\\/taller-de-contabilidad-aflora-fortalece-las-capacidades-financieras-de-organizaciones-sociales\\\/#primaryimage\"},\"thumbnailUrl\":\"https:\\\/\\\/www.ucm.edu.co\\\/wp-content\\\/uploads\\\/2026\\\/07\\\/Taller-contabilidad-asistencia.jpeg\",\"keywords\":[\"Aflora\",\"Contabilidad UCM\",\"UCM\",\"Universidad Cat\u00f3lica de Manizales\"],\"articleSection\":[\"Ext. y Proyecci\u00f3n\"],\"inLanguage\":\"en-US\"},{\"@type\":\"WebPage\",\"@id\":\"https:\\\/\\\/www.ucm.edu.co\\\/taller-de-contabilidad-aflora-fortalece-las-capacidades-financieras-de-organizaciones-sociales\\\/\",\"url\":\"https:\\\/\\\/www.ucm.edu.co\\\/taller-de-contabilidad-aflora-fortalece-las-capacidades-financieras-de-organizaciones-sociales\\\/\",\"name\":\"Aflora y UCM fortalecen las ONG de la regi\u00f3n\",\"isPartOf\":{\"@id\":\"https:\\\/\\\/www.ucm.edu.co\\\/#website\"},\"primaryImageOfPage\":{\"@id\":\"https:\\\/\\\/www.ucm.edu.co\\\/taller-de-contabilidad-aflora-fortalece-las-capacidades-financieras-de-organizaciones-sociales\\\/#primaryimage\"},\"image\":{\"@id\":\"https:\\\/\\\/www.ucm.edu.co\\\/taller-de-contabilidad-aflora-fortalece-las-capacidades-financieras-de-organizaciones-sociales\\\/#primaryimage\"},\"thumbnailUrl\":\"https:\\\/\\\/www.ucm.edu.co\\\/wp-content\\\/uploads\\\/2026\\\/07\\\/Taller-contabilidad-asistencia.jpeg\",\"datePublished\":\"2026-07-10T14:09:30+00:00\",\"dateModified\":\"2026-07-10T14:09:32+00:00\",\"description\":\"Capacitaci\u00f3n del programa Aflora en la UCM fortalece la gesti\u00f3n financiera y la sostenibilidad de organizaciones sociales de la regi\u00f3n.\",\"breadcrumb\":{\"@id\":\"https:\\\/\\\/www.ucm.edu.co\\\/taller-de-contabilidad-aflora-fortalece-las-capacidades-financieras-de-organizaciones-sociales\\\/#breadcrumb\"},\"inLanguage\":\"en-US\",\"potentialAction\":[{\"@type\":\"ReadAction\",\"target\":[\"https:\\\/\\\/www.ucm.edu.co\\\/taller-de-contabilidad-aflora-fortalece-las-capacidades-financieras-de-organizaciones-sociales\\\/\"]}]},{\"@type\":\"ImageObject\",\"inLanguage\":\"en-US\",\"@id\":\"https:\\\/\\\/www.ucm.edu.co\\\/taller-de-contabilidad-aflora-fortalece-las-capacidades-financieras-de-organizaciones-sociales\\\/#primaryimage\",\"url\":\"https:\\\/\\\/www.ucm.edu.co\\\/wp-content\\\/uploads\\\/2026\\\/07\\\/Taller-contabilidad-asistencia.jpeg\",\"contentUrl\":\"https:\\\/\\\/www.ucm.edu.co\\\/wp-content\\\/uploads\\\/2026\\\/07\\\/Taller-contabilidad-asistencia.jpeg\",\"width\":800,\"height\":450},{\"@type\":\"BreadcrumbList\",\"@id\":\"https:\\\/\\\/www.ucm.edu.co\\\/taller-de-contabilidad-aflora-fortalece-las-capacidades-financieras-de-organizaciones-sociales\\\/#breadcrumb\",\"itemListElement\":[{\"@type\":\"ListItem\",\"position\":1,\"name\":\"Portada\",\"item\":\"https:\\\/\\\/www.ucm.edu.co\\\/\"},{\"@type\":\"ListItem\",\"position\":2,\"name\":\"Taller de contabilidad Aflora fortalece las capacidades financieras de organizaciones sociales\"}]},{\"@type\":\"WebSite\",\"@id\":\"https:\\\/\\\/www.ucm.edu.co\\\/#website\",\"url\":\"https:\\\/\\\/www.ucm.edu.co\\\/\",\"name\":\"UCM - Universidad Cat\u00f3lica de Manizales\",\"description\":\"Ven a ser quien quieres ser\",\"publisher\":{\"@id\":\"https:\\\/\\\/www.ucm.edu.co\\\/#organization\"},\"alternateName\":\"UCM\",\"potentialAction\":[{\"@type\":\"SearchAction\",\"target\":{\"@type\":\"EntryPoint\",\"urlTemplate\":\"https:\\\/\\\/www.ucm.edu.co\\\/?s={search_term_string}\"},\"query-input\":{\"@type\":\"PropertyValueSpecification\",\"valueRequired\":true,\"valueName\":\"search_term_string\"}}],\"inLanguage\":\"en-US\"},{\"@type\":\"Organization\",\"@id\":\"https:\\\/\\\/www.ucm.edu.co\\\/#organization\",\"name\":\"Universidad Cat\u00f3lica de Manizales\",\"alternateName\":\"UCM\",\"url\":\"https:\\\/\\\/www.ucm.edu.co\\\/\",\"logo\":{\"@type\":\"ImageObject\",\"inLanguage\":\"en-US\",\"@id\":\"https:\\\/\\\/www.ucm.edu.co\\\/#\\\/schema\\\/logo\\\/image\\\/\",\"url\":\"https:\\\/\\\/www.ucm.edu.co\\\/wp-content\\\/uploads\\\/2021\\\/03\\\/favicon_ucm.png\",\"contentUrl\":\"https:\\\/\\\/www.ucm.edu.co\\\/wp-content\\\/uploads\\\/2021\\\/03\\\/favicon_ucm.png\",\"width\":512,\"height\":512,\"caption\":\"Universidad Cat\u00f3lica de Manizales\"},\"image\":{\"@id\":\"https:\\\/\\\/www.ucm.edu.co\\\/#\\\/schema\\\/logo\\\/image\\\/\"},\"sameAs\":[\"https:\\\/\\\/www.facebook.com\\\/ucatolicamanizales\",\"https:\\\/\\\/x.com\\\/ucm_manizales\",\"https:\\\/\\\/www.instagram.com\\\/ucatolicamanizales\\\/\",\"https:\\\/\\\/co.linkedin.com\\\/school\\\/ucatolicamanizales\\\/\",\"https:\\\/\\\/www.youtube.com\\\/user\\\/UCMtelevision\"]},{\"@type\":\"Person\",\"@id\":\"https:\\\/\\\/www.ucm.edu.co\\\/#\\\/schema\\\/person\\\/fea805666959d6cfcf87dea44ef2f0b8\",\"name\":\"Prensa UCM\",\"image\":{\"@type\":\"ImageObject\",\"inLanguage\":\"en-US\",\"@id\":\"https:\\\/\\\/secure.gravatar.com\\\/avatar\\\/e9670ef3f6e98ca21e5ca101324fddb19f2b728f8bc808ffc267be23350fac46?s=96&d=mm&r=g\",\"url\":\"https:\\\/\\\/secure.gravatar.com\\\/avatar\\\/e9670ef3f6e98ca21e5ca101324fddb19f2b728f8bc808ffc267be23350fac46?s=96&d=mm&r=g\",\"contentUrl\":\"https:\\\/\\\/secure.gravatar.com\\\/avatar\\\/e9670ef3f6e98ca21e5ca101324fddb19f2b728f8bc808ffc267be23350fac46?s=96&d=mm&r=g\",\"caption\":\"Prensa UCM\"},\"url\":\"https:\\\/\\\/www.ucm.edu.co\\\/en\\\/author\\\/prensa\\\/\"}]}<\/script>\n<!-- \/ Yoast SEO plugin. -->","yoast_head_json":{"title":"Aflora y UCM fortalecen las ONG de la regi\u00f3n","description":"Capacitaci\u00f3n del programa Aflora en la UCM fortalece la gesti\u00f3n financiera y la sostenibilidad de organizaciones sociales de la regi\u00f3n.","robots":{"index":"index","follow":"follow","max-snippet":"max-snippet:-1","max-image-preview":"max-image-preview:large","max-video-preview":"max-video-preview:-1"},"canonical":"https:\/\/www.ucm.edu.co\/en\/taller-de-contabilidad-aflora-fortalece-las-capacidades-financieras-de-organizaciones-sociales\/","og_locale":"en_US","og_type":"article","og_title":"Aflora y UCM fortalecen las ONG de la regi\u00f3n","og_description":"Capacitaci\u00f3n del programa Aflora en la UCM fortalece la gesti\u00f3n financiera y la sostenibilidad de organizaciones sociales de la regi\u00f3n.","og_url":"https:\/\/www.ucm.edu.co\/en\/taller-de-contabilidad-aflora-fortalece-las-capacidades-financieras-de-organizaciones-sociales\/","og_site_name":"UCM - Universidad Cat\u00f3lica de Manizales","article_publisher":"https:\/\/www.facebook.com\/ucatolicamanizales","article_published_time":"2026-07-10T14:09:30+00:00","article_modified_time":"2026-07-10T14:09:32+00:00","og_image":[{"width":800,"height":450,"url":"https:\/\/www.ucm.edu.co\/wp-content\/uploads\/2026\/07\/Taller-contabilidad-asistencia.jpeg","type":"image\/jpeg"}],"author":"Prensa UCM","twitter_card":"summary_large_image","twitter_creator":"@ucm_manizales","twitter_site":"@ucm_manizales","twitter_misc":{"Written by":"Prensa UCM","Est. reading time":"3 minutes"},"schema":{"@context":"https:\/\/schema.org","@graph":[{"@type":"Article","@id":"https:\/\/www.ucm.edu.co\/taller-de-contabilidad-aflora-fortalece-las-capacidades-financieras-de-organizaciones-sociales\/#article","isPartOf":{"@id":"https:\/\/www.ucm.edu.co\/taller-de-contabilidad-aflora-fortalece-las-capacidades-financieras-de-organizaciones-sociales\/"},"author":{"name":"Prensa UCM","@id":"https:\/\/www.ucm.edu.co\/#\/schema\/person\/fea805666959d6cfcf87dea44ef2f0b8"},"headline":"Taller de contabilidad Aflora fortalece las capacidades financieras de organizaciones sociales","datePublished":"2026-07-10T14:09:30+00:00","dateModified":"2026-07-10T14:09:32+00:00","mainEntityOfPage":{"@id":"https:\/\/www.ucm.edu.co\/taller-de-contabilidad-aflora-fortalece-las-capacidades-financieras-de-organizaciones-sociales\/"},"wordCount":463,"publisher":{"@id":"https:\/\/www.ucm.edu.co\/#organization"},"image":{"@id":"https:\/\/www.ucm.edu.co\/taller-de-contabilidad-aflora-fortalece-las-capacidades-financieras-de-organizaciones-sociales\/#primaryimage"},"thumbnailUrl":"https:\/\/www.ucm.edu.co\/wp-content\/uploads\/2026\/07\/Taller-contabilidad-asistencia.jpeg","keywords":["Aflora","Contabilidad UCM","UCM","Universidad Cat\u00f3lica de Manizales"],"articleSection":["Ext. y Proyecci\u00f3n"],"inLanguage":"en-US"},{"@type":"WebPage","@id":"https:\/\/www.ucm.edu.co\/taller-de-contabilidad-aflora-fortalece-las-capacidades-financieras-de-organizaciones-sociales\/","url":"https:\/\/www.ucm.edu.co\/taller-de-contabilidad-aflora-fortalece-las-capacidades-financieras-de-organizaciones-sociales\/","name":"Aflora y UCM fortalecen las ONG de la regi\u00f3n","isPartOf":{"@id":"https:\/\/www.ucm.edu.co\/#website"},"primaryImageOfPage":{"@id":"https:\/\/www.ucm.edu.co\/taller-de-contabilidad-aflora-fortalece-las-capacidades-financieras-de-organizaciones-sociales\/#primaryimage"},"image":{"@id":"https:\/\/www.ucm.edu.co\/taller-de-contabilidad-aflora-fortalece-las-capacidades-financieras-de-organizaciones-sociales\/#primaryimage"},"thumbnailUrl":"https:\/\/www.ucm.edu.co\/wp-content\/uploads\/2026\/07\/Taller-contabilidad-asistencia.jpeg","datePublished":"2026-07-10T14:09:30+00:00","dateModified":"2026-07-10T14:09:32+00:00","description":"Capacitaci\u00f3n del programa Aflora en la UCM fortalece la gesti\u00f3n financiera y la sostenibilidad de organizaciones sociales de la regi\u00f3n.","breadcrumb":{"@id":"https:\/\/www.ucm.edu.co\/taller-de-contabilidad-aflora-fortalece-las-capacidades-financieras-de-organizaciones-sociales\/#breadcrumb"},"inLanguage":"en-US","potentialAction":[{"@type":"ReadAction","target":["https:\/\/www.ucm.edu.co\/taller-de-contabilidad-aflora-fortalece-las-capacidades-financieras-de-organizaciones-sociales\/"]}]},{"@type":"ImageObject","inLanguage":"en-US","@id":"https:\/\/www.ucm.edu.co\/taller-de-contabilidad-aflora-fortalece-las-capacidades-financieras-de-organizaciones-sociales\/#primaryimage","url":"https:\/\/www.ucm.edu.co\/wp-content\/uploads\/2026\/07\/Taller-contabilidad-asistencia.jpeg","contentUrl":"https:\/\/www.ucm.edu.co\/wp-content\/uploads\/2026\/07\/Taller-contabilidad-asistencia.jpeg","width":800,"height":450},{"@type":"BreadcrumbList","@id":"https:\/\/www.ucm.edu.co\/taller-de-contabilidad-aflora-fortalece-las-capacidades-financieras-de-organizaciones-sociales\/#breadcrumb","itemListElement":[{"@type":"ListItem","position":1,"name":"Portada","item":"https:\/\/www.ucm.edu.co\/"},{"@type":"ListItem","position":2,"name":"Taller de contabilidad Aflora fortalece las capacidades financieras de organizaciones sociales"}]},{"@type":"WebSite","@id":"https:\/\/www.ucm.edu.co\/#website","url":"https:\/\/www.ucm.edu.co\/","name":"UCM - Universidad Cat\u00f3lica de Manizales","description":"Ven a ser quien quieres ser","publisher":{"@id":"https:\/\/www.ucm.edu.co\/#organization"},"alternateName":"UCM","potentialAction":[{"@type":"SearchAction","target":{"@type":"EntryPoint","urlTemplate":"https:\/\/www.ucm.edu.co\/?s={search_term_string}"},"query-input":{"@type":"PropertyValueSpecification","valueRequired":true,"valueName":"search_term_string"}}],"inLanguage":"en-US"},{"@type":"Organization","@id":"https:\/\/www.ucm.edu.co\/#organization","name":"Universidad Cat\u00f3lica de Manizales","alternateName":"UCM","url":"https:\/\/www.ucm.edu.co\/","logo":{"@type":"ImageObject","inLanguage":"en-US","@id":"https:\/\/www.ucm.edu.co\/#\/schema\/logo\/image\/","url":"https:\/\/www.ucm.edu.co\/wp-content\/uploads\/2021\/03\/favicon_ucm.png","contentUrl":"https:\/\/www.ucm.edu.co\/wp-content\/uploads\/2021\/03\/favicon_ucm.png","width":512,"height":512,"caption":"Universidad Cat\u00f3lica de Manizales"},"image":{"@id":"https:\/\/www.ucm.edu.co\/#\/schema\/logo\/image\/"},"sameAs":["https:\/\/www.facebook.com\/ucatolicamanizales","https:\/\/x.com\/ucm_manizales","https:\/\/www.instagram.com\/ucatolicamanizales\/","https:\/\/co.linkedin.com\/school\/ucatolicamanizales\/","https:\/\/www.youtube.com\/user\/UCMtelevision"]},{"@type":"Person","@id":"https:\/\/www.ucm.edu.co\/#\/schema\/person\/fea805666959d6cfcf87dea44ef2f0b8","name":"Prensa UCM","image":{"@type":"ImageObject","inLanguage":"en-US","@id":"https:\/\/secure.gravatar.com\/avatar\/e9670ef3f6e98ca21e5ca101324fddb19f2b728f8bc808ffc267be23350fac46?s=96&d=mm&r=g","url":"https:\/\/secure.gravatar.com\/avatar\/e9670ef3f6e98ca21e5ca101324fddb19f2b728f8bc808ffc267be23350fac46?s=96&d=mm&r=g","contentUrl":"https:\/\/secure.gravatar.com\/avatar\/e9670ef3f6e98ca21e5ca101324fddb19f2b728f8bc808ffc267be23350fac46?s=96&d=mm&r=g","caption":"Prensa UCM"},"url":"https:\/\/www.ucm.edu.co\/en\/author\/prensa\/"}]}},"_links":{"self":[{"href":"https:\/\/www.ucm.edu.co\/en\/wp-json\/wp\/v2\/posts\/234757","targetHints":{"allow":["GET"]}}],"collection":[{"href":"https:\/\/www.ucm.edu.co\/en\/wp-json\/wp\/v2\/posts"}],"about":[{"href":"https:\/\/www.ucm.edu.co\/en\/wp-json\/wp\/v2\/types\/post"}],"author":[{"embeddable":true,"href":"https:\/\/www.ucm.edu.co\/en\/wp-json\/wp\/v2\/users\/5"}],"replies":[{"embeddable":true,"href":"https:\/\/www.ucm.edu.co\/en\/wp-json\/wp\/v2\/comments?post=234757"}],"version-history":[{"count":2,"href":"https:\/\/www.ucm.edu.co\/en\/wp-json\/wp\/v2\/posts\/234757\/revisions"}],"predecessor-version":[{"id":234765,"href":"https:\/\/www.ucm.edu.co\/en\/wp-json\/wp\/v2\/posts\/234757\/revisions\/234765"}],"wp:featuredmedia":[{"embeddable":true,"href":"https:\/\/www.ucm.edu.co\/en\/wp-json\/wp\/v2\/media\/234761"}],"wp:attachment":[{"href":"https:\/\/www.ucm.edu.co\/en\/wp-json\/wp\/v2\/media?parent=234757"}],"wp:term":[{"taxonomy":"category","embeddable":true,"href":"https:\/\/www.ucm.edu.co\/en\/wp-json\/wp\/v2\/categories?post=234757"},{"taxonomy":"post_tag","embeddable":true,"href":"https:\/\/www.ucm.edu.co\/en\/wp-json\/wp\/v2\/tags?post=234757"}],"curies":[{"name":"wp","href":"https:\/\/api.w.org\/{rel}","templated":true}]}}