{"id":228359,"date":"2025-09-25T14:48:37","date_gmt":"2025-09-25T19:48:37","guid":{"rendered":"https:\/\/www.ucm.edu.co\/?p=228359"},"modified":"2025-09-25T14:50:30","modified_gmt":"2025-09-25T19:50:30","slug":"cartografia-social-en-la-ucm-un-ejercicio-colectivo-para-identificar-espacios-seguros","status":"publish","type":"post","link":"https:\/\/www.ucm.edu.co\/en\/cartografia-social-en-la-ucm-un-ejercicio-colectivo-para-identificar-espacios-seguros\/","title":{"rendered":"Cartograf\u00eda social en la UCM, un ejercicio colectivo para identificar espacios seguros"},"content":{"rendered":"<p class=\"wp-block-paragraph\">Con el objetivo de reconocer los espacios del campus desde la percepci\u00f3n de sus integrantes, la Universidad Cat\u00f3lica de Manizales (UCM) desarroll\u00f3 la actividad \u201cCartografiando\u201d, un ejercicio de cartograf\u00eda social que permiti\u00f3 identificar los lugares m\u00e1s seguros e inseguros dentro de la instituci\u00f3n como parte de las acciones de prevenci\u00f3n y detecci\u00f3n orientadas a entornos protectores.<\/p>\n\n\n\n<p class=\"wp-block-paragraph\">Durante la jornada estudiantes, profesores, administrativos y personal de apoyo participaron en un ejercicio que abri\u00f3 la posibilidad de reconocer los espacios de la Universidad desde la percepci\u00f3n colectiva y expresaron cu\u00e1les sitios transmiten confianza y cu\u00e1les representan escenarios de riesgo, lo que permiti\u00f3 construir un panorama amplio sobre las din\u00e1micas de seguridad en el campus.<\/p>\n\n\n\n<h2 class=\"wp-block-heading\">Un campus UCM visto desde la comunidad<\/h2>\n\n\n\n<p class=\"wp-block-paragraph\">El trabajo colaborativo hizo posible recopilar se\u00f1ales de alerta que ponen en evidencia situaciones de vulnerabilidad y se convertir\u00e1n en insumo para fortalecer las estrategias institucionales de prevenci\u00f3n y acompa\u00f1amiento, de manera que la Universidad avance en la consolidaci\u00f3n de acciones orientadas a la construcci\u00f3n de un entorno m\u00e1s seguro y al fortalecimiento de una cultura de cuidado compartido.<\/p>\n\n\n\n<p class=\"wp-block-paragraph\">La jornada \u201cCartografiando\u201d reafirma la importancia de la corresponsabilidad de todos los miembros de la comunidad <a href=\"https:\/\/www.ucm.edu.co\/en\/\">UCM<\/a> en la detecci\u00f3n temprana de situaciones de riesgo y en la creaci\u00f3n de ambientes que fortalezcan la inclusi\u00f3n, la confianza y el bienestar dentro de la vida universitaria.<\/p>\n\n\n\n<p class=\"wp-block-paragraph\"><\/p>\n\n\n\n<div class=\"wp-block-columns is-layout-flex wp-container-core-columns-is-layout-8f761849 wp-block-columns-is-layout-flex\">\n<div class=\"wp-block-column is-layout-flow wp-block-column-is-layout-flow\">\n<figure class=\"wp-block-image aligncenter size-full\"><img loading=\"lazy\" decoding=\"async\" width=\"800\" height=\"618\" src=\"https:\/\/www.ucm.edu.co\/wp-content\/uploads\/2025\/09\/ucm-cartografiando.jpeg\" alt=\"\" class=\"wp-image-228365\" srcset=\"https:\/\/www.ucm.edu.co\/wp-content\/uploads\/2025\/09\/ucm-cartografiando.jpeg 800w, https:\/\/www.ucm.edu.co\/wp-content\/uploads\/2025\/09\/ucm-cartografiando-480x371.jpeg 480w\" sizes=\"(min-width: 0px) and (max-width: 480px) 480px, (min-width: 481px) 800px, 100vw\" \/><\/figure>\n<\/div>\n\n\n\n<div class=\"wp-block-column is-layout-flow wp-block-column-is-layout-flow\">\n<figure class=\"wp-block-image aligncenter size-full\"><img loading=\"lazy\" decoding=\"async\" width=\"800\" height=\"618\" src=\"https:\/\/www.ucm.edu.co\/wp-content\/uploads\/2025\/09\/ucm-evento-cartografia.jpeg\" alt=\"\" class=\"wp-image-228366\" srcset=\"https:\/\/www.ucm.edu.co\/wp-content\/uploads\/2025\/09\/ucm-evento-cartografia.jpeg 800w, https:\/\/www.ucm.edu.co\/wp-content\/uploads\/2025\/09\/ucm-evento-cartografia-480x371.jpeg 480w\" sizes=\"(min-width: 0px) and (max-width: 480px) 480px, (min-width: 481px) 800px, 100vw\" \/><\/figure>\n<\/div>\n<\/div>\n\n\n\n<p class=\"wp-block-paragraph\"><\/p>\n\n\n\n<p class=\"wp-block-paragraph\">Tambi\u00e9n podr\u00eda interesarte: <a href=\"https:\/\/www.ucm.edu.co\/en\/foro-en-la-ucm-analizo-retos-y-oportunidades-de-la-nueva-ley-de-salud-mental\/\"><em>https:\/\/www.ucm.edu.co\/foro-en-la-ucm-analizo-retos-y-oportunidades-de-la-nueva-ley-de-salud-mental\/<\/em><\/a><\/p>","protected":false},"excerpt":{"rendered":"<p>La actividad \u201cCartografiando\u201d permiti\u00f3 a estudiantes, docentes, administrativos y personal de apoyo expresar sus percepciones sobre los espacios del campus y se\u00f1alar aquellos que representan confianza o riesgo, lo que abri\u00f3 la posibilidad de recopilar informaci\u00f3n clave para fortalecer las estrategias institucionales de prevenci\u00f3n y acompa\u00f1amiento.<\/p>","protected":false},"author":5,"featured_media":228369,"comment_status":"closed","ping_status":"open","sticky":false,"template":"","format":"standard","meta":{"_et_pb_use_builder":"","_et_pb_old_content":"","_et_gb_content_width":"","content-type":"","_monsterinsights_skip_tracking":false,"footnotes":""},"categories":[14],"tags":[1450,1449,69],"class_list":["post-228359","post","type-post","status-publish","format-standard","has-post-thumbnail","hentry","category-bienestar","tag-cartografiando","tag-comunidad-ucm","tag-universidad-catolica-de-manizales"],"yoast_head":"<!-- This site is optimized with the Yoast SEO plugin v28.1 - https:\/\/yoast.com\/product\/yoast-seo-wordpress\/ -->\n<title>UCM realiz\u00f3 cartograf\u00eda social para reconocer entornos seguros<\/title>\n<meta name=\"description\" content=\"\u201cCartografiando\u201d fortaleci\u00f3 la participaci\u00f3n de la comunidad UCM en la construcci\u00f3n de un campus seguro e incluyente.\" \/>\n<meta name=\"robots\" content=\"index, follow, max-snippet:-1, max-image-preview:large, max-video-preview:-1\" \/>\n<link rel=\"canonical\" href=\"https:\/\/www.ucm.edu.co\/en\/cartografia-social-en-la-ucm-un-ejercicio-colectivo-para-identificar-espacios-seguros\/\" \/>\n<meta property=\"og:locale\" content=\"en_US\" \/>\n<meta property=\"og:type\" content=\"article\" \/>\n<meta property=\"og:title\" content=\"UCM realiz\u00f3 cartograf\u00eda social para reconocer entornos seguros\" \/>\n<meta property=\"og:description\" content=\"\u201cCartografiando\u201d fortaleci\u00f3 la participaci\u00f3n de la comunidad UCM en la construcci\u00f3n de un campus seguro e incluyente.\" \/>\n<meta property=\"og:url\" content=\"https:\/\/www.ucm.edu.co\/en\/cartografia-social-en-la-ucm-un-ejercicio-colectivo-para-identificar-espacios-seguros\/\" \/>\n<meta property=\"og:site_name\" content=\"UCM - Universidad Cat\u00f3lica de Manizales\" \/>\n<meta property=\"article:publisher\" content=\"https:\/\/www.facebook.com\/ucatolicamanizales\" \/>\n<meta property=\"article:published_time\" content=\"2025-09-25T19:48:37+00:00\" \/>\n<meta property=\"article:modified_time\" content=\"2025-09-25T19:50:30+00:00\" \/>\n<meta property=\"og:image\" content=\"https:\/\/www.ucm.edu.co\/wp-content\/uploads\/2025\/09\/ucm-actividad-bienestar.jpeg\" \/>\n\t<meta property=\"og:image:width\" content=\"784\" \/>\n\t<meta property=\"og:image:height\" content=\"576\" \/>\n\t<meta property=\"og:image:type\" content=\"image\/jpeg\" \/>\n<meta name=\"author\" content=\"Prensa UCM\" \/>\n<meta name=\"twitter:card\" content=\"summary_large_image\" \/>\n<meta name=\"twitter:creator\" content=\"@ucm_manizales\" \/>\n<meta name=\"twitter:site\" content=\"@ucm_manizales\" \/>\n<meta name=\"twitter:label1\" content=\"Written by\" \/>\n\t<meta name=\"twitter:data1\" content=\"Prensa UCM\" \/>\n\t<meta name=\"twitter:label2\" content=\"Est. reading time\" \/>\n\t<meta name=\"twitter:data2\" content=\"2 minutes\" \/>\n<script type=\"application\/ld+json\" class=\"yoast-schema-graph\">{\"@context\":\"https:\\\/\\\/schema.org\",\"@graph\":[{\"@type\":\"Article\",\"@id\":\"https:\\\/\\\/www.ucm.edu.co\\\/cartografia-social-en-la-ucm-un-ejercicio-colectivo-para-identificar-espacios-seguros\\\/#article\",\"isPartOf\":{\"@id\":\"https:\\\/\\\/www.ucm.edu.co\\\/cartografia-social-en-la-ucm-un-ejercicio-colectivo-para-identificar-espacios-seguros\\\/\"},\"author\":{\"name\":\"Prensa UCM\",\"@id\":\"https:\\\/\\\/www.ucm.edu.co\\\/#\\\/schema\\\/person\\\/fea805666959d6cfcf87dea44ef2f0b8\"},\"headline\":\"Cartograf\u00eda social en la UCM, un ejercicio colectivo para identificar espacios seguros\",\"datePublished\":\"2025-09-25T19:48:37+00:00\",\"dateModified\":\"2025-09-25T19:50:30+00:00\",\"mainEntityOfPage\":{\"@id\":\"https:\\\/\\\/www.ucm.edu.co\\\/cartografia-social-en-la-ucm-un-ejercicio-colectivo-para-identificar-espacios-seguros\\\/\"},\"wordCount\":268,\"publisher\":{\"@id\":\"https:\\\/\\\/www.ucm.edu.co\\\/#organization\"},\"image\":{\"@id\":\"https:\\\/\\\/www.ucm.edu.co\\\/cartografia-social-en-la-ucm-un-ejercicio-colectivo-para-identificar-espacios-seguros\\\/#primaryimage\"},\"thumbnailUrl\":\"https:\\\/\\\/www.ucm.edu.co\\\/wp-content\\\/uploads\\\/2025\\\/09\\\/ucm-actividad-bienestar.jpeg\",\"keywords\":[\"Cartografiando\",\"Comunidad UCM\",\"Universidad Cat\u00f3lica de Manizales\"],\"articleSection\":[\"Bienestar\"],\"inLanguage\":\"en-US\"},{\"@type\":\"WebPage\",\"@id\":\"https:\\\/\\\/www.ucm.edu.co\\\/cartografia-social-en-la-ucm-un-ejercicio-colectivo-para-identificar-espacios-seguros\\\/\",\"url\":\"https:\\\/\\\/www.ucm.edu.co\\\/cartografia-social-en-la-ucm-un-ejercicio-colectivo-para-identificar-espacios-seguros\\\/\",\"name\":\"UCM realiz\u00f3 cartograf\u00eda social para reconocer entornos seguros\",\"isPartOf\":{\"@id\":\"https:\\\/\\\/www.ucm.edu.co\\\/#website\"},\"primaryImageOfPage\":{\"@id\":\"https:\\\/\\\/www.ucm.edu.co\\\/cartografia-social-en-la-ucm-un-ejercicio-colectivo-para-identificar-espacios-seguros\\\/#primaryimage\"},\"image\":{\"@id\":\"https:\\\/\\\/www.ucm.edu.co\\\/cartografia-social-en-la-ucm-un-ejercicio-colectivo-para-identificar-espacios-seguros\\\/#primaryimage\"},\"thumbnailUrl\":\"https:\\\/\\\/www.ucm.edu.co\\\/wp-content\\\/uploads\\\/2025\\\/09\\\/ucm-actividad-bienestar.jpeg\",\"datePublished\":\"2025-09-25T19:48:37+00:00\",\"dateModified\":\"2025-09-25T19:50:30+00:00\",\"description\":\"\u201cCartografiando\u201d fortaleci\u00f3 la participaci\u00f3n de la comunidad UCM en la construcci\u00f3n de un campus seguro e incluyente.\",\"breadcrumb\":{\"@id\":\"https:\\\/\\\/www.ucm.edu.co\\\/cartografia-social-en-la-ucm-un-ejercicio-colectivo-para-identificar-espacios-seguros\\\/#breadcrumb\"},\"inLanguage\":\"en-US\",\"potentialAction\":[{\"@type\":\"ReadAction\",\"target\":[\"https:\\\/\\\/www.ucm.edu.co\\\/cartografia-social-en-la-ucm-un-ejercicio-colectivo-para-identificar-espacios-seguros\\\/\"]}]},{\"@type\":\"ImageObject\",\"inLanguage\":\"en-US\",\"@id\":\"https:\\\/\\\/www.ucm.edu.co\\\/cartografia-social-en-la-ucm-un-ejercicio-colectivo-para-identificar-espacios-seguros\\\/#primaryimage\",\"url\":\"https:\\\/\\\/www.ucm.edu.co\\\/wp-content\\\/uploads\\\/2025\\\/09\\\/ucm-actividad-bienestar.jpeg\",\"contentUrl\":\"https:\\\/\\\/www.ucm.edu.co\\\/wp-content\\\/uploads\\\/2025\\\/09\\\/ucm-actividad-bienestar.jpeg\",\"width\":784,\"height\":576,\"caption\":\"ucm-actividad-bienestar.jpeg\"},{\"@type\":\"BreadcrumbList\",\"@id\":\"https:\\\/\\\/www.ucm.edu.co\\\/cartografia-social-en-la-ucm-un-ejercicio-colectivo-para-identificar-espacios-seguros\\\/#breadcrumb\",\"itemListElement\":[{\"@type\":\"ListItem\",\"position\":1,\"name\":\"Portada\",\"item\":\"https:\\\/\\\/www.ucm.edu.co\\\/\"},{\"@type\":\"ListItem\",\"position\":2,\"name\":\"Cartograf\u00eda social en la UCM, un ejercicio colectivo para identificar espacios seguros\"}]},{\"@type\":\"WebSite\",\"@id\":\"https:\\\/\\\/www.ucm.edu.co\\\/#website\",\"url\":\"https:\\\/\\\/www.ucm.edu.co\\\/\",\"name\":\"UCM - Universidad Cat\u00f3lica de Manizales\",\"description\":\"Ven a ser quien quieres ser\",\"publisher\":{\"@id\":\"https:\\\/\\\/www.ucm.edu.co\\\/#organization\"},\"alternateName\":\"UCM\",\"potentialAction\":[{\"@type\":\"SearchAction\",\"target\":{\"@type\":\"EntryPoint\",\"urlTemplate\":\"https:\\\/\\\/www.ucm.edu.co\\\/?s={search_term_string}\"},\"query-input\":{\"@type\":\"PropertyValueSpecification\",\"valueRequired\":true,\"valueName\":\"search_term_string\"}}],\"inLanguage\":\"en-US\"},{\"@type\":\"Organization\",\"@id\":\"https:\\\/\\\/www.ucm.edu.co\\\/#organization\",\"name\":\"Universidad Cat\u00f3lica de Manizales\",\"alternateName\":\"UCM\",\"url\":\"https:\\\/\\\/www.ucm.edu.co\\\/\",\"logo\":{\"@type\":\"ImageObject\",\"inLanguage\":\"en-US\",\"@id\":\"https:\\\/\\\/www.ucm.edu.co\\\/#\\\/schema\\\/logo\\\/image\\\/\",\"url\":\"https:\\\/\\\/www.ucm.edu.co\\\/wp-content\\\/uploads\\\/2021\\\/03\\\/favicon_ucm.png\",\"contentUrl\":\"https:\\\/\\\/www.ucm.edu.co\\\/wp-content\\\/uploads\\\/2021\\\/03\\\/favicon_ucm.png\",\"width\":512,\"height\":512,\"caption\":\"Universidad Cat\u00f3lica de Manizales\"},\"image\":{\"@id\":\"https:\\\/\\\/www.ucm.edu.co\\\/#\\\/schema\\\/logo\\\/image\\\/\"},\"sameAs\":[\"https:\\\/\\\/www.facebook.com\\\/ucatolicamanizales\",\"https:\\\/\\\/x.com\\\/ucm_manizales\",\"https:\\\/\\\/www.instagram.com\\\/ucatolicamanizales\\\/\",\"https:\\\/\\\/co.linkedin.com\\\/school\\\/ucatolicamanizales\\\/\",\"https:\\\/\\\/www.youtube.com\\\/user\\\/UCMtelevision\"]},{\"@type\":\"Person\",\"@id\":\"https:\\\/\\\/www.ucm.edu.co\\\/#\\\/schema\\\/person\\\/fea805666959d6cfcf87dea44ef2f0b8\",\"name\":\"Prensa UCM\",\"image\":{\"@type\":\"ImageObject\",\"inLanguage\":\"en-US\",\"@id\":\"https:\\\/\\\/secure.gravatar.com\\\/avatar\\\/e9670ef3f6e98ca21e5ca101324fddb19f2b728f8bc808ffc267be23350fac46?s=96&d=mm&r=g\",\"url\":\"https:\\\/\\\/secure.gravatar.com\\\/avatar\\\/e9670ef3f6e98ca21e5ca101324fddb19f2b728f8bc808ffc267be23350fac46?s=96&d=mm&r=g\",\"contentUrl\":\"https:\\\/\\\/secure.gravatar.com\\\/avatar\\\/e9670ef3f6e98ca21e5ca101324fddb19f2b728f8bc808ffc267be23350fac46?s=96&d=mm&r=g\",\"caption\":\"Prensa UCM\"},\"url\":\"https:\\\/\\\/www.ucm.edu.co\\\/en\\\/author\\\/prensa\\\/\"}]}<\/script>\n<!-- \/ Yoast SEO plugin. -->","yoast_head_json":{"title":"UCM realiz\u00f3 cartograf\u00eda social para reconocer entornos seguros","description":"\u201cCartografiando\u201d fortaleci\u00f3 la participaci\u00f3n de la comunidad UCM en la construcci\u00f3n de un campus seguro e incluyente.","robots":{"index":"index","follow":"follow","max-snippet":"max-snippet:-1","max-image-preview":"max-image-preview:large","max-video-preview":"max-video-preview:-1"},"canonical":"https:\/\/www.ucm.edu.co\/en\/cartografia-social-en-la-ucm-un-ejercicio-colectivo-para-identificar-espacios-seguros\/","og_locale":"en_US","og_type":"article","og_title":"UCM realiz\u00f3 cartograf\u00eda social para reconocer entornos seguros","og_description":"\u201cCartografiando\u201d fortaleci\u00f3 la participaci\u00f3n de la comunidad UCM en la construcci\u00f3n de un campus seguro e incluyente.","og_url":"https:\/\/www.ucm.edu.co\/en\/cartografia-social-en-la-ucm-un-ejercicio-colectivo-para-identificar-espacios-seguros\/","og_site_name":"UCM - Universidad Cat\u00f3lica de Manizales","article_publisher":"https:\/\/www.facebook.com\/ucatolicamanizales","article_published_time":"2025-09-25T19:48:37+00:00","article_modified_time":"2025-09-25T19:50:30+00:00","og_image":[{"width":784,"height":576,"url":"https:\/\/www.ucm.edu.co\/wp-content\/uploads\/2025\/09\/ucm-actividad-bienestar.jpeg","type":"image\/jpeg"}],"author":"Prensa UCM","twitter_card":"summary_large_image","twitter_creator":"@ucm_manizales","twitter_site":"@ucm_manizales","twitter_misc":{"Written by":"Prensa UCM","Est. reading time":"2 minutes"},"schema":{"@context":"https:\/\/schema.org","@graph":[{"@type":"Article","@id":"https:\/\/www.ucm.edu.co\/cartografia-social-en-la-ucm-un-ejercicio-colectivo-para-identificar-espacios-seguros\/#article","isPartOf":{"@id":"https:\/\/www.ucm.edu.co\/cartografia-social-en-la-ucm-un-ejercicio-colectivo-para-identificar-espacios-seguros\/"},"author":{"name":"Prensa UCM","@id":"https:\/\/www.ucm.edu.co\/#\/schema\/person\/fea805666959d6cfcf87dea44ef2f0b8"},"headline":"Cartograf\u00eda social en la UCM, un ejercicio colectivo para identificar espacios seguros","datePublished":"2025-09-25T19:48:37+00:00","dateModified":"2025-09-25T19:50:30+00:00","mainEntityOfPage":{"@id":"https:\/\/www.ucm.edu.co\/cartografia-social-en-la-ucm-un-ejercicio-colectivo-para-identificar-espacios-seguros\/"},"wordCount":268,"publisher":{"@id":"https:\/\/www.ucm.edu.co\/#organization"},"image":{"@id":"https:\/\/www.ucm.edu.co\/cartografia-social-en-la-ucm-un-ejercicio-colectivo-para-identificar-espacios-seguros\/#primaryimage"},"thumbnailUrl":"https:\/\/www.ucm.edu.co\/wp-content\/uploads\/2025\/09\/ucm-actividad-bienestar.jpeg","keywords":["Cartografiando","Comunidad UCM","Universidad Cat\u00f3lica de Manizales"],"articleSection":["Bienestar"],"inLanguage":"en-US"},{"@type":"WebPage","@id":"https:\/\/www.ucm.edu.co\/cartografia-social-en-la-ucm-un-ejercicio-colectivo-para-identificar-espacios-seguros\/","url":"https:\/\/www.ucm.edu.co\/cartografia-social-en-la-ucm-un-ejercicio-colectivo-para-identificar-espacios-seguros\/","name":"UCM realiz\u00f3 cartograf\u00eda social para reconocer entornos seguros","isPartOf":{"@id":"https:\/\/www.ucm.edu.co\/#website"},"primaryImageOfPage":{"@id":"https:\/\/www.ucm.edu.co\/cartografia-social-en-la-ucm-un-ejercicio-colectivo-para-identificar-espacios-seguros\/#primaryimage"},"image":{"@id":"https:\/\/www.ucm.edu.co\/cartografia-social-en-la-ucm-un-ejercicio-colectivo-para-identificar-espacios-seguros\/#primaryimage"},"thumbnailUrl":"https:\/\/www.ucm.edu.co\/wp-content\/uploads\/2025\/09\/ucm-actividad-bienestar.jpeg","datePublished":"2025-09-25T19:48:37+00:00","dateModified":"2025-09-25T19:50:30+00:00","description":"\u201cCartografiando\u201d fortaleci\u00f3 la participaci\u00f3n de la comunidad UCM en la construcci\u00f3n de un campus seguro e incluyente.","breadcrumb":{"@id":"https:\/\/www.ucm.edu.co\/cartografia-social-en-la-ucm-un-ejercicio-colectivo-para-identificar-espacios-seguros\/#breadcrumb"},"inLanguage":"en-US","potentialAction":[{"@type":"ReadAction","target":["https:\/\/www.ucm.edu.co\/cartografia-social-en-la-ucm-un-ejercicio-colectivo-para-identificar-espacios-seguros\/"]}]},{"@type":"ImageObject","inLanguage":"en-US","@id":"https:\/\/www.ucm.edu.co\/cartografia-social-en-la-ucm-un-ejercicio-colectivo-para-identificar-espacios-seguros\/#primaryimage","url":"https:\/\/www.ucm.edu.co\/wp-content\/uploads\/2025\/09\/ucm-actividad-bienestar.jpeg","contentUrl":"https:\/\/www.ucm.edu.co\/wp-content\/uploads\/2025\/09\/ucm-actividad-bienestar.jpeg","width":784,"height":576,"caption":"ucm-actividad-bienestar.jpeg"},{"@type":"BreadcrumbList","@id":"https:\/\/www.ucm.edu.co\/cartografia-social-en-la-ucm-un-ejercicio-colectivo-para-identificar-espacios-seguros\/#breadcrumb","itemListElement":[{"@type":"ListItem","position":1,"name":"Portada","item":"https:\/\/www.ucm.edu.co\/"},{"@type":"ListItem","position":2,"name":"Cartograf\u00eda social en la UCM, un ejercicio colectivo para identificar espacios seguros"}]},{"@type":"WebSite","@id":"https:\/\/www.ucm.edu.co\/#website","url":"https:\/\/www.ucm.edu.co\/","name":"UCM - Universidad Cat\u00f3lica de Manizales","description":"Ven a ser quien quieres ser","publisher":{"@id":"https:\/\/www.ucm.edu.co\/#organization"},"alternateName":"UCM","potentialAction":[{"@type":"SearchAction","target":{"@type":"EntryPoint","urlTemplate":"https:\/\/www.ucm.edu.co\/?s={search_term_string}"},"query-input":{"@type":"PropertyValueSpecification","valueRequired":true,"valueName":"search_term_string"}}],"inLanguage":"en-US"},{"@type":"Organization","@id":"https:\/\/www.ucm.edu.co\/#organization","name":"Universidad Cat\u00f3lica de Manizales","alternateName":"UCM","url":"https:\/\/www.ucm.edu.co\/","logo":{"@type":"ImageObject","inLanguage":"en-US","@id":"https:\/\/www.ucm.edu.co\/#\/schema\/logo\/image\/","url":"https:\/\/www.ucm.edu.co\/wp-content\/uploads\/2021\/03\/favicon_ucm.png","contentUrl":"https:\/\/www.ucm.edu.co\/wp-content\/uploads\/2021\/03\/favicon_ucm.png","width":512,"height":512,"caption":"Universidad Cat\u00f3lica de Manizales"},"image":{"@id":"https:\/\/www.ucm.edu.co\/#\/schema\/logo\/image\/"},"sameAs":["https:\/\/www.facebook.com\/ucatolicamanizales","https:\/\/x.com\/ucm_manizales","https:\/\/www.instagram.com\/ucatolicamanizales\/","https:\/\/co.linkedin.com\/school\/ucatolicamanizales\/","https:\/\/www.youtube.com\/user\/UCMtelevision"]},{"@type":"Person","@id":"https:\/\/www.ucm.edu.co\/#\/schema\/person\/fea805666959d6cfcf87dea44ef2f0b8","name":"Prensa UCM","image":{"@type":"ImageObject","inLanguage":"en-US","@id":"https:\/\/secure.gravatar.com\/avatar\/e9670ef3f6e98ca21e5ca101324fddb19f2b728f8bc808ffc267be23350fac46?s=96&d=mm&r=g","url":"https:\/\/secure.gravatar.com\/avatar\/e9670ef3f6e98ca21e5ca101324fddb19f2b728f8bc808ffc267be23350fac46?s=96&d=mm&r=g","contentUrl":"https:\/\/secure.gravatar.com\/avatar\/e9670ef3f6e98ca21e5ca101324fddb19f2b728f8bc808ffc267be23350fac46?s=96&d=mm&r=g","caption":"Prensa UCM"},"url":"https:\/\/www.ucm.edu.co\/en\/author\/prensa\/"}]}},"_links":{"self":[{"href":"https:\/\/www.ucm.edu.co\/en\/wp-json\/wp\/v2\/posts\/228359","targetHints":{"allow":["GET"]}}],"collection":[{"href":"https:\/\/www.ucm.edu.co\/en\/wp-json\/wp\/v2\/posts"}],"about":[{"href":"https:\/\/www.ucm.edu.co\/en\/wp-json\/wp\/v2\/types\/post"}],"author":[{"embeddable":true,"href":"https:\/\/www.ucm.edu.co\/en\/wp-json\/wp\/v2\/users\/5"}],"replies":[{"embeddable":true,"href":"https:\/\/www.ucm.edu.co\/en\/wp-json\/wp\/v2\/comments?post=228359"}],"version-history":[{"count":4,"href":"https:\/\/www.ucm.edu.co\/en\/wp-json\/wp\/v2\/posts\/228359\/revisions"}],"predecessor-version":[{"id":228368,"href":"https:\/\/www.ucm.edu.co\/en\/wp-json\/wp\/v2\/posts\/228359\/revisions\/228368"}],"wp:featuredmedia":[{"embeddable":true,"href":"https:\/\/www.ucm.edu.co\/en\/wp-json\/wp\/v2\/media\/228369"}],"wp:attachment":[{"href":"https:\/\/www.ucm.edu.co\/en\/wp-json\/wp\/v2\/media?parent=228359"}],"wp:term":[{"taxonomy":"category","embeddable":true,"href":"https:\/\/www.ucm.edu.co\/en\/wp-json\/wp\/v2\/categories?post=228359"},{"taxonomy":"post_tag","embeddable":true,"href":"https:\/\/www.ucm.edu.co\/en\/wp-json\/wp\/v2\/tags?post=228359"}],"curies":[{"name":"wp","href":"https:\/\/api.w.org\/{rel}","templated":true}]}}