{"id":228269,"date":"2025-09-25T08:52:51","date_gmt":"2025-09-25T13:52:51","guid":{"rendered":"https:\/\/www.ucm.edu.co\/?p=228269"},"modified":"2025-09-25T14:11:29","modified_gmt":"2025-09-25T19:11:29","slug":"foro-en-la-ucm-analizo-retos-y-oportunidades-de-la-nueva-ley-de-salud-mental","status":"publish","type":"post","link":"https:\/\/www.ucm.edu.co\/en\/foro-en-la-ucm-analizo-retos-y-oportunidades-de-la-nueva-ley-de-salud-mental\/","title":{"rendered":"Foro en la UCM analiz\u00f3 retos y oportunidades de la nueva Ley de Salud Mental"},"content":{"rendered":"<p class=\"listado_gen\u00e9rico wp-block-paragraph\">El Foro <em>\u201cNueva Ley de Salud Mental 2460 de 2025: Reflexiones y Oportunidades\u201d<\/em> tuvo lugar en la Universidad Cat\u00f3lica de Manizales como un espacio convocado por el <a href=\"https:\/\/www.colpsic.org.co\/\">Colegio Colombiano de Psic\u00f3logos<\/a> (Colpsic), que reuni\u00f3 a expertos y representantes de diversas instituciones para dialogar sobre los alcances de la normativa y su impacto en el pa\u00eds.<\/p>\n\n\n\n<p class=\"wp-block-paragraph\">La Ley 2460 de 2025 establece un marco legal que reconoce la salud mental como un derecho fundamental y al mismo tiempo fortalece las acciones de prevenci\u00f3n, atenci\u00f3n y promoci\u00f3n del bienestar individual y colectivo, lo que ampl\u00eda los alcances de la Ley 1616 de 2013 y abre un camino de mayores oportunidades para el cuidado integral de las personas y para la consolidaci\u00f3n de una pol\u00edtica p\u00fablica m\u00e1s s\u00f3lida en este campo.<\/p>\n\n\n\n<p class=\"wp-block-paragraph\">El foro permiti\u00f3 analizar los retos y las oportunidades que genera la implementaci\u00f3n de esta norma y el Colegio Colombiano de Psic\u00f3logos asumi\u00f3 un papel protag\u00f3nico en el proceso al destacar la importancia de la psicolog\u00eda en la transformaci\u00f3n social y en la construcci\u00f3n de una sociedad m\u00e1s solidaria y consciente de la necesidad de proteger la salud mental.<\/p>\n\n\n\n<h2 class=\"wp-block-heading\">La UCM, escenario de reflexi\u00f3n y compromiso<\/h2>\n\n\n\n<p class=\"wp-block-paragraph\">Durante el encuentro, Esmeralda Torres Betancourt, de la Vicerrector\u00eda de Bienestar y Pastoral Universitaria de la UCM, expres\u00f3 el compromiso institucional sobre este tema: <em>\u201cLa UCM trabaja con mucha fuerza en el campo de la salud mental. Nos concebimos como una red de apoyo en la que profesores, tutores, coordinadores, compa\u00f1eros y colaboradores tambi\u00e9n hacen parte del cuidado. Por eso respaldamos estos espacios y apoyamos el bienestar como una necesidad urgente en el mundo\u201d<\/em>.<\/p>\n\n\n\n<p class=\"wp-block-paragraph\">El evento cont\u00f3 con la participaci\u00f3n de Carlos Humberto Orozco T\u00e9llez, de la Coordinaci\u00f3n Social de la Alcald\u00eda de Manizales; Mar\u00eda Isabel Londo\u00f1o Correa, de la Direcci\u00f3n Territorial de Salud de Caldas; Carlos Enrique Garavito Ariza, del Colegio Colombiano de Psic\u00f3logos; y Luz Stella Arenas R\u00edos, miembro de la Junta Capitular Cumanday de Colpsic.<\/p>\n\n\n\n<p class=\"wp-block-paragraph\"><\/p>\n\n\n\n<div class=\"wp-block-columns is-layout-flex wp-container-core-columns-is-layout-8f761849 wp-block-columns-is-layout-flex\">\n<div class=\"wp-block-column is-layout-flow wp-block-column-is-layout-flow\">\n<figure class=\"wp-block-image size-full\"><img loading=\"lazy\" decoding=\"async\" width=\"800\" height=\"450\" src=\"https:\/\/www.ucm.edu.co\/wp-content\/uploads\/2025\/09\/ucm-foro-salud-mental-nueva-ley.jpg\" alt=\"\" class=\"wp-image-228296\" srcset=\"https:\/\/www.ucm.edu.co\/wp-content\/uploads\/2025\/09\/ucm-foro-salud-mental-nueva-ley.jpg 800w, https:\/\/www.ucm.edu.co\/wp-content\/uploads\/2025\/09\/ucm-foro-salud-mental-nueva-ley-480x270.jpg 480w\" sizes=\"(min-width: 0px) and (max-width: 480px) 480px, (min-width: 481px) 800px, 100vw\" \/><\/figure>\n<\/div>\n\n\n\n<div class=\"wp-block-column is-layout-flow wp-block-column-is-layout-flow\">\n<figure class=\"wp-block-gallery has-nested-images columns-default is-cropped wp-block-gallery-1 is-layout-flex wp-block-gallery-is-layout-flex\">\n<figure class=\"wp-block-image size-large\"><img loading=\"lazy\" decoding=\"async\" width=\"800\" height=\"450\" data-id=\"228299\" src=\"https:\/\/www.ucm.edu.co\/wp-content\/uploads\/2025\/09\/ucm-vicerrectoria-de-bienestar-y-pastoral-universitaria-2.jpg\" alt=\"\" class=\"wp-image-228299\" srcset=\"https:\/\/www.ucm.edu.co\/wp-content\/uploads\/2025\/09\/ucm-vicerrectoria-de-bienestar-y-pastoral-universitaria-2.jpg 800w, https:\/\/www.ucm.edu.co\/wp-content\/uploads\/2025\/09\/ucm-vicerrectoria-de-bienestar-y-pastoral-universitaria-2-480x270.jpg 480w\" sizes=\"(min-width: 0px) and (max-width: 480px) 480px, (min-width: 481px) 800px, 100vw\" \/><\/figure>\n<\/figure>\n<\/div>\n<\/div>\n\n\n\n<p class=\"wp-block-paragraph\"><\/p>\n\n\n\n<p class=\"wp-block-paragraph\">Todos coincidieron en que la implementaci\u00f3n de la nueva ley representa una oportunidad para fortalecer proyectos comunitarios, crear redes de apoyo efectivas y promover una cultura de cuidado emocional desde la infancia hasta la adultez.<\/p>\n\n\n\n<p class=\"listado_gen\u00e9rico wp-block-paragraph\">Tambi\u00e9n podr\u00eda interesarte: <a href=\"https:\/\/www.ucm.edu.co\/en\/talento-ucm-participa-en-el-primer-encuentro-regional-de-salud-mental\/\"><em>https:\/\/www.ucm.edu.co\/talento-ucm-participa-en-el-primer-encuentro-regional-de-salud-mental\/<\/em><\/a><\/p>","protected":false},"excerpt":{"rendered":"<p>\u00bfQu\u00e9 es la Ley 2460 de 2025? \u00bfQui\u00e9nes participaron en su an\u00e1lisis? \u00bfCu\u00e1ndo y d\u00f3nde se discuti\u00f3? \u00bfPor qu\u00e9 es importante para la sociedad? Estas fueron algunas de las preguntas que orientaron el foro \u201cNueva Ley de Salud Mental 2460 de 2025: Reflexiones y oportunidades\u201d, realizado este 24 de septiembre en la UCM, con la presencia de expertos del \u00e1mbito acad\u00e9mico, institucional y profesional.<\/p>","protected":false},"author":5,"featured_media":228294,"comment_status":"closed","ping_status":"open","sticky":false,"template":"","format":"standard","meta":{"_et_pb_use_builder":"","_et_pb_old_content":"","_et_gb_content_width":"","content-type":"","_monsterinsights_skip_tracking":false,"footnotes":""},"categories":[14],"tags":[1448,69,477],"class_list":["post-228269","post","type-post","status-publish","format-standard","has-post-thumbnail","hentry","category-bienestar","tag-nueva-ley-de-salud-mental-2460","tag-universidad-catolica-de-manizales","tag-vicerrectoria-de-bienestar-y-pastoral-universitaria"],"yoast_head":"<!-- This site is optimized with the Yoast SEO plugin v28.1 - https:\/\/yoast.com\/product\/yoast-seo-wordpress\/ -->\n<title>UCM - Universidad Cat\u00f3lica de Manizales<\/title>\n<meta name=\"description\" content=\"La UCM se consolid\u00f3 como espacio de encuentro para el debate sobre el futuro de la salud mental en Colombia, con la ley 2460 de 2025.\" \/>\n<meta name=\"robots\" content=\"index, follow, max-snippet:-1, max-image-preview:large, max-video-preview:-1\" \/>\n<link rel=\"canonical\" href=\"https:\/\/www.ucm.edu.co\/en\/foro-en-la-ucm-analizo-retos-y-oportunidades-de-la-nueva-ley-de-salud-mental\/\" \/>\n<meta property=\"og:locale\" content=\"en_US\" \/>\n<meta property=\"og:type\" content=\"article\" \/>\n<meta property=\"og:title\" content=\"UCM - Universidad Cat\u00f3lica de Manizales\" \/>\n<meta property=\"og:description\" content=\"La UCM se consolid\u00f3 como espacio de encuentro para el debate sobre el futuro de la salud mental en Colombia, con la ley 2460 de 2025.\" \/>\n<meta property=\"og:url\" content=\"https:\/\/www.ucm.edu.co\/en\/foro-en-la-ucm-analizo-retos-y-oportunidades-de-la-nueva-ley-de-salud-mental\/\" \/>\n<meta property=\"og:site_name\" content=\"UCM - Universidad Cat\u00f3lica de Manizales\" \/>\n<meta property=\"article:publisher\" content=\"https:\/\/www.facebook.com\/ucatolicamanizales\" \/>\n<meta property=\"article:published_time\" content=\"2025-09-25T13:52:51+00:00\" \/>\n<meta property=\"article:modified_time\" content=\"2025-09-25T19:11:29+00:00\" \/>\n<meta property=\"og:image\" content=\"https:\/\/www.ucm.edu.co\/wp-content\/uploads\/2025\/09\/ucm-foro-salud-mental-1.jpg\" \/>\n\t<meta property=\"og:image:width\" content=\"800\" \/>\n\t<meta property=\"og:image:height\" content=\"533\" \/>\n\t<meta property=\"og:image:type\" content=\"image\/jpeg\" \/>\n<meta name=\"author\" content=\"Prensa UCM\" \/>\n<meta name=\"twitter:card\" content=\"summary_large_image\" \/>\n<meta name=\"twitter:creator\" content=\"@ucm_manizales\" \/>\n<meta name=\"twitter:site\" content=\"@ucm_manizales\" \/>\n<meta name=\"twitter:label1\" content=\"Written by\" \/>\n\t<meta name=\"twitter:data1\" content=\"Prensa UCM\" \/>\n\t<meta name=\"twitter:label2\" content=\"Est. reading time\" \/>\n\t<meta name=\"twitter:data2\" content=\"3 minutes\" \/>\n<script type=\"application\/ld+json\" class=\"yoast-schema-graph\">{\"@context\":\"https:\\\/\\\/schema.org\",\"@graph\":[{\"@type\":\"Article\",\"@id\":\"https:\\\/\\\/www.ucm.edu.co\\\/foro-en-la-ucm-analizo-retos-y-oportunidades-de-la-nueva-ley-de-salud-mental\\\/#article\",\"isPartOf\":{\"@id\":\"https:\\\/\\\/www.ucm.edu.co\\\/foro-en-la-ucm-analizo-retos-y-oportunidades-de-la-nueva-ley-de-salud-mental\\\/\"},\"author\":{\"name\":\"Prensa UCM\",\"@id\":\"https:\\\/\\\/www.ucm.edu.co\\\/#\\\/schema\\\/person\\\/fea805666959d6cfcf87dea44ef2f0b8\"},\"headline\":\"Foro en la UCM analiz\u00f3 retos y oportunidades de la nueva Ley de Salud Mental\",\"datePublished\":\"2025-09-25T13:52:51+00:00\",\"dateModified\":\"2025-09-25T19:11:29+00:00\",\"mainEntityOfPage\":{\"@id\":\"https:\\\/\\\/www.ucm.edu.co\\\/foro-en-la-ucm-analizo-retos-y-oportunidades-de-la-nueva-ley-de-salud-mental\\\/\"},\"wordCount\":410,\"publisher\":{\"@id\":\"https:\\\/\\\/www.ucm.edu.co\\\/#organization\"},\"image\":{\"@id\":\"https:\\\/\\\/www.ucm.edu.co\\\/foro-en-la-ucm-analizo-retos-y-oportunidades-de-la-nueva-ley-de-salud-mental\\\/#primaryimage\"},\"thumbnailUrl\":\"https:\\\/\\\/www.ucm.edu.co\\\/wp-content\\\/uploads\\\/2025\\\/09\\\/ucm-foro-salud-mental-1.jpg\",\"keywords\":[\"Nueva Ley de Salud Mental 2460\",\"Universidad Cat\u00f3lica de Manizales\",\"Vicerrector\u00eda de Bienestar y Pastoral Universitaria\"],\"articleSection\":[\"Bienestar\"],\"inLanguage\":\"en-US\"},{\"@type\":\"WebPage\",\"@id\":\"https:\\\/\\\/www.ucm.edu.co\\\/foro-en-la-ucm-analizo-retos-y-oportunidades-de-la-nueva-ley-de-salud-mental\\\/\",\"url\":\"https:\\\/\\\/www.ucm.edu.co\\\/foro-en-la-ucm-analizo-retos-y-oportunidades-de-la-nueva-ley-de-salud-mental\\\/\",\"name\":\"UCM - Universidad Cat\u00f3lica de Manizales\",\"isPartOf\":{\"@id\":\"https:\\\/\\\/www.ucm.edu.co\\\/#website\"},\"primaryImageOfPage\":{\"@id\":\"https:\\\/\\\/www.ucm.edu.co\\\/foro-en-la-ucm-analizo-retos-y-oportunidades-de-la-nueva-ley-de-salud-mental\\\/#primaryimage\"},\"image\":{\"@id\":\"https:\\\/\\\/www.ucm.edu.co\\\/foro-en-la-ucm-analizo-retos-y-oportunidades-de-la-nueva-ley-de-salud-mental\\\/#primaryimage\"},\"thumbnailUrl\":\"https:\\\/\\\/www.ucm.edu.co\\\/wp-content\\\/uploads\\\/2025\\\/09\\\/ucm-foro-salud-mental-1.jpg\",\"datePublished\":\"2025-09-25T13:52:51+00:00\",\"dateModified\":\"2025-09-25T19:11:29+00:00\",\"description\":\"La UCM se consolid\u00f3 como espacio de encuentro para el debate sobre el futuro de la salud mental en Colombia, con la ley 2460 de 2025.\",\"breadcrumb\":{\"@id\":\"https:\\\/\\\/www.ucm.edu.co\\\/foro-en-la-ucm-analizo-retos-y-oportunidades-de-la-nueva-ley-de-salud-mental\\\/#breadcrumb\"},\"inLanguage\":\"en-US\",\"potentialAction\":[{\"@type\":\"ReadAction\",\"target\":[\"https:\\\/\\\/www.ucm.edu.co\\\/foro-en-la-ucm-analizo-retos-y-oportunidades-de-la-nueva-ley-de-salud-mental\\\/\"]}]},{\"@type\":\"ImageObject\",\"inLanguage\":\"en-US\",\"@id\":\"https:\\\/\\\/www.ucm.edu.co\\\/foro-en-la-ucm-analizo-retos-y-oportunidades-de-la-nueva-ley-de-salud-mental\\\/#primaryimage\",\"url\":\"https:\\\/\\\/www.ucm.edu.co\\\/wp-content\\\/uploads\\\/2025\\\/09\\\/ucm-foro-salud-mental-1.jpg\",\"contentUrl\":\"https:\\\/\\\/www.ucm.edu.co\\\/wp-content\\\/uploads\\\/2025\\\/09\\\/ucm-foro-salud-mental-1.jpg\",\"width\":800,\"height\":533},{\"@type\":\"BreadcrumbList\",\"@id\":\"https:\\\/\\\/www.ucm.edu.co\\\/foro-en-la-ucm-analizo-retos-y-oportunidades-de-la-nueva-ley-de-salud-mental\\\/#breadcrumb\",\"itemListElement\":[{\"@type\":\"ListItem\",\"position\":1,\"name\":\"Portada\",\"item\":\"https:\\\/\\\/www.ucm.edu.co\\\/\"},{\"@type\":\"ListItem\",\"position\":2,\"name\":\"Foro en la UCM analiz\u00f3 retos y oportunidades de la nueva Ley de Salud Mental\"}]},{\"@type\":\"WebSite\",\"@id\":\"https:\\\/\\\/www.ucm.edu.co\\\/#website\",\"url\":\"https:\\\/\\\/www.ucm.edu.co\\\/\",\"name\":\"UCM - Universidad Cat\u00f3lica de Manizales\",\"description\":\"Ven a ser quien quieres ser\",\"publisher\":{\"@id\":\"https:\\\/\\\/www.ucm.edu.co\\\/#organization\"},\"alternateName\":\"UCM\",\"potentialAction\":[{\"@type\":\"SearchAction\",\"target\":{\"@type\":\"EntryPoint\",\"urlTemplate\":\"https:\\\/\\\/www.ucm.edu.co\\\/?s={search_term_string}\"},\"query-input\":{\"@type\":\"PropertyValueSpecification\",\"valueRequired\":true,\"valueName\":\"search_term_string\"}}],\"inLanguage\":\"en-US\"},{\"@type\":\"Organization\",\"@id\":\"https:\\\/\\\/www.ucm.edu.co\\\/#organization\",\"name\":\"Universidad Cat\u00f3lica de Manizales\",\"alternateName\":\"UCM\",\"url\":\"https:\\\/\\\/www.ucm.edu.co\\\/\",\"logo\":{\"@type\":\"ImageObject\",\"inLanguage\":\"en-US\",\"@id\":\"https:\\\/\\\/www.ucm.edu.co\\\/#\\\/schema\\\/logo\\\/image\\\/\",\"url\":\"https:\\\/\\\/www.ucm.edu.co\\\/wp-content\\\/uploads\\\/2021\\\/03\\\/favicon_ucm.png\",\"contentUrl\":\"https:\\\/\\\/www.ucm.edu.co\\\/wp-content\\\/uploads\\\/2021\\\/03\\\/favicon_ucm.png\",\"width\":512,\"height\":512,\"caption\":\"Universidad Cat\u00f3lica de Manizales\"},\"image\":{\"@id\":\"https:\\\/\\\/www.ucm.edu.co\\\/#\\\/schema\\\/logo\\\/image\\\/\"},\"sameAs\":[\"https:\\\/\\\/www.facebook.com\\\/ucatolicamanizales\",\"https:\\\/\\\/x.com\\\/ucm_manizales\",\"https:\\\/\\\/www.instagram.com\\\/ucatolicamanizales\\\/\",\"https:\\\/\\\/co.linkedin.com\\\/school\\\/ucatolicamanizales\\\/\",\"https:\\\/\\\/www.youtube.com\\\/user\\\/UCMtelevision\"]},{\"@type\":\"Person\",\"@id\":\"https:\\\/\\\/www.ucm.edu.co\\\/#\\\/schema\\\/person\\\/fea805666959d6cfcf87dea44ef2f0b8\",\"name\":\"Prensa UCM\",\"image\":{\"@type\":\"ImageObject\",\"inLanguage\":\"en-US\",\"@id\":\"https:\\\/\\\/secure.gravatar.com\\\/avatar\\\/e9670ef3f6e98ca21e5ca101324fddb19f2b728f8bc808ffc267be23350fac46?s=96&d=mm&r=g\",\"url\":\"https:\\\/\\\/secure.gravatar.com\\\/avatar\\\/e9670ef3f6e98ca21e5ca101324fddb19f2b728f8bc808ffc267be23350fac46?s=96&d=mm&r=g\",\"contentUrl\":\"https:\\\/\\\/secure.gravatar.com\\\/avatar\\\/e9670ef3f6e98ca21e5ca101324fddb19f2b728f8bc808ffc267be23350fac46?s=96&d=mm&r=g\",\"caption\":\"Prensa UCM\"},\"url\":\"https:\\\/\\\/www.ucm.edu.co\\\/en\\\/author\\\/prensa\\\/\"}]}<\/script>\n<!-- \/ Yoast SEO plugin. -->","yoast_head_json":{"title":"UCM - Universidad Cat\u00f3lica de Manizales","description":"La UCM se consolid\u00f3 como espacio de encuentro para el debate sobre el futuro de la salud mental en Colombia, con la ley 2460 de 2025.","robots":{"index":"index","follow":"follow","max-snippet":"max-snippet:-1","max-image-preview":"max-image-preview:large","max-video-preview":"max-video-preview:-1"},"canonical":"https:\/\/www.ucm.edu.co\/en\/foro-en-la-ucm-analizo-retos-y-oportunidades-de-la-nueva-ley-de-salud-mental\/","og_locale":"en_US","og_type":"article","og_title":"UCM - Universidad Cat\u00f3lica de Manizales","og_description":"La UCM se consolid\u00f3 como espacio de encuentro para el debate sobre el futuro de la salud mental en Colombia, con la ley 2460 de 2025.","og_url":"https:\/\/www.ucm.edu.co\/en\/foro-en-la-ucm-analizo-retos-y-oportunidades-de-la-nueva-ley-de-salud-mental\/","og_site_name":"UCM - Universidad Cat\u00f3lica de Manizales","article_publisher":"https:\/\/www.facebook.com\/ucatolicamanizales","article_published_time":"2025-09-25T13:52:51+00:00","article_modified_time":"2025-09-25T19:11:29+00:00","og_image":[{"width":800,"height":533,"url":"https:\/\/www.ucm.edu.co\/wp-content\/uploads\/2025\/09\/ucm-foro-salud-mental-1.jpg","type":"image\/jpeg"}],"author":"Prensa UCM","twitter_card":"summary_large_image","twitter_creator":"@ucm_manizales","twitter_site":"@ucm_manizales","twitter_misc":{"Written by":"Prensa UCM","Est. reading time":"3 minutes"},"schema":{"@context":"https:\/\/schema.org","@graph":[{"@type":"Article","@id":"https:\/\/www.ucm.edu.co\/foro-en-la-ucm-analizo-retos-y-oportunidades-de-la-nueva-ley-de-salud-mental\/#article","isPartOf":{"@id":"https:\/\/www.ucm.edu.co\/foro-en-la-ucm-analizo-retos-y-oportunidades-de-la-nueva-ley-de-salud-mental\/"},"author":{"name":"Prensa UCM","@id":"https:\/\/www.ucm.edu.co\/#\/schema\/person\/fea805666959d6cfcf87dea44ef2f0b8"},"headline":"Foro en la UCM analiz\u00f3 retos y oportunidades de la nueva Ley de Salud Mental","datePublished":"2025-09-25T13:52:51+00:00","dateModified":"2025-09-25T19:11:29+00:00","mainEntityOfPage":{"@id":"https:\/\/www.ucm.edu.co\/foro-en-la-ucm-analizo-retos-y-oportunidades-de-la-nueva-ley-de-salud-mental\/"},"wordCount":410,"publisher":{"@id":"https:\/\/www.ucm.edu.co\/#organization"},"image":{"@id":"https:\/\/www.ucm.edu.co\/foro-en-la-ucm-analizo-retos-y-oportunidades-de-la-nueva-ley-de-salud-mental\/#primaryimage"},"thumbnailUrl":"https:\/\/www.ucm.edu.co\/wp-content\/uploads\/2025\/09\/ucm-foro-salud-mental-1.jpg","keywords":["Nueva Ley de Salud Mental 2460","Universidad Cat\u00f3lica de Manizales","Vicerrector\u00eda de Bienestar y Pastoral Universitaria"],"articleSection":["Bienestar"],"inLanguage":"en-US"},{"@type":"WebPage","@id":"https:\/\/www.ucm.edu.co\/foro-en-la-ucm-analizo-retos-y-oportunidades-de-la-nueva-ley-de-salud-mental\/","url":"https:\/\/www.ucm.edu.co\/foro-en-la-ucm-analizo-retos-y-oportunidades-de-la-nueva-ley-de-salud-mental\/","name":"UCM - Universidad Cat\u00f3lica de Manizales","isPartOf":{"@id":"https:\/\/www.ucm.edu.co\/#website"},"primaryImageOfPage":{"@id":"https:\/\/www.ucm.edu.co\/foro-en-la-ucm-analizo-retos-y-oportunidades-de-la-nueva-ley-de-salud-mental\/#primaryimage"},"image":{"@id":"https:\/\/www.ucm.edu.co\/foro-en-la-ucm-analizo-retos-y-oportunidades-de-la-nueva-ley-de-salud-mental\/#primaryimage"},"thumbnailUrl":"https:\/\/www.ucm.edu.co\/wp-content\/uploads\/2025\/09\/ucm-foro-salud-mental-1.jpg","datePublished":"2025-09-25T13:52:51+00:00","dateModified":"2025-09-25T19:11:29+00:00","description":"La UCM se consolid\u00f3 como espacio de encuentro para el debate sobre el futuro de la salud mental en Colombia, con la ley 2460 de 2025.","breadcrumb":{"@id":"https:\/\/www.ucm.edu.co\/foro-en-la-ucm-analizo-retos-y-oportunidades-de-la-nueva-ley-de-salud-mental\/#breadcrumb"},"inLanguage":"en-US","potentialAction":[{"@type":"ReadAction","target":["https:\/\/www.ucm.edu.co\/foro-en-la-ucm-analizo-retos-y-oportunidades-de-la-nueva-ley-de-salud-mental\/"]}]},{"@type":"ImageObject","inLanguage":"en-US","@id":"https:\/\/www.ucm.edu.co\/foro-en-la-ucm-analizo-retos-y-oportunidades-de-la-nueva-ley-de-salud-mental\/#primaryimage","url":"https:\/\/www.ucm.edu.co\/wp-content\/uploads\/2025\/09\/ucm-foro-salud-mental-1.jpg","contentUrl":"https:\/\/www.ucm.edu.co\/wp-content\/uploads\/2025\/09\/ucm-foro-salud-mental-1.jpg","width":800,"height":533},{"@type":"BreadcrumbList","@id":"https:\/\/www.ucm.edu.co\/foro-en-la-ucm-analizo-retos-y-oportunidades-de-la-nueva-ley-de-salud-mental\/#breadcrumb","itemListElement":[{"@type":"ListItem","position":1,"name":"Portada","item":"https:\/\/www.ucm.edu.co\/"},{"@type":"ListItem","position":2,"name":"Foro en la UCM analiz\u00f3 retos y oportunidades de la nueva Ley de Salud Mental"}]},{"@type":"WebSite","@id":"https:\/\/www.ucm.edu.co\/#website","url":"https:\/\/www.ucm.edu.co\/","name":"UCM - Universidad Cat\u00f3lica de Manizales","description":"Ven a ser quien quieres ser","publisher":{"@id":"https:\/\/www.ucm.edu.co\/#organization"},"alternateName":"UCM","potentialAction":[{"@type":"SearchAction","target":{"@type":"EntryPoint","urlTemplate":"https:\/\/www.ucm.edu.co\/?s={search_term_string}"},"query-input":{"@type":"PropertyValueSpecification","valueRequired":true,"valueName":"search_term_string"}}],"inLanguage":"en-US"},{"@type":"Organization","@id":"https:\/\/www.ucm.edu.co\/#organization","name":"Universidad Cat\u00f3lica de Manizales","alternateName":"UCM","url":"https:\/\/www.ucm.edu.co\/","logo":{"@type":"ImageObject","inLanguage":"en-US","@id":"https:\/\/www.ucm.edu.co\/#\/schema\/logo\/image\/","url":"https:\/\/www.ucm.edu.co\/wp-content\/uploads\/2021\/03\/favicon_ucm.png","contentUrl":"https:\/\/www.ucm.edu.co\/wp-content\/uploads\/2021\/03\/favicon_ucm.png","width":512,"height":512,"caption":"Universidad Cat\u00f3lica de Manizales"},"image":{"@id":"https:\/\/www.ucm.edu.co\/#\/schema\/logo\/image\/"},"sameAs":["https:\/\/www.facebook.com\/ucatolicamanizales","https:\/\/x.com\/ucm_manizales","https:\/\/www.instagram.com\/ucatolicamanizales\/","https:\/\/co.linkedin.com\/school\/ucatolicamanizales\/","https:\/\/www.youtube.com\/user\/UCMtelevision"]},{"@type":"Person","@id":"https:\/\/www.ucm.edu.co\/#\/schema\/person\/fea805666959d6cfcf87dea44ef2f0b8","name":"Prensa UCM","image":{"@type":"ImageObject","inLanguage":"en-US","@id":"https:\/\/secure.gravatar.com\/avatar\/e9670ef3f6e98ca21e5ca101324fddb19f2b728f8bc808ffc267be23350fac46?s=96&d=mm&r=g","url":"https:\/\/secure.gravatar.com\/avatar\/e9670ef3f6e98ca21e5ca101324fddb19f2b728f8bc808ffc267be23350fac46?s=96&d=mm&r=g","contentUrl":"https:\/\/secure.gravatar.com\/avatar\/e9670ef3f6e98ca21e5ca101324fddb19f2b728f8bc808ffc267be23350fac46?s=96&d=mm&r=g","caption":"Prensa UCM"},"url":"https:\/\/www.ucm.edu.co\/en\/author\/prensa\/"}]}},"_links":{"self":[{"href":"https:\/\/www.ucm.edu.co\/en\/wp-json\/wp\/v2\/posts\/228269","targetHints":{"allow":["GET"]}}],"collection":[{"href":"https:\/\/www.ucm.edu.co\/en\/wp-json\/wp\/v2\/posts"}],"about":[{"href":"https:\/\/www.ucm.edu.co\/en\/wp-json\/wp\/v2\/types\/post"}],"author":[{"embeddable":true,"href":"https:\/\/www.ucm.edu.co\/en\/wp-json\/wp\/v2\/users\/5"}],"replies":[{"embeddable":true,"href":"https:\/\/www.ucm.edu.co\/en\/wp-json\/wp\/v2\/comments?post=228269"}],"version-history":[{"count":10,"href":"https:\/\/www.ucm.edu.co\/en\/wp-json\/wp\/v2\/posts\/228269\/revisions"}],"predecessor-version":[{"id":228313,"href":"https:\/\/www.ucm.edu.co\/en\/wp-json\/wp\/v2\/posts\/228269\/revisions\/228313"}],"wp:featuredmedia":[{"embeddable":true,"href":"https:\/\/www.ucm.edu.co\/en\/wp-json\/wp\/v2\/media\/228294"}],"wp:attachment":[{"href":"https:\/\/www.ucm.edu.co\/en\/wp-json\/wp\/v2\/media?parent=228269"}],"wp:term":[{"taxonomy":"category","embeddable":true,"href":"https:\/\/www.ucm.edu.co\/en\/wp-json\/wp\/v2\/categories?post=228269"},{"taxonomy":"post_tag","embeddable":true,"href":"https:\/\/www.ucm.edu.co\/en\/wp-json\/wp\/v2\/tags?post=228269"}],"curies":[{"name":"wp","href":"https:\/\/api.w.org\/{rel}","templated":true}]}}