{"id":223992,"date":"2025-06-03T10:39:37","date_gmt":"2025-06-03T15:39:37","guid":{"rendered":"https:\/\/www.ucm.edu.co\/?p=223992"},"modified":"2025-06-04T11:42:58","modified_gmt":"2025-06-04T16:42:58","slug":"brigada-de-emergencias-ucm-se-capacita-en-reanimacion-cardiopulmonar-con-formacion-especializada","status":"publish","type":"post","link":"https:\/\/www.ucm.edu.co\/en\/brigada-de-emergencias-ucm-se-capacita-en-reanimacion-cardiopulmonar-con-formacion-especializada\/","title":{"rendered":"Brigada de emergencias UCM se capacit\u00f3 en reanimaci\u00f3n cardiopulmonar con formaci\u00f3n especializada"},"content":{"rendered":"<p class=\"wp-block-paragraph\">El 29 de mayo de 2025 la brigada de emergencias de la Universidad Cat\u00f3lica de Manizales (UCM) recibi\u00f3 una capacitaci\u00f3n especializada sobre reanimaci\u00f3n cardiopulmonar (RCP) impartida por la Cruz Roja Colombiana en la <a href=\"https:\/\/www.autonoma.edu.co\/\">Universidad Aut\u00f3noma de Manizales<\/a>, esta formaci\u00f3n resulta clave para preparar a los integrantes de la brigada en la atenci\u00f3n inmediata ante casos de paro cardiorrespiratorio y aumenta las posibilidades de salvar vidas en situaciones cr\u00edticas.<\/p>\n\n\n\n<p class=\"wp-block-paragraph\">La Universidad Cat\u00f3lica de Manizales, mediante su Plan de Ayuda Mutua, coordin\u00f3 esta actividad que fortalece la colaboraci\u00f3n entre instituciones y fomenta la creaci\u00f3n de espacios seguros en el \u00e1mbito universitario. La capacitaci\u00f3n incluy\u00f3 pr\u00e1cticas te\u00f3ricas y ejercicios que permiten a los brigadistas adquirir las destrezas necesarias para actuar con eficacia ante emergencias m\u00e9dicas la brigada de emergencias es un componente fundamental para la gesti\u00f3n preventiva y la respuesta r\u00e1pida dentro del campus.<\/p>\n\n\n\n<p class=\"wp-block-paragraph\">Por lo anterior, la UCM impulsa la formaci\u00f3n continua de sus integrantes y promueve la participaci\u00f3n de estudiantes, docentes y colaboradores en estos procesos que contribuyen a desarrollar un ambiente protegido para toda la comunidad acad\u00e9mica y administrativa.<\/p>\n\n\n\n<h2 class=\"wp-block-heading\">Brigada de Emergencias: compromiso UCM con la seguridad de todos<\/h2>\n\n\n\n<p class=\"wp-block-paragraph\"><\/p>\n\n\n\n<div class=\"wp-block-columns is-layout-flex wp-container-core-columns-is-layout-8f761849 wp-block-columns-is-layout-flex\">\n<div class=\"wp-block-column is-layout-flow wp-block-column-is-layout-flow\">\n<figure class=\"wp-block-image size-full\"><img loading=\"lazy\" decoding=\"async\" width=\"800\" height=\"447\" src=\"https:\/\/www.ucm.edu.co\/wp-content\/uploads\/2025\/06\/ucm-capacitacion-brigada.jpeg\" alt=\"ucm-capacitacion-brigada.jpeg\" class=\"wp-image-224001\" srcset=\"https:\/\/www.ucm.edu.co\/wp-content\/uploads\/2025\/06\/ucm-capacitacion-brigada.jpeg 800w, https:\/\/www.ucm.edu.co\/wp-content\/uploads\/2025\/06\/ucm-capacitacion-brigada-480x268.jpeg 480w\" sizes=\"(min-width: 0px) and (max-width: 480px) 480px, (min-width: 481px) 800px, 100vw\" \/><\/figure>\n<\/div>\n\n\n\n<div class=\"wp-block-column is-layout-flow wp-block-column-is-layout-flow\">\n<p class=\"wp-block-paragraph\">La preparaci\u00f3n en t\u00e9cnicas de RCP no solo facilita la atenci\u00f3n inmediata, sino que tambi\u00e9n fortalece el sentido de responsabilidad y solidaridad entre quienes forman parte de la brigada valores esenciales para la cultura institucional de prevenci\u00f3n y autocuidado que la Universidad Cat\u00f3lica de Manizales busca consolidar.<\/p>\n\n\n\n<p class=\"wp-block-paragraph\">La capacitaci\u00f3n en reanimaci\u00f3n cardiopulmonar refuerza el compromiso de la Universidad Cat\u00f3lica de Manizales con la protecci\u00f3n de la vida y la seguridad de su comunidad, consolidando una cultura de prevenci\u00f3n que salva vidas y fortalece el bienestar colectivo espacios institucionales.<\/p>\n<\/div>\n<\/div>\n\n\n\n<p class=\"wp-block-paragraph\"><\/p>\n\n\n\n<p class=\"wp-block-paragraph\">Forma parte de la Brigada de Emergencias y aprovecha estos espacios de formaci\u00f3n donde la preparaci\u00f3n y rapidez en la respuesta pueden salvar vidas en momentos cruciales por eso capac\u00edtate, act\u00faa con responsabilidad y contribuye a un entorno m\u00e1s seguro para toda la comunidad porque la seguridad depende de todos.<\/p>\n\n\n\n<p class=\"wp-block-paragraph\">Tambi\u00e9n podr\u00eda interesarte: <a href=\"https:\/\/www.ucm.edu.co\/en\/talento-ucm-participa-en-el-primer-encuentro-regional-de-salud-mental\/\"><em>https:\/\/www.ucm.edu.co\/talento-ucm-participa-en-el-primer-encuentro-regional-de-salud-mental\/<\/em><\/a><\/p>","protected":false},"excerpt":{"rendered":"<p>La Universidad Cat\u00f3lica de Manizales fortaleci\u00f3 la capacidad de su brigada de emergencias con una capacitaci\u00f3n en reanimaci\u00f3n cardiopulmonar impartida por la Cruz Roja Colombiana el 29 de mayo de 2025. <\/p>","protected":false},"author":5,"featured_media":224000,"comment_status":"closed","ping_status":"open","sticky":false,"template":"","format":"standard","meta":{"_et_pb_use_builder":"","_et_pb_old_content":"","_et_gb_content_width":"","content-type":"","_monsterinsights_skip_tracking":false,"footnotes":""},"categories":[14],"tags":[1217,1216,873],"class_list":["post-223992","post","type-post","status-publish","format-standard","has-post-thumbnail","hentry","category-bienestar","tag-brigada-de-emergencias-ucm","tag-capacitacion-rcp","tag-seguridad-y-salud-en-el-trabajo"],"yoast_head":"<!-- This site is optimized with the Yoast SEO plugin v28.1 - https:\/\/yoast.com\/product\/yoast-seo-wordpress\/ -->\n<title>Brigada de Emergencias UCM se capacita en reanimaci\u00f3n y RCP<\/title>\n<meta name=\"description\" content=\"La Brigada de Emergencias de la UCM recibe formaci\u00f3n vital en reanimaci\u00f3n cardiopulmonar que mejora la respuesta ante emergencias\" \/>\n<meta name=\"robots\" content=\"index, follow, max-snippet:-1, max-image-preview:large, max-video-preview:-1\" \/>\n<link rel=\"canonical\" href=\"https:\/\/www.ucm.edu.co\/en\/brigada-de-emergencias-ucm-se-capacita-en-reanimacion-cardiopulmonar-con-formacion-especializada\/\" \/>\n<meta property=\"og:locale\" content=\"en_US\" \/>\n<meta property=\"og:type\" content=\"article\" \/>\n<meta property=\"og:title\" content=\"Brigada de Emergencias UCM se capacita en reanimaci\u00f3n y RCP\" \/>\n<meta property=\"og:description\" content=\"La Brigada de Emergencias de la UCM recibe formaci\u00f3n vital en reanimaci\u00f3n cardiopulmonar que mejora la respuesta ante emergencias\" \/>\n<meta property=\"og:url\" content=\"https:\/\/www.ucm.edu.co\/en\/brigada-de-emergencias-ucm-se-capacita-en-reanimacion-cardiopulmonar-con-formacion-especializada\/\" \/>\n<meta property=\"og:site_name\" content=\"UCM - Universidad Cat\u00f3lica de Manizales\" \/>\n<meta property=\"article:publisher\" content=\"https:\/\/www.facebook.com\/ucatolicamanizales\" \/>\n<meta property=\"article:published_time\" content=\"2025-06-03T15:39:37+00:00\" \/>\n<meta property=\"article:modified_time\" content=\"2025-06-04T16:42:58+00:00\" \/>\n<meta property=\"og:image\" content=\"https:\/\/www.ucm.edu.co\/wp-content\/uploads\/2025\/06\/ucm-brigada-emergencias.jpeg\" \/>\n\t<meta property=\"og:image:width\" content=\"800\" \/>\n\t<meta property=\"og:image:height\" content=\"509\" \/>\n\t<meta property=\"og:image:type\" content=\"image\/jpeg\" \/>\n<meta name=\"author\" content=\"Prensa UCM\" \/>\n<meta name=\"twitter:card\" content=\"summary_large_image\" \/>\n<meta name=\"twitter:creator\" content=\"@ucm_manizales\" \/>\n<meta name=\"twitter:site\" content=\"@ucm_manizales\" \/>\n<meta name=\"twitter:label1\" content=\"Written by\" \/>\n\t<meta name=\"twitter:data1\" content=\"Prensa UCM\" \/>\n\t<meta name=\"twitter:label2\" content=\"Est. reading time\" \/>\n\t<meta name=\"twitter:data2\" content=\"2 minutes\" \/>\n<script type=\"application\/ld+json\" class=\"yoast-schema-graph\">{\"@context\":\"https:\\\/\\\/schema.org\",\"@graph\":[{\"@type\":\"Article\",\"@id\":\"https:\\\/\\\/www.ucm.edu.co\\\/brigada-de-emergencias-ucm-se-capacita-en-reanimacion-cardiopulmonar-con-formacion-especializada\\\/#article\",\"isPartOf\":{\"@id\":\"https:\\\/\\\/www.ucm.edu.co\\\/brigada-de-emergencias-ucm-se-capacita-en-reanimacion-cardiopulmonar-con-formacion-especializada\\\/\"},\"author\":{\"name\":\"Prensa UCM\",\"@id\":\"https:\\\/\\\/www.ucm.edu.co\\\/#\\\/schema\\\/person\\\/fea805666959d6cfcf87dea44ef2f0b8\"},\"headline\":\"Brigada de emergencias UCM se capacit\u00f3 en reanimaci\u00f3n cardiopulmonar con formaci\u00f3n especializada\",\"datePublished\":\"2025-06-03T15:39:37+00:00\",\"dateModified\":\"2025-06-04T16:42:58+00:00\",\"mainEntityOfPage\":{\"@id\":\"https:\\\/\\\/www.ucm.edu.co\\\/brigada-de-emergencias-ucm-se-capacita-en-reanimacion-cardiopulmonar-con-formacion-especializada\\\/\"},\"wordCount\":385,\"publisher\":{\"@id\":\"https:\\\/\\\/www.ucm.edu.co\\\/#organization\"},\"image\":{\"@id\":\"https:\\\/\\\/www.ucm.edu.co\\\/brigada-de-emergencias-ucm-se-capacita-en-reanimacion-cardiopulmonar-con-formacion-especializada\\\/#primaryimage\"},\"thumbnailUrl\":\"https:\\\/\\\/www.ucm.edu.co\\\/wp-content\\\/uploads\\\/2025\\\/06\\\/ucm-brigada-emergencias.jpeg\",\"keywords\":[\"Brigada de Emergencias UCM\",\"Capacitaci\u00f3n RCP\",\"Seguridad y Salud en el Trabajo\"],\"articleSection\":[\"Bienestar\"],\"inLanguage\":\"en-US\"},{\"@type\":\"WebPage\",\"@id\":\"https:\\\/\\\/www.ucm.edu.co\\\/brigada-de-emergencias-ucm-se-capacita-en-reanimacion-cardiopulmonar-con-formacion-especializada\\\/\",\"url\":\"https:\\\/\\\/www.ucm.edu.co\\\/brigada-de-emergencias-ucm-se-capacita-en-reanimacion-cardiopulmonar-con-formacion-especializada\\\/\",\"name\":\"Brigada de Emergencias UCM se capacita en reanimaci\u00f3n y RCP\",\"isPartOf\":{\"@id\":\"https:\\\/\\\/www.ucm.edu.co\\\/#website\"},\"primaryImageOfPage\":{\"@id\":\"https:\\\/\\\/www.ucm.edu.co\\\/brigada-de-emergencias-ucm-se-capacita-en-reanimacion-cardiopulmonar-con-formacion-especializada\\\/#primaryimage\"},\"image\":{\"@id\":\"https:\\\/\\\/www.ucm.edu.co\\\/brigada-de-emergencias-ucm-se-capacita-en-reanimacion-cardiopulmonar-con-formacion-especializada\\\/#primaryimage\"},\"thumbnailUrl\":\"https:\\\/\\\/www.ucm.edu.co\\\/wp-content\\\/uploads\\\/2025\\\/06\\\/ucm-brigada-emergencias.jpeg\",\"datePublished\":\"2025-06-03T15:39:37+00:00\",\"dateModified\":\"2025-06-04T16:42:58+00:00\",\"description\":\"La Brigada de Emergencias de la UCM recibe formaci\u00f3n vital en reanimaci\u00f3n cardiopulmonar que mejora la respuesta ante emergencias\",\"breadcrumb\":{\"@id\":\"https:\\\/\\\/www.ucm.edu.co\\\/brigada-de-emergencias-ucm-se-capacita-en-reanimacion-cardiopulmonar-con-formacion-especializada\\\/#breadcrumb\"},\"inLanguage\":\"en-US\",\"potentialAction\":[{\"@type\":\"ReadAction\",\"target\":[\"https:\\\/\\\/www.ucm.edu.co\\\/brigada-de-emergencias-ucm-se-capacita-en-reanimacion-cardiopulmonar-con-formacion-especializada\\\/\"]}]},{\"@type\":\"ImageObject\",\"inLanguage\":\"en-US\",\"@id\":\"https:\\\/\\\/www.ucm.edu.co\\\/brigada-de-emergencias-ucm-se-capacita-en-reanimacion-cardiopulmonar-con-formacion-especializada\\\/#primaryimage\",\"url\":\"https:\\\/\\\/www.ucm.edu.co\\\/wp-content\\\/uploads\\\/2025\\\/06\\\/ucm-brigada-emergencias.jpeg\",\"contentUrl\":\"https:\\\/\\\/www.ucm.edu.co\\\/wp-content\\\/uploads\\\/2025\\\/06\\\/ucm-brigada-emergencias.jpeg\",\"width\":800,\"height\":509,\"caption\":\"ucm-brigada-emergencias.jpeg\"},{\"@type\":\"BreadcrumbList\",\"@id\":\"https:\\\/\\\/www.ucm.edu.co\\\/brigada-de-emergencias-ucm-se-capacita-en-reanimacion-cardiopulmonar-con-formacion-especializada\\\/#breadcrumb\",\"itemListElement\":[{\"@type\":\"ListItem\",\"position\":1,\"name\":\"Portada\",\"item\":\"https:\\\/\\\/www.ucm.edu.co\\\/\"},{\"@type\":\"ListItem\",\"position\":2,\"name\":\"Brigada de emergencias UCM se capacit\u00f3 en reanimaci\u00f3n cardiopulmonar con formaci\u00f3n especializada\"}]},{\"@type\":\"WebSite\",\"@id\":\"https:\\\/\\\/www.ucm.edu.co\\\/#website\",\"url\":\"https:\\\/\\\/www.ucm.edu.co\\\/\",\"name\":\"UCM - Universidad Cat\u00f3lica de Manizales\",\"description\":\"Ven a ser quien quieres ser\",\"publisher\":{\"@id\":\"https:\\\/\\\/www.ucm.edu.co\\\/#organization\"},\"alternateName\":\"UCM\",\"potentialAction\":[{\"@type\":\"SearchAction\",\"target\":{\"@type\":\"EntryPoint\",\"urlTemplate\":\"https:\\\/\\\/www.ucm.edu.co\\\/?s={search_term_string}\"},\"query-input\":{\"@type\":\"PropertyValueSpecification\",\"valueRequired\":true,\"valueName\":\"search_term_string\"}}],\"inLanguage\":\"en-US\"},{\"@type\":\"Organization\",\"@id\":\"https:\\\/\\\/www.ucm.edu.co\\\/#organization\",\"name\":\"Universidad Cat\u00f3lica de Manizales\",\"alternateName\":\"UCM\",\"url\":\"https:\\\/\\\/www.ucm.edu.co\\\/\",\"logo\":{\"@type\":\"ImageObject\",\"inLanguage\":\"en-US\",\"@id\":\"https:\\\/\\\/www.ucm.edu.co\\\/#\\\/schema\\\/logo\\\/image\\\/\",\"url\":\"https:\\\/\\\/www.ucm.edu.co\\\/wp-content\\\/uploads\\\/2021\\\/03\\\/favicon_ucm.png\",\"contentUrl\":\"https:\\\/\\\/www.ucm.edu.co\\\/wp-content\\\/uploads\\\/2021\\\/03\\\/favicon_ucm.png\",\"width\":512,\"height\":512,\"caption\":\"Universidad Cat\u00f3lica de Manizales\"},\"image\":{\"@id\":\"https:\\\/\\\/www.ucm.edu.co\\\/#\\\/schema\\\/logo\\\/image\\\/\"},\"sameAs\":[\"https:\\\/\\\/www.facebook.com\\\/ucatolicamanizales\",\"https:\\\/\\\/x.com\\\/ucm_manizales\",\"https:\\\/\\\/www.instagram.com\\\/ucatolicamanizales\\\/\",\"https:\\\/\\\/co.linkedin.com\\\/school\\\/ucatolicamanizales\\\/\",\"https:\\\/\\\/www.youtube.com\\\/user\\\/UCMtelevision\"]},{\"@type\":\"Person\",\"@id\":\"https:\\\/\\\/www.ucm.edu.co\\\/#\\\/schema\\\/person\\\/fea805666959d6cfcf87dea44ef2f0b8\",\"name\":\"Prensa UCM\",\"image\":{\"@type\":\"ImageObject\",\"inLanguage\":\"en-US\",\"@id\":\"https:\\\/\\\/secure.gravatar.com\\\/avatar\\\/e9670ef3f6e98ca21e5ca101324fddb19f2b728f8bc808ffc267be23350fac46?s=96&d=mm&r=g\",\"url\":\"https:\\\/\\\/secure.gravatar.com\\\/avatar\\\/e9670ef3f6e98ca21e5ca101324fddb19f2b728f8bc808ffc267be23350fac46?s=96&d=mm&r=g\",\"contentUrl\":\"https:\\\/\\\/secure.gravatar.com\\\/avatar\\\/e9670ef3f6e98ca21e5ca101324fddb19f2b728f8bc808ffc267be23350fac46?s=96&d=mm&r=g\",\"caption\":\"Prensa UCM\"},\"url\":\"https:\\\/\\\/www.ucm.edu.co\\\/en\\\/author\\\/prensa\\\/\"}]}<\/script>\n<!-- \/ Yoast SEO plugin. -->","yoast_head_json":{"title":"Brigada de Emergencias UCM se capacita en reanimaci\u00f3n y RCP","description":"La Brigada de Emergencias de la UCM recibe formaci\u00f3n vital en reanimaci\u00f3n cardiopulmonar que mejora la respuesta ante emergencias","robots":{"index":"index","follow":"follow","max-snippet":"max-snippet:-1","max-image-preview":"max-image-preview:large","max-video-preview":"max-video-preview:-1"},"canonical":"https:\/\/www.ucm.edu.co\/en\/brigada-de-emergencias-ucm-se-capacita-en-reanimacion-cardiopulmonar-con-formacion-especializada\/","og_locale":"en_US","og_type":"article","og_title":"Brigada de Emergencias UCM se capacita en reanimaci\u00f3n y RCP","og_description":"La Brigada de Emergencias de la UCM recibe formaci\u00f3n vital en reanimaci\u00f3n cardiopulmonar que mejora la respuesta ante emergencias","og_url":"https:\/\/www.ucm.edu.co\/en\/brigada-de-emergencias-ucm-se-capacita-en-reanimacion-cardiopulmonar-con-formacion-especializada\/","og_site_name":"UCM - Universidad Cat\u00f3lica de Manizales","article_publisher":"https:\/\/www.facebook.com\/ucatolicamanizales","article_published_time":"2025-06-03T15:39:37+00:00","article_modified_time":"2025-06-04T16:42:58+00:00","og_image":[{"width":800,"height":509,"url":"https:\/\/www.ucm.edu.co\/wp-content\/uploads\/2025\/06\/ucm-brigada-emergencias.jpeg","type":"image\/jpeg"}],"author":"Prensa UCM","twitter_card":"summary_large_image","twitter_creator":"@ucm_manizales","twitter_site":"@ucm_manizales","twitter_misc":{"Written by":"Prensa UCM","Est. reading time":"2 minutes"},"schema":{"@context":"https:\/\/schema.org","@graph":[{"@type":"Article","@id":"https:\/\/www.ucm.edu.co\/brigada-de-emergencias-ucm-se-capacita-en-reanimacion-cardiopulmonar-con-formacion-especializada\/#article","isPartOf":{"@id":"https:\/\/www.ucm.edu.co\/brigada-de-emergencias-ucm-se-capacita-en-reanimacion-cardiopulmonar-con-formacion-especializada\/"},"author":{"name":"Prensa UCM","@id":"https:\/\/www.ucm.edu.co\/#\/schema\/person\/fea805666959d6cfcf87dea44ef2f0b8"},"headline":"Brigada de emergencias UCM se capacit\u00f3 en reanimaci\u00f3n cardiopulmonar con formaci\u00f3n especializada","datePublished":"2025-06-03T15:39:37+00:00","dateModified":"2025-06-04T16:42:58+00:00","mainEntityOfPage":{"@id":"https:\/\/www.ucm.edu.co\/brigada-de-emergencias-ucm-se-capacita-en-reanimacion-cardiopulmonar-con-formacion-especializada\/"},"wordCount":385,"publisher":{"@id":"https:\/\/www.ucm.edu.co\/#organization"},"image":{"@id":"https:\/\/www.ucm.edu.co\/brigada-de-emergencias-ucm-se-capacita-en-reanimacion-cardiopulmonar-con-formacion-especializada\/#primaryimage"},"thumbnailUrl":"https:\/\/www.ucm.edu.co\/wp-content\/uploads\/2025\/06\/ucm-brigada-emergencias.jpeg","keywords":["Brigada de Emergencias UCM","Capacitaci\u00f3n RCP","Seguridad y Salud en el Trabajo"],"articleSection":["Bienestar"],"inLanguage":"en-US"},{"@type":"WebPage","@id":"https:\/\/www.ucm.edu.co\/brigada-de-emergencias-ucm-se-capacita-en-reanimacion-cardiopulmonar-con-formacion-especializada\/","url":"https:\/\/www.ucm.edu.co\/brigada-de-emergencias-ucm-se-capacita-en-reanimacion-cardiopulmonar-con-formacion-especializada\/","name":"Brigada de Emergencias UCM se capacita en reanimaci\u00f3n y RCP","isPartOf":{"@id":"https:\/\/www.ucm.edu.co\/#website"},"primaryImageOfPage":{"@id":"https:\/\/www.ucm.edu.co\/brigada-de-emergencias-ucm-se-capacita-en-reanimacion-cardiopulmonar-con-formacion-especializada\/#primaryimage"},"image":{"@id":"https:\/\/www.ucm.edu.co\/brigada-de-emergencias-ucm-se-capacita-en-reanimacion-cardiopulmonar-con-formacion-especializada\/#primaryimage"},"thumbnailUrl":"https:\/\/www.ucm.edu.co\/wp-content\/uploads\/2025\/06\/ucm-brigada-emergencias.jpeg","datePublished":"2025-06-03T15:39:37+00:00","dateModified":"2025-06-04T16:42:58+00:00","description":"La Brigada de Emergencias de la UCM recibe formaci\u00f3n vital en reanimaci\u00f3n cardiopulmonar que mejora la respuesta ante emergencias","breadcrumb":{"@id":"https:\/\/www.ucm.edu.co\/brigada-de-emergencias-ucm-se-capacita-en-reanimacion-cardiopulmonar-con-formacion-especializada\/#breadcrumb"},"inLanguage":"en-US","potentialAction":[{"@type":"ReadAction","target":["https:\/\/www.ucm.edu.co\/brigada-de-emergencias-ucm-se-capacita-en-reanimacion-cardiopulmonar-con-formacion-especializada\/"]}]},{"@type":"ImageObject","inLanguage":"en-US","@id":"https:\/\/www.ucm.edu.co\/brigada-de-emergencias-ucm-se-capacita-en-reanimacion-cardiopulmonar-con-formacion-especializada\/#primaryimage","url":"https:\/\/www.ucm.edu.co\/wp-content\/uploads\/2025\/06\/ucm-brigada-emergencias.jpeg","contentUrl":"https:\/\/www.ucm.edu.co\/wp-content\/uploads\/2025\/06\/ucm-brigada-emergencias.jpeg","width":800,"height":509,"caption":"ucm-brigada-emergencias.jpeg"},{"@type":"BreadcrumbList","@id":"https:\/\/www.ucm.edu.co\/brigada-de-emergencias-ucm-se-capacita-en-reanimacion-cardiopulmonar-con-formacion-especializada\/#breadcrumb","itemListElement":[{"@type":"ListItem","position":1,"name":"Portada","item":"https:\/\/www.ucm.edu.co\/"},{"@type":"ListItem","position":2,"name":"Brigada de emergencias UCM se capacit\u00f3 en reanimaci\u00f3n cardiopulmonar con formaci\u00f3n especializada"}]},{"@type":"WebSite","@id":"https:\/\/www.ucm.edu.co\/#website","url":"https:\/\/www.ucm.edu.co\/","name":"UCM - Universidad Cat\u00f3lica de Manizales","description":"Ven a ser quien quieres ser","publisher":{"@id":"https:\/\/www.ucm.edu.co\/#organization"},"alternateName":"UCM","potentialAction":[{"@type":"SearchAction","target":{"@type":"EntryPoint","urlTemplate":"https:\/\/www.ucm.edu.co\/?s={search_term_string}"},"query-input":{"@type":"PropertyValueSpecification","valueRequired":true,"valueName":"search_term_string"}}],"inLanguage":"en-US"},{"@type":"Organization","@id":"https:\/\/www.ucm.edu.co\/#organization","name":"Universidad Cat\u00f3lica de Manizales","alternateName":"UCM","url":"https:\/\/www.ucm.edu.co\/","logo":{"@type":"ImageObject","inLanguage":"en-US","@id":"https:\/\/www.ucm.edu.co\/#\/schema\/logo\/image\/","url":"https:\/\/www.ucm.edu.co\/wp-content\/uploads\/2021\/03\/favicon_ucm.png","contentUrl":"https:\/\/www.ucm.edu.co\/wp-content\/uploads\/2021\/03\/favicon_ucm.png","width":512,"height":512,"caption":"Universidad Cat\u00f3lica de Manizales"},"image":{"@id":"https:\/\/www.ucm.edu.co\/#\/schema\/logo\/image\/"},"sameAs":["https:\/\/www.facebook.com\/ucatolicamanizales","https:\/\/x.com\/ucm_manizales","https:\/\/www.instagram.com\/ucatolicamanizales\/","https:\/\/co.linkedin.com\/school\/ucatolicamanizales\/","https:\/\/www.youtube.com\/user\/UCMtelevision"]},{"@type":"Person","@id":"https:\/\/www.ucm.edu.co\/#\/schema\/person\/fea805666959d6cfcf87dea44ef2f0b8","name":"Prensa UCM","image":{"@type":"ImageObject","inLanguage":"en-US","@id":"https:\/\/secure.gravatar.com\/avatar\/e9670ef3f6e98ca21e5ca101324fddb19f2b728f8bc808ffc267be23350fac46?s=96&d=mm&r=g","url":"https:\/\/secure.gravatar.com\/avatar\/e9670ef3f6e98ca21e5ca101324fddb19f2b728f8bc808ffc267be23350fac46?s=96&d=mm&r=g","contentUrl":"https:\/\/secure.gravatar.com\/avatar\/e9670ef3f6e98ca21e5ca101324fddb19f2b728f8bc808ffc267be23350fac46?s=96&d=mm&r=g","caption":"Prensa UCM"},"url":"https:\/\/www.ucm.edu.co\/en\/author\/prensa\/"}]}},"_links":{"self":[{"href":"https:\/\/www.ucm.edu.co\/en\/wp-json\/wp\/v2\/posts\/223992","targetHints":{"allow":["GET"]}}],"collection":[{"href":"https:\/\/www.ucm.edu.co\/en\/wp-json\/wp\/v2\/posts"}],"about":[{"href":"https:\/\/www.ucm.edu.co\/en\/wp-json\/wp\/v2\/types\/post"}],"author":[{"embeddable":true,"href":"https:\/\/www.ucm.edu.co\/en\/wp-json\/wp\/v2\/users\/5"}],"replies":[{"embeddable":true,"href":"https:\/\/www.ucm.edu.co\/en\/wp-json\/wp\/v2\/comments?post=223992"}],"version-history":[{"count":13,"href":"https:\/\/www.ucm.edu.co\/en\/wp-json\/wp\/v2\/posts\/223992\/revisions"}],"predecessor-version":[{"id":224051,"href":"https:\/\/www.ucm.edu.co\/en\/wp-json\/wp\/v2\/posts\/223992\/revisions\/224051"}],"wp:featuredmedia":[{"embeddable":true,"href":"https:\/\/www.ucm.edu.co\/en\/wp-json\/wp\/v2\/media\/224000"}],"wp:attachment":[{"href":"https:\/\/www.ucm.edu.co\/en\/wp-json\/wp\/v2\/media?parent=223992"}],"wp:term":[{"taxonomy":"category","embeddable":true,"href":"https:\/\/www.ucm.edu.co\/en\/wp-json\/wp\/v2\/categories?post=223992"},{"taxonomy":"post_tag","embeddable":true,"href":"https:\/\/www.ucm.edu.co\/en\/wp-json\/wp\/v2\/tags?post=223992"}],"curies":[{"name":"wp","href":"https:\/\/api.w.org\/{rel}","templated":true}]}}