{"id":223805,"date":"2025-05-26T11:32:05","date_gmt":"2025-05-26T16:32:05","guid":{"rendered":"https:\/\/www.ucm.edu.co\/?p=223805"},"modified":"2025-05-26T12:22:01","modified_gmt":"2025-05-26T17:22:01","slug":"programa-de-enfermeria-ucm-celebra-25-anos-de-historia-con-encuentro-de-graduados","status":"publish","type":"post","link":"https:\/\/www.ucm.edu.co\/en\/programa-de-enfermeria-ucm-celebra-25-anos-de-historia-con-encuentro-de-graduados\/","title":{"rendered":"Enfermer\u00eda UCM contin\u00faa la celebraci\u00f3n de sus 25 a\u00f1os junto a sus graduados"},"content":{"rendered":"<p class=\"wp-block-paragraph\">The <a href=\"https:\/\/www.ucm.edu.co\/en\/programa\/enfermeria\/\">programa de Enfermer\u00eda<\/a> de la Universidad Cat\u00f3lica de Manizales (UCM) conmemor\u00f3 el pasado 21 de abril sus 25 a\u00f1os de trayectoria con un encuentro que reuni\u00f3 a sus graduados en un ambiente de cercan\u00eda, reconocimiento y di\u00e1logo acad\u00e9mico y fortaleci\u00f3 los v\u00ednculos entre la Instituci\u00f3n y sus graduados, quienes compartieron sus experiencias profesionales y personales, aportaron ideas para futuros desarrollos del programa y renovaron su sentido de pertenencia con la Universidad.<\/p>\n\n\n\n<p class=\"wp-block-paragraph\">Durante el evento, la profesora <em>Adriana Mar\u00eda Pareja Valenci<\/em>a ofreci\u00f3 la conferencia \u201cBio\u00e9tica en Enfermer\u00eda\u201d, espacio que propici\u00f3 una conversaci\u00f3n profunda sobre los retos \u00e9ticos que enfrentan los profesionales del cuidado en escenarios cl\u00ednicos, comunitarios y de gesti\u00f3n. La charla abri\u00f3 un di\u00e1logo enriquecedor sobre el papel de la \u00e9tica en la toma de decisiones, la dignidad del paciente y la responsabilidad social de la profesi\u00f3n.<\/p>\n\n\n\n<p class=\"wp-block-paragraph\"><a href=\"https:\/\/www.ucm.edu.co\/en\/programa-de-enfermeria-ucm-celebra-25-anos-de-historia-con-encuentro-de-graduados\/\" target=\"_blank\" rel=\"noreferrer noopener\"><\/a>Los graduados reconocieron el impacto que la formaci\u00f3n en la Universidad Cat\u00f3lica de Manizales ha tenido en sus vidas y reafirmaron su disposici\u00f3n para participar en actividades institucionales que fortalezcan el v\u00ednculo con la comunidad acad\u00e9mica.<\/p>\n\n\n\n<p class=\"wp-block-paragraph\"><\/p>\n\n\n\n<div class=\"wp-block-columns is-layout-flex wp-container-core-columns-is-layout-8f761849 wp-block-columns-is-layout-flex\">\n<div class=\"wp-block-column is-layout-flow wp-block-column-is-layout-flow\">\n<figure class=\"wp-block-image size-full\"><img loading=\"lazy\" decoding=\"async\" width=\"800\" height=\"389\" src=\"https:\/\/www.ucm.edu.co\/wp-content\/uploads\/2025\/05\/Enfermeria1.jpg\" alt=\"\" class=\"wp-image-223815\" srcset=\"https:\/\/www.ucm.edu.co\/wp-content\/uploads\/2025\/05\/Enfermeria1.jpg 800w, https:\/\/www.ucm.edu.co\/wp-content\/uploads\/2025\/05\/Enfermeria1-480x233.jpg 480w\" sizes=\"(min-width: 0px) and (max-width: 480px) 480px, (min-width: 481px) 800px, 100vw\" \/><\/figure>\n<\/div>\n\n\n\n<div class=\"wp-block-column is-layout-flow wp-block-column-is-layout-flow\">\n<p class=\"wp-block-paragraph\"><\/p>\n\n\n\n<h2 class=\"wp-block-heading\">Programa de Enfermer\u00eda, legado UCM<\/h2>\n\n\n\n<p class=\"wp-block-paragraph\">Este tipo de encuentros se proyectan como escenarios estrat\u00e9gicos que permiten actualizar conocimientos, generar redes de apoyo profesional y construir nuevas posibilidades de colaboraci\u00f3n entre los graduados y la Universidad.<\/p>\n<\/div>\n<\/div>\n\n\n\n<p class=\"wp-block-paragraph\"><\/p>\n\n\n\n<p class=\"wp-block-paragraph\">El seguimiento y la integraci\u00f3n de los graduados hacen parte del compromiso institucional con una formaci\u00f3n concebida como proceso continuo pues se reconoce en ellos una voz autorizada para evaluar el impacto de su propuesta educativa y proyectar mejoras acordes con las exigencias actuales del entorno. <\/p>\n\n\n\n<p class=\"wp-block-paragraph\">De esta manera, la celebraci\u00f3n de estos 25 a\u00f1os del Programa de Enfermer\u00eda refuerza el valor del camino recorrido y abre nuevas posibilidades para consolidar una comunidad profesional activa, cr\u00edtica y comprometida con el cuidado de la vida en todos sus \u00e1mbitos.<\/p>\n\n\n\n<p class=\"wp-block-paragraph\">Tambi\u00e9n podr\u00eda interesarte:<em> <\/em><a href=\"https:\/\/www.ucm.edu.co\/en\/ucm-reduce-riesgos-cardiovasculares-en-sus-colaboradores-con-danza-y-educacion\/\"><em>https:\/\/www.ucm.edu.co\/ucm-reduce-riesgos-cardiovasculares-en-sus-colaboradores-con-danza-y-educacion\/<\/em><\/a><\/p>","protected":false},"excerpt":{"rendered":"<p>El programa de Enfermer\u00eda de la UCM celebr\u00f3 el pasado 21 de abril sus 25 a\u00f1os de trayectoria con un encuentro que reuni\u00f3 a sus graduados en un ambiente de cercan\u00eda, reconocimiento y di\u00e1logo acad\u00e9mico.<\/p>","protected":false},"author":5,"featured_media":223812,"comment_status":"closed","ping_status":"open","sticky":false,"template":"","format":"standard","meta":{"_et_pb_use_builder":"","_et_pb_old_content":"","_et_gb_content_width":"","content-type":"","_monsterinsights_skip_tracking":false,"footnotes":""},"categories":[274,15],"tags":[1203,245,144],"class_list":["post-223805","post","type-post","status-publish","format-standard","has-post-thumbnail","hentry","category-graduados-enfermeria","category-graduados","tag-bioetica-en-enfermeria","tag-graduados-ucm","tag-programa-de-enfermeria-ucm"],"yoast_head":"<!-- This site is optimized with the Yoast SEO plugin v28.1 - https:\/\/yoast.com\/product\/yoast-seo-wordpress\/ -->\n<title>Programa de Enfermer\u00eda UCM celebra 25 a\u00f1os de historia y legado<\/title>\n<meta name=\"description\" content=\"El programa de Enfermer\u00eda de la UCM celebr\u00f3 el pasado 21 de abril sus 25 a\u00f1os de trayectoria con un encuentro que reuni\u00f3 a sus graduados\" \/>\n<meta name=\"robots\" content=\"index, follow, max-snippet:-1, max-image-preview:large, max-video-preview:-1\" \/>\n<link rel=\"canonical\" href=\"https:\/\/www.ucm.edu.co\/en\/programa-de-enfermeria-ucm-celebra-25-anos-de-historia-con-encuentro-de-graduados\/\" \/>\n<meta property=\"og:locale\" content=\"en_US\" \/>\n<meta property=\"og:type\" content=\"article\" \/>\n<meta property=\"og:title\" content=\"Programa de Enfermer\u00eda UCM celebra 25 a\u00f1os de historia y legado\" \/>\n<meta property=\"og:description\" content=\"El programa de Enfermer\u00eda de la UCM celebr\u00f3 el pasado 21 de abril sus 25 a\u00f1os de trayectoria con un encuentro que reuni\u00f3 a sus graduados\" \/>\n<meta property=\"og:url\" content=\"https:\/\/www.ucm.edu.co\/en\/programa-de-enfermeria-ucm-celebra-25-anos-de-historia-con-encuentro-de-graduados\/\" \/>\n<meta property=\"og:site_name\" content=\"UCM - Universidad Cat\u00f3lica de Manizales\" \/>\n<meta property=\"article:publisher\" content=\"https:\/\/www.facebook.com\/ucatolicamanizales\" \/>\n<meta property=\"article:published_time\" content=\"2025-05-26T16:32:05+00:00\" \/>\n<meta property=\"article:modified_time\" content=\"2025-05-26T17:22:01+00:00\" \/>\n<meta property=\"og:image\" content=\"https:\/\/www.ucm.edu.co\/wp-content\/uploads\/2025\/05\/ucm-enfermeria.jpg\" \/>\n\t<meta property=\"og:image:width\" content=\"800\" \/>\n\t<meta property=\"og:image:height\" content=\"454\" \/>\n\t<meta property=\"og:image:type\" content=\"image\/jpeg\" \/>\n<meta name=\"author\" content=\"Prensa UCM\" \/>\n<meta name=\"twitter:card\" content=\"summary_large_image\" \/>\n<meta name=\"twitter:creator\" content=\"@ucm_manizales\" \/>\n<meta name=\"twitter:site\" content=\"@ucm_manizales\" \/>\n<meta name=\"twitter:label1\" content=\"Written by\" \/>\n\t<meta name=\"twitter:data1\" content=\"Prensa UCM\" \/>\n\t<meta name=\"twitter:label2\" content=\"Est. reading time\" \/>\n\t<meta name=\"twitter:data2\" content=\"2 minutes\" \/>\n<script type=\"application\/ld+json\" class=\"yoast-schema-graph\">{\"@context\":\"https:\\\/\\\/schema.org\",\"@graph\":[{\"@type\":\"Article\",\"@id\":\"https:\\\/\\\/www.ucm.edu.co\\\/programa-de-enfermeria-ucm-celebra-25-anos-de-historia-con-encuentro-de-graduados\\\/#article\",\"isPartOf\":{\"@id\":\"https:\\\/\\\/www.ucm.edu.co\\\/programa-de-enfermeria-ucm-celebra-25-anos-de-historia-con-encuentro-de-graduados\\\/\"},\"author\":{\"name\":\"Prensa UCM\",\"@id\":\"https:\\\/\\\/www.ucm.edu.co\\\/#\\\/schema\\\/person\\\/fea805666959d6cfcf87dea44ef2f0b8\"},\"headline\":\"Enfermer\u00eda UCM contin\u00faa la celebraci\u00f3n de sus 25 a\u00f1os junto a sus graduados\",\"datePublished\":\"2025-05-26T16:32:05+00:00\",\"dateModified\":\"2025-05-26T17:22:01+00:00\",\"mainEntityOfPage\":{\"@id\":\"https:\\\/\\\/www.ucm.edu.co\\\/programa-de-enfermeria-ucm-celebra-25-anos-de-historia-con-encuentro-de-graduados\\\/\"},\"wordCount\":351,\"publisher\":{\"@id\":\"https:\\\/\\\/www.ucm.edu.co\\\/#organization\"},\"image\":{\"@id\":\"https:\\\/\\\/www.ucm.edu.co\\\/programa-de-enfermeria-ucm-celebra-25-anos-de-historia-con-encuentro-de-graduados\\\/#primaryimage\"},\"thumbnailUrl\":\"https:\\\/\\\/www.ucm.edu.co\\\/wp-content\\\/uploads\\\/2025\\\/05\\\/ucm-enfermeria.jpg\",\"keywords\":[\"Bio\u00e9tica en Enfermer\u00eda\",\"Graduados UCM\",\"Programa de Enfermer\u00eda UCM\"],\"articleSection\":[\"Graduados Enfermer\u00eda\",\"Graduados\"],\"inLanguage\":\"en-US\"},{\"@type\":\"WebPage\",\"@id\":\"https:\\\/\\\/www.ucm.edu.co\\\/programa-de-enfermeria-ucm-celebra-25-anos-de-historia-con-encuentro-de-graduados\\\/\",\"url\":\"https:\\\/\\\/www.ucm.edu.co\\\/programa-de-enfermeria-ucm-celebra-25-anos-de-historia-con-encuentro-de-graduados\\\/\",\"name\":\"Programa de Enfermer\u00eda UCM celebra 25 a\u00f1os de historia y legado\",\"isPartOf\":{\"@id\":\"https:\\\/\\\/www.ucm.edu.co\\\/#website\"},\"primaryImageOfPage\":{\"@id\":\"https:\\\/\\\/www.ucm.edu.co\\\/programa-de-enfermeria-ucm-celebra-25-anos-de-historia-con-encuentro-de-graduados\\\/#primaryimage\"},\"image\":{\"@id\":\"https:\\\/\\\/www.ucm.edu.co\\\/programa-de-enfermeria-ucm-celebra-25-anos-de-historia-con-encuentro-de-graduados\\\/#primaryimage\"},\"thumbnailUrl\":\"https:\\\/\\\/www.ucm.edu.co\\\/wp-content\\\/uploads\\\/2025\\\/05\\\/ucm-enfermeria.jpg\",\"datePublished\":\"2025-05-26T16:32:05+00:00\",\"dateModified\":\"2025-05-26T17:22:01+00:00\",\"description\":\"El programa de Enfermer\u00eda de la UCM celebr\u00f3 el pasado 21 de abril sus 25 a\u00f1os de trayectoria con un encuentro que reuni\u00f3 a sus graduados\",\"breadcrumb\":{\"@id\":\"https:\\\/\\\/www.ucm.edu.co\\\/programa-de-enfermeria-ucm-celebra-25-anos-de-historia-con-encuentro-de-graduados\\\/#breadcrumb\"},\"inLanguage\":\"en-US\",\"potentialAction\":[{\"@type\":\"ReadAction\",\"target\":[\"https:\\\/\\\/www.ucm.edu.co\\\/programa-de-enfermeria-ucm-celebra-25-anos-de-historia-con-encuentro-de-graduados\\\/\"]}]},{\"@type\":\"ImageObject\",\"inLanguage\":\"en-US\",\"@id\":\"https:\\\/\\\/www.ucm.edu.co\\\/programa-de-enfermeria-ucm-celebra-25-anos-de-historia-con-encuentro-de-graduados\\\/#primaryimage\",\"url\":\"https:\\\/\\\/www.ucm.edu.co\\\/wp-content\\\/uploads\\\/2025\\\/05\\\/ucm-enfermeria.jpg\",\"contentUrl\":\"https:\\\/\\\/www.ucm.edu.co\\\/wp-content\\\/uploads\\\/2025\\\/05\\\/ucm-enfermeria.jpg\",\"width\":800,\"height\":454,\"caption\":\"ucm-enfermeria.jpg\"},{\"@type\":\"BreadcrumbList\",\"@id\":\"https:\\\/\\\/www.ucm.edu.co\\\/programa-de-enfermeria-ucm-celebra-25-anos-de-historia-con-encuentro-de-graduados\\\/#breadcrumb\",\"itemListElement\":[{\"@type\":\"ListItem\",\"position\":1,\"name\":\"Portada\",\"item\":\"https:\\\/\\\/www.ucm.edu.co\\\/\"},{\"@type\":\"ListItem\",\"position\":2,\"name\":\"Enfermer\u00eda UCM contin\u00faa la celebraci\u00f3n de sus 25 a\u00f1os junto a sus graduados\"}]},{\"@type\":\"WebSite\",\"@id\":\"https:\\\/\\\/www.ucm.edu.co\\\/#website\",\"url\":\"https:\\\/\\\/www.ucm.edu.co\\\/\",\"name\":\"UCM - Universidad Cat\u00f3lica de Manizales\",\"description\":\"Ven a ser quien quieres ser\",\"publisher\":{\"@id\":\"https:\\\/\\\/www.ucm.edu.co\\\/#organization\"},\"alternateName\":\"UCM\",\"potentialAction\":[{\"@type\":\"SearchAction\",\"target\":{\"@type\":\"EntryPoint\",\"urlTemplate\":\"https:\\\/\\\/www.ucm.edu.co\\\/?s={search_term_string}\"},\"query-input\":{\"@type\":\"PropertyValueSpecification\",\"valueRequired\":true,\"valueName\":\"search_term_string\"}}],\"inLanguage\":\"en-US\"},{\"@type\":\"Organization\",\"@id\":\"https:\\\/\\\/www.ucm.edu.co\\\/#organization\",\"name\":\"Universidad Cat\u00f3lica de Manizales\",\"alternateName\":\"UCM\",\"url\":\"https:\\\/\\\/www.ucm.edu.co\\\/\",\"logo\":{\"@type\":\"ImageObject\",\"inLanguage\":\"en-US\",\"@id\":\"https:\\\/\\\/www.ucm.edu.co\\\/#\\\/schema\\\/logo\\\/image\\\/\",\"url\":\"https:\\\/\\\/www.ucm.edu.co\\\/wp-content\\\/uploads\\\/2021\\\/03\\\/favicon_ucm.png\",\"contentUrl\":\"https:\\\/\\\/www.ucm.edu.co\\\/wp-content\\\/uploads\\\/2021\\\/03\\\/favicon_ucm.png\",\"width\":512,\"height\":512,\"caption\":\"Universidad Cat\u00f3lica de Manizales\"},\"image\":{\"@id\":\"https:\\\/\\\/www.ucm.edu.co\\\/#\\\/schema\\\/logo\\\/image\\\/\"},\"sameAs\":[\"https:\\\/\\\/www.facebook.com\\\/ucatolicamanizales\",\"https:\\\/\\\/x.com\\\/ucm_manizales\",\"https:\\\/\\\/www.instagram.com\\\/ucatolicamanizales\\\/\",\"https:\\\/\\\/co.linkedin.com\\\/school\\\/ucatolicamanizales\\\/\",\"https:\\\/\\\/www.youtube.com\\\/user\\\/UCMtelevision\"]},{\"@type\":\"Person\",\"@id\":\"https:\\\/\\\/www.ucm.edu.co\\\/#\\\/schema\\\/person\\\/fea805666959d6cfcf87dea44ef2f0b8\",\"name\":\"Prensa UCM\",\"image\":{\"@type\":\"ImageObject\",\"inLanguage\":\"en-US\",\"@id\":\"https:\\\/\\\/secure.gravatar.com\\\/avatar\\\/e9670ef3f6e98ca21e5ca101324fddb19f2b728f8bc808ffc267be23350fac46?s=96&d=mm&r=g\",\"url\":\"https:\\\/\\\/secure.gravatar.com\\\/avatar\\\/e9670ef3f6e98ca21e5ca101324fddb19f2b728f8bc808ffc267be23350fac46?s=96&d=mm&r=g\",\"contentUrl\":\"https:\\\/\\\/secure.gravatar.com\\\/avatar\\\/e9670ef3f6e98ca21e5ca101324fddb19f2b728f8bc808ffc267be23350fac46?s=96&d=mm&r=g\",\"caption\":\"Prensa UCM\"},\"url\":\"https:\\\/\\\/www.ucm.edu.co\\\/en\\\/author\\\/prensa\\\/\"}]}<\/script>\n<!-- \/ Yoast SEO plugin. -->","yoast_head_json":{"title":"Programa de Enfermer\u00eda UCM celebra 25 a\u00f1os de historia y legado","description":"El programa de Enfermer\u00eda de la UCM celebr\u00f3 el pasado 21 de abril sus 25 a\u00f1os de trayectoria con un encuentro que reuni\u00f3 a sus graduados","robots":{"index":"index","follow":"follow","max-snippet":"max-snippet:-1","max-image-preview":"max-image-preview:large","max-video-preview":"max-video-preview:-1"},"canonical":"https:\/\/www.ucm.edu.co\/en\/programa-de-enfermeria-ucm-celebra-25-anos-de-historia-con-encuentro-de-graduados\/","og_locale":"en_US","og_type":"article","og_title":"Programa de Enfermer\u00eda UCM celebra 25 a\u00f1os de historia y legado","og_description":"El programa de Enfermer\u00eda de la UCM celebr\u00f3 el pasado 21 de abril sus 25 a\u00f1os de trayectoria con un encuentro que reuni\u00f3 a sus graduados","og_url":"https:\/\/www.ucm.edu.co\/en\/programa-de-enfermeria-ucm-celebra-25-anos-de-historia-con-encuentro-de-graduados\/","og_site_name":"UCM - Universidad Cat\u00f3lica de Manizales","article_publisher":"https:\/\/www.facebook.com\/ucatolicamanizales","article_published_time":"2025-05-26T16:32:05+00:00","article_modified_time":"2025-05-26T17:22:01+00:00","og_image":[{"width":800,"height":454,"url":"https:\/\/www.ucm.edu.co\/wp-content\/uploads\/2025\/05\/ucm-enfermeria.jpg","type":"image\/jpeg"}],"author":"Prensa UCM","twitter_card":"summary_large_image","twitter_creator":"@ucm_manizales","twitter_site":"@ucm_manizales","twitter_misc":{"Written by":"Prensa UCM","Est. reading time":"2 minutes"},"schema":{"@context":"https:\/\/schema.org","@graph":[{"@type":"Article","@id":"https:\/\/www.ucm.edu.co\/programa-de-enfermeria-ucm-celebra-25-anos-de-historia-con-encuentro-de-graduados\/#article","isPartOf":{"@id":"https:\/\/www.ucm.edu.co\/programa-de-enfermeria-ucm-celebra-25-anos-de-historia-con-encuentro-de-graduados\/"},"author":{"name":"Prensa UCM","@id":"https:\/\/www.ucm.edu.co\/#\/schema\/person\/fea805666959d6cfcf87dea44ef2f0b8"},"headline":"Enfermer\u00eda UCM contin\u00faa la celebraci\u00f3n de sus 25 a\u00f1os junto a sus graduados","datePublished":"2025-05-26T16:32:05+00:00","dateModified":"2025-05-26T17:22:01+00:00","mainEntityOfPage":{"@id":"https:\/\/www.ucm.edu.co\/programa-de-enfermeria-ucm-celebra-25-anos-de-historia-con-encuentro-de-graduados\/"},"wordCount":351,"publisher":{"@id":"https:\/\/www.ucm.edu.co\/#organization"},"image":{"@id":"https:\/\/www.ucm.edu.co\/programa-de-enfermeria-ucm-celebra-25-anos-de-historia-con-encuentro-de-graduados\/#primaryimage"},"thumbnailUrl":"https:\/\/www.ucm.edu.co\/wp-content\/uploads\/2025\/05\/ucm-enfermeria.jpg","keywords":["Bio\u00e9tica en Enfermer\u00eda","Graduados UCM","Programa de Enfermer\u00eda UCM"],"articleSection":["Graduados Enfermer\u00eda","Graduados"],"inLanguage":"en-US"},{"@type":"WebPage","@id":"https:\/\/www.ucm.edu.co\/programa-de-enfermeria-ucm-celebra-25-anos-de-historia-con-encuentro-de-graduados\/","url":"https:\/\/www.ucm.edu.co\/programa-de-enfermeria-ucm-celebra-25-anos-de-historia-con-encuentro-de-graduados\/","name":"Programa de Enfermer\u00eda UCM celebra 25 a\u00f1os de historia y legado","isPartOf":{"@id":"https:\/\/www.ucm.edu.co\/#website"},"primaryImageOfPage":{"@id":"https:\/\/www.ucm.edu.co\/programa-de-enfermeria-ucm-celebra-25-anos-de-historia-con-encuentro-de-graduados\/#primaryimage"},"image":{"@id":"https:\/\/www.ucm.edu.co\/programa-de-enfermeria-ucm-celebra-25-anos-de-historia-con-encuentro-de-graduados\/#primaryimage"},"thumbnailUrl":"https:\/\/www.ucm.edu.co\/wp-content\/uploads\/2025\/05\/ucm-enfermeria.jpg","datePublished":"2025-05-26T16:32:05+00:00","dateModified":"2025-05-26T17:22:01+00:00","description":"El programa de Enfermer\u00eda de la UCM celebr\u00f3 el pasado 21 de abril sus 25 a\u00f1os de trayectoria con un encuentro que reuni\u00f3 a sus graduados","breadcrumb":{"@id":"https:\/\/www.ucm.edu.co\/programa-de-enfermeria-ucm-celebra-25-anos-de-historia-con-encuentro-de-graduados\/#breadcrumb"},"inLanguage":"en-US","potentialAction":[{"@type":"ReadAction","target":["https:\/\/www.ucm.edu.co\/programa-de-enfermeria-ucm-celebra-25-anos-de-historia-con-encuentro-de-graduados\/"]}]},{"@type":"ImageObject","inLanguage":"en-US","@id":"https:\/\/www.ucm.edu.co\/programa-de-enfermeria-ucm-celebra-25-anos-de-historia-con-encuentro-de-graduados\/#primaryimage","url":"https:\/\/www.ucm.edu.co\/wp-content\/uploads\/2025\/05\/ucm-enfermeria.jpg","contentUrl":"https:\/\/www.ucm.edu.co\/wp-content\/uploads\/2025\/05\/ucm-enfermeria.jpg","width":800,"height":454,"caption":"ucm-enfermeria.jpg"},{"@type":"BreadcrumbList","@id":"https:\/\/www.ucm.edu.co\/programa-de-enfermeria-ucm-celebra-25-anos-de-historia-con-encuentro-de-graduados\/#breadcrumb","itemListElement":[{"@type":"ListItem","position":1,"name":"Portada","item":"https:\/\/www.ucm.edu.co\/"},{"@type":"ListItem","position":2,"name":"Enfermer\u00eda UCM contin\u00faa la celebraci\u00f3n de sus 25 a\u00f1os junto a sus graduados"}]},{"@type":"WebSite","@id":"https:\/\/www.ucm.edu.co\/#website","url":"https:\/\/www.ucm.edu.co\/","name":"UCM - Universidad Cat\u00f3lica de Manizales","description":"Ven a ser quien quieres ser","publisher":{"@id":"https:\/\/www.ucm.edu.co\/#organization"},"alternateName":"UCM","potentialAction":[{"@type":"SearchAction","target":{"@type":"EntryPoint","urlTemplate":"https:\/\/www.ucm.edu.co\/?s={search_term_string}"},"query-input":{"@type":"PropertyValueSpecification","valueRequired":true,"valueName":"search_term_string"}}],"inLanguage":"en-US"},{"@type":"Organization","@id":"https:\/\/www.ucm.edu.co\/#organization","name":"Universidad Cat\u00f3lica de Manizales","alternateName":"UCM","url":"https:\/\/www.ucm.edu.co\/","logo":{"@type":"ImageObject","inLanguage":"en-US","@id":"https:\/\/www.ucm.edu.co\/#\/schema\/logo\/image\/","url":"https:\/\/www.ucm.edu.co\/wp-content\/uploads\/2021\/03\/favicon_ucm.png","contentUrl":"https:\/\/www.ucm.edu.co\/wp-content\/uploads\/2021\/03\/favicon_ucm.png","width":512,"height":512,"caption":"Universidad Cat\u00f3lica de Manizales"},"image":{"@id":"https:\/\/www.ucm.edu.co\/#\/schema\/logo\/image\/"},"sameAs":["https:\/\/www.facebook.com\/ucatolicamanizales","https:\/\/x.com\/ucm_manizales","https:\/\/www.instagram.com\/ucatolicamanizales\/","https:\/\/co.linkedin.com\/school\/ucatolicamanizales\/","https:\/\/www.youtube.com\/user\/UCMtelevision"]},{"@type":"Person","@id":"https:\/\/www.ucm.edu.co\/#\/schema\/person\/fea805666959d6cfcf87dea44ef2f0b8","name":"Prensa UCM","image":{"@type":"ImageObject","inLanguage":"en-US","@id":"https:\/\/secure.gravatar.com\/avatar\/e9670ef3f6e98ca21e5ca101324fddb19f2b728f8bc808ffc267be23350fac46?s=96&d=mm&r=g","url":"https:\/\/secure.gravatar.com\/avatar\/e9670ef3f6e98ca21e5ca101324fddb19f2b728f8bc808ffc267be23350fac46?s=96&d=mm&r=g","contentUrl":"https:\/\/secure.gravatar.com\/avatar\/e9670ef3f6e98ca21e5ca101324fddb19f2b728f8bc808ffc267be23350fac46?s=96&d=mm&r=g","caption":"Prensa UCM"},"url":"https:\/\/www.ucm.edu.co\/en\/author\/prensa\/"}]}},"_links":{"self":[{"href":"https:\/\/www.ucm.edu.co\/en\/wp-json\/wp\/v2\/posts\/223805","targetHints":{"allow":["GET"]}}],"collection":[{"href":"https:\/\/www.ucm.edu.co\/en\/wp-json\/wp\/v2\/posts"}],"about":[{"href":"https:\/\/www.ucm.edu.co\/en\/wp-json\/wp\/v2\/types\/post"}],"author":[{"embeddable":true,"href":"https:\/\/www.ucm.edu.co\/en\/wp-json\/wp\/v2\/users\/5"}],"replies":[{"embeddable":true,"href":"https:\/\/www.ucm.edu.co\/en\/wp-json\/wp\/v2\/comments?post=223805"}],"version-history":[{"count":15,"href":"https:\/\/www.ucm.edu.co\/en\/wp-json\/wp\/v2\/posts\/223805\/revisions"}],"predecessor-version":[{"id":223832,"href":"https:\/\/www.ucm.edu.co\/en\/wp-json\/wp\/v2\/posts\/223805\/revisions\/223832"}],"wp:featuredmedia":[{"embeddable":true,"href":"https:\/\/www.ucm.edu.co\/en\/wp-json\/wp\/v2\/media\/223812"}],"wp:attachment":[{"href":"https:\/\/www.ucm.edu.co\/en\/wp-json\/wp\/v2\/media?parent=223805"}],"wp:term":[{"taxonomy":"category","embeddable":true,"href":"https:\/\/www.ucm.edu.co\/en\/wp-json\/wp\/v2\/categories?post=223805"},{"taxonomy":"post_tag","embeddable":true,"href":"https:\/\/www.ucm.edu.co\/en\/wp-json\/wp\/v2\/tags?post=223805"}],"curies":[{"name":"wp","href":"https:\/\/api.w.org\/{rel}","templated":true}]}}