{"id":222984,"date":"2025-04-25T11:33:56","date_gmt":"2025-04-25T16:33:56","guid":{"rendered":"https:\/\/www.ucm.edu.co\/?p=222984"},"modified":"2025-04-25T11:54:20","modified_gmt":"2025-04-25T16:54:20","slug":"innovus-2025-el-encuentro-entre-la-ucm-y-la-universidad-catolica-de-pereira-que-promueve-la-investigacion-y-la-innovacion","status":"publish","type":"post","link":"https:\/\/www.ucm.edu.co\/en\/innovus-2025-el-encuentro-entre-la-ucm-y-la-universidad-catolica-de-pereira-que-promueve-la-investigacion-y-la-innovacion\/","title":{"rendered":"UCM y U. Cat\u00f3lica de Pereira se unieron en Innovus 2025"},"content":{"rendered":"<p class=\"wp-block-paragraph\">El Campus Deportivo de la Universidad Cat\u00f3lica de Manizales se convirti\u00f3 en el epicentro del pensamiento creativo, la innovaci\u00f3n y la investigaci\u00f3n formativa durante la realizaci\u00f3n del <strong>Encuentro Institucional Innovus 2025, <\/strong>una jornada que reuni\u00f3 a estudiantes, docentes, investigadores y l\u00edderes acad\u00e9micos de la UCM y de la Universidad Cat\u00f3lica de Pereira.<\/p>\n\n\n\n<p class=\"wp-block-paragraph\">Desde las primeras horas de la ma\u00f1ana se vivi\u00f3 un ambiente de entusiasmo y colaboraci\u00f3n. La apertura oficial cont\u00f3 con la presencia de representantes de las instituciones, quienes destacaron la importancia de este espacio para fortalecer el conocimiento, la articulaci\u00f3n entre semilleros de investigaci\u00f3n y el compromiso con el desarrollo social desde la academia.<\/p>\n\n\n\n<p class=\"wp-block-paragraph\">En sus palabras la rectora de la UCM, Martha Liliana Mar\u00edn Cano, resalt\u00f3 el valor del trabajo conjunto como una oportunidad para construir soluciones con impacto. La jornada continu\u00f3 con las intervenciones de Hna. Gloria Estela Rol\u00f3n D\u00edaz, vicerrectora acad\u00e9mica UCM y los directores de investigaciones Eduardo Javid Corpas Iguar\u00e1n y C\u00e9sar Alberto Aristiz\u00e1bal Valencia, quienes celebraron esta quinta edici\u00f3n como un avance significativo en la consolidaci\u00f3n de redes acad\u00e9micas interinstitucionales.<\/p>\n\n\n\n<p class=\"wp-block-paragraph\">Por otro lado, la conferencia central estuvo a cargo del profesor Pablo C\u00e9sar Franco V\u00e1squez, investigador de la Universidad Cat\u00f3lica de Pereira, quien comparti\u00f3 su experiencia en el desarrollo de metodolog\u00edas innovadoras dentro del semillero Industrias 4.0. inspirando a los asistentes a continuar promoviendo proyectos que respondan a los desaf\u00edos actuales de las organizaciones y que generen transformaciones desde la educaci\u00f3n superior.<\/p>\n\n\n\n<p class=\"wp-block-paragraph\"><\/p>\n\n\n\n<div class=\"wp-block-columns is-layout-flex wp-container-core-columns-is-layout-8f761849 wp-block-columns-is-layout-flex\">\n<div class=\"wp-block-column is-layout-flow wp-block-column-is-layout-flow\">\n<figure class=\"wp-block-image size-full\"><img loading=\"lazy\" decoding=\"async\" width=\"800\" height=\"447\" src=\"https:\/\/www.ucm.edu.co\/wp-content\/uploads\/2025\/04\/ucm-evento-innovus.jpeg\" alt=\"\" class=\"wp-image-223044\" srcset=\"https:\/\/www.ucm.edu.co\/wp-content\/uploads\/2025\/04\/ucm-evento-innovus.jpeg 800w, https:\/\/www.ucm.edu.co\/wp-content\/uploads\/2025\/04\/ucm-evento-innovus-480x268.jpeg 480w\" sizes=\"(min-width: 0px) and (max-width: 480px) 480px, (min-width: 481px) 800px, 100vw\" \/><\/figure>\n<\/div>\n\n\n\n<div class=\"wp-block-column is-layout-flow wp-block-column-is-layout-flow\">\n<figure class=\"wp-block-image size-full\"><img loading=\"lazy\" decoding=\"async\" width=\"800\" height=\"450\" src=\"https:\/\/www.ucm.edu.co\/wp-content\/uploads\/2025\/04\/ucm-innovus-evento-2.jpeg\" alt=\"\" class=\"wp-image-223045\" srcset=\"https:\/\/www.ucm.edu.co\/wp-content\/uploads\/2025\/04\/ucm-innovus-evento-2.jpeg 800w, https:\/\/www.ucm.edu.co\/wp-content\/uploads\/2025\/04\/ucm-innovus-evento-2-480x270.jpeg 480w\" sizes=\"(min-width: 0px) and (max-width: 480px) 480px, (min-width: 481px) 800px, 100vw\" \/><\/figure>\n<\/div>\n<\/div>\n\n\n\n<p class=\"wp-block-paragraph\"><\/p>\n\n\n\n<h2 class=\"wp-block-heading\">Innovus 2025: el lugar donde la investigaci\u00f3n y la innovaci\u00f3n son protagonistas<\/h2>\n\n\n\n<p class=\"wp-block-paragraph\">Durante la ma\u00f1ana, los participantes socializaron sus proyectos de investigaci\u00f3n en trece salas distribuidas por \u00e1reas del conocimiento, permitiendo una amplia muestra del potencial investigativo que habita en las aulas. Las ponencias reflejaron el compromiso de los estudiantes con sus procesos formativos y evidenciaron c\u00f3mo el acompa\u00f1amiento de los tutores fortalece cada iniciativa.<\/p>\n\n\n\n<p class=\"wp-block-paragraph\">En horas de la tarde, el Hackathon de Innovaci\u00f3n convoc\u00f3 a estudiantes de ambas universidades para enfrentar tres grandes retos sociales: la educaci\u00f3n transformadora, el bienestar del adulto mayor y la sostenibilidad. Este espacio foment\u00f3 el trabajo en equipo, la creatividad aplicada y la b\u00fasqueda de soluciones con sentido humano, demostrando que la uni\u00f3n entre la UCM y la <a href=\"https:\/\/www.ucp.edu.co\/\">Universidad Cat\u00f3lica de Pereira<\/a> puede generar respuestas concretas a las necesidades de la sociedad.<\/p>\n\n\n\n<p class=\"wp-block-paragraph\">De esta manera, la quinta edici\u00f3n de Innovus 2025 refuerza el compromiso de ambas universidades con la formaci\u00f3n integral, la cultura investigativa y el fomento de la innovaci\u00f3n y se convierte en una oportunidad para seguir construyendo una comunidad acad\u00e9mica regional m\u00e1s fuerte, cr\u00edtica y comprometida con el bien com\u00fan, donde el conocimiento se transforma en acci\u00f3n y la educaci\u00f3n en una herramienta de cambio.<\/p>\n\n\n\n<p class=\"wp-block-paragraph\">Tambi\u00e9n podr\u00eda interesarte: <a href=\"https:\/\/www.ucm.edu.co\/en\/semana-de-la-facultad-de-administracion-ucm-2025-innovacion-turismo-y-cooperacion-internacional\/\"><em>https:\/\/www.ucm.edu.co\/semana-de-la-facultad-de-administracion-ucm-2025-innovacion-turismo-y-cooperacion-internacional\/<\/em><\/a><\/p>","protected":false},"excerpt":{"rendered":"<p>El Encuentro Institucional Innovus 2025 reuni\u00f3 a la comunidad acad\u00e9mica de la Universidad Cat\u00f3lica de Manizales y la Universidad Cat\u00f3lica de Pereira en una jornada de integraci\u00f3n, creatividad y pensamiento cr\u00edtico. Con ponencias, conferencias y un Hackathon de Innovaci\u00f3n, el evento fortaleci\u00f3 la alianza entre ambas instituciones y permiti\u00f3 socializar experiencias investigativas, promover la colaboraci\u00f3n interdisciplinaria y proyectar soluciones a retos sociales desde el conocimiento universitario.<\/p>","protected":false},"author":5,"featured_media":223037,"comment_status":"closed","ping_status":"open","sticky":false,"template":"","format":"standard","meta":{"_et_pb_use_builder":"","_et_pb_old_content":"","_et_gb_content_width":"","content-type":"","_monsterinsights_skip_tracking":false,"footnotes":""},"categories":[12],"tags":[1147,381],"class_list":["post-222984","post","type-post","status-publish","format-standard","has-post-thumbnail","hentry","category-investigacion","tag-innovus-2025","tag-investigacion-e-innovacion-ucm"],"yoast_head":"<!-- This site is optimized with the Yoast SEO plugin v28.1 - https:\/\/yoast.com\/product\/yoast-seo-wordpress\/ -->\n<title>Innovus 2025, una alianza para la investigaci\u00f3n y la innovaci\u00f3n<\/title>\n<meta name=\"description\" content=\"Innovus 2025, el encuentro entre la UCM y la Universidad Cat\u00f3lica de Pereira para promover la investigaci\u00f3n, innovaci\u00f3n y colaboraci\u00f3n.\" \/>\n<meta name=\"robots\" content=\"index, follow, max-snippet:-1, max-image-preview:large, max-video-preview:-1\" \/>\n<link rel=\"canonical\" href=\"https:\/\/www.ucm.edu.co\/en\/innovus-2025-el-encuentro-entre-la-ucm-y-la-universidad-catolica-de-pereira-que-promueve-la-investigacion-y-la-innovacion\/\" \/>\n<meta property=\"og:locale\" content=\"en_US\" \/>\n<meta property=\"og:type\" content=\"article\" \/>\n<meta property=\"og:title\" content=\"Innovus 2025, una alianza para la investigaci\u00f3n y la innovaci\u00f3n\" \/>\n<meta property=\"og:description\" content=\"Innovus 2025, el encuentro entre la UCM y la Universidad Cat\u00f3lica de Pereira para promover la investigaci\u00f3n, innovaci\u00f3n y colaboraci\u00f3n.\" \/>\n<meta property=\"og:url\" content=\"https:\/\/www.ucm.edu.co\/en\/innovus-2025-el-encuentro-entre-la-ucm-y-la-universidad-catolica-de-pereira-que-promueve-la-investigacion-y-la-innovacion\/\" \/>\n<meta property=\"og:site_name\" content=\"UCM - Universidad Cat\u00f3lica de Manizales\" \/>\n<meta property=\"article:publisher\" content=\"https:\/\/www.facebook.com\/ucatolicamanizales\" \/>\n<meta property=\"article:published_time\" content=\"2025-04-25T16:33:56+00:00\" \/>\n<meta property=\"article:modified_time\" content=\"2025-04-25T16:54:20+00:00\" \/>\n<meta property=\"og:image\" content=\"https:\/\/www.ucm.edu.co\/wp-content\/uploads\/2025\/04\/ucm-innovus-2025.jpeg\" \/>\n\t<meta property=\"og:image:width\" content=\"800\" \/>\n\t<meta property=\"og:image:height\" content=\"450\" \/>\n\t<meta property=\"og:image:type\" content=\"image\/jpeg\" \/>\n<meta name=\"author\" content=\"Prensa UCM\" \/>\n<meta name=\"twitter:card\" content=\"summary_large_image\" \/>\n<meta name=\"twitter:creator\" content=\"@ucm_manizales\" \/>\n<meta name=\"twitter:site\" content=\"@ucm_manizales\" \/>\n<meta name=\"twitter:label1\" content=\"Written by\" \/>\n\t<meta name=\"twitter:data1\" content=\"Prensa UCM\" \/>\n\t<meta name=\"twitter:label2\" content=\"Est. reading time\" \/>\n\t<meta name=\"twitter:data2\" content=\"3 minutes\" \/>\n<script type=\"application\/ld+json\" class=\"yoast-schema-graph\">{\"@context\":\"https:\\\/\\\/schema.org\",\"@graph\":[{\"@type\":\"Article\",\"@id\":\"https:\\\/\\\/www.ucm.edu.co\\\/innovus-2025-el-encuentro-entre-la-ucm-y-la-universidad-catolica-de-pereira-que-promueve-la-investigacion-y-la-innovacion\\\/#article\",\"isPartOf\":{\"@id\":\"https:\\\/\\\/www.ucm.edu.co\\\/innovus-2025-el-encuentro-entre-la-ucm-y-la-universidad-catolica-de-pereira-que-promueve-la-investigacion-y-la-innovacion\\\/\"},\"author\":{\"name\":\"Prensa UCM\",\"@id\":\"https:\\\/\\\/www.ucm.edu.co\\\/#\\\/schema\\\/person\\\/fea805666959d6cfcf87dea44ef2f0b8\"},\"headline\":\"UCM y U. Cat\u00f3lica de Pereira se unieron en Innovus 2025\",\"datePublished\":\"2025-04-25T16:33:56+00:00\",\"dateModified\":\"2025-04-25T16:54:20+00:00\",\"mainEntityOfPage\":{\"@id\":\"https:\\\/\\\/www.ucm.edu.co\\\/innovus-2025-el-encuentro-entre-la-ucm-y-la-universidad-catolica-de-pereira-que-promueve-la-investigacion-y-la-innovacion\\\/\"},\"wordCount\":508,\"publisher\":{\"@id\":\"https:\\\/\\\/www.ucm.edu.co\\\/#organization\"},\"image\":{\"@id\":\"https:\\\/\\\/www.ucm.edu.co\\\/innovus-2025-el-encuentro-entre-la-ucm-y-la-universidad-catolica-de-pereira-que-promueve-la-investigacion-y-la-innovacion\\\/#primaryimage\"},\"thumbnailUrl\":\"https:\\\/\\\/www.ucm.edu.co\\\/wp-content\\\/uploads\\\/2025\\\/04\\\/ucm-innovus-2025.jpeg\",\"keywords\":[\"Innovus 2025\",\"Investigaci\u00f3n e Innovaci\u00f3n UCM\"],\"articleSection\":[\"Investigaci\u00f3n\"],\"inLanguage\":\"en-US\"},{\"@type\":\"WebPage\",\"@id\":\"https:\\\/\\\/www.ucm.edu.co\\\/innovus-2025-el-encuentro-entre-la-ucm-y-la-universidad-catolica-de-pereira-que-promueve-la-investigacion-y-la-innovacion\\\/\",\"url\":\"https:\\\/\\\/www.ucm.edu.co\\\/innovus-2025-el-encuentro-entre-la-ucm-y-la-universidad-catolica-de-pereira-que-promueve-la-investigacion-y-la-innovacion\\\/\",\"name\":\"Innovus 2025, una alianza para la investigaci\u00f3n y la innovaci\u00f3n\",\"isPartOf\":{\"@id\":\"https:\\\/\\\/www.ucm.edu.co\\\/#website\"},\"primaryImageOfPage\":{\"@id\":\"https:\\\/\\\/www.ucm.edu.co\\\/innovus-2025-el-encuentro-entre-la-ucm-y-la-universidad-catolica-de-pereira-que-promueve-la-investigacion-y-la-innovacion\\\/#primaryimage\"},\"image\":{\"@id\":\"https:\\\/\\\/www.ucm.edu.co\\\/innovus-2025-el-encuentro-entre-la-ucm-y-la-universidad-catolica-de-pereira-que-promueve-la-investigacion-y-la-innovacion\\\/#primaryimage\"},\"thumbnailUrl\":\"https:\\\/\\\/www.ucm.edu.co\\\/wp-content\\\/uploads\\\/2025\\\/04\\\/ucm-innovus-2025.jpeg\",\"datePublished\":\"2025-04-25T16:33:56+00:00\",\"dateModified\":\"2025-04-25T16:54:20+00:00\",\"description\":\"Innovus 2025, el encuentro entre la UCM y la Universidad Cat\u00f3lica de Pereira para promover la investigaci\u00f3n, innovaci\u00f3n y colaboraci\u00f3n.\",\"breadcrumb\":{\"@id\":\"https:\\\/\\\/www.ucm.edu.co\\\/innovus-2025-el-encuentro-entre-la-ucm-y-la-universidad-catolica-de-pereira-que-promueve-la-investigacion-y-la-innovacion\\\/#breadcrumb\"},\"inLanguage\":\"en-US\",\"potentialAction\":[{\"@type\":\"ReadAction\",\"target\":[\"https:\\\/\\\/www.ucm.edu.co\\\/innovus-2025-el-encuentro-entre-la-ucm-y-la-universidad-catolica-de-pereira-que-promueve-la-investigacion-y-la-innovacion\\\/\"]}]},{\"@type\":\"ImageObject\",\"inLanguage\":\"en-US\",\"@id\":\"https:\\\/\\\/www.ucm.edu.co\\\/innovus-2025-el-encuentro-entre-la-ucm-y-la-universidad-catolica-de-pereira-que-promueve-la-investigacion-y-la-innovacion\\\/#primaryimage\",\"url\":\"https:\\\/\\\/www.ucm.edu.co\\\/wp-content\\\/uploads\\\/2025\\\/04\\\/ucm-innovus-2025.jpeg\",\"contentUrl\":\"https:\\\/\\\/www.ucm.edu.co\\\/wp-content\\\/uploads\\\/2025\\\/04\\\/ucm-innovus-2025.jpeg\",\"width\":800,\"height\":450,\"caption\":\"ucm-innovus-2025.jpeg\"},{\"@type\":\"BreadcrumbList\",\"@id\":\"https:\\\/\\\/www.ucm.edu.co\\\/innovus-2025-el-encuentro-entre-la-ucm-y-la-universidad-catolica-de-pereira-que-promueve-la-investigacion-y-la-innovacion\\\/#breadcrumb\",\"itemListElement\":[{\"@type\":\"ListItem\",\"position\":1,\"name\":\"Portada\",\"item\":\"https:\\\/\\\/www.ucm.edu.co\\\/\"},{\"@type\":\"ListItem\",\"position\":2,\"name\":\"UCM y U. Cat\u00f3lica de Pereira se unieron en Innovus 2025\"}]},{\"@type\":\"WebSite\",\"@id\":\"https:\\\/\\\/www.ucm.edu.co\\\/#website\",\"url\":\"https:\\\/\\\/www.ucm.edu.co\\\/\",\"name\":\"UCM - Universidad Cat\u00f3lica de Manizales\",\"description\":\"Ven a ser quien quieres ser\",\"publisher\":{\"@id\":\"https:\\\/\\\/www.ucm.edu.co\\\/#organization\"},\"alternateName\":\"UCM\",\"potentialAction\":[{\"@type\":\"SearchAction\",\"target\":{\"@type\":\"EntryPoint\",\"urlTemplate\":\"https:\\\/\\\/www.ucm.edu.co\\\/?s={search_term_string}\"},\"query-input\":{\"@type\":\"PropertyValueSpecification\",\"valueRequired\":true,\"valueName\":\"search_term_string\"}}],\"inLanguage\":\"en-US\"},{\"@type\":\"Organization\",\"@id\":\"https:\\\/\\\/www.ucm.edu.co\\\/#organization\",\"name\":\"Universidad Cat\u00f3lica de Manizales\",\"alternateName\":\"UCM\",\"url\":\"https:\\\/\\\/www.ucm.edu.co\\\/\",\"logo\":{\"@type\":\"ImageObject\",\"inLanguage\":\"en-US\",\"@id\":\"https:\\\/\\\/www.ucm.edu.co\\\/#\\\/schema\\\/logo\\\/image\\\/\",\"url\":\"https:\\\/\\\/www.ucm.edu.co\\\/wp-content\\\/uploads\\\/2021\\\/03\\\/favicon_ucm.png\",\"contentUrl\":\"https:\\\/\\\/www.ucm.edu.co\\\/wp-content\\\/uploads\\\/2021\\\/03\\\/favicon_ucm.png\",\"width\":512,\"height\":512,\"caption\":\"Universidad Cat\u00f3lica de Manizales\"},\"image\":{\"@id\":\"https:\\\/\\\/www.ucm.edu.co\\\/#\\\/schema\\\/logo\\\/image\\\/\"},\"sameAs\":[\"https:\\\/\\\/www.facebook.com\\\/ucatolicamanizales\",\"https:\\\/\\\/x.com\\\/ucm_manizales\",\"https:\\\/\\\/www.instagram.com\\\/ucatolicamanizales\\\/\",\"https:\\\/\\\/co.linkedin.com\\\/school\\\/ucatolicamanizales\\\/\",\"https:\\\/\\\/www.youtube.com\\\/user\\\/UCMtelevision\"]},{\"@type\":\"Person\",\"@id\":\"https:\\\/\\\/www.ucm.edu.co\\\/#\\\/schema\\\/person\\\/fea805666959d6cfcf87dea44ef2f0b8\",\"name\":\"Prensa UCM\",\"image\":{\"@type\":\"ImageObject\",\"inLanguage\":\"en-US\",\"@id\":\"https:\\\/\\\/secure.gravatar.com\\\/avatar\\\/e9670ef3f6e98ca21e5ca101324fddb19f2b728f8bc808ffc267be23350fac46?s=96&d=mm&r=g\",\"url\":\"https:\\\/\\\/secure.gravatar.com\\\/avatar\\\/e9670ef3f6e98ca21e5ca101324fddb19f2b728f8bc808ffc267be23350fac46?s=96&d=mm&r=g\",\"contentUrl\":\"https:\\\/\\\/secure.gravatar.com\\\/avatar\\\/e9670ef3f6e98ca21e5ca101324fddb19f2b728f8bc808ffc267be23350fac46?s=96&d=mm&r=g\",\"caption\":\"Prensa UCM\"},\"url\":\"https:\\\/\\\/www.ucm.edu.co\\\/en\\\/author\\\/prensa\\\/\"}]}<\/script>\n<!-- \/ Yoast SEO plugin. -->","yoast_head_json":{"title":"Innovus 2025, una alianza para la investigaci\u00f3n y la innovaci\u00f3n","description":"Innovus 2025, el encuentro entre la UCM y la Universidad Cat\u00f3lica de Pereira para promover la investigaci\u00f3n, innovaci\u00f3n y colaboraci\u00f3n.","robots":{"index":"index","follow":"follow","max-snippet":"max-snippet:-1","max-image-preview":"max-image-preview:large","max-video-preview":"max-video-preview:-1"},"canonical":"https:\/\/www.ucm.edu.co\/en\/innovus-2025-el-encuentro-entre-la-ucm-y-la-universidad-catolica-de-pereira-que-promueve-la-investigacion-y-la-innovacion\/","og_locale":"en_US","og_type":"article","og_title":"Innovus 2025, una alianza para la investigaci\u00f3n y la innovaci\u00f3n","og_description":"Innovus 2025, el encuentro entre la UCM y la Universidad Cat\u00f3lica de Pereira para promover la investigaci\u00f3n, innovaci\u00f3n y colaboraci\u00f3n.","og_url":"https:\/\/www.ucm.edu.co\/en\/innovus-2025-el-encuentro-entre-la-ucm-y-la-universidad-catolica-de-pereira-que-promueve-la-investigacion-y-la-innovacion\/","og_site_name":"UCM - Universidad Cat\u00f3lica de Manizales","article_publisher":"https:\/\/www.facebook.com\/ucatolicamanizales","article_published_time":"2025-04-25T16:33:56+00:00","article_modified_time":"2025-04-25T16:54:20+00:00","og_image":[{"width":800,"height":450,"url":"https:\/\/www.ucm.edu.co\/wp-content\/uploads\/2025\/04\/ucm-innovus-2025.jpeg","type":"image\/jpeg"}],"author":"Prensa UCM","twitter_card":"summary_large_image","twitter_creator":"@ucm_manizales","twitter_site":"@ucm_manizales","twitter_misc":{"Written by":"Prensa UCM","Est. reading time":"3 minutes"},"schema":{"@context":"https:\/\/schema.org","@graph":[{"@type":"Article","@id":"https:\/\/www.ucm.edu.co\/innovus-2025-el-encuentro-entre-la-ucm-y-la-universidad-catolica-de-pereira-que-promueve-la-investigacion-y-la-innovacion\/#article","isPartOf":{"@id":"https:\/\/www.ucm.edu.co\/innovus-2025-el-encuentro-entre-la-ucm-y-la-universidad-catolica-de-pereira-que-promueve-la-investigacion-y-la-innovacion\/"},"author":{"name":"Prensa UCM","@id":"https:\/\/www.ucm.edu.co\/#\/schema\/person\/fea805666959d6cfcf87dea44ef2f0b8"},"headline":"UCM y U. Cat\u00f3lica de Pereira se unieron en Innovus 2025","datePublished":"2025-04-25T16:33:56+00:00","dateModified":"2025-04-25T16:54:20+00:00","mainEntityOfPage":{"@id":"https:\/\/www.ucm.edu.co\/innovus-2025-el-encuentro-entre-la-ucm-y-la-universidad-catolica-de-pereira-que-promueve-la-investigacion-y-la-innovacion\/"},"wordCount":508,"publisher":{"@id":"https:\/\/www.ucm.edu.co\/#organization"},"image":{"@id":"https:\/\/www.ucm.edu.co\/innovus-2025-el-encuentro-entre-la-ucm-y-la-universidad-catolica-de-pereira-que-promueve-la-investigacion-y-la-innovacion\/#primaryimage"},"thumbnailUrl":"https:\/\/www.ucm.edu.co\/wp-content\/uploads\/2025\/04\/ucm-innovus-2025.jpeg","keywords":["Innovus 2025","Investigaci\u00f3n e Innovaci\u00f3n UCM"],"articleSection":["Investigaci\u00f3n"],"inLanguage":"en-US"},{"@type":"WebPage","@id":"https:\/\/www.ucm.edu.co\/innovus-2025-el-encuentro-entre-la-ucm-y-la-universidad-catolica-de-pereira-que-promueve-la-investigacion-y-la-innovacion\/","url":"https:\/\/www.ucm.edu.co\/innovus-2025-el-encuentro-entre-la-ucm-y-la-universidad-catolica-de-pereira-que-promueve-la-investigacion-y-la-innovacion\/","name":"Innovus 2025, una alianza para la investigaci\u00f3n y la innovaci\u00f3n","isPartOf":{"@id":"https:\/\/www.ucm.edu.co\/#website"},"primaryImageOfPage":{"@id":"https:\/\/www.ucm.edu.co\/innovus-2025-el-encuentro-entre-la-ucm-y-la-universidad-catolica-de-pereira-que-promueve-la-investigacion-y-la-innovacion\/#primaryimage"},"image":{"@id":"https:\/\/www.ucm.edu.co\/innovus-2025-el-encuentro-entre-la-ucm-y-la-universidad-catolica-de-pereira-que-promueve-la-investigacion-y-la-innovacion\/#primaryimage"},"thumbnailUrl":"https:\/\/www.ucm.edu.co\/wp-content\/uploads\/2025\/04\/ucm-innovus-2025.jpeg","datePublished":"2025-04-25T16:33:56+00:00","dateModified":"2025-04-25T16:54:20+00:00","description":"Innovus 2025, el encuentro entre la UCM y la Universidad Cat\u00f3lica de Pereira para promover la investigaci\u00f3n, innovaci\u00f3n y colaboraci\u00f3n.","breadcrumb":{"@id":"https:\/\/www.ucm.edu.co\/innovus-2025-el-encuentro-entre-la-ucm-y-la-universidad-catolica-de-pereira-que-promueve-la-investigacion-y-la-innovacion\/#breadcrumb"},"inLanguage":"en-US","potentialAction":[{"@type":"ReadAction","target":["https:\/\/www.ucm.edu.co\/innovus-2025-el-encuentro-entre-la-ucm-y-la-universidad-catolica-de-pereira-que-promueve-la-investigacion-y-la-innovacion\/"]}]},{"@type":"ImageObject","inLanguage":"en-US","@id":"https:\/\/www.ucm.edu.co\/innovus-2025-el-encuentro-entre-la-ucm-y-la-universidad-catolica-de-pereira-que-promueve-la-investigacion-y-la-innovacion\/#primaryimage","url":"https:\/\/www.ucm.edu.co\/wp-content\/uploads\/2025\/04\/ucm-innovus-2025.jpeg","contentUrl":"https:\/\/www.ucm.edu.co\/wp-content\/uploads\/2025\/04\/ucm-innovus-2025.jpeg","width":800,"height":450,"caption":"ucm-innovus-2025.jpeg"},{"@type":"BreadcrumbList","@id":"https:\/\/www.ucm.edu.co\/innovus-2025-el-encuentro-entre-la-ucm-y-la-universidad-catolica-de-pereira-que-promueve-la-investigacion-y-la-innovacion\/#breadcrumb","itemListElement":[{"@type":"ListItem","position":1,"name":"Portada","item":"https:\/\/www.ucm.edu.co\/"},{"@type":"ListItem","position":2,"name":"UCM y U. Cat\u00f3lica de Pereira se unieron en Innovus 2025"}]},{"@type":"WebSite","@id":"https:\/\/www.ucm.edu.co\/#website","url":"https:\/\/www.ucm.edu.co\/","name":"UCM - Universidad Cat\u00f3lica de Manizales","description":"Ven a ser quien quieres ser","publisher":{"@id":"https:\/\/www.ucm.edu.co\/#organization"},"alternateName":"UCM","potentialAction":[{"@type":"SearchAction","target":{"@type":"EntryPoint","urlTemplate":"https:\/\/www.ucm.edu.co\/?s={search_term_string}"},"query-input":{"@type":"PropertyValueSpecification","valueRequired":true,"valueName":"search_term_string"}}],"inLanguage":"en-US"},{"@type":"Organization","@id":"https:\/\/www.ucm.edu.co\/#organization","name":"Universidad Cat\u00f3lica de Manizales","alternateName":"UCM","url":"https:\/\/www.ucm.edu.co\/","logo":{"@type":"ImageObject","inLanguage":"en-US","@id":"https:\/\/www.ucm.edu.co\/#\/schema\/logo\/image\/","url":"https:\/\/www.ucm.edu.co\/wp-content\/uploads\/2021\/03\/favicon_ucm.png","contentUrl":"https:\/\/www.ucm.edu.co\/wp-content\/uploads\/2021\/03\/favicon_ucm.png","width":512,"height":512,"caption":"Universidad Cat\u00f3lica de Manizales"},"image":{"@id":"https:\/\/www.ucm.edu.co\/#\/schema\/logo\/image\/"},"sameAs":["https:\/\/www.facebook.com\/ucatolicamanizales","https:\/\/x.com\/ucm_manizales","https:\/\/www.instagram.com\/ucatolicamanizales\/","https:\/\/co.linkedin.com\/school\/ucatolicamanizales\/","https:\/\/www.youtube.com\/user\/UCMtelevision"]},{"@type":"Person","@id":"https:\/\/www.ucm.edu.co\/#\/schema\/person\/fea805666959d6cfcf87dea44ef2f0b8","name":"Prensa UCM","image":{"@type":"ImageObject","inLanguage":"en-US","@id":"https:\/\/secure.gravatar.com\/avatar\/e9670ef3f6e98ca21e5ca101324fddb19f2b728f8bc808ffc267be23350fac46?s=96&d=mm&r=g","url":"https:\/\/secure.gravatar.com\/avatar\/e9670ef3f6e98ca21e5ca101324fddb19f2b728f8bc808ffc267be23350fac46?s=96&d=mm&r=g","contentUrl":"https:\/\/secure.gravatar.com\/avatar\/e9670ef3f6e98ca21e5ca101324fddb19f2b728f8bc808ffc267be23350fac46?s=96&d=mm&r=g","caption":"Prensa UCM"},"url":"https:\/\/www.ucm.edu.co\/en\/author\/prensa\/"}]}},"_links":{"self":[{"href":"https:\/\/www.ucm.edu.co\/en\/wp-json\/wp\/v2\/posts\/222984","targetHints":{"allow":["GET"]}}],"collection":[{"href":"https:\/\/www.ucm.edu.co\/en\/wp-json\/wp\/v2\/posts"}],"about":[{"href":"https:\/\/www.ucm.edu.co\/en\/wp-json\/wp\/v2\/types\/post"}],"author":[{"embeddable":true,"href":"https:\/\/www.ucm.edu.co\/en\/wp-json\/wp\/v2\/users\/5"}],"replies":[{"embeddable":true,"href":"https:\/\/www.ucm.edu.co\/en\/wp-json\/wp\/v2\/comments?post=222984"}],"version-history":[{"count":15,"href":"https:\/\/www.ucm.edu.co\/en\/wp-json\/wp\/v2\/posts\/222984\/revisions"}],"predecessor-version":[{"id":223115,"href":"https:\/\/www.ucm.edu.co\/en\/wp-json\/wp\/v2\/posts\/222984\/revisions\/223115"}],"wp:featuredmedia":[{"embeddable":true,"href":"https:\/\/www.ucm.edu.co\/en\/wp-json\/wp\/v2\/media\/223037"}],"wp:attachment":[{"href":"https:\/\/www.ucm.edu.co\/en\/wp-json\/wp\/v2\/media?parent=222984"}],"wp:term":[{"taxonomy":"category","embeddable":true,"href":"https:\/\/www.ucm.edu.co\/en\/wp-json\/wp\/v2\/categories?post=222984"},{"taxonomy":"post_tag","embeddable":true,"href":"https:\/\/www.ucm.edu.co\/en\/wp-json\/wp\/v2\/tags?post=222984"}],"curies":[{"name":"wp","href":"https:\/\/api.w.org\/{rel}","templated":true}]}}