{"id":219235,"date":"2024-11-08T18:36:16","date_gmt":"2024-11-08T23:36:16","guid":{"rendered":"https:\/\/www.ucm.edu.co\/?p=219235"},"modified":"2024-11-08T18:36:19","modified_gmt":"2024-11-08T23:36:19","slug":"ucm-gana-convocatoria-de-ctei-de-la-gobernacion-de-caldas-para-madurar-una-de-sus-patentes","status":"publish","type":"post","link":"https:\/\/www.ucm.edu.co\/en\/ucm-gana-convocatoria-de-ctei-de-la-gobernacion-de-caldas-para-madurar-una-de-sus-patentes\/","title":{"rendered":"UCM gana convocatoria de CTeI de la Gobernaci\u00f3n de Caldas para madurar una de sus patentes"},"content":{"rendered":"<p class=\"wp-block-paragraph\">La Universidad Cat\u00f3lica de Manizales (UCM) ha sido seleccionada como una de las 13 propuestas ganadoras de la convocatoria <em>Fondo de Cofinanciaci\u00f3n de Ciencia, Tecnolog\u00eda e Innovaci\u00f3n de Caldas<\/em>, lanzada por la <a href=\"https:\/\/site.caldas.gov.co\/\">Gobernaci\u00f3n de Caldas,<\/a> entre un total de 90 postulaciones. Este logro representa un paso importante en los esfuerzos de la UCM para promover proyectos de ciencia, tecnolog\u00eda e innovaci\u00f3n que respondan a las necesidades del territorio y contribuyan a mejorar la competitividad de la regi\u00f3n.<\/p>\n\n\n\n<p class=\"wp-block-paragraph\">La propuesta seleccionada es el proyecto <em>\u00abPrototipo de bajo costo de una estaci\u00f3n remota para la medici\u00f3n de variables de calidad de agua con sistema mec\u00e1nico de graduaci\u00f3n de paneles solares\u00bb<\/em>, liderado por el profesor Vladimir Henao C\u00e9spedes, uno de los autores de la patente, en colaboraci\u00f3n con la Coordinaci\u00f3n de Investigaci\u00f3n e Innovaci\u00f3n de la UCM.<\/p>\n\n\n\n<h2 class=\"wp-block-heading\">\u00bfEn qu\u00e9 consiste la patente de la convocatoria de CTeI?<\/h2>\n\n\n\n<p class=\"wp-block-paragraph\">El proyecto, basado en una patente del Grupo de Investigaci\u00f3n en Desarrollos Tecnol\u00f3gicos y Ambientales (GIDTA), busca implementar una tecnolog\u00eda para la medici\u00f3n remota y continua de variables fisicoqu\u00edmicas en los humedales del centro-sur de Caldas. Esta iniciativa responde a la necesidad de monitorear ecosistemas clave que se ven afectados por actividades humanas, como la agricultura y la ganader\u00eda, que impactan negativamente la biodiversidad y la calidad del agua.<\/p>\n\n\n\n<p class=\"wp-block-paragraph\">Gracias a estos recursos, la UCM podr\u00e1 avanzar en el desarrollo y validaci\u00f3n de un prototipo funcional, preciso y accesible que permita la medici\u00f3n continua de estas variables. El flujo constante de informaci\u00f3n que genere este prototipo facilitar\u00e1 el an\u00e1lisis mediante t\u00e9cnicas avanzadas de datos, brindando una comprensi\u00f3n m\u00e1s profunda del impacto de las actividades humanas y apoyando la formulaci\u00f3n de estrategias de conservaci\u00f3n y mitigaci\u00f3n del da\u00f1o ambiental. Este proyecto tambi\u00e9n contribuye al cumplimiento del Objetivo de Desarrollo Sostenible (ODS) 6: Agua limpia y saneamiento.<\/p>\n\n\n\n<figure class=\"wp-block-image aligncenter size-full is-resized\"><img loading=\"lazy\" decoding=\"async\" width=\"800\" height=\"369\" src=\"https:\/\/www.ucm.edu.co\/wp-content\/uploads\/2024\/11\/ucm-gana-convocatoria-ctei-1-1.jpg\" alt=\"\" class=\"wp-image-219238\" style=\"width:735px;height:auto\" srcset=\"https:\/\/www.ucm.edu.co\/wp-content\/uploads\/2024\/11\/ucm-gana-convocatoria-ctei-1-1.jpg 800w, https:\/\/www.ucm.edu.co\/wp-content\/uploads\/2024\/11\/ucm-gana-convocatoria-ctei-1-1-480x221.jpg 480w\" sizes=\"(min-width: 0px) and (max-width: 480px) 480px, (min-width: 481px) 800px, 100vw\" \/><\/figure>\n\n\n\n<p class=\"wp-block-paragraph\">El desarrollo de este prototipo no solo permitir\u00e1 validar la tecnolog\u00eda en un entorno real, sino tambi\u00e9n obtener valiosos conocimientos para continuar con el proceso de maduraci\u00f3n de la tecnolog\u00eda. Este avance es clave para responder a las estrategias del <em>Plan de Desarrollo de Caldas 2024-2027<\/em>, el <em>Plan Integral de Gesti\u00f3n del Cambio Clim\u00e1tico del Departamento de Caldas<\/em> y la <em>Pol\u00edtica P\u00fablica de Ciencia, Tecnolog\u00eda e Innovaci\u00f3n \u201cCaldas Equitativa, Productiva y Sustentable: Conocimiento y Educaci\u00f3n para el Desarrollo\u201d<\/em>.<\/p>\n\n\n\n<blockquote class=\"wp-block-quote is-layout-flow wp-block-quote-is-layout-flow\">\n<p class=\"wp-block-paragraph\">\u00abAcceder a estos recursos es un paso decisivo para transformar nuestras investigaciones en soluciones concretas a problem\u00e1ticas ambientales cr\u00edticas que ya hemos identificado. Esta financiaci\u00f3n nos permite validar una tecnolog\u00eda innovadora con un alto potencial de impacto, optimizando sus caracter\u00edsticas t\u00e9cnicas y elevando su competitividad. Estamos un paso m\u00e1s cerca de llevar al contexto una soluci\u00f3n efectiva que no solo responde a necesidades urgentes, sino que tambi\u00e9n fortalece nuestra capacidad para generar cambios positivos y sostenibles en la sociedad\u00bb.<\/p>\n\n\n\n<p class=\"wp-block-paragraph\">Natalia Gaviria, Coordinadora de Investigaci\u00f3n e Innovaci\u00f3n de la UCM.<\/p>\n<\/blockquote>\n\n\n\n<p class=\"wp-block-paragraph\">La obtenci\u00f3n de esta financiaci\u00f3n no solo valida la calidad de la investigaci\u00f3n que se lleva a cabo en la instituci\u00f3n, sino que tambi\u00e9n abre nuevas oportunidades para fortalecer la colaboraci\u00f3n entre la academia, la comunidad y las autoridades locales.<\/p>\n\n\n\n<p class=\"wp-block-paragraph\">Tambi\u00e9n te puede interesar: <a href=\"https:\/\/www.ucm.edu.co\/en\/rafael-ricardo-rojas-nuevo-editor-cientifico-del-centro-editorial-ucm\/\"><strong><em>https:\/\/www.ucm.edu.co\/rafael-ricardo-rojas-nuevo-editor-cientifico-del-centro-editorial-ucm\/<\/em><\/strong><\/a><\/p>","protected":false},"excerpt":{"rendered":"<p>La UCM fue seleccionada como ganadora de la convocatoria de Ciencia, Tecnolog\u00eda e Innovaci\u00f3n de la Gobernaci\u00f3n de Caldas para desarrollar un prototipo de estaci\u00f3n remota para medir la calidad del agua. Este proyecto busca mejorar la sostenibilidad ambiental y fortalecer los lazos entre la universidad y la regi\u00f3n.<\/p>","protected":false},"author":5,"featured_media":219237,"comment_status":"closed","ping_status":"open","sticky":false,"template":"","format":"standard","meta":{"_et_pb_use_builder":"","_et_pb_old_content":"","_et_gb_content_width":"","content-type":"","_monsterinsights_skip_tracking":false,"footnotes":""},"categories":[12],"tags":[928,929,386,930],"class_list":["post-219235","post","type-post","status-publish","format-standard","has-post-thumbnail","hentry","category-investigacion","tag-convocatoria-ctei","tag-innovacion","tag-investigacion-ucm","tag-patente"],"yoast_head":"<!-- This site is optimized with the Yoast SEO plugin v28.1 - https:\/\/yoast.com\/product\/yoast-seo-wordpress\/ -->\n<title>UCM gana convocatoria de CTeI<\/title>\n<meta name=\"description\" content=\"La UCM gan\u00f3 convocatoria para desarrollar un prototipo de estaci\u00f3n remota para medir la calidad del agua. Un nuevo logro en investigaci\u00f3n.\" \/>\n<meta name=\"robots\" content=\"index, follow, max-snippet:-1, max-image-preview:large, max-video-preview:-1\" \/>\n<link rel=\"canonical\" href=\"https:\/\/www.ucm.edu.co\/en\/ucm-gana-convocatoria-de-ctei-de-la-gobernacion-de-caldas-para-madurar-una-de-sus-patentes\/\" \/>\n<meta property=\"og:locale\" content=\"en_US\" \/>\n<meta property=\"og:type\" content=\"article\" \/>\n<meta property=\"og:title\" content=\"UCM gana convocatoria de CTeI\" \/>\n<meta property=\"og:description\" content=\"La UCM gan\u00f3 convocatoria para desarrollar un prototipo de estaci\u00f3n remota para medir la calidad del agua. Un nuevo logro en investigaci\u00f3n.\" \/>\n<meta property=\"og:url\" content=\"https:\/\/www.ucm.edu.co\/en\/ucm-gana-convocatoria-de-ctei-de-la-gobernacion-de-caldas-para-madurar-una-de-sus-patentes\/\" \/>\n<meta property=\"og:site_name\" content=\"UCM - Universidad Cat\u00f3lica de Manizales\" \/>\n<meta property=\"article:publisher\" content=\"https:\/\/www.facebook.com\/ucatolicamanizales\" \/>\n<meta property=\"article:published_time\" content=\"2024-11-08T23:36:16+00:00\" \/>\n<meta property=\"article:modified_time\" content=\"2024-11-08T23:36:19+00:00\" \/>\n<meta property=\"og:image\" content=\"https:\/\/www.ucm.edu.co\/wp-content\/uploads\/2024\/11\/ucm-gana-convocatoria-ctei-1.jpg\" \/>\n\t<meta property=\"og:image:width\" content=\"800\" \/>\n\t<meta property=\"og:image:height\" content=\"600\" \/>\n\t<meta property=\"og:image:type\" content=\"image\/jpeg\" \/>\n<meta name=\"author\" content=\"Prensa UCM\" \/>\n<meta name=\"twitter:card\" content=\"summary_large_image\" \/>\n<meta name=\"twitter:creator\" content=\"@ucm_manizales\" \/>\n<meta name=\"twitter:site\" content=\"@ucm_manizales\" \/>\n<meta name=\"twitter:label1\" content=\"Written by\" \/>\n\t<meta name=\"twitter:data1\" content=\"Prensa UCM\" \/>\n\t<meta name=\"twitter:label2\" content=\"Est. reading time\" \/>\n\t<meta name=\"twitter:data2\" content=\"3 minutes\" \/>\n<script type=\"application\/ld+json\" class=\"yoast-schema-graph\">{\"@context\":\"https:\\\/\\\/schema.org\",\"@graph\":[{\"@type\":\"Article\",\"@id\":\"https:\\\/\\\/www.ucm.edu.co\\\/ucm-gana-convocatoria-de-ctei-de-la-gobernacion-de-caldas-para-madurar-una-de-sus-patentes\\\/#article\",\"isPartOf\":{\"@id\":\"https:\\\/\\\/www.ucm.edu.co\\\/ucm-gana-convocatoria-de-ctei-de-la-gobernacion-de-caldas-para-madurar-una-de-sus-patentes\\\/\"},\"author\":{\"name\":\"Prensa UCM\",\"@id\":\"https:\\\/\\\/www.ucm.edu.co\\\/#\\\/schema\\\/person\\\/fea805666959d6cfcf87dea44ef2f0b8\"},\"headline\":\"UCM gana convocatoria de CTeI de la Gobernaci\u00f3n de Caldas para madurar una de sus patentes\",\"datePublished\":\"2024-11-08T23:36:16+00:00\",\"dateModified\":\"2024-11-08T23:36:19+00:00\",\"mainEntityOfPage\":{\"@id\":\"https:\\\/\\\/www.ucm.edu.co\\\/ucm-gana-convocatoria-de-ctei-de-la-gobernacion-de-caldas-para-madurar-una-de-sus-patentes\\\/\"},\"wordCount\":594,\"publisher\":{\"@id\":\"https:\\\/\\\/www.ucm.edu.co\\\/#organization\"},\"image\":{\"@id\":\"https:\\\/\\\/www.ucm.edu.co\\\/ucm-gana-convocatoria-de-ctei-de-la-gobernacion-de-caldas-para-madurar-una-de-sus-patentes\\\/#primaryimage\"},\"thumbnailUrl\":\"https:\\\/\\\/www.ucm.edu.co\\\/wp-content\\\/uploads\\\/2024\\\/11\\\/ucm-gana-convocatoria-ctei-1.jpg\",\"keywords\":[\"Convocatoria CTeI\",\"Innovaci\u00f3n\",\"Investigaci\u00f3n UCM\",\"Patente\"],\"articleSection\":[\"Investigaci\u00f3n\"],\"inLanguage\":\"en-US\"},{\"@type\":\"WebPage\",\"@id\":\"https:\\\/\\\/www.ucm.edu.co\\\/ucm-gana-convocatoria-de-ctei-de-la-gobernacion-de-caldas-para-madurar-una-de-sus-patentes\\\/\",\"url\":\"https:\\\/\\\/www.ucm.edu.co\\\/ucm-gana-convocatoria-de-ctei-de-la-gobernacion-de-caldas-para-madurar-una-de-sus-patentes\\\/\",\"name\":\"UCM gana convocatoria de CTeI\",\"isPartOf\":{\"@id\":\"https:\\\/\\\/www.ucm.edu.co\\\/#website\"},\"primaryImageOfPage\":{\"@id\":\"https:\\\/\\\/www.ucm.edu.co\\\/ucm-gana-convocatoria-de-ctei-de-la-gobernacion-de-caldas-para-madurar-una-de-sus-patentes\\\/#primaryimage\"},\"image\":{\"@id\":\"https:\\\/\\\/www.ucm.edu.co\\\/ucm-gana-convocatoria-de-ctei-de-la-gobernacion-de-caldas-para-madurar-una-de-sus-patentes\\\/#primaryimage\"},\"thumbnailUrl\":\"https:\\\/\\\/www.ucm.edu.co\\\/wp-content\\\/uploads\\\/2024\\\/11\\\/ucm-gana-convocatoria-ctei-1.jpg\",\"datePublished\":\"2024-11-08T23:36:16+00:00\",\"dateModified\":\"2024-11-08T23:36:19+00:00\",\"description\":\"La UCM gan\u00f3 convocatoria para desarrollar un prototipo de estaci\u00f3n remota para medir la calidad del agua. Un nuevo logro en investigaci\u00f3n.\",\"breadcrumb\":{\"@id\":\"https:\\\/\\\/www.ucm.edu.co\\\/ucm-gana-convocatoria-de-ctei-de-la-gobernacion-de-caldas-para-madurar-una-de-sus-patentes\\\/#breadcrumb\"},\"inLanguage\":\"en-US\",\"potentialAction\":[{\"@type\":\"ReadAction\",\"target\":[\"https:\\\/\\\/www.ucm.edu.co\\\/ucm-gana-convocatoria-de-ctei-de-la-gobernacion-de-caldas-para-madurar-una-de-sus-patentes\\\/\"]}]},{\"@type\":\"ImageObject\",\"inLanguage\":\"en-US\",\"@id\":\"https:\\\/\\\/www.ucm.edu.co\\\/ucm-gana-convocatoria-de-ctei-de-la-gobernacion-de-caldas-para-madurar-una-de-sus-patentes\\\/#primaryimage\",\"url\":\"https:\\\/\\\/www.ucm.edu.co\\\/wp-content\\\/uploads\\\/2024\\\/11\\\/ucm-gana-convocatoria-ctei-1.jpg\",\"contentUrl\":\"https:\\\/\\\/www.ucm.edu.co\\\/wp-content\\\/uploads\\\/2024\\\/11\\\/ucm-gana-convocatoria-ctei-1.jpg\",\"width\":800,\"height\":600,\"caption\":\"ucm-gana-convocatoria-ctei-1.jpg\"},{\"@type\":\"BreadcrumbList\",\"@id\":\"https:\\\/\\\/www.ucm.edu.co\\\/ucm-gana-convocatoria-de-ctei-de-la-gobernacion-de-caldas-para-madurar-una-de-sus-patentes\\\/#breadcrumb\",\"itemListElement\":[{\"@type\":\"ListItem\",\"position\":1,\"name\":\"Portada\",\"item\":\"https:\\\/\\\/www.ucm.edu.co\\\/\"},{\"@type\":\"ListItem\",\"position\":2,\"name\":\"UCM gana convocatoria de CTeI de la Gobernaci\u00f3n de Caldas para madurar una de sus patentes\"}]},{\"@type\":\"WebSite\",\"@id\":\"https:\\\/\\\/www.ucm.edu.co\\\/#website\",\"url\":\"https:\\\/\\\/www.ucm.edu.co\\\/\",\"name\":\"UCM - Universidad Cat\u00f3lica de Manizales\",\"description\":\"Ven a ser quien quieres ser\",\"publisher\":{\"@id\":\"https:\\\/\\\/www.ucm.edu.co\\\/#organization\"},\"alternateName\":\"UCM\",\"potentialAction\":[{\"@type\":\"SearchAction\",\"target\":{\"@type\":\"EntryPoint\",\"urlTemplate\":\"https:\\\/\\\/www.ucm.edu.co\\\/?s={search_term_string}\"},\"query-input\":{\"@type\":\"PropertyValueSpecification\",\"valueRequired\":true,\"valueName\":\"search_term_string\"}}],\"inLanguage\":\"en-US\"},{\"@type\":\"Organization\",\"@id\":\"https:\\\/\\\/www.ucm.edu.co\\\/#organization\",\"name\":\"Universidad Cat\u00f3lica de Manizales\",\"alternateName\":\"UCM\",\"url\":\"https:\\\/\\\/www.ucm.edu.co\\\/\",\"logo\":{\"@type\":\"ImageObject\",\"inLanguage\":\"en-US\",\"@id\":\"https:\\\/\\\/www.ucm.edu.co\\\/#\\\/schema\\\/logo\\\/image\\\/\",\"url\":\"https:\\\/\\\/www.ucm.edu.co\\\/wp-content\\\/uploads\\\/2021\\\/03\\\/favicon_ucm.png\",\"contentUrl\":\"https:\\\/\\\/www.ucm.edu.co\\\/wp-content\\\/uploads\\\/2021\\\/03\\\/favicon_ucm.png\",\"width\":512,\"height\":512,\"caption\":\"Universidad Cat\u00f3lica de Manizales\"},\"image\":{\"@id\":\"https:\\\/\\\/www.ucm.edu.co\\\/#\\\/schema\\\/logo\\\/image\\\/\"},\"sameAs\":[\"https:\\\/\\\/www.facebook.com\\\/ucatolicamanizales\",\"https:\\\/\\\/x.com\\\/ucm_manizales\",\"https:\\\/\\\/www.instagram.com\\\/ucatolicamanizales\\\/\",\"https:\\\/\\\/co.linkedin.com\\\/school\\\/ucatolicamanizales\\\/\",\"https:\\\/\\\/www.youtube.com\\\/user\\\/UCMtelevision\"]},{\"@type\":\"Person\",\"@id\":\"https:\\\/\\\/www.ucm.edu.co\\\/#\\\/schema\\\/person\\\/fea805666959d6cfcf87dea44ef2f0b8\",\"name\":\"Prensa UCM\",\"image\":{\"@type\":\"ImageObject\",\"inLanguage\":\"en-US\",\"@id\":\"https:\\\/\\\/secure.gravatar.com\\\/avatar\\\/e9670ef3f6e98ca21e5ca101324fddb19f2b728f8bc808ffc267be23350fac46?s=96&d=mm&r=g\",\"url\":\"https:\\\/\\\/secure.gravatar.com\\\/avatar\\\/e9670ef3f6e98ca21e5ca101324fddb19f2b728f8bc808ffc267be23350fac46?s=96&d=mm&r=g\",\"contentUrl\":\"https:\\\/\\\/secure.gravatar.com\\\/avatar\\\/e9670ef3f6e98ca21e5ca101324fddb19f2b728f8bc808ffc267be23350fac46?s=96&d=mm&r=g\",\"caption\":\"Prensa UCM\"},\"url\":\"https:\\\/\\\/www.ucm.edu.co\\\/en\\\/author\\\/prensa\\\/\"}]}<\/script>\n<!-- \/ Yoast SEO plugin. -->","yoast_head_json":{"title":"UCM gana convocatoria de CTeI","description":"La UCM gan\u00f3 convocatoria para desarrollar un prototipo de estaci\u00f3n remota para medir la calidad del agua. Un nuevo logro en investigaci\u00f3n.","robots":{"index":"index","follow":"follow","max-snippet":"max-snippet:-1","max-image-preview":"max-image-preview:large","max-video-preview":"max-video-preview:-1"},"canonical":"https:\/\/www.ucm.edu.co\/en\/ucm-gana-convocatoria-de-ctei-de-la-gobernacion-de-caldas-para-madurar-una-de-sus-patentes\/","og_locale":"en_US","og_type":"article","og_title":"UCM gana convocatoria de CTeI","og_description":"La UCM gan\u00f3 convocatoria para desarrollar un prototipo de estaci\u00f3n remota para medir la calidad del agua. Un nuevo logro en investigaci\u00f3n.","og_url":"https:\/\/www.ucm.edu.co\/en\/ucm-gana-convocatoria-de-ctei-de-la-gobernacion-de-caldas-para-madurar-una-de-sus-patentes\/","og_site_name":"UCM - Universidad Cat\u00f3lica de Manizales","article_publisher":"https:\/\/www.facebook.com\/ucatolicamanizales","article_published_time":"2024-11-08T23:36:16+00:00","article_modified_time":"2024-11-08T23:36:19+00:00","og_image":[{"width":800,"height":600,"url":"https:\/\/www.ucm.edu.co\/wp-content\/uploads\/2024\/11\/ucm-gana-convocatoria-ctei-1.jpg","type":"image\/jpeg"}],"author":"Prensa UCM","twitter_card":"summary_large_image","twitter_creator":"@ucm_manizales","twitter_site":"@ucm_manizales","twitter_misc":{"Written by":"Prensa UCM","Est. reading time":"3 minutes"},"schema":{"@context":"https:\/\/schema.org","@graph":[{"@type":"Article","@id":"https:\/\/www.ucm.edu.co\/ucm-gana-convocatoria-de-ctei-de-la-gobernacion-de-caldas-para-madurar-una-de-sus-patentes\/#article","isPartOf":{"@id":"https:\/\/www.ucm.edu.co\/ucm-gana-convocatoria-de-ctei-de-la-gobernacion-de-caldas-para-madurar-una-de-sus-patentes\/"},"author":{"name":"Prensa UCM","@id":"https:\/\/www.ucm.edu.co\/#\/schema\/person\/fea805666959d6cfcf87dea44ef2f0b8"},"headline":"UCM gana convocatoria de CTeI de la Gobernaci\u00f3n de Caldas para madurar una de sus patentes","datePublished":"2024-11-08T23:36:16+00:00","dateModified":"2024-11-08T23:36:19+00:00","mainEntityOfPage":{"@id":"https:\/\/www.ucm.edu.co\/ucm-gana-convocatoria-de-ctei-de-la-gobernacion-de-caldas-para-madurar-una-de-sus-patentes\/"},"wordCount":594,"publisher":{"@id":"https:\/\/www.ucm.edu.co\/#organization"},"image":{"@id":"https:\/\/www.ucm.edu.co\/ucm-gana-convocatoria-de-ctei-de-la-gobernacion-de-caldas-para-madurar-una-de-sus-patentes\/#primaryimage"},"thumbnailUrl":"https:\/\/www.ucm.edu.co\/wp-content\/uploads\/2024\/11\/ucm-gana-convocatoria-ctei-1.jpg","keywords":["Convocatoria CTeI","Innovaci\u00f3n","Investigaci\u00f3n UCM","Patente"],"articleSection":["Investigaci\u00f3n"],"inLanguage":"en-US"},{"@type":"WebPage","@id":"https:\/\/www.ucm.edu.co\/ucm-gana-convocatoria-de-ctei-de-la-gobernacion-de-caldas-para-madurar-una-de-sus-patentes\/","url":"https:\/\/www.ucm.edu.co\/ucm-gana-convocatoria-de-ctei-de-la-gobernacion-de-caldas-para-madurar-una-de-sus-patentes\/","name":"UCM gana convocatoria de CTeI","isPartOf":{"@id":"https:\/\/www.ucm.edu.co\/#website"},"primaryImageOfPage":{"@id":"https:\/\/www.ucm.edu.co\/ucm-gana-convocatoria-de-ctei-de-la-gobernacion-de-caldas-para-madurar-una-de-sus-patentes\/#primaryimage"},"image":{"@id":"https:\/\/www.ucm.edu.co\/ucm-gana-convocatoria-de-ctei-de-la-gobernacion-de-caldas-para-madurar-una-de-sus-patentes\/#primaryimage"},"thumbnailUrl":"https:\/\/www.ucm.edu.co\/wp-content\/uploads\/2024\/11\/ucm-gana-convocatoria-ctei-1.jpg","datePublished":"2024-11-08T23:36:16+00:00","dateModified":"2024-11-08T23:36:19+00:00","description":"La UCM gan\u00f3 convocatoria para desarrollar un prototipo de estaci\u00f3n remota para medir la calidad del agua. Un nuevo logro en investigaci\u00f3n.","breadcrumb":{"@id":"https:\/\/www.ucm.edu.co\/ucm-gana-convocatoria-de-ctei-de-la-gobernacion-de-caldas-para-madurar-una-de-sus-patentes\/#breadcrumb"},"inLanguage":"en-US","potentialAction":[{"@type":"ReadAction","target":["https:\/\/www.ucm.edu.co\/ucm-gana-convocatoria-de-ctei-de-la-gobernacion-de-caldas-para-madurar-una-de-sus-patentes\/"]}]},{"@type":"ImageObject","inLanguage":"en-US","@id":"https:\/\/www.ucm.edu.co\/ucm-gana-convocatoria-de-ctei-de-la-gobernacion-de-caldas-para-madurar-una-de-sus-patentes\/#primaryimage","url":"https:\/\/www.ucm.edu.co\/wp-content\/uploads\/2024\/11\/ucm-gana-convocatoria-ctei-1.jpg","contentUrl":"https:\/\/www.ucm.edu.co\/wp-content\/uploads\/2024\/11\/ucm-gana-convocatoria-ctei-1.jpg","width":800,"height":600,"caption":"ucm-gana-convocatoria-ctei-1.jpg"},{"@type":"BreadcrumbList","@id":"https:\/\/www.ucm.edu.co\/ucm-gana-convocatoria-de-ctei-de-la-gobernacion-de-caldas-para-madurar-una-de-sus-patentes\/#breadcrumb","itemListElement":[{"@type":"ListItem","position":1,"name":"Portada","item":"https:\/\/www.ucm.edu.co\/"},{"@type":"ListItem","position":2,"name":"UCM gana convocatoria de CTeI de la Gobernaci\u00f3n de Caldas para madurar una de sus patentes"}]},{"@type":"WebSite","@id":"https:\/\/www.ucm.edu.co\/#website","url":"https:\/\/www.ucm.edu.co\/","name":"UCM - Universidad Cat\u00f3lica de Manizales","description":"Ven a ser quien quieres ser","publisher":{"@id":"https:\/\/www.ucm.edu.co\/#organization"},"alternateName":"UCM","potentialAction":[{"@type":"SearchAction","target":{"@type":"EntryPoint","urlTemplate":"https:\/\/www.ucm.edu.co\/?s={search_term_string}"},"query-input":{"@type":"PropertyValueSpecification","valueRequired":true,"valueName":"search_term_string"}}],"inLanguage":"en-US"},{"@type":"Organization","@id":"https:\/\/www.ucm.edu.co\/#organization","name":"Universidad Cat\u00f3lica de Manizales","alternateName":"UCM","url":"https:\/\/www.ucm.edu.co\/","logo":{"@type":"ImageObject","inLanguage":"en-US","@id":"https:\/\/www.ucm.edu.co\/#\/schema\/logo\/image\/","url":"https:\/\/www.ucm.edu.co\/wp-content\/uploads\/2021\/03\/favicon_ucm.png","contentUrl":"https:\/\/www.ucm.edu.co\/wp-content\/uploads\/2021\/03\/favicon_ucm.png","width":512,"height":512,"caption":"Universidad Cat\u00f3lica de Manizales"},"image":{"@id":"https:\/\/www.ucm.edu.co\/#\/schema\/logo\/image\/"},"sameAs":["https:\/\/www.facebook.com\/ucatolicamanizales","https:\/\/x.com\/ucm_manizales","https:\/\/www.instagram.com\/ucatolicamanizales\/","https:\/\/co.linkedin.com\/school\/ucatolicamanizales\/","https:\/\/www.youtube.com\/user\/UCMtelevision"]},{"@type":"Person","@id":"https:\/\/www.ucm.edu.co\/#\/schema\/person\/fea805666959d6cfcf87dea44ef2f0b8","name":"Prensa UCM","image":{"@type":"ImageObject","inLanguage":"en-US","@id":"https:\/\/secure.gravatar.com\/avatar\/e9670ef3f6e98ca21e5ca101324fddb19f2b728f8bc808ffc267be23350fac46?s=96&d=mm&r=g","url":"https:\/\/secure.gravatar.com\/avatar\/e9670ef3f6e98ca21e5ca101324fddb19f2b728f8bc808ffc267be23350fac46?s=96&d=mm&r=g","contentUrl":"https:\/\/secure.gravatar.com\/avatar\/e9670ef3f6e98ca21e5ca101324fddb19f2b728f8bc808ffc267be23350fac46?s=96&d=mm&r=g","caption":"Prensa UCM"},"url":"https:\/\/www.ucm.edu.co\/en\/author\/prensa\/"}]}},"_links":{"self":[{"href":"https:\/\/www.ucm.edu.co\/en\/wp-json\/wp\/v2\/posts\/219235","targetHints":{"allow":["GET"]}}],"collection":[{"href":"https:\/\/www.ucm.edu.co\/en\/wp-json\/wp\/v2\/posts"}],"about":[{"href":"https:\/\/www.ucm.edu.co\/en\/wp-json\/wp\/v2\/types\/post"}],"author":[{"embeddable":true,"href":"https:\/\/www.ucm.edu.co\/en\/wp-json\/wp\/v2\/users\/5"}],"replies":[{"embeddable":true,"href":"https:\/\/www.ucm.edu.co\/en\/wp-json\/wp\/v2\/comments?post=219235"}],"version-history":[{"count":1,"href":"https:\/\/www.ucm.edu.co\/en\/wp-json\/wp\/v2\/posts\/219235\/revisions"}],"predecessor-version":[{"id":219239,"href":"https:\/\/www.ucm.edu.co\/en\/wp-json\/wp\/v2\/posts\/219235\/revisions\/219239"}],"wp:featuredmedia":[{"embeddable":true,"href":"https:\/\/www.ucm.edu.co\/en\/wp-json\/wp\/v2\/media\/219237"}],"wp:attachment":[{"href":"https:\/\/www.ucm.edu.co\/en\/wp-json\/wp\/v2\/media?parent=219235"}],"wp:term":[{"taxonomy":"category","embeddable":true,"href":"https:\/\/www.ucm.edu.co\/en\/wp-json\/wp\/v2\/categories?post=219235"},{"taxonomy":"post_tag","embeddable":true,"href":"https:\/\/www.ucm.edu.co\/en\/wp-json\/wp\/v2\/tags?post=219235"}],"curies":[{"name":"wp","href":"https:\/\/api.w.org\/{rel}","templated":true}]}}