{"id":218577,"date":"2024-10-08T18:34:53","date_gmt":"2024-10-08T23:34:53","guid":{"rendered":"https:\/\/www.ucm.edu.co\/?p=218577"},"modified":"2024-10-09T09:28:11","modified_gmt":"2024-10-09T14:28:11","slug":"simulacro-de-emergencias-en-la-ucm-un-compromiso-con-la-seguridad-y-salud-de-la-comunidad-universitaria","status":"publish","type":"post","link":"https:\/\/www.ucm.edu.co\/en\/simulacro-de-emergencias-en-la-ucm-un-compromiso-con-la-seguridad-y-salud-de-la-comunidad-universitaria\/","title":{"rendered":"Simulacro de Emergencias en la UCM: un compromiso con la seguridad y salud de la comunidad universitaria"},"content":{"rendered":"<p class=\"wp-block-paragraph\"><\/p>\n\n\n\n<p class=\"wp-block-paragraph\">La Universidad Cat\u00f3lica de Manizales (UCM) llev\u00f3 a cabo un<a href=\"https:\/\/portal.gestiondelriesgo.gov.co\/simulacro2024#:~:text=El%20Simulacro%20Nacional%20de%20Respuesta%20a%20Emergencias%202024%20se%20llevar%C3%A1,las%20necesidades%20de%20cada%20territorio.\"> Simulacro de Emergencias<\/a> que reuni\u00f3 a toda la comunidad en una pr\u00e1ctica de preparaci\u00f3n y respuesta ante posibles situaciones de riesgo. Esta actividad, que permiti\u00f3 la evacuaci\u00f3n de 472 personas, resalt\u00f3 la importancia de fortalecer la seguridad y salud en el trabajo, as\u00ed como el compromiso de todas las personas que conforman la UCM.<\/p>\n\n\n\n<p class=\"wp-block-paragraph\">En este ejercicio se simul\u00f3 un escenario cr\u00edtico que incluy\u00f3 tres personas afectadas: dos con lesiones, uno por quemaduras y otro con fractura de tibia y peron\u00e9, y una persona fallecida con quemaduras en el 100% de su cuerpo. Estas situaciones, recreadas cuidadosamente, permitieron evaluar los tiempos de respuesta y la efectividad de los protocolos de emergencia.<\/p>\n\n\n\n<p class=\"wp-block-paragraph\"><\/p>\n\n\n\n<div class=\"wp-block-columns is-layout-flex wp-container-core-columns-is-layout-8f761849 wp-block-columns-is-layout-flex\">\n<div class=\"wp-block-column is-layout-flow wp-block-column-is-layout-flow\">\n<figure class=\"wp-block-image aligncenter size-full is-resized\"><img loading=\"lazy\" decoding=\"async\" width=\"960\" height=\"879\" src=\"https:\/\/www.ucm.edu.co\/wp-content\/uploads\/2024\/10\/simulacro-nacional-emergencias-ucm-2024-.jpg\" alt=\"simulacro-nacional-emergencias-ucm-2024-.jpg\" class=\"wp-image-218579\" style=\"width:398px;height:auto\" srcset=\"https:\/\/www.ucm.edu.co\/wp-content\/uploads\/2024\/10\/simulacro-nacional-emergencias-ucm-2024-.jpg 960w, https:\/\/www.ucm.edu.co\/wp-content\/uploads\/2024\/10\/simulacro-nacional-emergencias-ucm-2024--480x440.jpg 480w\" sizes=\"(min-width: 0px) and (max-width: 480px) 480px, (min-width: 481px) 960px, 100vw\" \/><\/figure>\n<\/div>\n\n\n\n<div class=\"wp-block-column is-layout-flow wp-block-column-is-layout-flow\">\n<figure class=\"wp-block-image aligncenter size-full is-resized\"><img loading=\"lazy\" decoding=\"async\" width=\"720\" height=\"761\" src=\"https:\/\/www.ucm.edu.co\/wp-content\/uploads\/2024\/10\/simulacro-nacional-emergencias-ucm-2024-2.jpg\" alt=\"simulacro-nacional-emergencias-ucm-2024-2.jpg\" class=\"wp-image-218580\" style=\"width:345px;height:auto\" srcset=\"https:\/\/www.ucm.edu.co\/wp-content\/uploads\/2024\/10\/simulacro-nacional-emergencias-ucm-2024-2.jpg 720w, https:\/\/www.ucm.edu.co\/wp-content\/uploads\/2024\/10\/simulacro-nacional-emergencias-ucm-2024-2-480x507.jpg 480w\" sizes=\"(min-width: 0px) and (max-width: 480px) 480px, (min-width: 481px) 720px, 100vw\" \/><\/figure>\n<\/div>\n<\/div>\n\n\n\n<h2 class=\"wp-block-heading\">Comit\u00e9 de Gesti\u00f3n del Riesgo<\/h2>\n\n\n\n<p class=\"wp-block-paragraph\">El Comit\u00e9 de Gesti\u00f3n del Riesgo, encargado de coordinar la operaci\u00f3n del Simulacro de Emergencias, estuvo al frente de las decisiones para el adecuado manejo de la emergencia. Con el apoyo de los brigadistas se atendi\u00f3 a los lesionados y se logr\u00f3 contener el incendio en el \u00e1rea de pr\u00e1ctica. La dedicaci\u00f3n de los brigadistas y su habilidad para actuar en situaciones de riesgo destac\u00f3 la importancia de contar con equipos capacitados y comprometidos.<\/p>\n\n\n\n<blockquote class=\"wp-block-quote is-layout-flow wp-block-quote-is-layout-flow\">\n<p class=\"wp-block-paragraph\">\u00abEstos simulacros de emergencias son clave para identificar de manera anticipada \u00e1reas de mejora en nuestra respuesta ante emergencias, permiti\u00e9ndonos ajustar protocolos, entrenar al equipo de brigadistas y al Comit\u00e9 de Gesti\u00f3n del Riesgo, as\u00ed como educar a la comunidad universitaria sobre c\u00f3mo actuar de forma segura y efectiva. Anticiparnos con estos ejercicios fortalece la capacidad de respuesta de la UCM, garantizando que estemos mejor preparados para actuar en caso de un incidente real, protegiendo as\u00ed a nuestra comunidad y salvaguardando el bienestar colectivo\u00bb.<\/p>\n\n\n\n<p class=\"wp-block-paragraph\">Mariana Tabares Fl\u00f3rez, l\u00edder de Seguridad y Salud en el Trabajo UCM.<\/p>\n<\/blockquote>\n\n\n\n<p class=\"wp-block-paragraph\"><\/p>\n\n\n\n<figure class=\"wp-block-image aligncenter size-large is-resized\"><img loading=\"lazy\" decoding=\"async\" width=\"1024\" height=\"790\" src=\"https:\/\/www.ucm.edu.co\/wp-content\/uploads\/2024\/10\/simulacro-nacional-emergencias-ucm-2024-1-1024x790.jpg\" alt=\"simulacro-nacional-emergencias-ucm-2024-1.jpg\" class=\"wp-image-218581\" style=\"width:684px;height:auto\" srcset=\"https:\/\/www.ucm.edu.co\/wp-content\/uploads\/2024\/10\/simulacro-nacional-emergencias-ucm-2024-1-1024x790.jpg 1024w, https:\/\/www.ucm.edu.co\/wp-content\/uploads\/2024\/10\/simulacro-nacional-emergencias-ucm-2024-1-980x756.jpg 980w, https:\/\/www.ucm.edu.co\/wp-content\/uploads\/2024\/10\/simulacro-nacional-emergencias-ucm-2024-1-480x370.jpg 480w\" sizes=\"(min-width: 0px) and (max-width: 480px) 480px, (min-width: 481px) and (max-width: 980px) 980px, (min-width: 981px) 1024px, 100vw\" \/><\/figure>\n\n\n\n<p class=\"wp-block-paragraph\"><\/p>\n\n\n\n<p class=\"wp-block-paragraph\">Este simulacro forma parte del compromiso de la UCM con la mejora continua y la preparaci\u00f3n de su comunidad para enfrentar situaciones de emergencia. La Universidad reitera su misi\u00f3n de velar por un ambiente seguro, reafirmando su dedicaci\u00f3n a la seguridad y la prevenci\u00f3n como pilares de la experiencia universitaria.<\/p>\n\n\n\n<p class=\"wp-block-paragraph\">Tambi\u00e9n te puede interesar: <a href=\"https:\/\/www.ucm.edu.co\/en\/comite-de-seguridad-y-salud-en-el-trabajo-de-caldas-se-actualiza-en-la-ucm\/\" target=\"_blank\" rel=\"noreferrer noopener\">Capacitaci\u00f3n en SST impulsa el liderazgo de la UCM en pol\u00edticas de seguridad laboral en Caldas<\/a><\/p>","protected":false},"excerpt":{"rendered":"<p>La UCM llev\u00f3 a cabo un Simulacro de Emergencias que refuerza su compromiso con la seguridad y preparaci\u00f3n ante posibles incidentes, promoviendo una mejora continua en sus protocolos y respuesta ante emergencias.<\/p>","protected":false},"author":5,"featured_media":218578,"comment_status":"closed","ping_status":"open","sticky":false,"template":"","format":"standard","meta":{"_et_pb_use_builder":"","_et_pb_old_content":"","_et_gb_content_width":"","content-type":"","_monsterinsights_skip_tracking":false,"footnotes":""},"categories":[14],"tags":[909,873,907,908],"class_list":["post-218577","post","type-post","status-publish","format-standard","has-post-thumbnail","hentry","category-bienestar","tag-comite-de-gestion-del-riesgo","tag-seguridad-y-salud-en-el-trabajo","tag-simulacro-nacional-de-emergencias-2024","tag-sst"],"yoast_head":"<!-- This site is optimized with the Yoast SEO plugin v28.1 - https:\/\/yoast.com\/product\/yoast-seo-wordpress\/ -->\n<title>La UCM realiz\u00f3 el Simulacro de Emergencias 2024<\/title>\n<meta name=\"description\" content=\"Este simulacro de emergencias aport\u00f3 al reforzamiento del compromiso institucional con la seguridad y la mejora continua en manejo de crisis.\" \/>\n<meta name=\"robots\" content=\"index, follow, max-snippet:-1, max-image-preview:large, max-video-preview:-1\" \/>\n<link rel=\"canonical\" href=\"https:\/\/www.ucm.edu.co\/en\/simulacro-de-emergencias-en-la-ucm-un-compromiso-con-la-seguridad-y-salud-de-la-comunidad-universitaria\/\" \/>\n<meta property=\"og:locale\" content=\"en_US\" \/>\n<meta property=\"og:type\" content=\"article\" \/>\n<meta property=\"og:title\" content=\"La UCM realiz\u00f3 el Simulacro de Emergencias 2024\" \/>\n<meta property=\"og:description\" content=\"Este simulacro de emergencias aport\u00f3 al reforzamiento del compromiso institucional con la seguridad y la mejora continua en manejo de crisis.\" \/>\n<meta property=\"og:url\" content=\"https:\/\/www.ucm.edu.co\/en\/simulacro-de-emergencias-en-la-ucm-un-compromiso-con-la-seguridad-y-salud-de-la-comunidad-universitaria\/\" \/>\n<meta property=\"og:site_name\" content=\"UCM - Universidad Cat\u00f3lica de Manizales\" \/>\n<meta property=\"article:publisher\" content=\"https:\/\/www.facebook.com\/ucatolicamanizales\" \/>\n<meta property=\"article:published_time\" content=\"2024-10-08T23:34:53+00:00\" \/>\n<meta property=\"article:modified_time\" content=\"2024-10-09T14:28:11+00:00\" \/>\n<meta property=\"og:image\" content=\"https:\/\/www.ucm.edu.co\/wp-content\/uploads\/2024\/10\/simulacro-nacional-emergencias-ucm-2024.jpg\" \/>\n\t<meta property=\"og:image:width\" content=\"960\" \/>\n\t<meta property=\"og:image:height\" content=\"1003\" \/>\n\t<meta property=\"og:image:type\" content=\"image\/jpeg\" \/>\n<meta name=\"author\" content=\"Prensa UCM\" \/>\n<meta name=\"twitter:card\" content=\"summary_large_image\" \/>\n<meta name=\"twitter:creator\" content=\"@ucm_manizales\" \/>\n<meta name=\"twitter:site\" content=\"@ucm_manizales\" \/>\n<meta name=\"twitter:label1\" content=\"Written by\" \/>\n\t<meta name=\"twitter:data1\" content=\"Prensa UCM\" \/>\n\t<meta name=\"twitter:label2\" content=\"Est. reading time\" \/>\n\t<meta name=\"twitter:data2\" content=\"3 minutes\" \/>\n<script type=\"application\/ld+json\" class=\"yoast-schema-graph\">{\"@context\":\"https:\\\/\\\/schema.org\",\"@graph\":[{\"@type\":\"Article\",\"@id\":\"https:\\\/\\\/www.ucm.edu.co\\\/simulacro-de-emergencias-en-la-ucm-un-compromiso-con-la-seguridad-y-salud-de-la-comunidad-universitaria\\\/#article\",\"isPartOf\":{\"@id\":\"https:\\\/\\\/www.ucm.edu.co\\\/simulacro-de-emergencias-en-la-ucm-un-compromiso-con-la-seguridad-y-salud-de-la-comunidad-universitaria\\\/\"},\"author\":{\"name\":\"Prensa UCM\",\"@id\":\"https:\\\/\\\/www.ucm.edu.co\\\/#\\\/schema\\\/person\\\/fea805666959d6cfcf87dea44ef2f0b8\"},\"headline\":\"Simulacro de Emergencias en la UCM: un compromiso con la seguridad y salud de la comunidad universitaria\",\"datePublished\":\"2024-10-08T23:34:53+00:00\",\"dateModified\":\"2024-10-09T14:28:11+00:00\",\"mainEntityOfPage\":{\"@id\":\"https:\\\/\\\/www.ucm.edu.co\\\/simulacro-de-emergencias-en-la-ucm-un-compromiso-con-la-seguridad-y-salud-de-la-comunidad-universitaria\\\/\"},\"wordCount\":403,\"publisher\":{\"@id\":\"https:\\\/\\\/www.ucm.edu.co\\\/#organization\"},\"image\":{\"@id\":\"https:\\\/\\\/www.ucm.edu.co\\\/simulacro-de-emergencias-en-la-ucm-un-compromiso-con-la-seguridad-y-salud-de-la-comunidad-universitaria\\\/#primaryimage\"},\"thumbnailUrl\":\"https:\\\/\\\/www.ucm.edu.co\\\/wp-content\\\/uploads\\\/2024\\\/10\\\/simulacro-nacional-emergencias-ucm-2024.jpg\",\"keywords\":[\"Comit\u00e9 de Gesti\u00f3n del Riesgo\",\"Seguridad y Salud en el Trabajo\",\"Simulacro Nacional de Emergencias 2024\",\"SST\"],\"articleSection\":[\"Bienestar\"],\"inLanguage\":\"en-US\"},{\"@type\":\"WebPage\",\"@id\":\"https:\\\/\\\/www.ucm.edu.co\\\/simulacro-de-emergencias-en-la-ucm-un-compromiso-con-la-seguridad-y-salud-de-la-comunidad-universitaria\\\/\",\"url\":\"https:\\\/\\\/www.ucm.edu.co\\\/simulacro-de-emergencias-en-la-ucm-un-compromiso-con-la-seguridad-y-salud-de-la-comunidad-universitaria\\\/\",\"name\":\"La UCM realiz\u00f3 el Simulacro de Emergencias 2024\",\"isPartOf\":{\"@id\":\"https:\\\/\\\/www.ucm.edu.co\\\/#website\"},\"primaryImageOfPage\":{\"@id\":\"https:\\\/\\\/www.ucm.edu.co\\\/simulacro-de-emergencias-en-la-ucm-un-compromiso-con-la-seguridad-y-salud-de-la-comunidad-universitaria\\\/#primaryimage\"},\"image\":{\"@id\":\"https:\\\/\\\/www.ucm.edu.co\\\/simulacro-de-emergencias-en-la-ucm-un-compromiso-con-la-seguridad-y-salud-de-la-comunidad-universitaria\\\/#primaryimage\"},\"thumbnailUrl\":\"https:\\\/\\\/www.ucm.edu.co\\\/wp-content\\\/uploads\\\/2024\\\/10\\\/simulacro-nacional-emergencias-ucm-2024.jpg\",\"datePublished\":\"2024-10-08T23:34:53+00:00\",\"dateModified\":\"2024-10-09T14:28:11+00:00\",\"description\":\"Este simulacro de emergencias aport\u00f3 al reforzamiento del compromiso institucional con la seguridad y la mejora continua en manejo de crisis.\",\"breadcrumb\":{\"@id\":\"https:\\\/\\\/www.ucm.edu.co\\\/simulacro-de-emergencias-en-la-ucm-un-compromiso-con-la-seguridad-y-salud-de-la-comunidad-universitaria\\\/#breadcrumb\"},\"inLanguage\":\"en-US\",\"potentialAction\":[{\"@type\":\"ReadAction\",\"target\":[\"https:\\\/\\\/www.ucm.edu.co\\\/simulacro-de-emergencias-en-la-ucm-un-compromiso-con-la-seguridad-y-salud-de-la-comunidad-universitaria\\\/\"]}]},{\"@type\":\"ImageObject\",\"inLanguage\":\"en-US\",\"@id\":\"https:\\\/\\\/www.ucm.edu.co\\\/simulacro-de-emergencias-en-la-ucm-un-compromiso-con-la-seguridad-y-salud-de-la-comunidad-universitaria\\\/#primaryimage\",\"url\":\"https:\\\/\\\/www.ucm.edu.co\\\/wp-content\\\/uploads\\\/2024\\\/10\\\/simulacro-nacional-emergencias-ucm-2024.jpg\",\"contentUrl\":\"https:\\\/\\\/www.ucm.edu.co\\\/wp-content\\\/uploads\\\/2024\\\/10\\\/simulacro-nacional-emergencias-ucm-2024.jpg\",\"width\":960,\"height\":1003,\"caption\":\"simulacro-nacional-emergencias-ucm-2024.jpg\"},{\"@type\":\"BreadcrumbList\",\"@id\":\"https:\\\/\\\/www.ucm.edu.co\\\/simulacro-de-emergencias-en-la-ucm-un-compromiso-con-la-seguridad-y-salud-de-la-comunidad-universitaria\\\/#breadcrumb\",\"itemListElement\":[{\"@type\":\"ListItem\",\"position\":1,\"name\":\"Portada\",\"item\":\"https:\\\/\\\/www.ucm.edu.co\\\/\"},{\"@type\":\"ListItem\",\"position\":2,\"name\":\"Simulacro de Emergencias en la UCM: un compromiso con la seguridad y salud de la comunidad universitaria\"}]},{\"@type\":\"WebSite\",\"@id\":\"https:\\\/\\\/www.ucm.edu.co\\\/#website\",\"url\":\"https:\\\/\\\/www.ucm.edu.co\\\/\",\"name\":\"UCM - Universidad Cat\u00f3lica de Manizales\",\"description\":\"Ven a ser quien quieres ser\",\"publisher\":{\"@id\":\"https:\\\/\\\/www.ucm.edu.co\\\/#organization\"},\"alternateName\":\"UCM\",\"potentialAction\":[{\"@type\":\"SearchAction\",\"target\":{\"@type\":\"EntryPoint\",\"urlTemplate\":\"https:\\\/\\\/www.ucm.edu.co\\\/?s={search_term_string}\"},\"query-input\":{\"@type\":\"PropertyValueSpecification\",\"valueRequired\":true,\"valueName\":\"search_term_string\"}}],\"inLanguage\":\"en-US\"},{\"@type\":\"Organization\",\"@id\":\"https:\\\/\\\/www.ucm.edu.co\\\/#organization\",\"name\":\"Universidad Cat\u00f3lica de Manizales\",\"alternateName\":\"UCM\",\"url\":\"https:\\\/\\\/www.ucm.edu.co\\\/\",\"logo\":{\"@type\":\"ImageObject\",\"inLanguage\":\"en-US\",\"@id\":\"https:\\\/\\\/www.ucm.edu.co\\\/#\\\/schema\\\/logo\\\/image\\\/\",\"url\":\"https:\\\/\\\/www.ucm.edu.co\\\/wp-content\\\/uploads\\\/2021\\\/03\\\/favicon_ucm.png\",\"contentUrl\":\"https:\\\/\\\/www.ucm.edu.co\\\/wp-content\\\/uploads\\\/2021\\\/03\\\/favicon_ucm.png\",\"width\":512,\"height\":512,\"caption\":\"Universidad Cat\u00f3lica de Manizales\"},\"image\":{\"@id\":\"https:\\\/\\\/www.ucm.edu.co\\\/#\\\/schema\\\/logo\\\/image\\\/\"},\"sameAs\":[\"https:\\\/\\\/www.facebook.com\\\/ucatolicamanizales\",\"https:\\\/\\\/x.com\\\/ucm_manizales\",\"https:\\\/\\\/www.instagram.com\\\/ucatolicamanizales\\\/\",\"https:\\\/\\\/co.linkedin.com\\\/school\\\/ucatolicamanizales\\\/\",\"https:\\\/\\\/www.youtube.com\\\/user\\\/UCMtelevision\"]},{\"@type\":\"Person\",\"@id\":\"https:\\\/\\\/www.ucm.edu.co\\\/#\\\/schema\\\/person\\\/fea805666959d6cfcf87dea44ef2f0b8\",\"name\":\"Prensa UCM\",\"image\":{\"@type\":\"ImageObject\",\"inLanguage\":\"en-US\",\"@id\":\"https:\\\/\\\/secure.gravatar.com\\\/avatar\\\/e9670ef3f6e98ca21e5ca101324fddb19f2b728f8bc808ffc267be23350fac46?s=96&d=mm&r=g\",\"url\":\"https:\\\/\\\/secure.gravatar.com\\\/avatar\\\/e9670ef3f6e98ca21e5ca101324fddb19f2b728f8bc808ffc267be23350fac46?s=96&d=mm&r=g\",\"contentUrl\":\"https:\\\/\\\/secure.gravatar.com\\\/avatar\\\/e9670ef3f6e98ca21e5ca101324fddb19f2b728f8bc808ffc267be23350fac46?s=96&d=mm&r=g\",\"caption\":\"Prensa UCM\"},\"url\":\"https:\\\/\\\/www.ucm.edu.co\\\/en\\\/author\\\/prensa\\\/\"}]}<\/script>\n<!-- \/ Yoast SEO plugin. -->","yoast_head_json":{"title":"La UCM realiz\u00f3 el Simulacro de Emergencias 2024","description":"Este simulacro de emergencias aport\u00f3 al reforzamiento del compromiso institucional con la seguridad y la mejora continua en manejo de crisis.","robots":{"index":"index","follow":"follow","max-snippet":"max-snippet:-1","max-image-preview":"max-image-preview:large","max-video-preview":"max-video-preview:-1"},"canonical":"https:\/\/www.ucm.edu.co\/en\/simulacro-de-emergencias-en-la-ucm-un-compromiso-con-la-seguridad-y-salud-de-la-comunidad-universitaria\/","og_locale":"en_US","og_type":"article","og_title":"La UCM realiz\u00f3 el Simulacro de Emergencias 2024","og_description":"Este simulacro de emergencias aport\u00f3 al reforzamiento del compromiso institucional con la seguridad y la mejora continua en manejo de crisis.","og_url":"https:\/\/www.ucm.edu.co\/en\/simulacro-de-emergencias-en-la-ucm-un-compromiso-con-la-seguridad-y-salud-de-la-comunidad-universitaria\/","og_site_name":"UCM - Universidad Cat\u00f3lica de Manizales","article_publisher":"https:\/\/www.facebook.com\/ucatolicamanizales","article_published_time":"2024-10-08T23:34:53+00:00","article_modified_time":"2024-10-09T14:28:11+00:00","og_image":[{"width":960,"height":1003,"url":"https:\/\/www.ucm.edu.co\/wp-content\/uploads\/2024\/10\/simulacro-nacional-emergencias-ucm-2024.jpg","type":"image\/jpeg"}],"author":"Prensa UCM","twitter_card":"summary_large_image","twitter_creator":"@ucm_manizales","twitter_site":"@ucm_manizales","twitter_misc":{"Written by":"Prensa UCM","Est. reading time":"3 minutes"},"schema":{"@context":"https:\/\/schema.org","@graph":[{"@type":"Article","@id":"https:\/\/www.ucm.edu.co\/simulacro-de-emergencias-en-la-ucm-un-compromiso-con-la-seguridad-y-salud-de-la-comunidad-universitaria\/#article","isPartOf":{"@id":"https:\/\/www.ucm.edu.co\/simulacro-de-emergencias-en-la-ucm-un-compromiso-con-la-seguridad-y-salud-de-la-comunidad-universitaria\/"},"author":{"name":"Prensa UCM","@id":"https:\/\/www.ucm.edu.co\/#\/schema\/person\/fea805666959d6cfcf87dea44ef2f0b8"},"headline":"Simulacro de Emergencias en la UCM: un compromiso con la seguridad y salud de la comunidad universitaria","datePublished":"2024-10-08T23:34:53+00:00","dateModified":"2024-10-09T14:28:11+00:00","mainEntityOfPage":{"@id":"https:\/\/www.ucm.edu.co\/simulacro-de-emergencias-en-la-ucm-un-compromiso-con-la-seguridad-y-salud-de-la-comunidad-universitaria\/"},"wordCount":403,"publisher":{"@id":"https:\/\/www.ucm.edu.co\/#organization"},"image":{"@id":"https:\/\/www.ucm.edu.co\/simulacro-de-emergencias-en-la-ucm-un-compromiso-con-la-seguridad-y-salud-de-la-comunidad-universitaria\/#primaryimage"},"thumbnailUrl":"https:\/\/www.ucm.edu.co\/wp-content\/uploads\/2024\/10\/simulacro-nacional-emergencias-ucm-2024.jpg","keywords":["Comit\u00e9 de Gesti\u00f3n del Riesgo","Seguridad y Salud en el Trabajo","Simulacro Nacional de Emergencias 2024","SST"],"articleSection":["Bienestar"],"inLanguage":"en-US"},{"@type":"WebPage","@id":"https:\/\/www.ucm.edu.co\/simulacro-de-emergencias-en-la-ucm-un-compromiso-con-la-seguridad-y-salud-de-la-comunidad-universitaria\/","url":"https:\/\/www.ucm.edu.co\/simulacro-de-emergencias-en-la-ucm-un-compromiso-con-la-seguridad-y-salud-de-la-comunidad-universitaria\/","name":"La UCM realiz\u00f3 el Simulacro de Emergencias 2024","isPartOf":{"@id":"https:\/\/www.ucm.edu.co\/#website"},"primaryImageOfPage":{"@id":"https:\/\/www.ucm.edu.co\/simulacro-de-emergencias-en-la-ucm-un-compromiso-con-la-seguridad-y-salud-de-la-comunidad-universitaria\/#primaryimage"},"image":{"@id":"https:\/\/www.ucm.edu.co\/simulacro-de-emergencias-en-la-ucm-un-compromiso-con-la-seguridad-y-salud-de-la-comunidad-universitaria\/#primaryimage"},"thumbnailUrl":"https:\/\/www.ucm.edu.co\/wp-content\/uploads\/2024\/10\/simulacro-nacional-emergencias-ucm-2024.jpg","datePublished":"2024-10-08T23:34:53+00:00","dateModified":"2024-10-09T14:28:11+00:00","description":"Este simulacro de emergencias aport\u00f3 al reforzamiento del compromiso institucional con la seguridad y la mejora continua en manejo de crisis.","breadcrumb":{"@id":"https:\/\/www.ucm.edu.co\/simulacro-de-emergencias-en-la-ucm-un-compromiso-con-la-seguridad-y-salud-de-la-comunidad-universitaria\/#breadcrumb"},"inLanguage":"en-US","potentialAction":[{"@type":"ReadAction","target":["https:\/\/www.ucm.edu.co\/simulacro-de-emergencias-en-la-ucm-un-compromiso-con-la-seguridad-y-salud-de-la-comunidad-universitaria\/"]}]},{"@type":"ImageObject","inLanguage":"en-US","@id":"https:\/\/www.ucm.edu.co\/simulacro-de-emergencias-en-la-ucm-un-compromiso-con-la-seguridad-y-salud-de-la-comunidad-universitaria\/#primaryimage","url":"https:\/\/www.ucm.edu.co\/wp-content\/uploads\/2024\/10\/simulacro-nacional-emergencias-ucm-2024.jpg","contentUrl":"https:\/\/www.ucm.edu.co\/wp-content\/uploads\/2024\/10\/simulacro-nacional-emergencias-ucm-2024.jpg","width":960,"height":1003,"caption":"simulacro-nacional-emergencias-ucm-2024.jpg"},{"@type":"BreadcrumbList","@id":"https:\/\/www.ucm.edu.co\/simulacro-de-emergencias-en-la-ucm-un-compromiso-con-la-seguridad-y-salud-de-la-comunidad-universitaria\/#breadcrumb","itemListElement":[{"@type":"ListItem","position":1,"name":"Portada","item":"https:\/\/www.ucm.edu.co\/"},{"@type":"ListItem","position":2,"name":"Simulacro de Emergencias en la UCM: un compromiso con la seguridad y salud de la comunidad universitaria"}]},{"@type":"WebSite","@id":"https:\/\/www.ucm.edu.co\/#website","url":"https:\/\/www.ucm.edu.co\/","name":"UCM - Universidad Cat\u00f3lica de Manizales","description":"Ven a ser quien quieres ser","publisher":{"@id":"https:\/\/www.ucm.edu.co\/#organization"},"alternateName":"UCM","potentialAction":[{"@type":"SearchAction","target":{"@type":"EntryPoint","urlTemplate":"https:\/\/www.ucm.edu.co\/?s={search_term_string}"},"query-input":{"@type":"PropertyValueSpecification","valueRequired":true,"valueName":"search_term_string"}}],"inLanguage":"en-US"},{"@type":"Organization","@id":"https:\/\/www.ucm.edu.co\/#organization","name":"Universidad Cat\u00f3lica de Manizales","alternateName":"UCM","url":"https:\/\/www.ucm.edu.co\/","logo":{"@type":"ImageObject","inLanguage":"en-US","@id":"https:\/\/www.ucm.edu.co\/#\/schema\/logo\/image\/","url":"https:\/\/www.ucm.edu.co\/wp-content\/uploads\/2021\/03\/favicon_ucm.png","contentUrl":"https:\/\/www.ucm.edu.co\/wp-content\/uploads\/2021\/03\/favicon_ucm.png","width":512,"height":512,"caption":"Universidad Cat\u00f3lica de Manizales"},"image":{"@id":"https:\/\/www.ucm.edu.co\/#\/schema\/logo\/image\/"},"sameAs":["https:\/\/www.facebook.com\/ucatolicamanizales","https:\/\/x.com\/ucm_manizales","https:\/\/www.instagram.com\/ucatolicamanizales\/","https:\/\/co.linkedin.com\/school\/ucatolicamanizales\/","https:\/\/www.youtube.com\/user\/UCMtelevision"]},{"@type":"Person","@id":"https:\/\/www.ucm.edu.co\/#\/schema\/person\/fea805666959d6cfcf87dea44ef2f0b8","name":"Prensa UCM","image":{"@type":"ImageObject","inLanguage":"en-US","@id":"https:\/\/secure.gravatar.com\/avatar\/e9670ef3f6e98ca21e5ca101324fddb19f2b728f8bc808ffc267be23350fac46?s=96&d=mm&r=g","url":"https:\/\/secure.gravatar.com\/avatar\/e9670ef3f6e98ca21e5ca101324fddb19f2b728f8bc808ffc267be23350fac46?s=96&d=mm&r=g","contentUrl":"https:\/\/secure.gravatar.com\/avatar\/e9670ef3f6e98ca21e5ca101324fddb19f2b728f8bc808ffc267be23350fac46?s=96&d=mm&r=g","caption":"Prensa UCM"},"url":"https:\/\/www.ucm.edu.co\/en\/author\/prensa\/"}]}},"_links":{"self":[{"href":"https:\/\/www.ucm.edu.co\/en\/wp-json\/wp\/v2\/posts\/218577","targetHints":{"allow":["GET"]}}],"collection":[{"href":"https:\/\/www.ucm.edu.co\/en\/wp-json\/wp\/v2\/posts"}],"about":[{"href":"https:\/\/www.ucm.edu.co\/en\/wp-json\/wp\/v2\/types\/post"}],"author":[{"embeddable":true,"href":"https:\/\/www.ucm.edu.co\/en\/wp-json\/wp\/v2\/users\/5"}],"replies":[{"embeddable":true,"href":"https:\/\/www.ucm.edu.co\/en\/wp-json\/wp\/v2\/comments?post=218577"}],"version-history":[{"count":5,"href":"https:\/\/www.ucm.edu.co\/en\/wp-json\/wp\/v2\/posts\/218577\/revisions"}],"predecessor-version":[{"id":218593,"href":"https:\/\/www.ucm.edu.co\/en\/wp-json\/wp\/v2\/posts\/218577\/revisions\/218593"}],"wp:featuredmedia":[{"embeddable":true,"href":"https:\/\/www.ucm.edu.co\/en\/wp-json\/wp\/v2\/media\/218578"}],"wp:attachment":[{"href":"https:\/\/www.ucm.edu.co\/en\/wp-json\/wp\/v2\/media?parent=218577"}],"wp:term":[{"taxonomy":"category","embeddable":true,"href":"https:\/\/www.ucm.edu.co\/en\/wp-json\/wp\/v2\/categories?post=218577"},{"taxonomy":"post_tag","embeddable":true,"href":"https:\/\/www.ucm.edu.co\/en\/wp-json\/wp\/v2\/tags?post=218577"}],"curies":[{"name":"wp","href":"https:\/\/api.w.org\/{rel}","templated":true}]}}