{"id":216397,"date":"2024-06-20T09:39:21","date_gmt":"2024-06-20T14:39:21","guid":{"rendered":"https:\/\/www.ucm.edu.co\/?p=216397"},"modified":"2024-06-20T09:39:23","modified_gmt":"2024-06-20T14:39:23","slug":"minciencias-abre-convocatoria-categorizacion-grupos-investigacion","status":"publish","type":"post","link":"https:\/\/www.ucm.edu.co\/en\/minciencias-abre-convocatoria-categorizacion-grupos-investigacion\/","title":{"rendered":"Minciencias abre la convocatoria para la categorizaci\u00f3n de grupos de Investigaci\u00f3n e Investigadores"},"content":{"rendered":"<p class=\"wp-block-paragraph\">La Direcci\u00f3n de Investigaciones y Posgrados se permite informar que se encuentra abierta la Convocatoria Nacional de Actualizaci\u00f3n y transici\u00f3n para el reconocimiento y Medici\u00f3n de <a href=\"https:\/\/www.ucm.edu.co\/en\/grupos-de-investigacion\/\" target=\"_blank\" rel=\"noreferrer noopener\">Research Groups<\/a>, desarrollo tecnol\u00f3gico o de innovaci\u00f3n y para el reconocimiento de investigadores del Sistema Nacional De Ciencia, Tecnolog\u00eda e Innovaci\u00f3n.<\/p>\n\n\n\n<p class=\"wp-block-paragraph\">El objetivo de la convocatoria es \u201cActualizar la informaci\u00f3n proveniente de los Grupos de Investigaci\u00f3n, Desarrollo Tecnol\u00f3gico o de Innovaci\u00f3n y los investigadores del pa\u00eds, sus actividades y los resultados logrados para generar conocimiento sobre las capacidades, fortalezas, debilidades y potencialidades de quienes integran el <a href=\"https:\/\/minciencias.gov.co\/glosario\/sistema-nacional-ciencia-tecnologia-e-innovacion-sncti\" target=\"_blank\" rel=\"noreferrer noopener\">SNCTI<\/a>\u201d. <\/p>\n\n\n\n<p class=\"wp-block-paragraph\">Esta convocatoria estar\u00e1 abierta hasta el 19 de septiembre de 2024. Los resultados preliminares se publicar\u00e1n el 17 de diciembre del presente a\u00f1o y los resultados definitivos se tendr\u00e1n el 25 de marzo de 2025. Es importante porque constituye una contrastaci\u00f3n de los grupos de investigaci\u00f3n de la UCM con los dem\u00e1s grupos del pa\u00eds en cada \u00e1rea del conocimiento. <\/p>\n\n\n\n<p class=\"wp-block-paragraph\">Adem\u00e1s, es un camino para evidenciar el desarrollo investigativo, en el marco del aseguramiento de la calidad y la mejora continua, durante las visitas de renovaci\u00f3n de registros y acreditaci\u00f3n de alta calidad de los programas e institucional. Asimismo, los resultados de la convocatoria tienen efecto en la participaci\u00f3n de otras convocatorias de <a href=\"https:\/\/minciencias.gov.co\/\" target=\"_blank\" rel=\"noreferrer noopener\">MinCiencias<\/a> e incluso en los requisitos de ascenso en el escalaf\u00f3n profesoral de la UCM, explic\u00f3 el director de investigaciones y posgrados Eduardo Javid Corpas Iguar\u00e1n.<\/p>\n\n\n\n<p class=\"wp-block-paragraph\">La informaci\u00f3n completa de la convocatoria se puede encontrar aqu\u00ed: <\/p>\n\n\n\n<p class=\"wp-block-paragraph\"><\/p>\n\n\n\n<div class=\"wp-block-buttons is-layout-flex wp-block-buttons-is-layout-flex\"><\/div>\n\n\n\n<div class=\"wp-block-buttons is-layout-flex wp-block-buttons-is-layout-flex\"><\/div>\n\n\n\n<div class=\"wp-block-buttons is-layout-flex wp-block-buttons-is-layout-flex\">\n<div class=\"wp-block-button\"><a class=\"boton_generico wp-block-button__link wp-element-button\" href=\"https:\/\/minciencias.gov.co\/convocatorias\/investigacion\/convocatoria-nacional-actualizacion-y-transicion-para-el-reconocimiento\" target=\"_blank\" rel=\"noreferrer noopener\">Convocatoria <br>Categorizaci\u00f3n<\/a><\/div>\n<\/div>\n\n\n\n<p class=\"wp-block-paragraph\"><\/p>\n\n\n\n<p class=\"wp-block-paragraph\">Tambi\u00e9n te puede interesar: <a href=\"https:\/\/www.ucm.edu.co\/en\/recuperacion-tecnologica-lengua-embera-katio-un-proyecto-de-preservacion-cultural\/\">Recuperaci\u00f3n Tecnol\u00f3gica de la Lengua Ember\u00e1 Kat\u00edo: un proyecto de preservaci\u00f3n cultural<\/a><\/p>","protected":false},"excerpt":{"rendered":"<p>Esta convocatoria establece el proceso de reconocimiento de grupos de investigaci\u00f3n que se aplicar\u00e1 para todos los registros de grupos que tengan un aval institucional. <\/p>","protected":false},"author":5,"featured_media":216403,"comment_status":"closed","ping_status":"open","sticky":false,"template":"","format":"standard","meta":{"_et_pb_use_builder":"","_et_pb_old_content":"","_et_gb_content_width":"","content-type":"","_monsterinsights_skip_tracking":false,"footnotes":""},"categories":[12],"tags":[102,271,381,386,369,99],"class_list":["post-216397","post","type-post","status-publish","format-standard","has-post-thumbnail","hentry","category-investigacion","tag-convocatoria","tag-investigacion","tag-investigacion-e-innovacion-ucm","tag-investigacion-ucm","tag-investigadores-ucm","tag-minciencias"],"yoast_head":"<!-- This site is optimized with the Yoast SEO plugin v28.1 - https:\/\/yoast.com\/product\/yoast-seo-wordpress\/ -->\n<title>Abierta convocatoria de categorizaci\u00f3n de grupos de Investigaci\u00f3n<\/title>\n<meta name=\"description\" content=\"Minciencias abre convocatoria de categorizaci\u00f3n de grupos de Investigaci\u00f3n e investigadores del Sistema Nacional De Ciencia, Tecnolog\u00eda e Innovaci\u00f3n.\" \/>\n<meta name=\"robots\" content=\"index, follow, max-snippet:-1, max-image-preview:large, max-video-preview:-1\" \/>\n<link rel=\"canonical\" href=\"https:\/\/www.ucm.edu.co\/en\/minciencias-abre-convocatoria-categorizacion-grupos-investigacion\/\" \/>\n<meta property=\"og:locale\" content=\"en_US\" \/>\n<meta property=\"og:type\" content=\"article\" \/>\n<meta property=\"og:title\" content=\"Abierta convocatoria de categorizaci\u00f3n de grupos de Investigaci\u00f3n\" \/>\n<meta property=\"og:description\" content=\"Minciencias abre convocatoria de categorizaci\u00f3n de grupos de Investigaci\u00f3n e investigadores del Sistema Nacional De Ciencia, Tecnolog\u00eda e Innovaci\u00f3n.\" \/>\n<meta property=\"og:url\" content=\"https:\/\/www.ucm.edu.co\/en\/minciencias-abre-convocatoria-categorizacion-grupos-investigacion\/\" \/>\n<meta property=\"og:site_name\" content=\"UCM - Universidad Cat\u00f3lica de Manizales\" \/>\n<meta property=\"article:publisher\" content=\"https:\/\/www.facebook.com\/ucatolicamanizales\" \/>\n<meta property=\"article:published_time\" content=\"2024-06-20T14:39:21+00:00\" \/>\n<meta property=\"article:modified_time\" content=\"2024-06-20T14:39:23+00:00\" \/>\n<meta property=\"og:image\" content=\"https:\/\/www.ucm.edu.co\/wp-content\/uploads\/2024\/06\/Investigador-1.jpg\" \/>\n\t<meta property=\"og:image:width\" content=\"740\" \/>\n\t<meta property=\"og:image:height\" content=\"493\" \/>\n\t<meta property=\"og:image:type\" content=\"image\/jpeg\" \/>\n<meta name=\"author\" content=\"Prensa UCM\" \/>\n<meta name=\"twitter:card\" content=\"summary_large_image\" \/>\n<meta name=\"twitter:creator\" content=\"@ucm_manizales\" \/>\n<meta name=\"twitter:site\" content=\"@ucm_manizales\" \/>\n<meta name=\"twitter:label1\" content=\"Written by\" \/>\n\t<meta name=\"twitter:data1\" content=\"Prensa UCM\" \/>\n\t<meta name=\"twitter:label2\" content=\"Est. reading time\" \/>\n\t<meta name=\"twitter:data2\" content=\"2 minutes\" \/>\n<script type=\"application\/ld+json\" class=\"yoast-schema-graph\">{\"@context\":\"https:\\\/\\\/schema.org\",\"@graph\":[{\"@type\":\"Article\",\"@id\":\"https:\\\/\\\/www.ucm.edu.co\\\/minciencias-abre-convocatoria-categorizacion-grupos-investigacion\\\/#article\",\"isPartOf\":{\"@id\":\"https:\\\/\\\/www.ucm.edu.co\\\/minciencias-abre-convocatoria-categorizacion-grupos-investigacion\\\/\"},\"author\":{\"name\":\"Prensa UCM\",\"@id\":\"https:\\\/\\\/www.ucm.edu.co\\\/#\\\/schema\\\/person\\\/fea805666959d6cfcf87dea44ef2f0b8\"},\"headline\":\"Minciencias abre la convocatoria para la categorizaci\u00f3n de grupos de Investigaci\u00f3n e Investigadores\",\"datePublished\":\"2024-06-20T14:39:21+00:00\",\"dateModified\":\"2024-06-20T14:39:23+00:00\",\"mainEntityOfPage\":{\"@id\":\"https:\\\/\\\/www.ucm.edu.co\\\/minciencias-abre-convocatoria-categorizacion-grupos-investigacion\\\/\"},\"wordCount\":305,\"publisher\":{\"@id\":\"https:\\\/\\\/www.ucm.edu.co\\\/#organization\"},\"image\":{\"@id\":\"https:\\\/\\\/www.ucm.edu.co\\\/minciencias-abre-convocatoria-categorizacion-grupos-investigacion\\\/#primaryimage\"},\"thumbnailUrl\":\"https:\\\/\\\/www.ucm.edu.co\\\/wp-content\\\/uploads\\\/2024\\\/06\\\/Investigador-1.jpg\",\"keywords\":[\"convocatoria\",\"Investigaci\u00f3n\",\"Investigaci\u00f3n e Innovaci\u00f3n UCM\",\"Investigaci\u00f3n UCM\",\"Investigadores UCM\",\"Minciencias\"],\"articleSection\":[\"Investigaci\u00f3n\"],\"inLanguage\":\"en-US\"},{\"@type\":\"WebPage\",\"@id\":\"https:\\\/\\\/www.ucm.edu.co\\\/minciencias-abre-convocatoria-categorizacion-grupos-investigacion\\\/\",\"url\":\"https:\\\/\\\/www.ucm.edu.co\\\/minciencias-abre-convocatoria-categorizacion-grupos-investigacion\\\/\",\"name\":\"Abierta convocatoria de categorizaci\u00f3n de grupos de Investigaci\u00f3n\",\"isPartOf\":{\"@id\":\"https:\\\/\\\/www.ucm.edu.co\\\/#website\"},\"primaryImageOfPage\":{\"@id\":\"https:\\\/\\\/www.ucm.edu.co\\\/minciencias-abre-convocatoria-categorizacion-grupos-investigacion\\\/#primaryimage\"},\"image\":{\"@id\":\"https:\\\/\\\/www.ucm.edu.co\\\/minciencias-abre-convocatoria-categorizacion-grupos-investigacion\\\/#primaryimage\"},\"thumbnailUrl\":\"https:\\\/\\\/www.ucm.edu.co\\\/wp-content\\\/uploads\\\/2024\\\/06\\\/Investigador-1.jpg\",\"datePublished\":\"2024-06-20T14:39:21+00:00\",\"dateModified\":\"2024-06-20T14:39:23+00:00\",\"description\":\"Minciencias abre convocatoria de categorizaci\u00f3n de grupos de Investigaci\u00f3n e investigadores del Sistema Nacional De Ciencia, Tecnolog\u00eda e Innovaci\u00f3n.\",\"breadcrumb\":{\"@id\":\"https:\\\/\\\/www.ucm.edu.co\\\/minciencias-abre-convocatoria-categorizacion-grupos-investigacion\\\/#breadcrumb\"},\"inLanguage\":\"en-US\",\"potentialAction\":[{\"@type\":\"ReadAction\",\"target\":[\"https:\\\/\\\/www.ucm.edu.co\\\/minciencias-abre-convocatoria-categorizacion-grupos-investigacion\\\/\"]}]},{\"@type\":\"ImageObject\",\"inLanguage\":\"en-US\",\"@id\":\"https:\\\/\\\/www.ucm.edu.co\\\/minciencias-abre-convocatoria-categorizacion-grupos-investigacion\\\/#primaryimage\",\"url\":\"https:\\\/\\\/www.ucm.edu.co\\\/wp-content\\\/uploads\\\/2024\\\/06\\\/Investigador-1.jpg\",\"contentUrl\":\"https:\\\/\\\/www.ucm.edu.co\\\/wp-content\\\/uploads\\\/2024\\\/06\\\/Investigador-1.jpg\",\"width\":740,\"height\":493,\"caption\":\"Minciencias abre la convocatoria para la categorizaci\u00f3n de grupos de Investigaci\u00f3n e Investigadores\"},{\"@type\":\"BreadcrumbList\",\"@id\":\"https:\\\/\\\/www.ucm.edu.co\\\/minciencias-abre-convocatoria-categorizacion-grupos-investigacion\\\/#breadcrumb\",\"itemListElement\":[{\"@type\":\"ListItem\",\"position\":1,\"name\":\"Portada\",\"item\":\"https:\\\/\\\/www.ucm.edu.co\\\/\"},{\"@type\":\"ListItem\",\"position\":2,\"name\":\"Minciencias abre la convocatoria para la categorizaci\u00f3n de grupos de Investigaci\u00f3n e Investigadores\"}]},{\"@type\":\"WebSite\",\"@id\":\"https:\\\/\\\/www.ucm.edu.co\\\/#website\",\"url\":\"https:\\\/\\\/www.ucm.edu.co\\\/\",\"name\":\"UCM - Universidad Cat\u00f3lica de Manizales\",\"description\":\"Ven a ser quien quieres ser\",\"publisher\":{\"@id\":\"https:\\\/\\\/www.ucm.edu.co\\\/#organization\"},\"alternateName\":\"UCM\",\"potentialAction\":[{\"@type\":\"SearchAction\",\"target\":{\"@type\":\"EntryPoint\",\"urlTemplate\":\"https:\\\/\\\/www.ucm.edu.co\\\/?s={search_term_string}\"},\"query-input\":{\"@type\":\"PropertyValueSpecification\",\"valueRequired\":true,\"valueName\":\"search_term_string\"}}],\"inLanguage\":\"en-US\"},{\"@type\":\"Organization\",\"@id\":\"https:\\\/\\\/www.ucm.edu.co\\\/#organization\",\"name\":\"Universidad Cat\u00f3lica de Manizales\",\"alternateName\":\"UCM\",\"url\":\"https:\\\/\\\/www.ucm.edu.co\\\/\",\"logo\":{\"@type\":\"ImageObject\",\"inLanguage\":\"en-US\",\"@id\":\"https:\\\/\\\/www.ucm.edu.co\\\/#\\\/schema\\\/logo\\\/image\\\/\",\"url\":\"https:\\\/\\\/www.ucm.edu.co\\\/wp-content\\\/uploads\\\/2021\\\/03\\\/favicon_ucm.png\",\"contentUrl\":\"https:\\\/\\\/www.ucm.edu.co\\\/wp-content\\\/uploads\\\/2021\\\/03\\\/favicon_ucm.png\",\"width\":512,\"height\":512,\"caption\":\"Universidad Cat\u00f3lica de Manizales\"},\"image\":{\"@id\":\"https:\\\/\\\/www.ucm.edu.co\\\/#\\\/schema\\\/logo\\\/image\\\/\"},\"sameAs\":[\"https:\\\/\\\/www.facebook.com\\\/ucatolicamanizales\",\"https:\\\/\\\/x.com\\\/ucm_manizales\",\"https:\\\/\\\/www.instagram.com\\\/ucatolicamanizales\\\/\",\"https:\\\/\\\/co.linkedin.com\\\/school\\\/ucatolicamanizales\\\/\",\"https:\\\/\\\/www.youtube.com\\\/user\\\/UCMtelevision\"]},{\"@type\":\"Person\",\"@id\":\"https:\\\/\\\/www.ucm.edu.co\\\/#\\\/schema\\\/person\\\/fea805666959d6cfcf87dea44ef2f0b8\",\"name\":\"Prensa UCM\",\"image\":{\"@type\":\"ImageObject\",\"inLanguage\":\"en-US\",\"@id\":\"https:\\\/\\\/secure.gravatar.com\\\/avatar\\\/e9670ef3f6e98ca21e5ca101324fddb19f2b728f8bc808ffc267be23350fac46?s=96&d=mm&r=g\",\"url\":\"https:\\\/\\\/secure.gravatar.com\\\/avatar\\\/e9670ef3f6e98ca21e5ca101324fddb19f2b728f8bc808ffc267be23350fac46?s=96&d=mm&r=g\",\"contentUrl\":\"https:\\\/\\\/secure.gravatar.com\\\/avatar\\\/e9670ef3f6e98ca21e5ca101324fddb19f2b728f8bc808ffc267be23350fac46?s=96&d=mm&r=g\",\"caption\":\"Prensa UCM\"},\"url\":\"https:\\\/\\\/www.ucm.edu.co\\\/en\\\/author\\\/prensa\\\/\"}]}<\/script>\n<!-- \/ Yoast SEO plugin. -->","yoast_head_json":{"title":"Abierta convocatoria de categorizaci\u00f3n de grupos de Investigaci\u00f3n","description":"Minciencias abre convocatoria de categorizaci\u00f3n de grupos de Investigaci\u00f3n e investigadores del Sistema Nacional De Ciencia, Tecnolog\u00eda e Innovaci\u00f3n.","robots":{"index":"index","follow":"follow","max-snippet":"max-snippet:-1","max-image-preview":"max-image-preview:large","max-video-preview":"max-video-preview:-1"},"canonical":"https:\/\/www.ucm.edu.co\/en\/minciencias-abre-convocatoria-categorizacion-grupos-investigacion\/","og_locale":"en_US","og_type":"article","og_title":"Abierta convocatoria de categorizaci\u00f3n de grupos de Investigaci\u00f3n","og_description":"Minciencias abre convocatoria de categorizaci\u00f3n de grupos de Investigaci\u00f3n e investigadores del Sistema Nacional De Ciencia, Tecnolog\u00eda e Innovaci\u00f3n.","og_url":"https:\/\/www.ucm.edu.co\/en\/minciencias-abre-convocatoria-categorizacion-grupos-investigacion\/","og_site_name":"UCM - Universidad Cat\u00f3lica de Manizales","article_publisher":"https:\/\/www.facebook.com\/ucatolicamanizales","article_published_time":"2024-06-20T14:39:21+00:00","article_modified_time":"2024-06-20T14:39:23+00:00","og_image":[{"width":740,"height":493,"url":"https:\/\/www.ucm.edu.co\/wp-content\/uploads\/2024\/06\/Investigador-1.jpg","type":"image\/jpeg"}],"author":"Prensa UCM","twitter_card":"summary_large_image","twitter_creator":"@ucm_manizales","twitter_site":"@ucm_manizales","twitter_misc":{"Written by":"Prensa UCM","Est. reading time":"2 minutes"},"schema":{"@context":"https:\/\/schema.org","@graph":[{"@type":"Article","@id":"https:\/\/www.ucm.edu.co\/minciencias-abre-convocatoria-categorizacion-grupos-investigacion\/#article","isPartOf":{"@id":"https:\/\/www.ucm.edu.co\/minciencias-abre-convocatoria-categorizacion-grupos-investigacion\/"},"author":{"name":"Prensa UCM","@id":"https:\/\/www.ucm.edu.co\/#\/schema\/person\/fea805666959d6cfcf87dea44ef2f0b8"},"headline":"Minciencias abre la convocatoria para la categorizaci\u00f3n de grupos de Investigaci\u00f3n e Investigadores","datePublished":"2024-06-20T14:39:21+00:00","dateModified":"2024-06-20T14:39:23+00:00","mainEntityOfPage":{"@id":"https:\/\/www.ucm.edu.co\/minciencias-abre-convocatoria-categorizacion-grupos-investigacion\/"},"wordCount":305,"publisher":{"@id":"https:\/\/www.ucm.edu.co\/#organization"},"image":{"@id":"https:\/\/www.ucm.edu.co\/minciencias-abre-convocatoria-categorizacion-grupos-investigacion\/#primaryimage"},"thumbnailUrl":"https:\/\/www.ucm.edu.co\/wp-content\/uploads\/2024\/06\/Investigador-1.jpg","keywords":["convocatoria","Investigaci\u00f3n","Investigaci\u00f3n e Innovaci\u00f3n UCM","Investigaci\u00f3n UCM","Investigadores UCM","Minciencias"],"articleSection":["Investigaci\u00f3n"],"inLanguage":"en-US"},{"@type":"WebPage","@id":"https:\/\/www.ucm.edu.co\/minciencias-abre-convocatoria-categorizacion-grupos-investigacion\/","url":"https:\/\/www.ucm.edu.co\/minciencias-abre-convocatoria-categorizacion-grupos-investigacion\/","name":"Abierta convocatoria de categorizaci\u00f3n de grupos de Investigaci\u00f3n","isPartOf":{"@id":"https:\/\/www.ucm.edu.co\/#website"},"primaryImageOfPage":{"@id":"https:\/\/www.ucm.edu.co\/minciencias-abre-convocatoria-categorizacion-grupos-investigacion\/#primaryimage"},"image":{"@id":"https:\/\/www.ucm.edu.co\/minciencias-abre-convocatoria-categorizacion-grupos-investigacion\/#primaryimage"},"thumbnailUrl":"https:\/\/www.ucm.edu.co\/wp-content\/uploads\/2024\/06\/Investigador-1.jpg","datePublished":"2024-06-20T14:39:21+00:00","dateModified":"2024-06-20T14:39:23+00:00","description":"Minciencias abre convocatoria de categorizaci\u00f3n de grupos de Investigaci\u00f3n e investigadores del Sistema Nacional De Ciencia, Tecnolog\u00eda e Innovaci\u00f3n.","breadcrumb":{"@id":"https:\/\/www.ucm.edu.co\/minciencias-abre-convocatoria-categorizacion-grupos-investigacion\/#breadcrumb"},"inLanguage":"en-US","potentialAction":[{"@type":"ReadAction","target":["https:\/\/www.ucm.edu.co\/minciencias-abre-convocatoria-categorizacion-grupos-investigacion\/"]}]},{"@type":"ImageObject","inLanguage":"en-US","@id":"https:\/\/www.ucm.edu.co\/minciencias-abre-convocatoria-categorizacion-grupos-investigacion\/#primaryimage","url":"https:\/\/www.ucm.edu.co\/wp-content\/uploads\/2024\/06\/Investigador-1.jpg","contentUrl":"https:\/\/www.ucm.edu.co\/wp-content\/uploads\/2024\/06\/Investigador-1.jpg","width":740,"height":493,"caption":"Minciencias abre la convocatoria para la categorizaci\u00f3n de grupos de Investigaci\u00f3n e Investigadores"},{"@type":"BreadcrumbList","@id":"https:\/\/www.ucm.edu.co\/minciencias-abre-convocatoria-categorizacion-grupos-investigacion\/#breadcrumb","itemListElement":[{"@type":"ListItem","position":1,"name":"Portada","item":"https:\/\/www.ucm.edu.co\/"},{"@type":"ListItem","position":2,"name":"Minciencias abre la convocatoria para la categorizaci\u00f3n de grupos de Investigaci\u00f3n e Investigadores"}]},{"@type":"WebSite","@id":"https:\/\/www.ucm.edu.co\/#website","url":"https:\/\/www.ucm.edu.co\/","name":"UCM - Universidad Cat\u00f3lica de Manizales","description":"Ven a ser quien quieres ser","publisher":{"@id":"https:\/\/www.ucm.edu.co\/#organization"},"alternateName":"UCM","potentialAction":[{"@type":"SearchAction","target":{"@type":"EntryPoint","urlTemplate":"https:\/\/www.ucm.edu.co\/?s={search_term_string}"},"query-input":{"@type":"PropertyValueSpecification","valueRequired":true,"valueName":"search_term_string"}}],"inLanguage":"en-US"},{"@type":"Organization","@id":"https:\/\/www.ucm.edu.co\/#organization","name":"Universidad Cat\u00f3lica de Manizales","alternateName":"UCM","url":"https:\/\/www.ucm.edu.co\/","logo":{"@type":"ImageObject","inLanguage":"en-US","@id":"https:\/\/www.ucm.edu.co\/#\/schema\/logo\/image\/","url":"https:\/\/www.ucm.edu.co\/wp-content\/uploads\/2021\/03\/favicon_ucm.png","contentUrl":"https:\/\/www.ucm.edu.co\/wp-content\/uploads\/2021\/03\/favicon_ucm.png","width":512,"height":512,"caption":"Universidad Cat\u00f3lica de Manizales"},"image":{"@id":"https:\/\/www.ucm.edu.co\/#\/schema\/logo\/image\/"},"sameAs":["https:\/\/www.facebook.com\/ucatolicamanizales","https:\/\/x.com\/ucm_manizales","https:\/\/www.instagram.com\/ucatolicamanizales\/","https:\/\/co.linkedin.com\/school\/ucatolicamanizales\/","https:\/\/www.youtube.com\/user\/UCMtelevision"]},{"@type":"Person","@id":"https:\/\/www.ucm.edu.co\/#\/schema\/person\/fea805666959d6cfcf87dea44ef2f0b8","name":"Prensa UCM","image":{"@type":"ImageObject","inLanguage":"en-US","@id":"https:\/\/secure.gravatar.com\/avatar\/e9670ef3f6e98ca21e5ca101324fddb19f2b728f8bc808ffc267be23350fac46?s=96&d=mm&r=g","url":"https:\/\/secure.gravatar.com\/avatar\/e9670ef3f6e98ca21e5ca101324fddb19f2b728f8bc808ffc267be23350fac46?s=96&d=mm&r=g","contentUrl":"https:\/\/secure.gravatar.com\/avatar\/e9670ef3f6e98ca21e5ca101324fddb19f2b728f8bc808ffc267be23350fac46?s=96&d=mm&r=g","caption":"Prensa UCM"},"url":"https:\/\/www.ucm.edu.co\/en\/author\/prensa\/"}]}},"_links":{"self":[{"href":"https:\/\/www.ucm.edu.co\/en\/wp-json\/wp\/v2\/posts\/216397","targetHints":{"allow":["GET"]}}],"collection":[{"href":"https:\/\/www.ucm.edu.co\/en\/wp-json\/wp\/v2\/posts"}],"about":[{"href":"https:\/\/www.ucm.edu.co\/en\/wp-json\/wp\/v2\/types\/post"}],"author":[{"embeddable":true,"href":"https:\/\/www.ucm.edu.co\/en\/wp-json\/wp\/v2\/users\/5"}],"replies":[{"embeddable":true,"href":"https:\/\/www.ucm.edu.co\/en\/wp-json\/wp\/v2\/comments?post=216397"}],"version-history":[{"count":1,"href":"https:\/\/www.ucm.edu.co\/en\/wp-json\/wp\/v2\/posts\/216397\/revisions"}],"predecessor-version":[{"id":216405,"href":"https:\/\/www.ucm.edu.co\/en\/wp-json\/wp\/v2\/posts\/216397\/revisions\/216405"}],"wp:featuredmedia":[{"embeddable":true,"href":"https:\/\/www.ucm.edu.co\/en\/wp-json\/wp\/v2\/media\/216403"}],"wp:attachment":[{"href":"https:\/\/www.ucm.edu.co\/en\/wp-json\/wp\/v2\/media?parent=216397"}],"wp:term":[{"taxonomy":"category","embeddable":true,"href":"https:\/\/www.ucm.edu.co\/en\/wp-json\/wp\/v2\/categories?post=216397"},{"taxonomy":"post_tag","embeddable":true,"href":"https:\/\/www.ucm.edu.co\/en\/wp-json\/wp\/v2\/tags?post=216397"}],"curies":[{"name":"wp","href":"https:\/\/api.w.org\/{rel}","templated":true}]}}