{"id":215748,"date":"2024-05-24T11:21:39","date_gmt":"2024-05-24T16:21:39","guid":{"rendered":"https:\/\/www.ucm.edu.co\/?p=215748"},"modified":"2024-05-27T09:18:03","modified_gmt":"2024-05-27T14:18:03","slug":"categorizacion-de-grupos-de-investigacion-e-investigadores-ucm-2024","status":"publish","type":"post","link":"https:\/\/www.ucm.edu.co\/en\/categorizacion-de-grupos-de-investigacion-e-investigadores-ucm-2024\/","title":{"rendered":"Convocatoria para la categorizaci\u00f3n de grupos de Investigaci\u00f3n e Investigadores 2024"},"content":{"rendered":"<p class=\"wp-block-paragraph\">El 21 de mayo se llev\u00f3 a cabo en la Universidad Industrial de Santander la conversaci\u00f3n entre MinCiencias, ASCUN y las IES sobre la actualizaci\u00f3n del Modelo de Reconocimiento y Medici\u00f3n de Grupos e Investigadores.<\/p>\n\n\n\n<p class=\"wp-block-paragraph\">En este espacio, se inform\u00f3 que la pr\u00f3xima convocatoria de medici\u00f3n de grupos e investigadores se abrir\u00e1 en aproximadamente 45 d\u00edas, estar\u00e1 disponible por tres meses y los resultados se publicar\u00e1n en el primer semestre de 2025. Por ello, la Direcci\u00f3n de Investigaciones y Posgrados recomienda continuar con la actualizaci\u00f3n de <a href=\"https:\/\/minciencias.gov.co\/content\/cvlac\">CvLAC<\/a> and <a href=\"https:\/\/minciencias.gov.co\/node\/1095\">GrupLAC<\/a> en la UCM, dado que se dispondr\u00e1 de poco tiempo para gestionar certificaciones y verificar productos dentro de cada grupo de investigaci\u00f3n.<\/p>\n\n\n\n<p class=\"wp-block-paragraph\"><\/p>\n\n\n\n<figure class=\"wp-block-image aligncenter size-full is-resized\"><img loading=\"lazy\" decoding=\"async\" width=\"798\" height=\"447\" src=\"https:\/\/www.ucm.edu.co\/wp-content\/uploads\/2024\/05\/convocatoria-investigaciones-ucm-2024-1.jpg\" alt=\"\" class=\"wp-image-215749\" style=\"width:711px;height:auto\" srcset=\"https:\/\/www.ucm.edu.co\/wp-content\/uploads\/2024\/05\/convocatoria-investigaciones-ucm-2024-1.jpg 798w, https:\/\/www.ucm.edu.co\/wp-content\/uploads\/2024\/05\/convocatoria-investigaciones-ucm-2024-1-480x269.jpg 480w\" sizes=\"(min-width: 0px) and (max-width: 480px) 480px, (min-width: 481px) 798px, 100vw\" \/><\/figure>\n\n\n\n<h2 class=\"wp-block-heading\">Algunos cambios<\/h2>\n\n\n\n<p class=\"wp-block-paragraph\">Ser\u00e1 una convocatoria de transici\u00f3n, ya que en los pr\u00f3ximos meses el gobierno nacional realizar\u00e1 mesas de trabajo y exploraciones de percepci\u00f3n que llevar\u00e1n a la resignificaci\u00f3n del modelo a mediano plazo. Por lo tanto, no habr\u00e1 cambios sustanciales. Algunos de los cambios previstos incluyen:<\/p>\n\n\n\n<ul class=\"listado_generico wp-block-list\">\n<li>Mayor ponderaci\u00f3n del indicador de grupo de investigaci\u00f3n, enfatizando los productos de Apropiaci\u00f3n Social del Conocimiento (ASC) y creando un coeficiente nuevo para productos de divulgaci\u00f3n p\u00fablica de la ciencia.<\/li>\n\n\n\n<li>Incremento de la ponderaci\u00f3n de art\u00edculos publicados en revistas de acceso abierto, cuya viabilidad y conveniencia est\u00e1n actualmente en estudio.<\/li>\n\n\n\n<li>Extensi\u00f3n de la ventana de observaci\u00f3n (dos a\u00f1os adicionales) para mujeres cuyos hijos hayan nacido durante la ventana de observaci\u00f3n de la convocatoria, aplicable solo al proceso de reconocimiento de investigadores.<\/li>\n<\/ul>\n\n\n\n<p class=\"wp-block-paragraph\">La ventana de observaci\u00f3n planteada comprende el periodo entre el 1 de enero de 2019 y el 31 de diciembre de 2023 para los grupos de investigaci\u00f3n. Para los investigadores, se mantendr\u00e1 una ventana similar a la de la convocatoria anterior, considerando la tipolog\u00eda y calidad de los productos.<\/p>\n\n\n\n<p class=\"wp-block-paragraph\">Para aclarar dudas o ampliar informaci\u00f3n, los investigadores o aspirantes se pueden comunicar con la Direcci\u00f3n de Investigaciones y Posgrados al tel\u00e9fono 606 8933050 ext. 3003, 3005, 3007 o al correo electr\u00f3nico dirinvestigacionesp@ucm.edu.co<\/p>\n\n\n\n<p class=\"wp-block-paragraph\"><em>Tambi\u00e9n te puede interesar<\/em>: <a href=\"https:\/\/www.ucm.edu.co\/en\/sapiens-research-reconoce-la-investigacion-de-la-ucm\/\"><strong><em>Sapiens Research reconoce la Investigaci\u00f3n de la UCM<\/em><\/strong><\/a><\/p>","protected":false},"excerpt":{"rendered":"<p>El pr\u00f3ximo proceso de convocatoria de investigaci\u00f3n fue el tema que abord\u00f3 en la Universidad Industrial de Santander. Una Conversaci\u00f3n fue entre MinCiencias &#8211; ASCUN &#8211; Instituciones de Eduaci\u00f3n Superior, sobre la actualizaci\u00f3n del Modelo de Reconocimiento y Medici\u00f3n de Grupos e Investigadores. <\/p>","protected":false},"author":5,"featured_media":209444,"comment_status":"closed","ping_status":"open","sticky":false,"template":"","format":"standard","meta":{"_et_pb_use_builder":"","_et_pb_old_content":"","_et_gb_content_width":"","content-type":"","_monsterinsights_skip_tracking":false,"footnotes":""},"categories":[12],"tags":[102,43,271,386],"class_list":["post-215748","post","type-post","status-publish","format-standard","has-post-thumbnail","hentry","category-investigacion","tag-convocatoria","tag-direccion-de-investigaciones-y-posgrados-ucm","tag-investigacion","tag-investigacion-ucm"],"yoast_head":"<!-- This site is optimized with the Yoast SEO plugin v28.1 - https:\/\/yoast.com\/product\/yoast-seo-wordpress\/ -->\n<title>Categorizaci\u00f3n de grupos de Investigaci\u00f3n e investigadores 2024<\/title>\n<meta name=\"description\" content=\"Actualizaci\u00f3n del Modelo de Reconocimiento y Medici\u00f3n de Grupos de investigaci\u00f3n e Investigadores 2024 en los CvLAC y GrupLAC.\" \/>\n<meta name=\"robots\" content=\"index, follow, max-snippet:-1, max-image-preview:large, max-video-preview:-1\" \/>\n<link rel=\"canonical\" href=\"https:\/\/www.ucm.edu.co\/en\/categorizacion-de-grupos-de-investigacion-e-investigadores-ucm-2024\/\" \/>\n<meta property=\"og:locale\" content=\"en_US\" \/>\n<meta property=\"og:type\" content=\"article\" \/>\n<meta property=\"og:title\" content=\"Categorizaci\u00f3n de grupos de Investigaci\u00f3n e investigadores 2024\" \/>\n<meta property=\"og:description\" content=\"Actualizaci\u00f3n del Modelo de Reconocimiento y Medici\u00f3n de Grupos de investigaci\u00f3n e Investigadores 2024 en los CvLAC y GrupLAC.\" \/>\n<meta property=\"og:url\" content=\"https:\/\/www.ucm.edu.co\/en\/categorizacion-de-grupos-de-investigacion-e-investigadores-ucm-2024\/\" \/>\n<meta property=\"og:site_name\" content=\"UCM - Universidad Cat\u00f3lica de Manizales\" \/>\n<meta property=\"article:publisher\" content=\"https:\/\/www.facebook.com\/ucatolicamanizales\" \/>\n<meta property=\"article:published_time\" content=\"2024-05-24T16:21:39+00:00\" \/>\n<meta property=\"article:modified_time\" content=\"2024-05-27T14:18:03+00:00\" \/>\n<meta property=\"og:image\" content=\"https:\/\/www.ucm.edu.co\/wp-content\/uploads\/2023\/06\/Convocatorias-proyectos-investigacion.jpg\" \/>\n\t<meta property=\"og:image:width\" content=\"800\" \/>\n\t<meta property=\"og:image:height\" content=\"450\" \/>\n\t<meta property=\"og:image:type\" content=\"image\/jpeg\" \/>\n<meta name=\"author\" content=\"Prensa UCM\" \/>\n<meta name=\"twitter:card\" content=\"summary_large_image\" \/>\n<meta name=\"twitter:creator\" content=\"@ucm_manizales\" \/>\n<meta name=\"twitter:site\" content=\"@ucm_manizales\" \/>\n<meta name=\"twitter:label1\" content=\"Written by\" \/>\n\t<meta name=\"twitter:data1\" content=\"Prensa UCM\" \/>\n\t<meta name=\"twitter:label2\" content=\"Est. reading time\" \/>\n\t<meta name=\"twitter:data2\" content=\"2 minutes\" \/>\n<script type=\"application\/ld+json\" class=\"yoast-schema-graph\">{\"@context\":\"https:\\\/\\\/schema.org\",\"@graph\":[{\"@type\":\"Article\",\"@id\":\"https:\\\/\\\/www.ucm.edu.co\\\/categorizacion-de-grupos-de-investigacion-e-investigadores-ucm-2024\\\/#article\",\"isPartOf\":{\"@id\":\"https:\\\/\\\/www.ucm.edu.co\\\/categorizacion-de-grupos-de-investigacion-e-investigadores-ucm-2024\\\/\"},\"author\":{\"name\":\"Prensa UCM\",\"@id\":\"https:\\\/\\\/www.ucm.edu.co\\\/#\\\/schema\\\/person\\\/fea805666959d6cfcf87dea44ef2f0b8\"},\"headline\":\"Convocatoria para la categorizaci\u00f3n de grupos de Investigaci\u00f3n e Investigadores 2024\",\"datePublished\":\"2024-05-24T16:21:39+00:00\",\"dateModified\":\"2024-05-27T14:18:03+00:00\",\"mainEntityOfPage\":{\"@id\":\"https:\\\/\\\/www.ucm.edu.co\\\/categorizacion-de-grupos-de-investigacion-e-investigadores-ucm-2024\\\/\"},\"wordCount\":372,\"publisher\":{\"@id\":\"https:\\\/\\\/www.ucm.edu.co\\\/#organization\"},\"image\":{\"@id\":\"https:\\\/\\\/www.ucm.edu.co\\\/categorizacion-de-grupos-de-investigacion-e-investigadores-ucm-2024\\\/#primaryimage\"},\"thumbnailUrl\":\"https:\\\/\\\/www.ucm.edu.co\\\/wp-content\\\/uploads\\\/2023\\\/06\\\/Convocatorias-proyectos-investigacion.jpg\",\"keywords\":[\"convocatoria\",\"Direcci\u00f3n de Investigaciones y Posgrados UCM\",\"Investigaci\u00f3n\",\"Investigaci\u00f3n UCM\"],\"articleSection\":[\"Investigaci\u00f3n\"],\"inLanguage\":\"en-US\"},{\"@type\":\"WebPage\",\"@id\":\"https:\\\/\\\/www.ucm.edu.co\\\/categorizacion-de-grupos-de-investigacion-e-investigadores-ucm-2024\\\/\",\"url\":\"https:\\\/\\\/www.ucm.edu.co\\\/categorizacion-de-grupos-de-investigacion-e-investigadores-ucm-2024\\\/\",\"name\":\"Categorizaci\u00f3n de grupos de Investigaci\u00f3n e investigadores 2024\",\"isPartOf\":{\"@id\":\"https:\\\/\\\/www.ucm.edu.co\\\/#website\"},\"primaryImageOfPage\":{\"@id\":\"https:\\\/\\\/www.ucm.edu.co\\\/categorizacion-de-grupos-de-investigacion-e-investigadores-ucm-2024\\\/#primaryimage\"},\"image\":{\"@id\":\"https:\\\/\\\/www.ucm.edu.co\\\/categorizacion-de-grupos-de-investigacion-e-investigadores-ucm-2024\\\/#primaryimage\"},\"thumbnailUrl\":\"https:\\\/\\\/www.ucm.edu.co\\\/wp-content\\\/uploads\\\/2023\\\/06\\\/Convocatorias-proyectos-investigacion.jpg\",\"datePublished\":\"2024-05-24T16:21:39+00:00\",\"dateModified\":\"2024-05-27T14:18:03+00:00\",\"description\":\"Actualizaci\u00f3n del Modelo de Reconocimiento y Medici\u00f3n de Grupos de investigaci\u00f3n e Investigadores 2024 en los CvLAC y GrupLAC.\",\"breadcrumb\":{\"@id\":\"https:\\\/\\\/www.ucm.edu.co\\\/categorizacion-de-grupos-de-investigacion-e-investigadores-ucm-2024\\\/#breadcrumb\"},\"inLanguage\":\"en-US\",\"potentialAction\":[{\"@type\":\"ReadAction\",\"target\":[\"https:\\\/\\\/www.ucm.edu.co\\\/categorizacion-de-grupos-de-investigacion-e-investigadores-ucm-2024\\\/\"]}]},{\"@type\":\"ImageObject\",\"inLanguage\":\"en-US\",\"@id\":\"https:\\\/\\\/www.ucm.edu.co\\\/categorizacion-de-grupos-de-investigacion-e-investigadores-ucm-2024\\\/#primaryimage\",\"url\":\"https:\\\/\\\/www.ucm.edu.co\\\/wp-content\\\/uploads\\\/2023\\\/06\\\/Convocatorias-proyectos-investigacion.jpg\",\"contentUrl\":\"https:\\\/\\\/www.ucm.edu.co\\\/wp-content\\\/uploads\\\/2023\\\/06\\\/Convocatorias-proyectos-investigacion.jpg\",\"width\":800,\"height\":450,\"caption\":\"Convocatoria para la categorizaci\u00f3n de grupos de Investigaci\u00f3n e Investigadores 2024\"},{\"@type\":\"BreadcrumbList\",\"@id\":\"https:\\\/\\\/www.ucm.edu.co\\\/categorizacion-de-grupos-de-investigacion-e-investigadores-ucm-2024\\\/#breadcrumb\",\"itemListElement\":[{\"@type\":\"ListItem\",\"position\":1,\"name\":\"Portada\",\"item\":\"https:\\\/\\\/www.ucm.edu.co\\\/\"},{\"@type\":\"ListItem\",\"position\":2,\"name\":\"Convocatoria para la categorizaci\u00f3n de grupos de Investigaci\u00f3n e Investigadores 2024\"}]},{\"@type\":\"WebSite\",\"@id\":\"https:\\\/\\\/www.ucm.edu.co\\\/#website\",\"url\":\"https:\\\/\\\/www.ucm.edu.co\\\/\",\"name\":\"UCM - Universidad Cat\u00f3lica de Manizales\",\"description\":\"Ven a ser quien quieres ser\",\"publisher\":{\"@id\":\"https:\\\/\\\/www.ucm.edu.co\\\/#organization\"},\"alternateName\":\"UCM\",\"potentialAction\":[{\"@type\":\"SearchAction\",\"target\":{\"@type\":\"EntryPoint\",\"urlTemplate\":\"https:\\\/\\\/www.ucm.edu.co\\\/?s={search_term_string}\"},\"query-input\":{\"@type\":\"PropertyValueSpecification\",\"valueRequired\":true,\"valueName\":\"search_term_string\"}}],\"inLanguage\":\"en-US\"},{\"@type\":\"Organization\",\"@id\":\"https:\\\/\\\/www.ucm.edu.co\\\/#organization\",\"name\":\"Universidad Cat\u00f3lica de Manizales\",\"alternateName\":\"UCM\",\"url\":\"https:\\\/\\\/www.ucm.edu.co\\\/\",\"logo\":{\"@type\":\"ImageObject\",\"inLanguage\":\"en-US\",\"@id\":\"https:\\\/\\\/www.ucm.edu.co\\\/#\\\/schema\\\/logo\\\/image\\\/\",\"url\":\"https:\\\/\\\/www.ucm.edu.co\\\/wp-content\\\/uploads\\\/2021\\\/03\\\/favicon_ucm.png\",\"contentUrl\":\"https:\\\/\\\/www.ucm.edu.co\\\/wp-content\\\/uploads\\\/2021\\\/03\\\/favicon_ucm.png\",\"width\":512,\"height\":512,\"caption\":\"Universidad Cat\u00f3lica de Manizales\"},\"image\":{\"@id\":\"https:\\\/\\\/www.ucm.edu.co\\\/#\\\/schema\\\/logo\\\/image\\\/\"},\"sameAs\":[\"https:\\\/\\\/www.facebook.com\\\/ucatolicamanizales\",\"https:\\\/\\\/x.com\\\/ucm_manizales\",\"https:\\\/\\\/www.instagram.com\\\/ucatolicamanizales\\\/\",\"https:\\\/\\\/co.linkedin.com\\\/school\\\/ucatolicamanizales\\\/\",\"https:\\\/\\\/www.youtube.com\\\/user\\\/UCMtelevision\"]},{\"@type\":\"Person\",\"@id\":\"https:\\\/\\\/www.ucm.edu.co\\\/#\\\/schema\\\/person\\\/fea805666959d6cfcf87dea44ef2f0b8\",\"name\":\"Prensa UCM\",\"image\":{\"@type\":\"ImageObject\",\"inLanguage\":\"en-US\",\"@id\":\"https:\\\/\\\/secure.gravatar.com\\\/avatar\\\/e9670ef3f6e98ca21e5ca101324fddb19f2b728f8bc808ffc267be23350fac46?s=96&d=mm&r=g\",\"url\":\"https:\\\/\\\/secure.gravatar.com\\\/avatar\\\/e9670ef3f6e98ca21e5ca101324fddb19f2b728f8bc808ffc267be23350fac46?s=96&d=mm&r=g\",\"contentUrl\":\"https:\\\/\\\/secure.gravatar.com\\\/avatar\\\/e9670ef3f6e98ca21e5ca101324fddb19f2b728f8bc808ffc267be23350fac46?s=96&d=mm&r=g\",\"caption\":\"Prensa UCM\"},\"url\":\"https:\\\/\\\/www.ucm.edu.co\\\/en\\\/author\\\/prensa\\\/\"}]}<\/script>\n<!-- \/ Yoast SEO plugin. -->","yoast_head_json":{"title":"Categorizaci\u00f3n de grupos de Investigaci\u00f3n e investigadores 2024","description":"Actualizaci\u00f3n del Modelo de Reconocimiento y Medici\u00f3n de Grupos de investigaci\u00f3n e Investigadores 2024 en los CvLAC y GrupLAC.","robots":{"index":"index","follow":"follow","max-snippet":"max-snippet:-1","max-image-preview":"max-image-preview:large","max-video-preview":"max-video-preview:-1"},"canonical":"https:\/\/www.ucm.edu.co\/en\/categorizacion-de-grupos-de-investigacion-e-investigadores-ucm-2024\/","og_locale":"en_US","og_type":"article","og_title":"Categorizaci\u00f3n de grupos de Investigaci\u00f3n e investigadores 2024","og_description":"Actualizaci\u00f3n del Modelo de Reconocimiento y Medici\u00f3n de Grupos de investigaci\u00f3n e Investigadores 2024 en los CvLAC y GrupLAC.","og_url":"https:\/\/www.ucm.edu.co\/en\/categorizacion-de-grupos-de-investigacion-e-investigadores-ucm-2024\/","og_site_name":"UCM - Universidad Cat\u00f3lica de Manizales","article_publisher":"https:\/\/www.facebook.com\/ucatolicamanizales","article_published_time":"2024-05-24T16:21:39+00:00","article_modified_time":"2024-05-27T14:18:03+00:00","og_image":[{"width":800,"height":450,"url":"https:\/\/www.ucm.edu.co\/wp-content\/uploads\/2023\/06\/Convocatorias-proyectos-investigacion.jpg","type":"image\/jpeg"}],"author":"Prensa UCM","twitter_card":"summary_large_image","twitter_creator":"@ucm_manizales","twitter_site":"@ucm_manizales","twitter_misc":{"Written by":"Prensa UCM","Est. reading time":"2 minutes"},"schema":{"@context":"https:\/\/schema.org","@graph":[{"@type":"Article","@id":"https:\/\/www.ucm.edu.co\/categorizacion-de-grupos-de-investigacion-e-investigadores-ucm-2024\/#article","isPartOf":{"@id":"https:\/\/www.ucm.edu.co\/categorizacion-de-grupos-de-investigacion-e-investigadores-ucm-2024\/"},"author":{"name":"Prensa UCM","@id":"https:\/\/www.ucm.edu.co\/#\/schema\/person\/fea805666959d6cfcf87dea44ef2f0b8"},"headline":"Convocatoria para la categorizaci\u00f3n de grupos de Investigaci\u00f3n e Investigadores 2024","datePublished":"2024-05-24T16:21:39+00:00","dateModified":"2024-05-27T14:18:03+00:00","mainEntityOfPage":{"@id":"https:\/\/www.ucm.edu.co\/categorizacion-de-grupos-de-investigacion-e-investigadores-ucm-2024\/"},"wordCount":372,"publisher":{"@id":"https:\/\/www.ucm.edu.co\/#organization"},"image":{"@id":"https:\/\/www.ucm.edu.co\/categorizacion-de-grupos-de-investigacion-e-investigadores-ucm-2024\/#primaryimage"},"thumbnailUrl":"https:\/\/www.ucm.edu.co\/wp-content\/uploads\/2023\/06\/Convocatorias-proyectos-investigacion.jpg","keywords":["convocatoria","Direcci\u00f3n de Investigaciones y Posgrados UCM","Investigaci\u00f3n","Investigaci\u00f3n UCM"],"articleSection":["Investigaci\u00f3n"],"inLanguage":"en-US"},{"@type":"WebPage","@id":"https:\/\/www.ucm.edu.co\/categorizacion-de-grupos-de-investigacion-e-investigadores-ucm-2024\/","url":"https:\/\/www.ucm.edu.co\/categorizacion-de-grupos-de-investigacion-e-investigadores-ucm-2024\/","name":"Categorizaci\u00f3n de grupos de Investigaci\u00f3n e investigadores 2024","isPartOf":{"@id":"https:\/\/www.ucm.edu.co\/#website"},"primaryImageOfPage":{"@id":"https:\/\/www.ucm.edu.co\/categorizacion-de-grupos-de-investigacion-e-investigadores-ucm-2024\/#primaryimage"},"image":{"@id":"https:\/\/www.ucm.edu.co\/categorizacion-de-grupos-de-investigacion-e-investigadores-ucm-2024\/#primaryimage"},"thumbnailUrl":"https:\/\/www.ucm.edu.co\/wp-content\/uploads\/2023\/06\/Convocatorias-proyectos-investigacion.jpg","datePublished":"2024-05-24T16:21:39+00:00","dateModified":"2024-05-27T14:18:03+00:00","description":"Actualizaci\u00f3n del Modelo de Reconocimiento y Medici\u00f3n de Grupos de investigaci\u00f3n e Investigadores 2024 en los CvLAC y GrupLAC.","breadcrumb":{"@id":"https:\/\/www.ucm.edu.co\/categorizacion-de-grupos-de-investigacion-e-investigadores-ucm-2024\/#breadcrumb"},"inLanguage":"en-US","potentialAction":[{"@type":"ReadAction","target":["https:\/\/www.ucm.edu.co\/categorizacion-de-grupos-de-investigacion-e-investigadores-ucm-2024\/"]}]},{"@type":"ImageObject","inLanguage":"en-US","@id":"https:\/\/www.ucm.edu.co\/categorizacion-de-grupos-de-investigacion-e-investigadores-ucm-2024\/#primaryimage","url":"https:\/\/www.ucm.edu.co\/wp-content\/uploads\/2023\/06\/Convocatorias-proyectos-investigacion.jpg","contentUrl":"https:\/\/www.ucm.edu.co\/wp-content\/uploads\/2023\/06\/Convocatorias-proyectos-investigacion.jpg","width":800,"height":450,"caption":"Convocatoria para la categorizaci\u00f3n de grupos de Investigaci\u00f3n e Investigadores 2024"},{"@type":"BreadcrumbList","@id":"https:\/\/www.ucm.edu.co\/categorizacion-de-grupos-de-investigacion-e-investigadores-ucm-2024\/#breadcrumb","itemListElement":[{"@type":"ListItem","position":1,"name":"Portada","item":"https:\/\/www.ucm.edu.co\/"},{"@type":"ListItem","position":2,"name":"Convocatoria para la categorizaci\u00f3n de grupos de Investigaci\u00f3n e Investigadores 2024"}]},{"@type":"WebSite","@id":"https:\/\/www.ucm.edu.co\/#website","url":"https:\/\/www.ucm.edu.co\/","name":"UCM - Universidad Cat\u00f3lica de Manizales","description":"Ven a ser quien quieres ser","publisher":{"@id":"https:\/\/www.ucm.edu.co\/#organization"},"alternateName":"UCM","potentialAction":[{"@type":"SearchAction","target":{"@type":"EntryPoint","urlTemplate":"https:\/\/www.ucm.edu.co\/?s={search_term_string}"},"query-input":{"@type":"PropertyValueSpecification","valueRequired":true,"valueName":"search_term_string"}}],"inLanguage":"en-US"},{"@type":"Organization","@id":"https:\/\/www.ucm.edu.co\/#organization","name":"Universidad Cat\u00f3lica de Manizales","alternateName":"UCM","url":"https:\/\/www.ucm.edu.co\/","logo":{"@type":"ImageObject","inLanguage":"en-US","@id":"https:\/\/www.ucm.edu.co\/#\/schema\/logo\/image\/","url":"https:\/\/www.ucm.edu.co\/wp-content\/uploads\/2021\/03\/favicon_ucm.png","contentUrl":"https:\/\/www.ucm.edu.co\/wp-content\/uploads\/2021\/03\/favicon_ucm.png","width":512,"height":512,"caption":"Universidad Cat\u00f3lica de Manizales"},"image":{"@id":"https:\/\/www.ucm.edu.co\/#\/schema\/logo\/image\/"},"sameAs":["https:\/\/www.facebook.com\/ucatolicamanizales","https:\/\/x.com\/ucm_manizales","https:\/\/www.instagram.com\/ucatolicamanizales\/","https:\/\/co.linkedin.com\/school\/ucatolicamanizales\/","https:\/\/www.youtube.com\/user\/UCMtelevision"]},{"@type":"Person","@id":"https:\/\/www.ucm.edu.co\/#\/schema\/person\/fea805666959d6cfcf87dea44ef2f0b8","name":"Prensa UCM","image":{"@type":"ImageObject","inLanguage":"en-US","@id":"https:\/\/secure.gravatar.com\/avatar\/e9670ef3f6e98ca21e5ca101324fddb19f2b728f8bc808ffc267be23350fac46?s=96&d=mm&r=g","url":"https:\/\/secure.gravatar.com\/avatar\/e9670ef3f6e98ca21e5ca101324fddb19f2b728f8bc808ffc267be23350fac46?s=96&d=mm&r=g","contentUrl":"https:\/\/secure.gravatar.com\/avatar\/e9670ef3f6e98ca21e5ca101324fddb19f2b728f8bc808ffc267be23350fac46?s=96&d=mm&r=g","caption":"Prensa UCM"},"url":"https:\/\/www.ucm.edu.co\/en\/author\/prensa\/"}]}},"_links":{"self":[{"href":"https:\/\/www.ucm.edu.co\/en\/wp-json\/wp\/v2\/posts\/215748","targetHints":{"allow":["GET"]}}],"collection":[{"href":"https:\/\/www.ucm.edu.co\/en\/wp-json\/wp\/v2\/posts"}],"about":[{"href":"https:\/\/www.ucm.edu.co\/en\/wp-json\/wp\/v2\/types\/post"}],"author":[{"embeddable":true,"href":"https:\/\/www.ucm.edu.co\/en\/wp-json\/wp\/v2\/users\/5"}],"replies":[{"embeddable":true,"href":"https:\/\/www.ucm.edu.co\/en\/wp-json\/wp\/v2\/comments?post=215748"}],"version-history":[{"count":10,"href":"https:\/\/www.ucm.edu.co\/en\/wp-json\/wp\/v2\/posts\/215748\/revisions"}],"predecessor-version":[{"id":215790,"href":"https:\/\/www.ucm.edu.co\/en\/wp-json\/wp\/v2\/posts\/215748\/revisions\/215790"}],"wp:featuredmedia":[{"embeddable":true,"href":"https:\/\/www.ucm.edu.co\/en\/wp-json\/wp\/v2\/media\/209444"}],"wp:attachment":[{"href":"https:\/\/www.ucm.edu.co\/en\/wp-json\/wp\/v2\/media?parent=215748"}],"wp:term":[{"taxonomy":"category","embeddable":true,"href":"https:\/\/www.ucm.edu.co\/en\/wp-json\/wp\/v2\/categories?post=215748"},{"taxonomy":"post_tag","embeddable":true,"href":"https:\/\/www.ucm.edu.co\/en\/wp-json\/wp\/v2\/tags?post=215748"}],"curies":[{"name":"wp","href":"https:\/\/api.w.org\/{rel}","templated":true}]}}