{"id":212249,"date":"2023-11-27T11:49:20","date_gmt":"2023-11-27T16:49:20","guid":{"rendered":"https:\/\/www.ucm.edu.co\/?p=212249"},"modified":"2023-11-27T11:49:21","modified_gmt":"2023-11-27T16:49:21","slug":"el-fondo-de-becas-de-maestria-manizales-innovadora-impulsa-el-desarrollo-sostenible","status":"publish","type":"post","link":"https:\/\/www.ucm.edu.co\/en\/el-fondo-de-becas-de-maestria-manizales-innovadora-impulsa-el-desarrollo-sostenible\/","title":{"rendered":"El Fondo de Becas de Maestr\u00eda Manizales + Innovadora impulsa el Desarrollo Sostenible"},"content":{"rendered":"<p class=\"wp-block-paragraph\">El Fondo de Becas surgi\u00f3 como una iniciativa visionaria para potenciar la investigaci\u00f3n aplicada y abordar las necesidades de <em>desarrollo sostenible<\/em> en la ciudad. As\u00ed, el<strong> University System of Manizales, SUMA<\/strong>, busca generar din\u00e1micas en las que el conocimiento generado en las universidades pueda ser puesto al servicio de la regi\u00f3n, por medio de proyectos de investigaci\u00f3n con alto potencial de aplicaci\u00f3n en el sector productivo.<\/p>\n\n\n\n<p class=\"wp-block-paragraph\">El programa se enfoca en incentivar la generaci\u00f3n de conocimiento para vincular dicha investigaci\u00f3n con la gesti\u00f3n p\u00fablica y que promueva la implementaci\u00f3n de soluciones concretas, adem\u00e1s, la difusi\u00f3n del conocimiento a trav\u00e9s de los resultados de estos proyectos entre los diferentes sectores de la ciudad, incluyendo el p\u00fablico, el privado y el acad\u00e9mico.<\/p>\n\n\n\n<p class=\"wp-block-paragraph\">Durante las cuatro cohortes del fondo se otorgaron un total de 60 becas a estudiantes de maestr\u00eda que contribuyeron significativamente a la sostenibilidad de Manizales. Cada proyecto seleccionado recibi\u00f3 un auxilio de investigaci\u00f3n de 4 millones de pesos para respaldar el desarrollo de su trabajo de investigaci\u00f3n, adem\u00e1s de un descuento equivalente en la matr\u00edcula por parte de las universidades de SUMA.<\/p>\n\n\n\n<figure class=\"wp-block-image size-full is-resized\"><a href=\"https:\/\/www.ucm.edu.co\/wp-content\/uploads\/2023\/11\/UCM-Manizales-Campus.jpg\" target=\"_blank\" rel=\"noreferrer noopener\"><img loading=\"lazy\" decoding=\"async\" width=\"800\" height=\"545\" src=\"https:\/\/www.ucm.edu.co\/wp-content\/uploads\/2023\/11\/UCM-Manizales-Campus.jpg\" alt=\"El Laboratorio de Innovaci\u00f3n P\u00fablica de la Alcald\u00eda de Manizales y el Programa Manizales Campus Universitario trabajan por seguir consolidando a la capital caldense como la ciudad universitaria de Colombia.\" class=\"wp-image-212255\" style=\"width:523px;height:auto\" srcset=\"https:\/\/www.ucm.edu.co\/wp-content\/uploads\/2023\/11\/UCM-Manizales-Campus.jpg 800w, https:\/\/www.ucm.edu.co\/wp-content\/uploads\/2023\/11\/UCM-Manizales-Campus-480x327.jpg 480w\" sizes=\"(min-width: 0px) and (max-width: 480px) 480px, (min-width: 481px) 800px, 100vw\" \/><\/a><\/figure>\n\n\n\n<p class=\"wp-block-paragraph\">Las aliadas de SUMA han dispuesto de todo el equipo t\u00e9cnico, profesional y de la capacidad instalada de sus universidades para el desarrollo de las investigaciones, que tuvieron como ejes tem\u00e1ticos abordaron cuestiones como la reducci\u00f3n de la pobreza, la salud mental, h\u00e1bitos de vida saludable y el envejecimiento activo, entre otros.<a><\/a><\/p>\n\n\n\n<p class=\"wp-block-paragraph\">The <strong>Universidad Cat\u00f3lica de Manizales,<\/strong> como parte de esta gran iniciativa de ciudad, sigue con el ineludible compromiso de fortalecer el potencial investigativo de las universidades y la apropiaci\u00f3n social del conocimiento.<\/p>","protected":false},"excerpt":{"rendered":"<p>El Laboratorio de Innovaci\u00f3n P\u00fablica de la Alcald\u00eda de Manizales y el Programa Manizales Campus Universitario trabajan por seguir consolidando a la capital caldense como la ciudad universitaria de Colombia.<\/p>","protected":false},"author":5,"featured_media":189520,"comment_status":"open","ping_status":"open","sticky":false,"template":"","format":"standard","meta":{"_et_pb_use_builder":"","_et_pb_old_content":"","_et_gb_content_width":"","content-type":"","_monsterinsights_skip_tracking":false,"footnotes":""},"categories":[13],"tags":[94,271,426],"class_list":["post-212249","post","type-post","status-publish","format-standard","has-post-thumbnail","hentry","category-docencia","tag-becas","tag-investigacion","tag-manizales-campus-universitario"],"yoast_head":"<!-- This site is optimized with the Yoast SEO plugin v28.1 - https:\/\/yoast.com\/product\/yoast-seo-wordpress\/ -->\n<title>UCM - Universidad Cat\u00f3lica de Manizales<\/title>\n<meta name=\"robots\" content=\"index, follow, max-snippet:-1, max-image-preview:large, max-video-preview:-1\" \/>\n<link rel=\"canonical\" href=\"https:\/\/www.ucm.edu.co\/en\/el-fondo-de-becas-de-maestria-manizales-innovadora-impulsa-el-desarrollo-sostenible\/\" \/>\n<meta property=\"og:locale\" content=\"en_US\" \/>\n<meta property=\"og:type\" content=\"article\" \/>\n<meta property=\"og:title\" content=\"UCM - Universidad Cat\u00f3lica de Manizales\" \/>\n<meta property=\"og:description\" content=\"El Laboratorio de Innovaci\u00f3n P\u00fablica de la Alcald\u00eda de Manizales y el Programa Manizales Campus Universitario trabajan por seguir consolidando a la capital caldense como la ciudad universitaria de Colombia.\" \/>\n<meta property=\"og:url\" content=\"https:\/\/www.ucm.edu.co\/en\/el-fondo-de-becas-de-maestria-manizales-innovadora-impulsa-el-desarrollo-sostenible\/\" \/>\n<meta property=\"og:site_name\" content=\"UCM - Universidad Cat\u00f3lica de Manizales\" \/>\n<meta property=\"article:publisher\" content=\"https:\/\/www.facebook.com\/ucatolicamanizales\" \/>\n<meta property=\"article:published_time\" content=\"2023-11-27T16:49:20+00:00\" \/>\n<meta property=\"article:modified_time\" content=\"2023-11-27T16:49:21+00:00\" \/>\n<meta property=\"og:image\" content=\"https:\/\/www.ucm.edu.co\/wp-content\/uploads\/2021\/03\/becas_bioinformatica.jpg\" \/>\n\t<meta property=\"og:image:width\" content=\"545\" \/>\n\t<meta property=\"og:image:height\" content=\"300\" \/>\n\t<meta property=\"og:image:type\" content=\"image\/jpeg\" \/>\n<meta name=\"author\" content=\"Prensa UCM\" \/>\n<meta name=\"twitter:card\" content=\"summary_large_image\" \/>\n<meta name=\"twitter:creator\" content=\"@ucm_manizales\" \/>\n<meta name=\"twitter:site\" content=\"@ucm_manizales\" \/>\n<meta name=\"twitter:label1\" content=\"Written by\" \/>\n\t<meta name=\"twitter:data1\" content=\"Prensa UCM\" \/>\n\t<meta name=\"twitter:label2\" content=\"Est. reading time\" \/>\n\t<meta name=\"twitter:data2\" content=\"2 minutes\" \/>\n<script type=\"application\/ld+json\" class=\"yoast-schema-graph\">{\"@context\":\"https:\\\/\\\/schema.org\",\"@graph\":[{\"@type\":\"Article\",\"@id\":\"https:\\\/\\\/www.ucm.edu.co\\\/el-fondo-de-becas-de-maestria-manizales-innovadora-impulsa-el-desarrollo-sostenible\\\/#article\",\"isPartOf\":{\"@id\":\"https:\\\/\\\/www.ucm.edu.co\\\/el-fondo-de-becas-de-maestria-manizales-innovadora-impulsa-el-desarrollo-sostenible\\\/\"},\"author\":{\"name\":\"Prensa UCM\",\"@id\":\"https:\\\/\\\/www.ucm.edu.co\\\/#\\\/schema\\\/person\\\/fea805666959d6cfcf87dea44ef2f0b8\"},\"headline\":\"El Fondo de Becas de Maestr\u00eda Manizales + Innovadora impulsa el Desarrollo Sostenible\",\"datePublished\":\"2023-11-27T16:49:20+00:00\",\"dateModified\":\"2023-11-27T16:49:21+00:00\",\"mainEntityOfPage\":{\"@id\":\"https:\\\/\\\/www.ucm.edu.co\\\/el-fondo-de-becas-de-maestria-manizales-innovadora-impulsa-el-desarrollo-sostenible\\\/\"},\"wordCount\":303,\"commentCount\":0,\"publisher\":{\"@id\":\"https:\\\/\\\/www.ucm.edu.co\\\/#organization\"},\"image\":{\"@id\":\"https:\\\/\\\/www.ucm.edu.co\\\/el-fondo-de-becas-de-maestria-manizales-innovadora-impulsa-el-desarrollo-sostenible\\\/#primaryimage\"},\"thumbnailUrl\":\"https:\\\/\\\/www.ucm.edu.co\\\/wp-content\\\/uploads\\\/2021\\\/03\\\/becas_bioinformatica.jpg\",\"keywords\":[\"Becas\",\"Investigaci\u00f3n\",\"Manizales Campus Universitario\"],\"articleSection\":[\"Docencia\"],\"inLanguage\":\"en-US\",\"potentialAction\":[{\"@type\":\"CommentAction\",\"name\":\"Comment\",\"target\":[\"https:\\\/\\\/www.ucm.edu.co\\\/el-fondo-de-becas-de-maestria-manizales-innovadora-impulsa-el-desarrollo-sostenible\\\/#respond\"]}]},{\"@type\":\"WebPage\",\"@id\":\"https:\\\/\\\/www.ucm.edu.co\\\/el-fondo-de-becas-de-maestria-manizales-innovadora-impulsa-el-desarrollo-sostenible\\\/\",\"url\":\"https:\\\/\\\/www.ucm.edu.co\\\/el-fondo-de-becas-de-maestria-manizales-innovadora-impulsa-el-desarrollo-sostenible\\\/\",\"name\":\"UCM - Universidad Cat\u00f3lica de Manizales\",\"isPartOf\":{\"@id\":\"https:\\\/\\\/www.ucm.edu.co\\\/#website\"},\"primaryImageOfPage\":{\"@id\":\"https:\\\/\\\/www.ucm.edu.co\\\/el-fondo-de-becas-de-maestria-manizales-innovadora-impulsa-el-desarrollo-sostenible\\\/#primaryimage\"},\"image\":{\"@id\":\"https:\\\/\\\/www.ucm.edu.co\\\/el-fondo-de-becas-de-maestria-manizales-innovadora-impulsa-el-desarrollo-sostenible\\\/#primaryimage\"},\"thumbnailUrl\":\"https:\\\/\\\/www.ucm.edu.co\\\/wp-content\\\/uploads\\\/2021\\\/03\\\/becas_bioinformatica.jpg\",\"datePublished\":\"2023-11-27T16:49:20+00:00\",\"dateModified\":\"2023-11-27T16:49:21+00:00\",\"breadcrumb\":{\"@id\":\"https:\\\/\\\/www.ucm.edu.co\\\/el-fondo-de-becas-de-maestria-manizales-innovadora-impulsa-el-desarrollo-sostenible\\\/#breadcrumb\"},\"inLanguage\":\"en-US\",\"potentialAction\":[{\"@type\":\"ReadAction\",\"target\":[\"https:\\\/\\\/www.ucm.edu.co\\\/el-fondo-de-becas-de-maestria-manizales-innovadora-impulsa-el-desarrollo-sostenible\\\/\"]}]},{\"@type\":\"ImageObject\",\"inLanguage\":\"en-US\",\"@id\":\"https:\\\/\\\/www.ucm.edu.co\\\/el-fondo-de-becas-de-maestria-manizales-innovadora-impulsa-el-desarrollo-sostenible\\\/#primaryimage\",\"url\":\"https:\\\/\\\/www.ucm.edu.co\\\/wp-content\\\/uploads\\\/2021\\\/03\\\/becas_bioinformatica.jpg\",\"contentUrl\":\"https:\\\/\\\/www.ucm.edu.co\\\/wp-content\\\/uploads\\\/2021\\\/03\\\/becas_bioinformatica.jpg\",\"width\":545,\"height\":300,\"caption\":\"El Laboratorio de Innovaci\u00f3n P\u00fablica de la Alcald\u00eda de Manizales y el Programa Manizales Campus Universitario trabajan por seguir consolidando a la capital caldense como la ciudad universitaria de Colombia.\"},{\"@type\":\"BreadcrumbList\",\"@id\":\"https:\\\/\\\/www.ucm.edu.co\\\/el-fondo-de-becas-de-maestria-manizales-innovadora-impulsa-el-desarrollo-sostenible\\\/#breadcrumb\",\"itemListElement\":[{\"@type\":\"ListItem\",\"position\":1,\"name\":\"Portada\",\"item\":\"https:\\\/\\\/www.ucm.edu.co\\\/\"},{\"@type\":\"ListItem\",\"position\":2,\"name\":\"El Fondo de Becas de Maestr\u00eda Manizales + Innovadora impulsa el Desarrollo Sostenible\"}]},{\"@type\":\"WebSite\",\"@id\":\"https:\\\/\\\/www.ucm.edu.co\\\/#website\",\"url\":\"https:\\\/\\\/www.ucm.edu.co\\\/\",\"name\":\"UCM - Universidad Cat\u00f3lica de Manizales\",\"description\":\"Ven a ser quien quieres ser\",\"publisher\":{\"@id\":\"https:\\\/\\\/www.ucm.edu.co\\\/#organization\"},\"alternateName\":\"UCM\",\"potentialAction\":[{\"@type\":\"SearchAction\",\"target\":{\"@type\":\"EntryPoint\",\"urlTemplate\":\"https:\\\/\\\/www.ucm.edu.co\\\/?s={search_term_string}\"},\"query-input\":{\"@type\":\"PropertyValueSpecification\",\"valueRequired\":true,\"valueName\":\"search_term_string\"}}],\"inLanguage\":\"en-US\"},{\"@type\":\"Organization\",\"@id\":\"https:\\\/\\\/www.ucm.edu.co\\\/#organization\",\"name\":\"Universidad Cat\u00f3lica de Manizales\",\"alternateName\":\"UCM\",\"url\":\"https:\\\/\\\/www.ucm.edu.co\\\/\",\"logo\":{\"@type\":\"ImageObject\",\"inLanguage\":\"en-US\",\"@id\":\"https:\\\/\\\/www.ucm.edu.co\\\/#\\\/schema\\\/logo\\\/image\\\/\",\"url\":\"https:\\\/\\\/www.ucm.edu.co\\\/wp-content\\\/uploads\\\/2021\\\/03\\\/favicon_ucm.png\",\"contentUrl\":\"https:\\\/\\\/www.ucm.edu.co\\\/wp-content\\\/uploads\\\/2021\\\/03\\\/favicon_ucm.png\",\"width\":512,\"height\":512,\"caption\":\"Universidad Cat\u00f3lica de Manizales\"},\"image\":{\"@id\":\"https:\\\/\\\/www.ucm.edu.co\\\/#\\\/schema\\\/logo\\\/image\\\/\"},\"sameAs\":[\"https:\\\/\\\/www.facebook.com\\\/ucatolicamanizales\",\"https:\\\/\\\/x.com\\\/ucm_manizales\",\"https:\\\/\\\/www.instagram.com\\\/ucatolicamanizales\\\/\",\"https:\\\/\\\/co.linkedin.com\\\/school\\\/ucatolicamanizales\\\/\",\"https:\\\/\\\/www.youtube.com\\\/user\\\/UCMtelevision\"]},{\"@type\":\"Person\",\"@id\":\"https:\\\/\\\/www.ucm.edu.co\\\/#\\\/schema\\\/person\\\/fea805666959d6cfcf87dea44ef2f0b8\",\"name\":\"Prensa UCM\",\"image\":{\"@type\":\"ImageObject\",\"inLanguage\":\"en-US\",\"@id\":\"https:\\\/\\\/secure.gravatar.com\\\/avatar\\\/e9670ef3f6e98ca21e5ca101324fddb19f2b728f8bc808ffc267be23350fac46?s=96&d=mm&r=g\",\"url\":\"https:\\\/\\\/secure.gravatar.com\\\/avatar\\\/e9670ef3f6e98ca21e5ca101324fddb19f2b728f8bc808ffc267be23350fac46?s=96&d=mm&r=g\",\"contentUrl\":\"https:\\\/\\\/secure.gravatar.com\\\/avatar\\\/e9670ef3f6e98ca21e5ca101324fddb19f2b728f8bc808ffc267be23350fac46?s=96&d=mm&r=g\",\"caption\":\"Prensa UCM\"},\"url\":\"https:\\\/\\\/www.ucm.edu.co\\\/en\\\/author\\\/prensa\\\/\"}]}<\/script>\n<!-- \/ Yoast SEO plugin. -->","yoast_head_json":{"title":"UCM - Universidad Cat\u00f3lica de Manizales","robots":{"index":"index","follow":"follow","max-snippet":"max-snippet:-1","max-image-preview":"max-image-preview:large","max-video-preview":"max-video-preview:-1"},"canonical":"https:\/\/www.ucm.edu.co\/en\/el-fondo-de-becas-de-maestria-manizales-innovadora-impulsa-el-desarrollo-sostenible\/","og_locale":"en_US","og_type":"article","og_title":"UCM - Universidad Cat\u00f3lica de Manizales","og_description":"El Laboratorio de Innovaci\u00f3n P\u00fablica de la Alcald\u00eda de Manizales y el Programa Manizales Campus Universitario trabajan por seguir consolidando a la capital caldense como la ciudad universitaria de Colombia.","og_url":"https:\/\/www.ucm.edu.co\/en\/el-fondo-de-becas-de-maestria-manizales-innovadora-impulsa-el-desarrollo-sostenible\/","og_site_name":"UCM - Universidad Cat\u00f3lica de Manizales","article_publisher":"https:\/\/www.facebook.com\/ucatolicamanizales","article_published_time":"2023-11-27T16:49:20+00:00","article_modified_time":"2023-11-27T16:49:21+00:00","og_image":[{"width":545,"height":300,"url":"https:\/\/www.ucm.edu.co\/wp-content\/uploads\/2021\/03\/becas_bioinformatica.jpg","type":"image\/jpeg"}],"author":"Prensa UCM","twitter_card":"summary_large_image","twitter_creator":"@ucm_manizales","twitter_site":"@ucm_manizales","twitter_misc":{"Written by":"Prensa UCM","Est. reading time":"2 minutes"},"schema":{"@context":"https:\/\/schema.org","@graph":[{"@type":"Article","@id":"https:\/\/www.ucm.edu.co\/el-fondo-de-becas-de-maestria-manizales-innovadora-impulsa-el-desarrollo-sostenible\/#article","isPartOf":{"@id":"https:\/\/www.ucm.edu.co\/el-fondo-de-becas-de-maestria-manizales-innovadora-impulsa-el-desarrollo-sostenible\/"},"author":{"name":"Prensa UCM","@id":"https:\/\/www.ucm.edu.co\/#\/schema\/person\/fea805666959d6cfcf87dea44ef2f0b8"},"headline":"El Fondo de Becas de Maestr\u00eda Manizales + Innovadora impulsa el Desarrollo Sostenible","datePublished":"2023-11-27T16:49:20+00:00","dateModified":"2023-11-27T16:49:21+00:00","mainEntityOfPage":{"@id":"https:\/\/www.ucm.edu.co\/el-fondo-de-becas-de-maestria-manizales-innovadora-impulsa-el-desarrollo-sostenible\/"},"wordCount":303,"commentCount":0,"publisher":{"@id":"https:\/\/www.ucm.edu.co\/#organization"},"image":{"@id":"https:\/\/www.ucm.edu.co\/el-fondo-de-becas-de-maestria-manizales-innovadora-impulsa-el-desarrollo-sostenible\/#primaryimage"},"thumbnailUrl":"https:\/\/www.ucm.edu.co\/wp-content\/uploads\/2021\/03\/becas_bioinformatica.jpg","keywords":["Becas","Investigaci\u00f3n","Manizales Campus Universitario"],"articleSection":["Docencia"],"inLanguage":"en-US","potentialAction":[{"@type":"CommentAction","name":"Comment","target":["https:\/\/www.ucm.edu.co\/el-fondo-de-becas-de-maestria-manizales-innovadora-impulsa-el-desarrollo-sostenible\/#respond"]}]},{"@type":"WebPage","@id":"https:\/\/www.ucm.edu.co\/el-fondo-de-becas-de-maestria-manizales-innovadora-impulsa-el-desarrollo-sostenible\/","url":"https:\/\/www.ucm.edu.co\/el-fondo-de-becas-de-maestria-manizales-innovadora-impulsa-el-desarrollo-sostenible\/","name":"UCM - Universidad Cat\u00f3lica de Manizales","isPartOf":{"@id":"https:\/\/www.ucm.edu.co\/#website"},"primaryImageOfPage":{"@id":"https:\/\/www.ucm.edu.co\/el-fondo-de-becas-de-maestria-manizales-innovadora-impulsa-el-desarrollo-sostenible\/#primaryimage"},"image":{"@id":"https:\/\/www.ucm.edu.co\/el-fondo-de-becas-de-maestria-manizales-innovadora-impulsa-el-desarrollo-sostenible\/#primaryimage"},"thumbnailUrl":"https:\/\/www.ucm.edu.co\/wp-content\/uploads\/2021\/03\/becas_bioinformatica.jpg","datePublished":"2023-11-27T16:49:20+00:00","dateModified":"2023-11-27T16:49:21+00:00","breadcrumb":{"@id":"https:\/\/www.ucm.edu.co\/el-fondo-de-becas-de-maestria-manizales-innovadora-impulsa-el-desarrollo-sostenible\/#breadcrumb"},"inLanguage":"en-US","potentialAction":[{"@type":"ReadAction","target":["https:\/\/www.ucm.edu.co\/el-fondo-de-becas-de-maestria-manizales-innovadora-impulsa-el-desarrollo-sostenible\/"]}]},{"@type":"ImageObject","inLanguage":"en-US","@id":"https:\/\/www.ucm.edu.co\/el-fondo-de-becas-de-maestria-manizales-innovadora-impulsa-el-desarrollo-sostenible\/#primaryimage","url":"https:\/\/www.ucm.edu.co\/wp-content\/uploads\/2021\/03\/becas_bioinformatica.jpg","contentUrl":"https:\/\/www.ucm.edu.co\/wp-content\/uploads\/2021\/03\/becas_bioinformatica.jpg","width":545,"height":300,"caption":"El Laboratorio de Innovaci\u00f3n P\u00fablica de la Alcald\u00eda de Manizales y el Programa Manizales Campus Universitario trabajan por seguir consolidando a la capital caldense como la ciudad universitaria de Colombia."},{"@type":"BreadcrumbList","@id":"https:\/\/www.ucm.edu.co\/el-fondo-de-becas-de-maestria-manizales-innovadora-impulsa-el-desarrollo-sostenible\/#breadcrumb","itemListElement":[{"@type":"ListItem","position":1,"name":"Portada","item":"https:\/\/www.ucm.edu.co\/"},{"@type":"ListItem","position":2,"name":"El Fondo de Becas de Maestr\u00eda Manizales + Innovadora impulsa el Desarrollo Sostenible"}]},{"@type":"WebSite","@id":"https:\/\/www.ucm.edu.co\/#website","url":"https:\/\/www.ucm.edu.co\/","name":"UCM - Universidad Cat\u00f3lica de Manizales","description":"Ven a ser quien quieres ser","publisher":{"@id":"https:\/\/www.ucm.edu.co\/#organization"},"alternateName":"UCM","potentialAction":[{"@type":"SearchAction","target":{"@type":"EntryPoint","urlTemplate":"https:\/\/www.ucm.edu.co\/?s={search_term_string}"},"query-input":{"@type":"PropertyValueSpecification","valueRequired":true,"valueName":"search_term_string"}}],"inLanguage":"en-US"},{"@type":"Organization","@id":"https:\/\/www.ucm.edu.co\/#organization","name":"Universidad Cat\u00f3lica de Manizales","alternateName":"UCM","url":"https:\/\/www.ucm.edu.co\/","logo":{"@type":"ImageObject","inLanguage":"en-US","@id":"https:\/\/www.ucm.edu.co\/#\/schema\/logo\/image\/","url":"https:\/\/www.ucm.edu.co\/wp-content\/uploads\/2021\/03\/favicon_ucm.png","contentUrl":"https:\/\/www.ucm.edu.co\/wp-content\/uploads\/2021\/03\/favicon_ucm.png","width":512,"height":512,"caption":"Universidad Cat\u00f3lica de Manizales"},"image":{"@id":"https:\/\/www.ucm.edu.co\/#\/schema\/logo\/image\/"},"sameAs":["https:\/\/www.facebook.com\/ucatolicamanizales","https:\/\/x.com\/ucm_manizales","https:\/\/www.instagram.com\/ucatolicamanizales\/","https:\/\/co.linkedin.com\/school\/ucatolicamanizales\/","https:\/\/www.youtube.com\/user\/UCMtelevision"]},{"@type":"Person","@id":"https:\/\/www.ucm.edu.co\/#\/schema\/person\/fea805666959d6cfcf87dea44ef2f0b8","name":"Prensa UCM","image":{"@type":"ImageObject","inLanguage":"en-US","@id":"https:\/\/secure.gravatar.com\/avatar\/e9670ef3f6e98ca21e5ca101324fddb19f2b728f8bc808ffc267be23350fac46?s=96&d=mm&r=g","url":"https:\/\/secure.gravatar.com\/avatar\/e9670ef3f6e98ca21e5ca101324fddb19f2b728f8bc808ffc267be23350fac46?s=96&d=mm&r=g","contentUrl":"https:\/\/secure.gravatar.com\/avatar\/e9670ef3f6e98ca21e5ca101324fddb19f2b728f8bc808ffc267be23350fac46?s=96&d=mm&r=g","caption":"Prensa UCM"},"url":"https:\/\/www.ucm.edu.co\/en\/author\/prensa\/"}]}},"_links":{"self":[{"href":"https:\/\/www.ucm.edu.co\/en\/wp-json\/wp\/v2\/posts\/212249","targetHints":{"allow":["GET"]}}],"collection":[{"href":"https:\/\/www.ucm.edu.co\/en\/wp-json\/wp\/v2\/posts"}],"about":[{"href":"https:\/\/www.ucm.edu.co\/en\/wp-json\/wp\/v2\/types\/post"}],"author":[{"embeddable":true,"href":"https:\/\/www.ucm.edu.co\/en\/wp-json\/wp\/v2\/users\/5"}],"replies":[{"embeddable":true,"href":"https:\/\/www.ucm.edu.co\/en\/wp-json\/wp\/v2\/comments?post=212249"}],"version-history":[{"count":1,"href":"https:\/\/www.ucm.edu.co\/en\/wp-json\/wp\/v2\/posts\/212249\/revisions"}],"predecessor-version":[{"id":212256,"href":"https:\/\/www.ucm.edu.co\/en\/wp-json\/wp\/v2\/posts\/212249\/revisions\/212256"}],"wp:featuredmedia":[{"embeddable":true,"href":"https:\/\/www.ucm.edu.co\/en\/wp-json\/wp\/v2\/media\/189520"}],"wp:attachment":[{"href":"https:\/\/www.ucm.edu.co\/en\/wp-json\/wp\/v2\/media?parent=212249"}],"wp:term":[{"taxonomy":"category","embeddable":true,"href":"https:\/\/www.ucm.edu.co\/en\/wp-json\/wp\/v2\/categories?post=212249"},{"taxonomy":"post_tag","embeddable":true,"href":"https:\/\/www.ucm.edu.co\/en\/wp-json\/wp\/v2\/tags?post=212249"}],"curies":[{"name":"wp","href":"https:\/\/api.w.org\/{rel}","templated":true}]}}