{"id":203739,"date":"2022-09-28T10:38:29","date_gmt":"2022-09-28T15:38:29","guid":{"rendered":"https:\/\/www.ucm.edu.co\/?p=203739"},"modified":"2022-09-28T10:39:38","modified_gmt":"2022-09-28T15:39:38","slug":"diseno-metodologico-universal-para-la-alfabetizacion-e-inclusion-en-matematicas-de-estudiantes-sordos","status":"publish","type":"post","link":"https:\/\/www.ucm.edu.co\/en\/diseno-metodologico-universal-para-la-alfabetizacion-e-inclusion-en-matematicas-de-estudiantes-sordos\/","title":{"rendered":"Dise\u00f1o metodol\u00f3gico universal para la alfabetizaci\u00f3n e inclusi\u00f3n en matem\u00e1ticas de estudiantes sordos"},"content":{"rendered":"<p class=\"wp-block-paragraph\">La presente obra emerge como parte del acontecer acad\u00e9mico e investigativo de la Universidad Cat\u00f3lica de Manizales (UCM), instituci\u00f3n que hace de la inclusi\u00f3n un territorio de actuaci\u00f3n propio a partir del sello internacional que en 2018 recibi\u00f3 de la Federaci\u00f3n Internacional de Universidades Cat\u00f3licas (a trav\u00e9s de la Universidad Cat\u00f3lica de Valencia- Espa\u00f1a). Esto le permite ser la \u00fanica universidad cat\u00f3lica en Colombia Campus Capacitas \u2014con dos \u00e9nfasis: discapacidad y vulnerabilidad\u2014, es decir, un campus inclusivo en virtud del cultivo de su cultura de acogida, respeto y valoraci\u00f3n de la diversidad, y de su apuesta por el desarrollo en los procesos educativos de pr\u00e1cticas inclusivas desde lo educativo, lo pedag\u00f3gico, la did\u00e1ctica y el dise\u00f1o universal.<\/p>\n\n\n\n<p class=\"wp-block-paragraph\">Dado lo anterior, los programas de la Facultad de Educaci\u00f3n de la UCM (y en el caso que nos ocupa, la Licenciatura en Matem\u00e1ticas y F\u00edsica) hacen de la inclusi\u00f3n no solo una cualidad de los procesos educativos y formativos que desarrolla, sino tambi\u00e9n una actitud que caracteriza a los profesores\/maestros que comunican el saber, el conocimiento en las aulas. Al respecto, el paradigma posestructuralista dice que la inclusi\u00f3n como actitud se articula con el sistema de valores y creencias de quienes realizan el acto educativo (estudiantes y profesores), al tiempo que provee intencionalidad a la identificaci\u00f3n de necesidades particulares de aprendizaje y a las estrategias a utilizar en los procesos de acompa\u00f1amiento para efectos de logro acad\u00e9mico, mejoramiento continuo del desempe\u00f1o, respeto de los ritmos, sostenimiento de la motivaci\u00f3n, permanencia y finalizaci\u00f3n de procesos de quienes acceden al sistema educativo en cualquiera de sus niveles. Por esto, cuando se habla de inclusi\u00f3n desde el enfoque diferencial de discapacidad en este caso particular, nos encontramos con categor\u00edas que abren m\u00faltiples posibilidades de acompa\u00f1amiento para asegurar el buen desempe\u00f1o acad\u00e9mico, social, en fin, integral de los estudiantes: caracterizaci\u00f3n, dise\u00f1o universal, planes de ajuste razonable, acceso y accesibilidad, barreras para el aprendizaje y la participaci\u00f3n. Estas categor\u00edas implican la construcci\u00f3n de curr\u00edculos inclusivos y sistemas de evaluaci\u00f3n flexibles, la revisi\u00f3n de la pol\u00edtica p\u00fablica y las pol\u00edticas acad\u00e9micas, la formaci\u00f3n de profesores y el compromiso de cultivar en toda comunidad educativa una cultura de la inclusi\u00f3n que vaya m\u00e1s all\u00e1 del aula y los procesos acad\u00e9micos.<\/p>\n\n\n\n<p class=\"wp-block-paragraph\">DISE\u00d1ARMAN nace, entonces, como una posibilidad de encontrar y desplegar nuevas estrategias de ense\u00f1anza y aprendizaje de las matem\u00e1ticas para discentes y profesores, a partir de una metodolog\u00eda visogestual de la lengua de se\u00f1as colombiana (LSC) aplicable en estudiantes sordos y oyentes. La propuesta es hacer de las manos la mediaci\u00f3n para la realizaci\u00f3n del conteo y de las operaciones matem\u00e1ticas b\u00e1sicas a trav\u00e9s de un algoritmo de asignaci\u00f3n. Este dise\u00f1o metodol\u00f3gico universal es el fruto del trabajo colaborativo entre dos estudiantes sordos, hoy graduados de la Licenciatura en Matem\u00e1ticas y F\u00edsica de la UCM, un profesor y la int\u00e9rprete que acompa\u00f1\u00f3 el proceso formativo de los estudiantes en el programa acad\u00e9mico citado.<\/p>\n\n\n\n<p class=\"wp-block-paragraph\">Extendemos nuestra gratitud y reconocimiento a los autores de este texto (los graduados Roberto Andr\u00e9s L\u00f3pez Guar\u00edn y Jorge Adri\u00e1n Giraldo Gonz\u00e1lez, el profesor Luis Hernando Carmona Ram\u00edrez y la int\u00e9rprete de lengua de se\u00f1as Ingrid Su\u00e1rez Hincapi\u00e9) por permitirle a la UCM dar cuenta de tres elementos: primero, su esfuerzo institucional en pro de guardar coherencia con lo declarado en su plataforma estrat\u00e9gica \u2014misi\u00f3n y visi\u00f3n institucionales\u2014, en la que la formaci\u00f3n integral, la inclusi\u00f3n y la equidad se visibilizan como sellos institucionales; segundo, su compromiso con la vivencia de su Modelo Pedag\u00f3gico Personalizante y Liberador, que hace de la persona, en su singularidad y riqueza, el centro de los procesos acad\u00e9micos; y tercero, su voluntad por hacer de su sello Campus Capacitas tanto una realidad como una respuesta a las necesidades diferenciales de los estudiantes en el aula, y en particular a las de nuestros estudiantes de la Facultad de Educaci\u00f3n.<\/p>\n\n\n\n<p class=\"wp-block-paragraph\"><\/p>\n\n\n\n<p class=\"wp-block-paragraph\"><strong>\u2022 Hna. Elizabeth Caicedo Caicedo O.P. \u2022<\/strong><br>Rectora UCM<br><br><strong>\u2022 Autores \u2022<\/strong><br>Roberto Andr\u00e9s L\u00f3pez Guar\u00edn \u00b7 Jorge Adri\u00e1n Giraldo Gonz\u00e1lez \u00b7 Ingrid Eliana Su\u00e1rez Hincapi\u00e9 \u00b7 Luis Hernando Carmona Ram\u00edrez<br><\/p>\n\n\n\n<p class=\"wp-block-paragraph\"><\/p>\n\n\n\n<p class=\"wp-block-paragraph\">Para visualizar este libro de forma interactiva, debes descargar el archivo <a href=\"https:\/\/drive.google.com\/file\/d\/1RPV9kEqSJr1JTe8nwUtdFeFkV1RVGaLi\/view?usp=sharing\" target=\"_blank\" rel=\"noreferrer noopener\">here<\/a> descarga el siguiente software.<\/p>\n\n\n\n<p class=\"wp-block-paragraph\"><a href=\"https:\/\/www.adobe.com\/solutions\/ebook\/digital-editions\/download.html\">https:\/\/www.adobe.com\/solutions\/ebook\/digital-editions\/download.html<\/a><\/p>\n\n\n<div class=\"_df_book df-lite\" id=\"df_203735\"  _slug=\"diseno-metodologico-universal-para-la-alfabetizacion-e-inclusion-en-matematicas-de-estudiantes-sordos\" data-title=\"diseno-metodologico-universal-para-la-alfabetizacion-e-inclusion-en-matematicas-de-estudiantes-sordos\" wpoptions=\"true\" thumbtype=\"\" ><\/div><script class=\"df-shortcode-script\" nowprocket type=\"application\/javascript\">window.option_df_203735 = {\"outline\":[],\"backgroundColor\":\"#fff\",\"autoEnableOutline\":\"false\",\"autoEnableThumbnail\":\"false\",\"overwritePDFOutline\":\"false\",\"direction\":\"1\",\"pageSize\":\"0\",\"pageMode\":\"1\",\"source\":\"https:\\\/\\\/www.ucm.edu.co\\\/wp-content\\\/uploads\\\/2022\\\/09\\\/alfabetizacion_inclusion_matematicas_estudiantes_sordos.pdf\",\"wpOptions\":\"true\"}; if(window.DFLIP && window.DFLIP.parseBooks){window.DFLIP.parseBooks();}<\/script>","protected":false},"excerpt":{"rendered":"<p>La presente obra emerge como parte del acontecer acad\u00e9mico e investigativo de la Universidad Cat\u00f3lica de Manizales (UCM), instituci\u00f3n que hace de la inclusi\u00f3n un territorio de actuaci\u00f3n propio a [&hellip;]<\/p>\n","protected":false},"author":8,"featured_media":203738,"comment_status":"open","ping_status":"open","sticky":false,"template":"","format":"standard","meta":{"_et_pb_use_builder":"","_et_pb_old_content":"","_et_gb_content_width":"","content-type":"","_monsterinsights_skip_tracking":false,"footnotes":""},"categories":[170],"tags":[],"class_list":["post-203739","post","type-post","status-publish","format-standard","has-post-thumbnail","hentry","category-libros"],"yoast_head":"<!-- This site is optimized with the Yoast SEO plugin v28.1 - https:\/\/yoast.com\/product\/yoast-seo-wordpress\/ -->\n<title>UCM - Universidad Cat\u00f3lica de Manizales<\/title>\n<meta name=\"robots\" content=\"index, follow, max-snippet:-1, max-image-preview:large, max-video-preview:-1\" \/>\n<link rel=\"canonical\" href=\"https:\/\/www.ucm.edu.co\/en\/diseno-metodologico-universal-para-la-alfabetizacion-e-inclusion-en-matematicas-de-estudiantes-sordos\/\" \/>\n<meta property=\"og:locale\" content=\"en_US\" \/>\n<meta property=\"og:type\" content=\"article\" \/>\n<meta property=\"og:title\" content=\"UCM - Universidad Cat\u00f3lica de Manizales\" \/>\n<meta property=\"og:description\" content=\"La presente obra emerge como parte del acontecer acad\u00e9mico e investigativo de la Universidad Cat\u00f3lica de Manizales (UCM), instituci\u00f3n que hace de la inclusi\u00f3n un territorio de actuaci\u00f3n propio a [&hellip;]\" \/>\n<meta property=\"og:url\" content=\"https:\/\/www.ucm.edu.co\/en\/diseno-metodologico-universal-para-la-alfabetizacion-e-inclusion-en-matematicas-de-estudiantes-sordos\/\" \/>\n<meta property=\"og:site_name\" content=\"UCM - Universidad Cat\u00f3lica de Manizales\" \/>\n<meta property=\"article:publisher\" content=\"https:\/\/www.facebook.com\/ucatolicamanizales\" \/>\n<meta property=\"article:published_time\" content=\"2022-09-28T15:38:29+00:00\" \/>\n<meta property=\"article:modified_time\" content=\"2022-09-28T15:39:38+00:00\" \/>\n<meta property=\"og:image\" content=\"https:\/\/www.ucm.edu.co\/wp-content\/uploads\/2022\/09\/alfabetizacion_inclusion_matematicas_estudiatnes_sordos.jpg\" \/>\n\t<meta property=\"og:image:width\" content=\"800\" \/>\n\t<meta property=\"og:image:height\" content=\"450\" \/>\n\t<meta property=\"og:image:type\" content=\"image\/jpeg\" \/>\n<meta name=\"author\" content=\"Marca UCM\" \/>\n<meta name=\"twitter:card\" content=\"summary_large_image\" \/>\n<meta name=\"twitter:creator\" content=\"@ucm_manizales\" \/>\n<meta name=\"twitter:site\" content=\"@ucm_manizales\" \/>\n<meta name=\"twitter:label1\" content=\"Written by\" \/>\n\t<meta name=\"twitter:data1\" content=\"Marca UCM\" \/>\n\t<meta name=\"twitter:label2\" content=\"Est. reading time\" \/>\n\t<meta name=\"twitter:data2\" content=\"4 minutes\" \/>\n<script type=\"application\/ld+json\" class=\"yoast-schema-graph\">{\"@context\":\"https:\\\/\\\/schema.org\",\"@graph\":[{\"@type\":\"Article\",\"@id\":\"https:\\\/\\\/www.ucm.edu.co\\\/diseno-metodologico-universal-para-la-alfabetizacion-e-inclusion-en-matematicas-de-estudiantes-sordos\\\/#article\",\"isPartOf\":{\"@id\":\"https:\\\/\\\/www.ucm.edu.co\\\/diseno-metodologico-universal-para-la-alfabetizacion-e-inclusion-en-matematicas-de-estudiantes-sordos\\\/\"},\"author\":{\"name\":\"Marca UCM\",\"@id\":\"https:\\\/\\\/www.ucm.edu.co\\\/#\\\/schema\\\/person\\\/52f5e2d6835d561911c3d6866e61cd5f\"},\"headline\":\"Dise\u00f1o metodol\u00f3gico universal para la alfabetizaci\u00f3n e inclusi\u00f3n en matem\u00e1ticas de estudiantes sordos\",\"datePublished\":\"2022-09-28T15:38:29+00:00\",\"dateModified\":\"2022-09-28T15:39:38+00:00\",\"mainEntityOfPage\":{\"@id\":\"https:\\\/\\\/www.ucm.edu.co\\\/diseno-metodologico-universal-para-la-alfabetizacion-e-inclusion-en-matematicas-de-estudiantes-sordos\\\/\"},\"wordCount\":799,\"commentCount\":0,\"publisher\":{\"@id\":\"https:\\\/\\\/www.ucm.edu.co\\\/#organization\"},\"image\":{\"@id\":\"https:\\\/\\\/www.ucm.edu.co\\\/diseno-metodologico-universal-para-la-alfabetizacion-e-inclusion-en-matematicas-de-estudiantes-sordos\\\/#primaryimage\"},\"thumbnailUrl\":\"https:\\\/\\\/www.ucm.edu.co\\\/wp-content\\\/uploads\\\/2022\\\/09\\\/alfabetizacion_inclusion_matematicas_estudiatnes_sordos.jpg\",\"articleSection\":[\"Libros\"],\"inLanguage\":\"en-US\",\"potentialAction\":[{\"@type\":\"CommentAction\",\"name\":\"Comment\",\"target\":[\"https:\\\/\\\/www.ucm.edu.co\\\/diseno-metodologico-universal-para-la-alfabetizacion-e-inclusion-en-matematicas-de-estudiantes-sordos\\\/#respond\"]}]},{\"@type\":\"WebPage\",\"@id\":\"https:\\\/\\\/www.ucm.edu.co\\\/diseno-metodologico-universal-para-la-alfabetizacion-e-inclusion-en-matematicas-de-estudiantes-sordos\\\/\",\"url\":\"https:\\\/\\\/www.ucm.edu.co\\\/diseno-metodologico-universal-para-la-alfabetizacion-e-inclusion-en-matematicas-de-estudiantes-sordos\\\/\",\"name\":\"UCM - Universidad Cat\u00f3lica de Manizales\",\"isPartOf\":{\"@id\":\"https:\\\/\\\/www.ucm.edu.co\\\/#website\"},\"primaryImageOfPage\":{\"@id\":\"https:\\\/\\\/www.ucm.edu.co\\\/diseno-metodologico-universal-para-la-alfabetizacion-e-inclusion-en-matematicas-de-estudiantes-sordos\\\/#primaryimage\"},\"image\":{\"@id\":\"https:\\\/\\\/www.ucm.edu.co\\\/diseno-metodologico-universal-para-la-alfabetizacion-e-inclusion-en-matematicas-de-estudiantes-sordos\\\/#primaryimage\"},\"thumbnailUrl\":\"https:\\\/\\\/www.ucm.edu.co\\\/wp-content\\\/uploads\\\/2022\\\/09\\\/alfabetizacion_inclusion_matematicas_estudiatnes_sordos.jpg\",\"datePublished\":\"2022-09-28T15:38:29+00:00\",\"dateModified\":\"2022-09-28T15:39:38+00:00\",\"breadcrumb\":{\"@id\":\"https:\\\/\\\/www.ucm.edu.co\\\/diseno-metodologico-universal-para-la-alfabetizacion-e-inclusion-en-matematicas-de-estudiantes-sordos\\\/#breadcrumb\"},\"inLanguage\":\"en-US\",\"potentialAction\":[{\"@type\":\"ReadAction\",\"target\":[\"https:\\\/\\\/www.ucm.edu.co\\\/diseno-metodologico-universal-para-la-alfabetizacion-e-inclusion-en-matematicas-de-estudiantes-sordos\\\/\"]}]},{\"@type\":\"ImageObject\",\"inLanguage\":\"en-US\",\"@id\":\"https:\\\/\\\/www.ucm.edu.co\\\/diseno-metodologico-universal-para-la-alfabetizacion-e-inclusion-en-matematicas-de-estudiantes-sordos\\\/#primaryimage\",\"url\":\"https:\\\/\\\/www.ucm.edu.co\\\/wp-content\\\/uploads\\\/2022\\\/09\\\/alfabetizacion_inclusion_matematicas_estudiatnes_sordos.jpg\",\"contentUrl\":\"https:\\\/\\\/www.ucm.edu.co\\\/wp-content\\\/uploads\\\/2022\\\/09\\\/alfabetizacion_inclusion_matematicas_estudiatnes_sordos.jpg\",\"width\":800,\"height\":450},{\"@type\":\"BreadcrumbList\",\"@id\":\"https:\\\/\\\/www.ucm.edu.co\\\/diseno-metodologico-universal-para-la-alfabetizacion-e-inclusion-en-matematicas-de-estudiantes-sordos\\\/#breadcrumb\",\"itemListElement\":[{\"@type\":\"ListItem\",\"position\":1,\"name\":\"Portada\",\"item\":\"https:\\\/\\\/www.ucm.edu.co\\\/\"},{\"@type\":\"ListItem\",\"position\":2,\"name\":\"Dise\u00f1o metodol\u00f3gico universal para la alfabetizaci\u00f3n e inclusi\u00f3n en matem\u00e1ticas de estudiantes sordos\"}]},{\"@type\":\"WebSite\",\"@id\":\"https:\\\/\\\/www.ucm.edu.co\\\/#website\",\"url\":\"https:\\\/\\\/www.ucm.edu.co\\\/\",\"name\":\"UCM - Universidad Cat\u00f3lica de Manizales\",\"description\":\"Ven a ser quien quieres ser\",\"publisher\":{\"@id\":\"https:\\\/\\\/www.ucm.edu.co\\\/#organization\"},\"alternateName\":\"UCM\",\"potentialAction\":[{\"@type\":\"SearchAction\",\"target\":{\"@type\":\"EntryPoint\",\"urlTemplate\":\"https:\\\/\\\/www.ucm.edu.co\\\/?s={search_term_string}\"},\"query-input\":{\"@type\":\"PropertyValueSpecification\",\"valueRequired\":true,\"valueName\":\"search_term_string\"}}],\"inLanguage\":\"en-US\"},{\"@type\":\"Organization\",\"@id\":\"https:\\\/\\\/www.ucm.edu.co\\\/#organization\",\"name\":\"Universidad Cat\u00f3lica de Manizales\",\"alternateName\":\"UCM\",\"url\":\"https:\\\/\\\/www.ucm.edu.co\\\/\",\"logo\":{\"@type\":\"ImageObject\",\"inLanguage\":\"en-US\",\"@id\":\"https:\\\/\\\/www.ucm.edu.co\\\/#\\\/schema\\\/logo\\\/image\\\/\",\"url\":\"https:\\\/\\\/www.ucm.edu.co\\\/wp-content\\\/uploads\\\/2021\\\/03\\\/favicon_ucm.png\",\"contentUrl\":\"https:\\\/\\\/www.ucm.edu.co\\\/wp-content\\\/uploads\\\/2021\\\/03\\\/favicon_ucm.png\",\"width\":512,\"height\":512,\"caption\":\"Universidad Cat\u00f3lica de Manizales\"},\"image\":{\"@id\":\"https:\\\/\\\/www.ucm.edu.co\\\/#\\\/schema\\\/logo\\\/image\\\/\"},\"sameAs\":[\"https:\\\/\\\/www.facebook.com\\\/ucatolicamanizales\",\"https:\\\/\\\/x.com\\\/ucm_manizales\",\"https:\\\/\\\/www.instagram.com\\\/ucatolicamanizales\\\/\",\"https:\\\/\\\/co.linkedin.com\\\/school\\\/ucatolicamanizales\\\/\",\"https:\\\/\\\/www.youtube.com\\\/user\\\/UCMtelevision\"]},{\"@type\":\"Person\",\"@id\":\"https:\\\/\\\/www.ucm.edu.co\\\/#\\\/schema\\\/person\\\/52f5e2d6835d561911c3d6866e61cd5f\",\"name\":\"Marca UCM\",\"image\":{\"@type\":\"ImageObject\",\"inLanguage\":\"en-US\",\"@id\":\"https:\\\/\\\/secure.gravatar.com\\\/avatar\\\/299dbea677535d5ebf1e551d7096494f841ea22510b872bc8e72334b8a3b3e49?s=96&d=mm&r=g\",\"url\":\"https:\\\/\\\/secure.gravatar.com\\\/avatar\\\/299dbea677535d5ebf1e551d7096494f841ea22510b872bc8e72334b8a3b3e49?s=96&d=mm&r=g\",\"contentUrl\":\"https:\\\/\\\/secure.gravatar.com\\\/avatar\\\/299dbea677535d5ebf1e551d7096494f841ea22510b872bc8e72334b8a3b3e49?s=96&d=mm&r=g\",\"caption\":\"Marca UCM\"},\"url\":\"https:\\\/\\\/www.ucm.edu.co\\\/en\\\/author\\\/marca\\\/\"}]}<\/script>\n<!-- \/ Yoast SEO plugin. -->","yoast_head_json":{"title":"UCM - Universidad Cat\u00f3lica de Manizales","robots":{"index":"index","follow":"follow","max-snippet":"max-snippet:-1","max-image-preview":"max-image-preview:large","max-video-preview":"max-video-preview:-1"},"canonical":"https:\/\/www.ucm.edu.co\/en\/diseno-metodologico-universal-para-la-alfabetizacion-e-inclusion-en-matematicas-de-estudiantes-sordos\/","og_locale":"en_US","og_type":"article","og_title":"UCM - Universidad Cat\u00f3lica de Manizales","og_description":"La presente obra emerge como parte del acontecer acad\u00e9mico e investigativo de la Universidad Cat\u00f3lica de Manizales (UCM), instituci\u00f3n que hace de la inclusi\u00f3n un territorio de actuaci\u00f3n propio a [&hellip;]","og_url":"https:\/\/www.ucm.edu.co\/en\/diseno-metodologico-universal-para-la-alfabetizacion-e-inclusion-en-matematicas-de-estudiantes-sordos\/","og_site_name":"UCM - Universidad Cat\u00f3lica de Manizales","article_publisher":"https:\/\/www.facebook.com\/ucatolicamanizales","article_published_time":"2022-09-28T15:38:29+00:00","article_modified_time":"2022-09-28T15:39:38+00:00","og_image":[{"width":800,"height":450,"url":"https:\/\/www.ucm.edu.co\/wp-content\/uploads\/2022\/09\/alfabetizacion_inclusion_matematicas_estudiatnes_sordos.jpg","type":"image\/jpeg"}],"author":"Marca UCM","twitter_card":"summary_large_image","twitter_creator":"@ucm_manizales","twitter_site":"@ucm_manizales","twitter_misc":{"Written by":"Marca UCM","Est. reading time":"4 minutes"},"schema":{"@context":"https:\/\/schema.org","@graph":[{"@type":"Article","@id":"https:\/\/www.ucm.edu.co\/diseno-metodologico-universal-para-la-alfabetizacion-e-inclusion-en-matematicas-de-estudiantes-sordos\/#article","isPartOf":{"@id":"https:\/\/www.ucm.edu.co\/diseno-metodologico-universal-para-la-alfabetizacion-e-inclusion-en-matematicas-de-estudiantes-sordos\/"},"author":{"name":"Marca UCM","@id":"https:\/\/www.ucm.edu.co\/#\/schema\/person\/52f5e2d6835d561911c3d6866e61cd5f"},"headline":"Dise\u00f1o metodol\u00f3gico universal para la alfabetizaci\u00f3n e inclusi\u00f3n en matem\u00e1ticas de estudiantes sordos","datePublished":"2022-09-28T15:38:29+00:00","dateModified":"2022-09-28T15:39:38+00:00","mainEntityOfPage":{"@id":"https:\/\/www.ucm.edu.co\/diseno-metodologico-universal-para-la-alfabetizacion-e-inclusion-en-matematicas-de-estudiantes-sordos\/"},"wordCount":799,"commentCount":0,"publisher":{"@id":"https:\/\/www.ucm.edu.co\/#organization"},"image":{"@id":"https:\/\/www.ucm.edu.co\/diseno-metodologico-universal-para-la-alfabetizacion-e-inclusion-en-matematicas-de-estudiantes-sordos\/#primaryimage"},"thumbnailUrl":"https:\/\/www.ucm.edu.co\/wp-content\/uploads\/2022\/09\/alfabetizacion_inclusion_matematicas_estudiatnes_sordos.jpg","articleSection":["Libros"],"inLanguage":"en-US","potentialAction":[{"@type":"CommentAction","name":"Comment","target":["https:\/\/www.ucm.edu.co\/diseno-metodologico-universal-para-la-alfabetizacion-e-inclusion-en-matematicas-de-estudiantes-sordos\/#respond"]}]},{"@type":"WebPage","@id":"https:\/\/www.ucm.edu.co\/diseno-metodologico-universal-para-la-alfabetizacion-e-inclusion-en-matematicas-de-estudiantes-sordos\/","url":"https:\/\/www.ucm.edu.co\/diseno-metodologico-universal-para-la-alfabetizacion-e-inclusion-en-matematicas-de-estudiantes-sordos\/","name":"UCM - Universidad Cat\u00f3lica de Manizales","isPartOf":{"@id":"https:\/\/www.ucm.edu.co\/#website"},"primaryImageOfPage":{"@id":"https:\/\/www.ucm.edu.co\/diseno-metodologico-universal-para-la-alfabetizacion-e-inclusion-en-matematicas-de-estudiantes-sordos\/#primaryimage"},"image":{"@id":"https:\/\/www.ucm.edu.co\/diseno-metodologico-universal-para-la-alfabetizacion-e-inclusion-en-matematicas-de-estudiantes-sordos\/#primaryimage"},"thumbnailUrl":"https:\/\/www.ucm.edu.co\/wp-content\/uploads\/2022\/09\/alfabetizacion_inclusion_matematicas_estudiatnes_sordos.jpg","datePublished":"2022-09-28T15:38:29+00:00","dateModified":"2022-09-28T15:39:38+00:00","breadcrumb":{"@id":"https:\/\/www.ucm.edu.co\/diseno-metodologico-universal-para-la-alfabetizacion-e-inclusion-en-matematicas-de-estudiantes-sordos\/#breadcrumb"},"inLanguage":"en-US","potentialAction":[{"@type":"ReadAction","target":["https:\/\/www.ucm.edu.co\/diseno-metodologico-universal-para-la-alfabetizacion-e-inclusion-en-matematicas-de-estudiantes-sordos\/"]}]},{"@type":"ImageObject","inLanguage":"en-US","@id":"https:\/\/www.ucm.edu.co\/diseno-metodologico-universal-para-la-alfabetizacion-e-inclusion-en-matematicas-de-estudiantes-sordos\/#primaryimage","url":"https:\/\/www.ucm.edu.co\/wp-content\/uploads\/2022\/09\/alfabetizacion_inclusion_matematicas_estudiatnes_sordos.jpg","contentUrl":"https:\/\/www.ucm.edu.co\/wp-content\/uploads\/2022\/09\/alfabetizacion_inclusion_matematicas_estudiatnes_sordos.jpg","width":800,"height":450},{"@type":"BreadcrumbList","@id":"https:\/\/www.ucm.edu.co\/diseno-metodologico-universal-para-la-alfabetizacion-e-inclusion-en-matematicas-de-estudiantes-sordos\/#breadcrumb","itemListElement":[{"@type":"ListItem","position":1,"name":"Portada","item":"https:\/\/www.ucm.edu.co\/"},{"@type":"ListItem","position":2,"name":"Dise\u00f1o metodol\u00f3gico universal para la alfabetizaci\u00f3n e inclusi\u00f3n en matem\u00e1ticas de estudiantes sordos"}]},{"@type":"WebSite","@id":"https:\/\/www.ucm.edu.co\/#website","url":"https:\/\/www.ucm.edu.co\/","name":"UCM - Universidad Cat\u00f3lica de Manizales","description":"Ven a ser quien quieres ser","publisher":{"@id":"https:\/\/www.ucm.edu.co\/#organization"},"alternateName":"UCM","potentialAction":[{"@type":"SearchAction","target":{"@type":"EntryPoint","urlTemplate":"https:\/\/www.ucm.edu.co\/?s={search_term_string}"},"query-input":{"@type":"PropertyValueSpecification","valueRequired":true,"valueName":"search_term_string"}}],"inLanguage":"en-US"},{"@type":"Organization","@id":"https:\/\/www.ucm.edu.co\/#organization","name":"Universidad Cat\u00f3lica de Manizales","alternateName":"UCM","url":"https:\/\/www.ucm.edu.co\/","logo":{"@type":"ImageObject","inLanguage":"en-US","@id":"https:\/\/www.ucm.edu.co\/#\/schema\/logo\/image\/","url":"https:\/\/www.ucm.edu.co\/wp-content\/uploads\/2021\/03\/favicon_ucm.png","contentUrl":"https:\/\/www.ucm.edu.co\/wp-content\/uploads\/2021\/03\/favicon_ucm.png","width":512,"height":512,"caption":"Universidad Cat\u00f3lica de Manizales"},"image":{"@id":"https:\/\/www.ucm.edu.co\/#\/schema\/logo\/image\/"},"sameAs":["https:\/\/www.facebook.com\/ucatolicamanizales","https:\/\/x.com\/ucm_manizales","https:\/\/www.instagram.com\/ucatolicamanizales\/","https:\/\/co.linkedin.com\/school\/ucatolicamanizales\/","https:\/\/www.youtube.com\/user\/UCMtelevision"]},{"@type":"Person","@id":"https:\/\/www.ucm.edu.co\/#\/schema\/person\/52f5e2d6835d561911c3d6866e61cd5f","name":"Marca UCM","image":{"@type":"ImageObject","inLanguage":"en-US","@id":"https:\/\/secure.gravatar.com\/avatar\/299dbea677535d5ebf1e551d7096494f841ea22510b872bc8e72334b8a3b3e49?s=96&d=mm&r=g","url":"https:\/\/secure.gravatar.com\/avatar\/299dbea677535d5ebf1e551d7096494f841ea22510b872bc8e72334b8a3b3e49?s=96&d=mm&r=g","contentUrl":"https:\/\/secure.gravatar.com\/avatar\/299dbea677535d5ebf1e551d7096494f841ea22510b872bc8e72334b8a3b3e49?s=96&d=mm&r=g","caption":"Marca UCM"},"url":"https:\/\/www.ucm.edu.co\/en\/author\/marca\/"}]}},"_links":{"self":[{"href":"https:\/\/www.ucm.edu.co\/en\/wp-json\/wp\/v2\/posts\/203739","targetHints":{"allow":["GET"]}}],"collection":[{"href":"https:\/\/www.ucm.edu.co\/en\/wp-json\/wp\/v2\/posts"}],"about":[{"href":"https:\/\/www.ucm.edu.co\/en\/wp-json\/wp\/v2\/types\/post"}],"author":[{"embeddable":true,"href":"https:\/\/www.ucm.edu.co\/en\/wp-json\/wp\/v2\/users\/8"}],"replies":[{"embeddable":true,"href":"https:\/\/www.ucm.edu.co\/en\/wp-json\/wp\/v2\/comments?post=203739"}],"version-history":[{"count":1,"href":"https:\/\/www.ucm.edu.co\/en\/wp-json\/wp\/v2\/posts\/203739\/revisions"}],"predecessor-version":[{"id":203740,"href":"https:\/\/www.ucm.edu.co\/en\/wp-json\/wp\/v2\/posts\/203739\/revisions\/203740"}],"wp:featuredmedia":[{"embeddable":true,"href":"https:\/\/www.ucm.edu.co\/en\/wp-json\/wp\/v2\/media\/203738"}],"wp:attachment":[{"href":"https:\/\/www.ucm.edu.co\/en\/wp-json\/wp\/v2\/media?parent=203739"}],"wp:term":[{"taxonomy":"category","embeddable":true,"href":"https:\/\/www.ucm.edu.co\/en\/wp-json\/wp\/v2\/categories?post=203739"},{"taxonomy":"post_tag","embeddable":true,"href":"https:\/\/www.ucm.edu.co\/en\/wp-json\/wp\/v2\/tags?post=203739"}],"curies":[{"name":"wp","href":"https:\/\/api.w.org\/{rel}","templated":true}]}}