{"id":201170,"date":"2022-06-17T17:12:55","date_gmt":"2022-06-17T22:12:55","guid":{"rendered":"https:\/\/www.ucm.edu.co\/?p=201170"},"modified":"2022-08-01T08:58:55","modified_gmt":"2022-08-01T13:58:55","slug":"alcalde-de-manizales-entrego-reconocimiento-a-la-ucm","status":"publish","type":"post","link":"https:\/\/www.ucm.edu.co\/en\/alcalde-de-manizales-entrego-reconocimiento-a-la-ucm\/","title":{"rendered":"Alcalde de Manizales entreg\u00f3 reconocimiento a la UCM"},"content":{"rendered":"<p class=\"wp-block-paragraph\">En visita a la Universidad Cat\u00f3lica de Manizales, el&nbsp;<strong>alcalde de Manizales, Carlos Mario Mar\u00edn<\/strong>, acompa\u00f1ado del secretario de Hacienda Municipal, resaltaron los importantes aportes que brinda la Universidad al desarrollo de la ciudad: \u201c<em>Venimos a hacer un reconocimiento a una Universidad que trasciende, que contribuye econ\u00f3micamente y socialmente en proyectos, formaci\u00f3n, estudios y an\u00e1lisis, que redundan en el avance de Manizales. El dinero que ingresa a la Ciudad por el pago de impuestos, de parte de la UCM, es dinero que se reinvierte en iniciativas de las que hace parte la misma Universidad en beneficio de la ciudad<\/em>\u201c<\/p>\n\n\n\n<figure class=\"wp-block-gallery has-nested-images columns-default is-cropped wp-block-gallery-1 is-layout-flex wp-block-gallery-is-layout-flex\">\n<figure class=\"wp-block-image size-large\"><img loading=\"lazy\" decoding=\"async\" width=\"1440\" height=\"960\" data-id=\"201174\" src=\"https:\/\/www.ucm.edu.co\/wp-content\/uploads\/2022\/06\/288737773_10158911618636404_6804725026132900582_n.jpg\" alt=\"Visita del Alcalde de Manizales a la UCM, entrega de reconocimiento por ser grandes contribuyentes.\" class=\"wp-image-201174\"\/><\/figure>\n\n\n\n<figure class=\"wp-block-image size-large\"><img loading=\"lazy\" decoding=\"async\" width=\"1440\" height=\"960\" data-id=\"201173\" src=\"https:\/\/www.ucm.edu.co\/wp-content\/uploads\/2022\/06\/288234880_10158911618671404_5905633523801634537_n.jpg\" alt=\"Visita del Alcalde de Manizales a la UCM, entrega de reconocimiento y exposici\u00f3n del avance actual de proyectos de ciudad\" class=\"wp-image-201173\"\/><\/figure>\n\n\n\n<figure class=\"wp-block-image size-large\"><img loading=\"lazy\" decoding=\"async\" width=\"1440\" height=\"959\" data-id=\"201172\" src=\"https:\/\/www.ucm.edu.co\/wp-content\/uploads\/2022\/06\/288630163_10158911618641404_3880727699886591712_n.jpg\" alt=\"El Alcalde de Manizales, Carlos Mario Mar\u00edn, present\u00f3 el Laboratorio Municipal de Innovaci\u00f3n P\u00fablica.\" class=\"wp-image-201172\"\/><\/figure>\n<\/figure>\n\n\n\n<p class=\"wp-block-paragraph\">El secretario de Hacienda, John Alexander Alzate, resalt\u00f3 que se han propuesto visitar las<strong>&nbsp;50 empresas o instituciones que m\u00e1s tributan en Manizales, donde la UCM ocupa el puesto 19.<\/strong>&nbsp;Ese pago cumplido de impuestos es el que permite que podamos realizar inversiones sociales que impactan de gran manera a la comunidad.<\/p>\n\n\n\n<figure class=\"wp-block-image size-full is-resized\"><img loading=\"lazy\" decoding=\"async\" src=\"https:\/\/www.ucm.edu.co\/wp-content\/uploads\/2022\/06\/288461524_10158911618666404_3156094366456027095_n.jpg\" alt=\"Equipos de UCM y Alcald\u00eda de Manizales, en el recibimiento del reconocimiento por ser grandes contribuyentes de la ciudad.\" class=\"wp-image-201175\" width=\"688\" height=\"458\"\/><\/figure>\n\n\n\n<p class=\"wp-block-paragraph\">El Consejo de Rector\u00eda de la Universidad Cat\u00f3lica de Manizales, el rector encargado Cristian Guti\u00e9rrez y las hermanas vicerrectoras brindaron palabras de agradecimiento a la Alcald\u00eda por el trabajo en equipo que se viene realizando entre el Municipio y la UCM en pro de la formaci\u00f3n de ciudadanos en diferentes \u00e1reas.<\/p>","protected":false},"excerpt":{"rendered":"<p>El alcalde de Manizales y el secretario de Hacienda se han propuesto visitar las 50 empresas o instituciones que m\u00e1s tributan en Manizales, donde la UCM ocupa el puesto 19. Ese pago cumplido de impuestos es el que permite realizar inversiones sociales que impactan de gran manera a la comunidad.<\/p>","protected":false},"author":5,"featured_media":201171,"comment_status":"open","ping_status":"open","sticky":false,"template":"","format":"standard","meta":{"_et_pb_use_builder":"","_et_pb_old_content":"","_et_gb_content_width":"","content-type":"","_monsterinsights_skip_tracking":false,"footnotes":""},"categories":[11],"tags":[75,596,68,69],"class_list":["post-201170","post","type-post","status-publish","format-standard","has-post-thumbnail","hentry","category-proyeccion","tag-direccion-de-aseguramiento-de-la-calidad-ucm","tag-direccion-financiera","tag-ucm","tag-universidad-catolica-de-manizales"],"yoast_head":"<!-- This site is optimized with the Yoast SEO plugin v28.1 - https:\/\/yoast.com\/product\/yoast-seo-wordpress\/ -->\n<title>UCM - Universidad Cat\u00f3lica de Manizales<\/title>\n<meta name=\"robots\" content=\"index, follow, max-snippet:-1, max-image-preview:large, max-video-preview:-1\" \/>\n<link rel=\"canonical\" href=\"https:\/\/www.ucm.edu.co\/en\/alcalde-de-manizales-entrego-reconocimiento-a-la-ucm\/\" \/>\n<meta property=\"og:locale\" content=\"en_US\" \/>\n<meta property=\"og:type\" content=\"article\" \/>\n<meta property=\"og:title\" content=\"UCM - Universidad Cat\u00f3lica de Manizales\" \/>\n<meta property=\"og:description\" content=\"El alcalde de Manizales y el secretario de Hacienda se han propuesto visitar las 50 empresas o instituciones que m\u00e1s tributan en Manizales, donde la UCM ocupa el puesto 19. Ese pago cumplido de impuestos es el que permite realizar inversiones sociales que impactan de gran manera a la comunidad.\" \/>\n<meta property=\"og:url\" content=\"https:\/\/www.ucm.edu.co\/en\/alcalde-de-manizales-entrego-reconocimiento-a-la-ucm\/\" \/>\n<meta property=\"og:site_name\" content=\"UCM - Universidad Cat\u00f3lica de Manizales\" \/>\n<meta property=\"article:publisher\" content=\"https:\/\/www.facebook.com\/ucatolicamanizales\" \/>\n<meta property=\"article:published_time\" content=\"2022-06-17T22:12:55+00:00\" \/>\n<meta property=\"article:modified_time\" content=\"2022-08-01T13:58:55+00:00\" \/>\n<meta property=\"og:image\" content=\"https:\/\/www.ucm.edu.co\/wp-content\/uploads\/2022\/06\/288173813_10158911618646404_7864314586590458111_n.jpg\" \/>\n\t<meta property=\"og:image:width\" content=\"1440\" \/>\n\t<meta property=\"og:image:height\" content=\"960\" \/>\n\t<meta property=\"og:image:type\" content=\"image\/jpeg\" \/>\n<meta name=\"author\" content=\"Prensa UCM\" \/>\n<meta name=\"twitter:card\" content=\"summary_large_image\" \/>\n<meta name=\"twitter:creator\" content=\"@ucm_manizales\" \/>\n<meta name=\"twitter:site\" content=\"@ucm_manizales\" \/>\n<meta name=\"twitter:label1\" content=\"Written by\" \/>\n\t<meta name=\"twitter:data1\" content=\"Prensa UCM\" \/>\n\t<meta name=\"twitter:label2\" content=\"Est. reading time\" \/>\n\t<meta name=\"twitter:data2\" content=\"2 minutes\" \/>\n<script type=\"application\/ld+json\" class=\"yoast-schema-graph\">{\"@context\":\"https:\\\/\\\/schema.org\",\"@graph\":[{\"@type\":\"Article\",\"@id\":\"https:\\\/\\\/www.ucm.edu.co\\\/alcalde-de-manizales-entrego-reconocimiento-a-la-ucm\\\/#article\",\"isPartOf\":{\"@id\":\"https:\\\/\\\/www.ucm.edu.co\\\/alcalde-de-manizales-entrego-reconocimiento-a-la-ucm\\\/\"},\"author\":{\"name\":\"Prensa UCM\",\"@id\":\"https:\\\/\\\/www.ucm.edu.co\\\/#\\\/schema\\\/person\\\/fea805666959d6cfcf87dea44ef2f0b8\"},\"headline\":\"Alcalde de Manizales entreg\u00f3 reconocimiento a la UCM\",\"datePublished\":\"2022-06-17T22:12:55+00:00\",\"dateModified\":\"2022-08-01T13:58:55+00:00\",\"mainEntityOfPage\":{\"@id\":\"https:\\\/\\\/www.ucm.edu.co\\\/alcalde-de-manizales-entrego-reconocimiento-a-la-ucm\\\/\"},\"wordCount\":223,\"commentCount\":0,\"publisher\":{\"@id\":\"https:\\\/\\\/www.ucm.edu.co\\\/#organization\"},\"image\":{\"@id\":\"https:\\\/\\\/www.ucm.edu.co\\\/alcalde-de-manizales-entrego-reconocimiento-a-la-ucm\\\/#primaryimage\"},\"thumbnailUrl\":\"https:\\\/\\\/www.ucm.edu.co\\\/wp-content\\\/uploads\\\/2022\\\/06\\\/288173813_10158911618646404_7864314586590458111_n.jpg\",\"keywords\":[\"Direcci\u00f3n de Aseguramiento de la Calidad UCM\",\"Direcci\u00f3n Financiera\",\"UCM\",\"Universidad Cat\u00f3lica de Manizales\"],\"articleSection\":[\"Ext. y Proyecci\u00f3n\"],\"inLanguage\":\"en-US\",\"potentialAction\":[{\"@type\":\"CommentAction\",\"name\":\"Comment\",\"target\":[\"https:\\\/\\\/www.ucm.edu.co\\\/alcalde-de-manizales-entrego-reconocimiento-a-la-ucm\\\/#respond\"]}]},{\"@type\":\"WebPage\",\"@id\":\"https:\\\/\\\/www.ucm.edu.co\\\/alcalde-de-manizales-entrego-reconocimiento-a-la-ucm\\\/\",\"url\":\"https:\\\/\\\/www.ucm.edu.co\\\/alcalde-de-manizales-entrego-reconocimiento-a-la-ucm\\\/\",\"name\":\"UCM - Universidad Cat\u00f3lica de Manizales\",\"isPartOf\":{\"@id\":\"https:\\\/\\\/www.ucm.edu.co\\\/#website\"},\"primaryImageOfPage\":{\"@id\":\"https:\\\/\\\/www.ucm.edu.co\\\/alcalde-de-manizales-entrego-reconocimiento-a-la-ucm\\\/#primaryimage\"},\"image\":{\"@id\":\"https:\\\/\\\/www.ucm.edu.co\\\/alcalde-de-manizales-entrego-reconocimiento-a-la-ucm\\\/#primaryimage\"},\"thumbnailUrl\":\"https:\\\/\\\/www.ucm.edu.co\\\/wp-content\\\/uploads\\\/2022\\\/06\\\/288173813_10158911618646404_7864314586590458111_n.jpg\",\"datePublished\":\"2022-06-17T22:12:55+00:00\",\"dateModified\":\"2022-08-01T13:58:55+00:00\",\"breadcrumb\":{\"@id\":\"https:\\\/\\\/www.ucm.edu.co\\\/alcalde-de-manizales-entrego-reconocimiento-a-la-ucm\\\/#breadcrumb\"},\"inLanguage\":\"en-US\",\"potentialAction\":[{\"@type\":\"ReadAction\",\"target\":[\"https:\\\/\\\/www.ucm.edu.co\\\/alcalde-de-manizales-entrego-reconocimiento-a-la-ucm\\\/\"]}]},{\"@type\":\"ImageObject\",\"inLanguage\":\"en-US\",\"@id\":\"https:\\\/\\\/www.ucm.edu.co\\\/alcalde-de-manizales-entrego-reconocimiento-a-la-ucm\\\/#primaryimage\",\"url\":\"https:\\\/\\\/www.ucm.edu.co\\\/wp-content\\\/uploads\\\/2022\\\/06\\\/288173813_10158911618646404_7864314586590458111_n.jpg\",\"contentUrl\":\"https:\\\/\\\/www.ucm.edu.co\\\/wp-content\\\/uploads\\\/2022\\\/06\\\/288173813_10158911618646404_7864314586590458111_n.jpg\",\"width\":1440,\"height\":960,\"caption\":\"Entrega de Reconocimiento de la Alcald\u00eda de Manizales a la UCM\"},{\"@type\":\"BreadcrumbList\",\"@id\":\"https:\\\/\\\/www.ucm.edu.co\\\/alcalde-de-manizales-entrego-reconocimiento-a-la-ucm\\\/#breadcrumb\",\"itemListElement\":[{\"@type\":\"ListItem\",\"position\":1,\"name\":\"Portada\",\"item\":\"https:\\\/\\\/www.ucm.edu.co\\\/\"},{\"@type\":\"ListItem\",\"position\":2,\"name\":\"Alcalde de Manizales entreg\u00f3 reconocimiento a la UCM\"}]},{\"@type\":\"WebSite\",\"@id\":\"https:\\\/\\\/www.ucm.edu.co\\\/#website\",\"url\":\"https:\\\/\\\/www.ucm.edu.co\\\/\",\"name\":\"UCM - Universidad Cat\u00f3lica de Manizales\",\"description\":\"Ven a ser quien quieres ser\",\"publisher\":{\"@id\":\"https:\\\/\\\/www.ucm.edu.co\\\/#organization\"},\"alternateName\":\"UCM\",\"potentialAction\":[{\"@type\":\"SearchAction\",\"target\":{\"@type\":\"EntryPoint\",\"urlTemplate\":\"https:\\\/\\\/www.ucm.edu.co\\\/?s={search_term_string}\"},\"query-input\":{\"@type\":\"PropertyValueSpecification\",\"valueRequired\":true,\"valueName\":\"search_term_string\"}}],\"inLanguage\":\"en-US\"},{\"@type\":\"Organization\",\"@id\":\"https:\\\/\\\/www.ucm.edu.co\\\/#organization\",\"name\":\"Universidad Cat\u00f3lica de Manizales\",\"alternateName\":\"UCM\",\"url\":\"https:\\\/\\\/www.ucm.edu.co\\\/\",\"logo\":{\"@type\":\"ImageObject\",\"inLanguage\":\"en-US\",\"@id\":\"https:\\\/\\\/www.ucm.edu.co\\\/#\\\/schema\\\/logo\\\/image\\\/\",\"url\":\"https:\\\/\\\/www.ucm.edu.co\\\/wp-content\\\/uploads\\\/2021\\\/03\\\/favicon_ucm.png\",\"contentUrl\":\"https:\\\/\\\/www.ucm.edu.co\\\/wp-content\\\/uploads\\\/2021\\\/03\\\/favicon_ucm.png\",\"width\":512,\"height\":512,\"caption\":\"Universidad Cat\u00f3lica de Manizales\"},\"image\":{\"@id\":\"https:\\\/\\\/www.ucm.edu.co\\\/#\\\/schema\\\/logo\\\/image\\\/\"},\"sameAs\":[\"https:\\\/\\\/www.facebook.com\\\/ucatolicamanizales\",\"https:\\\/\\\/x.com\\\/ucm_manizales\",\"https:\\\/\\\/www.instagram.com\\\/ucatolicamanizales\\\/\",\"https:\\\/\\\/co.linkedin.com\\\/school\\\/ucatolicamanizales\\\/\",\"https:\\\/\\\/www.youtube.com\\\/user\\\/UCMtelevision\"]},{\"@type\":\"Person\",\"@id\":\"https:\\\/\\\/www.ucm.edu.co\\\/#\\\/schema\\\/person\\\/fea805666959d6cfcf87dea44ef2f0b8\",\"name\":\"Prensa UCM\",\"image\":{\"@type\":\"ImageObject\",\"inLanguage\":\"en-US\",\"@id\":\"https:\\\/\\\/secure.gravatar.com\\\/avatar\\\/e9670ef3f6e98ca21e5ca101324fddb19f2b728f8bc808ffc267be23350fac46?s=96&d=mm&r=g\",\"url\":\"https:\\\/\\\/secure.gravatar.com\\\/avatar\\\/e9670ef3f6e98ca21e5ca101324fddb19f2b728f8bc808ffc267be23350fac46?s=96&d=mm&r=g\",\"contentUrl\":\"https:\\\/\\\/secure.gravatar.com\\\/avatar\\\/e9670ef3f6e98ca21e5ca101324fddb19f2b728f8bc808ffc267be23350fac46?s=96&d=mm&r=g\",\"caption\":\"Prensa UCM\"},\"url\":\"https:\\\/\\\/www.ucm.edu.co\\\/en\\\/author\\\/prensa\\\/\"}]}<\/script>\n<!-- \/ Yoast SEO plugin. -->","yoast_head_json":{"title":"UCM - Universidad Cat\u00f3lica de Manizales","robots":{"index":"index","follow":"follow","max-snippet":"max-snippet:-1","max-image-preview":"max-image-preview:large","max-video-preview":"max-video-preview:-1"},"canonical":"https:\/\/www.ucm.edu.co\/en\/alcalde-de-manizales-entrego-reconocimiento-a-la-ucm\/","og_locale":"en_US","og_type":"article","og_title":"UCM - Universidad Cat\u00f3lica de Manizales","og_description":"El alcalde de Manizales y el secretario de Hacienda se han propuesto visitar las 50 empresas o instituciones que m\u00e1s tributan en Manizales, donde la UCM ocupa el puesto 19. Ese pago cumplido de impuestos es el que permite realizar inversiones sociales que impactan de gran manera a la comunidad.","og_url":"https:\/\/www.ucm.edu.co\/en\/alcalde-de-manizales-entrego-reconocimiento-a-la-ucm\/","og_site_name":"UCM - Universidad Cat\u00f3lica de Manizales","article_publisher":"https:\/\/www.facebook.com\/ucatolicamanizales","article_published_time":"2022-06-17T22:12:55+00:00","article_modified_time":"2022-08-01T13:58:55+00:00","og_image":[{"width":1440,"height":960,"url":"https:\/\/www.ucm.edu.co\/wp-content\/uploads\/2022\/06\/288173813_10158911618646404_7864314586590458111_n.jpg","type":"image\/jpeg"}],"author":"Prensa UCM","twitter_card":"summary_large_image","twitter_creator":"@ucm_manizales","twitter_site":"@ucm_manizales","twitter_misc":{"Written by":"Prensa UCM","Est. reading time":"2 minutes"},"schema":{"@context":"https:\/\/schema.org","@graph":[{"@type":"Article","@id":"https:\/\/www.ucm.edu.co\/alcalde-de-manizales-entrego-reconocimiento-a-la-ucm\/#article","isPartOf":{"@id":"https:\/\/www.ucm.edu.co\/alcalde-de-manizales-entrego-reconocimiento-a-la-ucm\/"},"author":{"name":"Prensa UCM","@id":"https:\/\/www.ucm.edu.co\/#\/schema\/person\/fea805666959d6cfcf87dea44ef2f0b8"},"headline":"Alcalde de Manizales entreg\u00f3 reconocimiento a la UCM","datePublished":"2022-06-17T22:12:55+00:00","dateModified":"2022-08-01T13:58:55+00:00","mainEntityOfPage":{"@id":"https:\/\/www.ucm.edu.co\/alcalde-de-manizales-entrego-reconocimiento-a-la-ucm\/"},"wordCount":223,"commentCount":0,"publisher":{"@id":"https:\/\/www.ucm.edu.co\/#organization"},"image":{"@id":"https:\/\/www.ucm.edu.co\/alcalde-de-manizales-entrego-reconocimiento-a-la-ucm\/#primaryimage"},"thumbnailUrl":"https:\/\/www.ucm.edu.co\/wp-content\/uploads\/2022\/06\/288173813_10158911618646404_7864314586590458111_n.jpg","keywords":["Direcci\u00f3n de Aseguramiento de la Calidad UCM","Direcci\u00f3n Financiera","UCM","Universidad Cat\u00f3lica de Manizales"],"articleSection":["Ext. y Proyecci\u00f3n"],"inLanguage":"en-US","potentialAction":[{"@type":"CommentAction","name":"Comment","target":["https:\/\/www.ucm.edu.co\/alcalde-de-manizales-entrego-reconocimiento-a-la-ucm\/#respond"]}]},{"@type":"WebPage","@id":"https:\/\/www.ucm.edu.co\/alcalde-de-manizales-entrego-reconocimiento-a-la-ucm\/","url":"https:\/\/www.ucm.edu.co\/alcalde-de-manizales-entrego-reconocimiento-a-la-ucm\/","name":"UCM - Universidad Cat\u00f3lica de Manizales","isPartOf":{"@id":"https:\/\/www.ucm.edu.co\/#website"},"primaryImageOfPage":{"@id":"https:\/\/www.ucm.edu.co\/alcalde-de-manizales-entrego-reconocimiento-a-la-ucm\/#primaryimage"},"image":{"@id":"https:\/\/www.ucm.edu.co\/alcalde-de-manizales-entrego-reconocimiento-a-la-ucm\/#primaryimage"},"thumbnailUrl":"https:\/\/www.ucm.edu.co\/wp-content\/uploads\/2022\/06\/288173813_10158911618646404_7864314586590458111_n.jpg","datePublished":"2022-06-17T22:12:55+00:00","dateModified":"2022-08-01T13:58:55+00:00","breadcrumb":{"@id":"https:\/\/www.ucm.edu.co\/alcalde-de-manizales-entrego-reconocimiento-a-la-ucm\/#breadcrumb"},"inLanguage":"en-US","potentialAction":[{"@type":"ReadAction","target":["https:\/\/www.ucm.edu.co\/alcalde-de-manizales-entrego-reconocimiento-a-la-ucm\/"]}]},{"@type":"ImageObject","inLanguage":"en-US","@id":"https:\/\/www.ucm.edu.co\/alcalde-de-manizales-entrego-reconocimiento-a-la-ucm\/#primaryimage","url":"https:\/\/www.ucm.edu.co\/wp-content\/uploads\/2022\/06\/288173813_10158911618646404_7864314586590458111_n.jpg","contentUrl":"https:\/\/www.ucm.edu.co\/wp-content\/uploads\/2022\/06\/288173813_10158911618646404_7864314586590458111_n.jpg","width":1440,"height":960,"caption":"Entrega de Reconocimiento de la Alcald\u00eda de Manizales a la UCM"},{"@type":"BreadcrumbList","@id":"https:\/\/www.ucm.edu.co\/alcalde-de-manizales-entrego-reconocimiento-a-la-ucm\/#breadcrumb","itemListElement":[{"@type":"ListItem","position":1,"name":"Portada","item":"https:\/\/www.ucm.edu.co\/"},{"@type":"ListItem","position":2,"name":"Alcalde de Manizales entreg\u00f3 reconocimiento a la UCM"}]},{"@type":"WebSite","@id":"https:\/\/www.ucm.edu.co\/#website","url":"https:\/\/www.ucm.edu.co\/","name":"UCM - Universidad Cat\u00f3lica de Manizales","description":"Ven a ser quien quieres ser","publisher":{"@id":"https:\/\/www.ucm.edu.co\/#organization"},"alternateName":"UCM","potentialAction":[{"@type":"SearchAction","target":{"@type":"EntryPoint","urlTemplate":"https:\/\/www.ucm.edu.co\/?s={search_term_string}"},"query-input":{"@type":"PropertyValueSpecification","valueRequired":true,"valueName":"search_term_string"}}],"inLanguage":"en-US"},{"@type":"Organization","@id":"https:\/\/www.ucm.edu.co\/#organization","name":"Universidad Cat\u00f3lica de Manizales","alternateName":"UCM","url":"https:\/\/www.ucm.edu.co\/","logo":{"@type":"ImageObject","inLanguage":"en-US","@id":"https:\/\/www.ucm.edu.co\/#\/schema\/logo\/image\/","url":"https:\/\/www.ucm.edu.co\/wp-content\/uploads\/2021\/03\/favicon_ucm.png","contentUrl":"https:\/\/www.ucm.edu.co\/wp-content\/uploads\/2021\/03\/favicon_ucm.png","width":512,"height":512,"caption":"Universidad Cat\u00f3lica de Manizales"},"image":{"@id":"https:\/\/www.ucm.edu.co\/#\/schema\/logo\/image\/"},"sameAs":["https:\/\/www.facebook.com\/ucatolicamanizales","https:\/\/x.com\/ucm_manizales","https:\/\/www.instagram.com\/ucatolicamanizales\/","https:\/\/co.linkedin.com\/school\/ucatolicamanizales\/","https:\/\/www.youtube.com\/user\/UCMtelevision"]},{"@type":"Person","@id":"https:\/\/www.ucm.edu.co\/#\/schema\/person\/fea805666959d6cfcf87dea44ef2f0b8","name":"Prensa UCM","image":{"@type":"ImageObject","inLanguage":"en-US","@id":"https:\/\/secure.gravatar.com\/avatar\/e9670ef3f6e98ca21e5ca101324fddb19f2b728f8bc808ffc267be23350fac46?s=96&d=mm&r=g","url":"https:\/\/secure.gravatar.com\/avatar\/e9670ef3f6e98ca21e5ca101324fddb19f2b728f8bc808ffc267be23350fac46?s=96&d=mm&r=g","contentUrl":"https:\/\/secure.gravatar.com\/avatar\/e9670ef3f6e98ca21e5ca101324fddb19f2b728f8bc808ffc267be23350fac46?s=96&d=mm&r=g","caption":"Prensa UCM"},"url":"https:\/\/www.ucm.edu.co\/en\/author\/prensa\/"}]}},"_links":{"self":[{"href":"https:\/\/www.ucm.edu.co\/en\/wp-json\/wp\/v2\/posts\/201170","targetHints":{"allow":["GET"]}}],"collection":[{"href":"https:\/\/www.ucm.edu.co\/en\/wp-json\/wp\/v2\/posts"}],"about":[{"href":"https:\/\/www.ucm.edu.co\/en\/wp-json\/wp\/v2\/types\/post"}],"author":[{"embeddable":true,"href":"https:\/\/www.ucm.edu.co\/en\/wp-json\/wp\/v2\/users\/5"}],"replies":[{"embeddable":true,"href":"https:\/\/www.ucm.edu.co\/en\/wp-json\/wp\/v2\/comments?post=201170"}],"version-history":[{"count":2,"href":"https:\/\/www.ucm.edu.co\/en\/wp-json\/wp\/v2\/posts\/201170\/revisions"}],"predecessor-version":[{"id":202598,"href":"https:\/\/www.ucm.edu.co\/en\/wp-json\/wp\/v2\/posts\/201170\/revisions\/202598"}],"wp:featuredmedia":[{"embeddable":true,"href":"https:\/\/www.ucm.edu.co\/en\/wp-json\/wp\/v2\/media\/201171"}],"wp:attachment":[{"href":"https:\/\/www.ucm.edu.co\/en\/wp-json\/wp\/v2\/media?parent=201170"}],"wp:term":[{"taxonomy":"category","embeddable":true,"href":"https:\/\/www.ucm.edu.co\/en\/wp-json\/wp\/v2\/categories?post=201170"},{"taxonomy":"post_tag","embeddable":true,"href":"https:\/\/www.ucm.edu.co\/en\/wp-json\/wp\/v2\/tags?post=201170"}],"curies":[{"name":"wp","href":"https:\/\/api.w.org\/{rel}","templated":true}]}}