{"id":197010,"date":"2021-11-17T09:45:19","date_gmt":"2021-11-17T14:45:19","guid":{"rendered":"https:\/\/www.ucm.edu.co\/?p=197010"},"modified":"2021-11-17T11:30:23","modified_gmt":"2021-11-17T16:30:23","slug":"kenia-la-abogada-del-planeta","status":"publish","type":"post","link":"https:\/\/www.ucm.edu.co\/en\/kenia-la-abogada-del-planeta\/","title":{"rendered":"Kenia, la abogada del planeta"},"content":{"rendered":"<h2 class=\"wp-block-heading\">Kenia Alejandra Rodr\u00edguez Aroca<\/h2>\n\n\n\n<p class=\"wp-block-paragraph\"><strong>Environmental Engineering<\/strong><\/p>\n\n\n\n<p class=\"wp-block-paragraph\">Situada a m\u00e1s de 600 kil\u00f3metros de Manizales est\u00e1 Caquet\u00e1, un peque\u00f1o para\u00edso donde el oro es verde, llamada \u201c La Puerta de Oro de la Amazon\u00eda Colombiana\u201d, lugar donde vive una joven de 18 a\u00f1os que siempre que menciona su tierra siente que su coraz\u00f3n se inflama de orgullo. Una joven que, desde ni\u00f1a, quiz\u00e1 inspirada en los hermosos paisajes de su regi\u00f3n, quiso convertirse en \u201cla abogada del planeta\u201d.<br><\/p>\n\n\n\n<p class=\"wp-block-paragraph\">Kenia Alejandra Rodr\u00edguez Aroca, estudiante de cuarto semestre de Ingenier\u00eda Ambiental, menciona que su camino de formaci\u00f3n profesional lo tom\u00f3 pensando en ayudar a solucionar las necesidades actuales del mundo como la crisis clim\u00e1tica y social que atravesamos. <\/p>\n\n\n\n<blockquote class=\"wp-block-quote is-layout-flow wp-block-quote-is-layout-flow\"><p>Siempre he tenido claro que el objetivo principal de toda carrera debe ser su impacto positivo a la sociedad, por ello, si puedo hacer algo desde mi profesi\u00f3n, aportar\u00eda un granito de arena a una sociedad que ha perdido la esperanza.<br><\/p><\/blockquote>\n\n\n\n<p class=\"wp-block-paragraph\">Y c\u00f3mo no imaginarlo, si entre sus convicciones se encuentra el trabajo por el pr\u00f3jimo, el cuidado de nuestra casa com\u00fan y el cultivo de uno de los aspectos que m\u00e1s la caracteriza, la espiritualidad. <\/p>\n\n\n\n<blockquote class=\"wp-block-quote is-layout-flow wp-block-quote-is-layout-flow\"><p>Dios ha sido el polo a tierra de mi juventud, y estar en este proceso me ha ayudado a buscar hacer las cosas bien, pregunt\u00e1ndome siempre \u00bfC\u00f3mo har\u00eda esto o aquello la Virgen Mar\u00eda o Jes\u00fas?, para, a trav\u00e9s de mis acciones, poder mostrar el rostro del amor, que es Dios.<\/p><\/blockquote>\n\n\n\n<p class=\"wp-block-paragraph\"><strong>Pasiones que convergen<\/strong><\/p>\n\n\n\n<p class=\"wp-block-paragraph\">En la UCM, Kenia tuvo la oportunidad de participar en la celebraci\u00f3n de la Semana Laudato Si&#8217;, un espacio que permiti\u00f3 relacionar la espiritualidad y la formaci\u00f3n de los estudiantes con el cuidado del planeta. All\u00ed pudo aportar y dejar un mensaje, haciendo un llamando a quienes participaci\u00f3n a reflexionar acerca de nuestros estilos de vida y la necesidad de enfrentar esta crisis dram\u00e1tica, de un mundo que grita pidiendo auxilio.<br><\/p>\n\n\n\n<p class=\"wp-block-paragraph\">En la Universidad durante estos dos a\u00f1os de permanencia encontr\u00f3 personas so\u00f1adoras, con distintas realidades, pero con quienes comparte prop\u00f3sitos como cuidar, ayudar y aportar para el beneficio de nuestra casa com\u00fan. Para ella la UCM se ha convertido en un lugar donde puede hacer realidad sus sue\u00f1os y poner las bases para llegar a su objetivo: ser Ingeniera Ambiental. Como profesional espera aportar estrategias de conservaci\u00f3n y de disminuci\u00f3n de la desigualdad, dejando el nombre de Colombia y la Universidad en alto. Kenia desea aportar un granito de arena para hacer la diferencia.<\/p>\n\n\n\n<p class=\"wp-block-paragraph\"><\/p>\n\n\n\n<p class=\"wp-block-paragraph\">Por <strong>Cristian Camilo Ruden<\/strong><br>Unidad de Comunicaciones<br>cruden@ucm.edu.co<\/p>\n\n\n\n<div style=\"height:20px\" aria-hidden=\"true\" class=\"wp-block-spacer\"><\/div>\n\n\n\n<hr class=\"wp-block-separator has-text-color has-background has-cyan-bluish-gray-background-color has-cyan-bluish-gray-color is-style-dots\"\/>\n\n\n\n<div style=\"height:20px\" aria-hidden=\"true\" class=\"wp-block-spacer\"><\/div>\n\n\n\n<h2 class=\"wp-block-heading\">Contin\u00faa leyendo la revista&#8230;<\/h2>\n\n\n<div class=\"_df_book df-lite\" id=\"df_196941\"  _slug=\"plazoleta-ed-09\" data-title=\"plazoleta-ed-09\" wpoptions=\"true\" thumbtype=\"\" ><\/div><script class=\"df-shortcode-script\" nowprocket type=\"application\/javascript\">window.option_df_196941 = {\"outline\":[],\"backgroundColor\":\"#fff\",\"autoEnableOutline\":\"false\",\"autoEnableThumbnail\":\"false\",\"overwritePDFOutline\":\"false\",\"direction\":\"1\",\"pageSize\":\"0\",\"source\":\"https:\\\/\\\/www.ucm.edu.co\\\/wp-content\\\/uploads\\\/2021\\\/11\\\/plazoleta_09.pdf\",\"wpOptions\":\"true\"}; if(window.DFLIP && window.DFLIP.parseBooks){window.DFLIP.parseBooks();}<\/script>","protected":false},"excerpt":{"rendered":"<p>\u00abSiempre he tenido claro que el objetivo principal de toda carrera debe ser su impacto positivo a la sociedad, por ello, si puedo hacer algo desde mi profesi\u00f3n, aportar\u00eda un granito de arena a una sociedad que ha perdido la esperanza\u00bb<\/p>","protected":false},"author":8,"featured_media":197013,"comment_status":"open","ping_status":"open","sticky":false,"template":"","format":"standard","meta":{"_et_pb_use_builder":"","_et_pb_old_content":"","_et_gb_content_width":"","content-type":"","_monsterinsights_skip_tracking":false,"footnotes":""},"categories":[14],"tags":[],"class_list":["post-197010","post","type-post","status-publish","format-standard","has-post-thumbnail","hentry","category-bienestar"],"yoast_head":"<!-- This site is optimized with the Yoast SEO plugin v28.1 - https:\/\/yoast.com\/product\/yoast-seo-wordpress\/ -->\n<title>UCM - Universidad Cat\u00f3lica de Manizales<\/title>\n<meta name=\"robots\" content=\"index, follow, max-snippet:-1, max-image-preview:large, max-video-preview:-1\" \/>\n<link rel=\"canonical\" href=\"https:\/\/www.ucm.edu.co\/en\/kenia-la-abogada-del-planeta\/\" \/>\n<meta property=\"og:locale\" content=\"en_US\" \/>\n<meta property=\"og:type\" content=\"article\" \/>\n<meta property=\"og:title\" content=\"UCM - Universidad Cat\u00f3lica de Manizales\" \/>\n<meta property=\"og:description\" content=\"&quot;Siempre he tenido claro que el objetivo principal de toda carrera debe ser su impacto positivo a la sociedad, por ello, si puedo hacer algo desde mi profesi\u00f3n, aportar\u00eda un granito de arena a una sociedad que ha perdido la esperanza&quot;\" \/>\n<meta property=\"og:url\" content=\"https:\/\/www.ucm.edu.co\/en\/kenia-la-abogada-del-planeta\/\" \/>\n<meta property=\"og:site_name\" content=\"UCM - Universidad Cat\u00f3lica de Manizales\" \/>\n<meta property=\"article:publisher\" content=\"https:\/\/www.facebook.com\/ucatolicamanizales\" \/>\n<meta property=\"article:published_time\" content=\"2021-11-17T14:45:19+00:00\" \/>\n<meta property=\"article:modified_time\" content=\"2021-11-17T16:30:23+00:00\" \/>\n<meta property=\"og:image\" content=\"https:\/\/www.ucm.edu.co\/wp-content\/uploads\/2021\/11\/articulo_kenia_plazoleta.jpg\" \/>\n\t<meta property=\"og:image:width\" content=\"800\" \/>\n\t<meta property=\"og:image:height\" content=\"550\" \/>\n\t<meta property=\"og:image:type\" content=\"image\/jpeg\" \/>\n<meta name=\"author\" content=\"Marca UCM\" \/>\n<meta name=\"twitter:card\" content=\"summary_large_image\" \/>\n<meta name=\"twitter:creator\" content=\"@ucm_manizales\" \/>\n<meta name=\"twitter:site\" content=\"@ucm_manizales\" \/>\n<meta name=\"twitter:label1\" content=\"Written by\" \/>\n\t<meta name=\"twitter:data1\" content=\"Marca UCM\" \/>\n\t<meta name=\"twitter:label2\" content=\"Est. reading time\" \/>\n\t<meta name=\"twitter:data2\" content=\"2 minutes\" \/>\n<script type=\"application\/ld+json\" class=\"yoast-schema-graph\">{\"@context\":\"https:\\\/\\\/schema.org\",\"@graph\":[{\"@type\":\"Article\",\"@id\":\"https:\\\/\\\/www.ucm.edu.co\\\/kenia-la-abogada-del-planeta\\\/#article\",\"isPartOf\":{\"@id\":\"https:\\\/\\\/www.ucm.edu.co\\\/kenia-la-abogada-del-planeta\\\/\"},\"author\":{\"name\":\"Marca UCM\",\"@id\":\"https:\\\/\\\/www.ucm.edu.co\\\/#\\\/schema\\\/person\\\/52f5e2d6835d561911c3d6866e61cd5f\"},\"headline\":\"Kenia, la abogada del planeta\",\"datePublished\":\"2021-11-17T14:45:19+00:00\",\"dateModified\":\"2021-11-17T16:30:23+00:00\",\"mainEntityOfPage\":{\"@id\":\"https:\\\/\\\/www.ucm.edu.co\\\/kenia-la-abogada-del-planeta\\\/\"},\"wordCount\":468,\"commentCount\":0,\"publisher\":{\"@id\":\"https:\\\/\\\/www.ucm.edu.co\\\/#organization\"},\"image\":{\"@id\":\"https:\\\/\\\/www.ucm.edu.co\\\/kenia-la-abogada-del-planeta\\\/#primaryimage\"},\"thumbnailUrl\":\"https:\\\/\\\/www.ucm.edu.co\\\/wp-content\\\/uploads\\\/2021\\\/11\\\/articulo_kenia_plazoleta.jpg\",\"articleSection\":[\"Bienestar\"],\"inLanguage\":\"en-US\",\"potentialAction\":[{\"@type\":\"CommentAction\",\"name\":\"Comment\",\"target\":[\"https:\\\/\\\/www.ucm.edu.co\\\/kenia-la-abogada-del-planeta\\\/#respond\"]}]},{\"@type\":\"WebPage\",\"@id\":\"https:\\\/\\\/www.ucm.edu.co\\\/kenia-la-abogada-del-planeta\\\/\",\"url\":\"https:\\\/\\\/www.ucm.edu.co\\\/kenia-la-abogada-del-planeta\\\/\",\"name\":\"UCM - Universidad Cat\u00f3lica de Manizales\",\"isPartOf\":{\"@id\":\"https:\\\/\\\/www.ucm.edu.co\\\/#website\"},\"primaryImageOfPage\":{\"@id\":\"https:\\\/\\\/www.ucm.edu.co\\\/kenia-la-abogada-del-planeta\\\/#primaryimage\"},\"image\":{\"@id\":\"https:\\\/\\\/www.ucm.edu.co\\\/kenia-la-abogada-del-planeta\\\/#primaryimage\"},\"thumbnailUrl\":\"https:\\\/\\\/www.ucm.edu.co\\\/wp-content\\\/uploads\\\/2021\\\/11\\\/articulo_kenia_plazoleta.jpg\",\"datePublished\":\"2021-11-17T14:45:19+00:00\",\"dateModified\":\"2021-11-17T16:30:23+00:00\",\"breadcrumb\":{\"@id\":\"https:\\\/\\\/www.ucm.edu.co\\\/kenia-la-abogada-del-planeta\\\/#breadcrumb\"},\"inLanguage\":\"en-US\",\"potentialAction\":[{\"@type\":\"ReadAction\",\"target\":[\"https:\\\/\\\/www.ucm.edu.co\\\/kenia-la-abogada-del-planeta\\\/\"]}]},{\"@type\":\"ImageObject\",\"inLanguage\":\"en-US\",\"@id\":\"https:\\\/\\\/www.ucm.edu.co\\\/kenia-la-abogada-del-planeta\\\/#primaryimage\",\"url\":\"https:\\\/\\\/www.ucm.edu.co\\\/wp-content\\\/uploads\\\/2021\\\/11\\\/articulo_kenia_plazoleta.jpg\",\"contentUrl\":\"https:\\\/\\\/www.ucm.edu.co\\\/wp-content\\\/uploads\\\/2021\\\/11\\\/articulo_kenia_plazoleta.jpg\",\"width\":800,\"height\":550},{\"@type\":\"BreadcrumbList\",\"@id\":\"https:\\\/\\\/www.ucm.edu.co\\\/kenia-la-abogada-del-planeta\\\/#breadcrumb\",\"itemListElement\":[{\"@type\":\"ListItem\",\"position\":1,\"name\":\"Portada\",\"item\":\"https:\\\/\\\/www.ucm.edu.co\\\/\"},{\"@type\":\"ListItem\",\"position\":2,\"name\":\"Kenia, la abogada del planeta\"}]},{\"@type\":\"WebSite\",\"@id\":\"https:\\\/\\\/www.ucm.edu.co\\\/#website\",\"url\":\"https:\\\/\\\/www.ucm.edu.co\\\/\",\"name\":\"UCM - Universidad Cat\u00f3lica de Manizales\",\"description\":\"Ven a ser quien quieres ser\",\"publisher\":{\"@id\":\"https:\\\/\\\/www.ucm.edu.co\\\/#organization\"},\"alternateName\":\"UCM\",\"potentialAction\":[{\"@type\":\"SearchAction\",\"target\":{\"@type\":\"EntryPoint\",\"urlTemplate\":\"https:\\\/\\\/www.ucm.edu.co\\\/?s={search_term_string}\"},\"query-input\":{\"@type\":\"PropertyValueSpecification\",\"valueRequired\":true,\"valueName\":\"search_term_string\"}}],\"inLanguage\":\"en-US\"},{\"@type\":\"Organization\",\"@id\":\"https:\\\/\\\/www.ucm.edu.co\\\/#organization\",\"name\":\"Universidad Cat\u00f3lica de Manizales\",\"alternateName\":\"UCM\",\"url\":\"https:\\\/\\\/www.ucm.edu.co\\\/\",\"logo\":{\"@type\":\"ImageObject\",\"inLanguage\":\"en-US\",\"@id\":\"https:\\\/\\\/www.ucm.edu.co\\\/#\\\/schema\\\/logo\\\/image\\\/\",\"url\":\"https:\\\/\\\/www.ucm.edu.co\\\/wp-content\\\/uploads\\\/2021\\\/03\\\/favicon_ucm.png\",\"contentUrl\":\"https:\\\/\\\/www.ucm.edu.co\\\/wp-content\\\/uploads\\\/2021\\\/03\\\/favicon_ucm.png\",\"width\":512,\"height\":512,\"caption\":\"Universidad Cat\u00f3lica de Manizales\"},\"image\":{\"@id\":\"https:\\\/\\\/www.ucm.edu.co\\\/#\\\/schema\\\/logo\\\/image\\\/\"},\"sameAs\":[\"https:\\\/\\\/www.facebook.com\\\/ucatolicamanizales\",\"https:\\\/\\\/x.com\\\/ucm_manizales\",\"https:\\\/\\\/www.instagram.com\\\/ucatolicamanizales\\\/\",\"https:\\\/\\\/co.linkedin.com\\\/school\\\/ucatolicamanizales\\\/\",\"https:\\\/\\\/www.youtube.com\\\/user\\\/UCMtelevision\"]},{\"@type\":\"Person\",\"@id\":\"https:\\\/\\\/www.ucm.edu.co\\\/#\\\/schema\\\/person\\\/52f5e2d6835d561911c3d6866e61cd5f\",\"name\":\"Marca UCM\",\"image\":{\"@type\":\"ImageObject\",\"inLanguage\":\"en-US\",\"@id\":\"https:\\\/\\\/secure.gravatar.com\\\/avatar\\\/299dbea677535d5ebf1e551d7096494f841ea22510b872bc8e72334b8a3b3e49?s=96&d=mm&r=g\",\"url\":\"https:\\\/\\\/secure.gravatar.com\\\/avatar\\\/299dbea677535d5ebf1e551d7096494f841ea22510b872bc8e72334b8a3b3e49?s=96&d=mm&r=g\",\"contentUrl\":\"https:\\\/\\\/secure.gravatar.com\\\/avatar\\\/299dbea677535d5ebf1e551d7096494f841ea22510b872bc8e72334b8a3b3e49?s=96&d=mm&r=g\",\"caption\":\"Marca UCM\"},\"url\":\"https:\\\/\\\/www.ucm.edu.co\\\/en\\\/author\\\/marca\\\/\"}]}<\/script>\n<!-- \/ Yoast SEO plugin. -->","yoast_head_json":{"title":"UCM - Universidad Cat\u00f3lica de Manizales","robots":{"index":"index","follow":"follow","max-snippet":"max-snippet:-1","max-image-preview":"max-image-preview:large","max-video-preview":"max-video-preview:-1"},"canonical":"https:\/\/www.ucm.edu.co\/en\/kenia-la-abogada-del-planeta\/","og_locale":"en_US","og_type":"article","og_title":"UCM - Universidad Cat\u00f3lica de Manizales","og_description":"\"Siempre he tenido claro que el objetivo principal de toda carrera debe ser su impacto positivo a la sociedad, por ello, si puedo hacer algo desde mi profesi\u00f3n, aportar\u00eda un granito de arena a una sociedad que ha perdido la esperanza\"","og_url":"https:\/\/www.ucm.edu.co\/en\/kenia-la-abogada-del-planeta\/","og_site_name":"UCM - Universidad Cat\u00f3lica de Manizales","article_publisher":"https:\/\/www.facebook.com\/ucatolicamanizales","article_published_time":"2021-11-17T14:45:19+00:00","article_modified_time":"2021-11-17T16:30:23+00:00","og_image":[{"width":800,"height":550,"url":"https:\/\/www.ucm.edu.co\/wp-content\/uploads\/2021\/11\/articulo_kenia_plazoleta.jpg","type":"image\/jpeg"}],"author":"Marca UCM","twitter_card":"summary_large_image","twitter_creator":"@ucm_manizales","twitter_site":"@ucm_manizales","twitter_misc":{"Written by":"Marca UCM","Est. reading time":"2 minutes"},"schema":{"@context":"https:\/\/schema.org","@graph":[{"@type":"Article","@id":"https:\/\/www.ucm.edu.co\/kenia-la-abogada-del-planeta\/#article","isPartOf":{"@id":"https:\/\/www.ucm.edu.co\/kenia-la-abogada-del-planeta\/"},"author":{"name":"Marca UCM","@id":"https:\/\/www.ucm.edu.co\/#\/schema\/person\/52f5e2d6835d561911c3d6866e61cd5f"},"headline":"Kenia, la abogada del planeta","datePublished":"2021-11-17T14:45:19+00:00","dateModified":"2021-11-17T16:30:23+00:00","mainEntityOfPage":{"@id":"https:\/\/www.ucm.edu.co\/kenia-la-abogada-del-planeta\/"},"wordCount":468,"commentCount":0,"publisher":{"@id":"https:\/\/www.ucm.edu.co\/#organization"},"image":{"@id":"https:\/\/www.ucm.edu.co\/kenia-la-abogada-del-planeta\/#primaryimage"},"thumbnailUrl":"https:\/\/www.ucm.edu.co\/wp-content\/uploads\/2021\/11\/articulo_kenia_plazoleta.jpg","articleSection":["Bienestar"],"inLanguage":"en-US","potentialAction":[{"@type":"CommentAction","name":"Comment","target":["https:\/\/www.ucm.edu.co\/kenia-la-abogada-del-planeta\/#respond"]}]},{"@type":"WebPage","@id":"https:\/\/www.ucm.edu.co\/kenia-la-abogada-del-planeta\/","url":"https:\/\/www.ucm.edu.co\/kenia-la-abogada-del-planeta\/","name":"UCM - Universidad Cat\u00f3lica de Manizales","isPartOf":{"@id":"https:\/\/www.ucm.edu.co\/#website"},"primaryImageOfPage":{"@id":"https:\/\/www.ucm.edu.co\/kenia-la-abogada-del-planeta\/#primaryimage"},"image":{"@id":"https:\/\/www.ucm.edu.co\/kenia-la-abogada-del-planeta\/#primaryimage"},"thumbnailUrl":"https:\/\/www.ucm.edu.co\/wp-content\/uploads\/2021\/11\/articulo_kenia_plazoleta.jpg","datePublished":"2021-11-17T14:45:19+00:00","dateModified":"2021-11-17T16:30:23+00:00","breadcrumb":{"@id":"https:\/\/www.ucm.edu.co\/kenia-la-abogada-del-planeta\/#breadcrumb"},"inLanguage":"en-US","potentialAction":[{"@type":"ReadAction","target":["https:\/\/www.ucm.edu.co\/kenia-la-abogada-del-planeta\/"]}]},{"@type":"ImageObject","inLanguage":"en-US","@id":"https:\/\/www.ucm.edu.co\/kenia-la-abogada-del-planeta\/#primaryimage","url":"https:\/\/www.ucm.edu.co\/wp-content\/uploads\/2021\/11\/articulo_kenia_plazoleta.jpg","contentUrl":"https:\/\/www.ucm.edu.co\/wp-content\/uploads\/2021\/11\/articulo_kenia_plazoleta.jpg","width":800,"height":550},{"@type":"BreadcrumbList","@id":"https:\/\/www.ucm.edu.co\/kenia-la-abogada-del-planeta\/#breadcrumb","itemListElement":[{"@type":"ListItem","position":1,"name":"Portada","item":"https:\/\/www.ucm.edu.co\/"},{"@type":"ListItem","position":2,"name":"Kenia, la abogada del planeta"}]},{"@type":"WebSite","@id":"https:\/\/www.ucm.edu.co\/#website","url":"https:\/\/www.ucm.edu.co\/","name":"UCM - Universidad Cat\u00f3lica de Manizales","description":"Ven a ser quien quieres ser","publisher":{"@id":"https:\/\/www.ucm.edu.co\/#organization"},"alternateName":"UCM","potentialAction":[{"@type":"SearchAction","target":{"@type":"EntryPoint","urlTemplate":"https:\/\/www.ucm.edu.co\/?s={search_term_string}"},"query-input":{"@type":"PropertyValueSpecification","valueRequired":true,"valueName":"search_term_string"}}],"inLanguage":"en-US"},{"@type":"Organization","@id":"https:\/\/www.ucm.edu.co\/#organization","name":"Universidad Cat\u00f3lica de Manizales","alternateName":"UCM","url":"https:\/\/www.ucm.edu.co\/","logo":{"@type":"ImageObject","inLanguage":"en-US","@id":"https:\/\/www.ucm.edu.co\/#\/schema\/logo\/image\/","url":"https:\/\/www.ucm.edu.co\/wp-content\/uploads\/2021\/03\/favicon_ucm.png","contentUrl":"https:\/\/www.ucm.edu.co\/wp-content\/uploads\/2021\/03\/favicon_ucm.png","width":512,"height":512,"caption":"Universidad Cat\u00f3lica de Manizales"},"image":{"@id":"https:\/\/www.ucm.edu.co\/#\/schema\/logo\/image\/"},"sameAs":["https:\/\/www.facebook.com\/ucatolicamanizales","https:\/\/x.com\/ucm_manizales","https:\/\/www.instagram.com\/ucatolicamanizales\/","https:\/\/co.linkedin.com\/school\/ucatolicamanizales\/","https:\/\/www.youtube.com\/user\/UCMtelevision"]},{"@type":"Person","@id":"https:\/\/www.ucm.edu.co\/#\/schema\/person\/52f5e2d6835d561911c3d6866e61cd5f","name":"Marca UCM","image":{"@type":"ImageObject","inLanguage":"en-US","@id":"https:\/\/secure.gravatar.com\/avatar\/299dbea677535d5ebf1e551d7096494f841ea22510b872bc8e72334b8a3b3e49?s=96&d=mm&r=g","url":"https:\/\/secure.gravatar.com\/avatar\/299dbea677535d5ebf1e551d7096494f841ea22510b872bc8e72334b8a3b3e49?s=96&d=mm&r=g","contentUrl":"https:\/\/secure.gravatar.com\/avatar\/299dbea677535d5ebf1e551d7096494f841ea22510b872bc8e72334b8a3b3e49?s=96&d=mm&r=g","caption":"Marca UCM"},"url":"https:\/\/www.ucm.edu.co\/en\/author\/marca\/"}]}},"_links":{"self":[{"href":"https:\/\/www.ucm.edu.co\/en\/wp-json\/wp\/v2\/posts\/197010","targetHints":{"allow":["GET"]}}],"collection":[{"href":"https:\/\/www.ucm.edu.co\/en\/wp-json\/wp\/v2\/posts"}],"about":[{"href":"https:\/\/www.ucm.edu.co\/en\/wp-json\/wp\/v2\/types\/post"}],"author":[{"embeddable":true,"href":"https:\/\/www.ucm.edu.co\/en\/wp-json\/wp\/v2\/users\/8"}],"replies":[{"embeddable":true,"href":"https:\/\/www.ucm.edu.co\/en\/wp-json\/wp\/v2\/comments?post=197010"}],"version-history":[{"count":16,"href":"https:\/\/www.ucm.edu.co\/en\/wp-json\/wp\/v2\/posts\/197010\/revisions"}],"predecessor-version":[{"id":197033,"href":"https:\/\/www.ucm.edu.co\/en\/wp-json\/wp\/v2\/posts\/197010\/revisions\/197033"}],"wp:featuredmedia":[{"embeddable":true,"href":"https:\/\/www.ucm.edu.co\/en\/wp-json\/wp\/v2\/media\/197013"}],"wp:attachment":[{"href":"https:\/\/www.ucm.edu.co\/en\/wp-json\/wp\/v2\/media?parent=197010"}],"wp:term":[{"taxonomy":"category","embeddable":true,"href":"https:\/\/www.ucm.edu.co\/en\/wp-json\/wp\/v2\/categories?post=197010"},{"taxonomy":"post_tag","embeddable":true,"href":"https:\/\/www.ucm.edu.co\/en\/wp-json\/wp\/v2\/tags?post=197010"}],"curies":[{"name":"wp","href":"https:\/\/api.w.org\/{rel}","templated":true}]}}