{"id":196944,"date":"2021-11-16T08:11:32","date_gmt":"2021-11-16T13:11:32","guid":{"rendered":"https:\/\/www.ucm.edu.co\/?p=196944"},"modified":"2022-07-21T08:13:18","modified_gmt":"2022-07-21T13:13:18","slug":"plazoleta-ed-09","status":"publish","type":"post","link":"https:\/\/www.ucm.edu.co\/en\/plazoleta-ed-09\/","title":{"rendered":"Plazoleta Ed. 09"},"content":{"rendered":"<h2 class=\"wp-block-heading\">Amor por el estudio: Ejercicio integral de la mente-esp\u00edritu-cerebro<\/h2>\n\n\n\n<p class=\"wp-block-paragraph\">La Universidad Cat\u00f3lica de Manizales, se define como \u201cUn Proyecto de amor que Apunta a la Excelencia\u201d, lema institucional que da cuenta<br>desde la rector\u00eda de Hna. Judith Le\u00f3n Guevara, de los dos carismas fundacionales que est\u00e1n a la base de la identidad de nuestra Universidad, me refiero a la Caridad entendida como amor a Dios y a los hermanos y la Verdad comprendida como confesi\u00f3n de fe en la persona de Jes\u00fas,<br>amor por el conocimiento, apuesta por la excelencia.<br><\/p>\n\n\n\n<p class=\"wp-block-paragraph\">En este sentido, esta edici\u00f3n de Plazoleta nos permite visibilizar a aquellos estudiantes que hacen de la vivencia de la virtud de la estudiosidad y el amor por el estudio, como ejercicio integral de la mente-esp\u00edritu-cerebro una apuesta personal que los conduce a la excelencia acad\u00e9mica, es decir, al logro de resultados acad\u00e9micos dignos de resaltar, reconocer y valorar como concreci\u00f3n de no solo nuestro lema institucional sino tambi\u00e9n del sello de alta calidad que representa la acreditaci\u00f3n institucional.<br><\/p>\n\n\n\n<p class=\"wp-block-paragraph\">Los estudiantes y graduados que la UCM hoy visibiliza son para nosotros los lectores, seres humanos ejemplarizantes, cada uno con su realidad propia, sue\u00f1os, esfuerzos, proyectos que se han hecho realidad gracias al trabajo constante, a la capacidad de ponerse metas y esforzarse por cumplirlas, gracias a su tenacidad y pasi\u00f3n por lo que hacen, de ellos estamos invitados a aprender el valor de la excelencia.<\/p>\n\n\n\n<p class=\"wp-block-paragraph\">Por otra parte, es importante destacar que, en cada uno de los integrantes de la Comunidad Universitaria, el amor por lo que se hace y la<br>excelencia como reto marcan el estilo de ser estudiante, profesor, administrativo. Somos personas para quienes hacer bien las cosas, ser<br>mejores cada d\u00eda es aspiracional y, por lo tanto, un sue\u00f1o institucional. Nuestra calidad humana y nuestra excelencia acad\u00e9mica posicionan la<br>UCM como una instituci\u00f3n que trabaja por ser coherente con lo que declara en su plataforma estrat\u00e9gica y la responsabilidad social de transformar la sociedad al trans-formar las personas.<br><\/p>\n\n\n\n<p class=\"wp-block-paragraph\">Que la vivencia de la virtud de la estudiosidad, del amor por la academia y el estudio sea una manera de re-encantar el mundo, porque damos cuenta de un conocimiento que se aplica, de la capacidad de tejer pensar y actuar, de leer, comprender, interpretar y transformar el mundo.<br><\/p>\n\n\n\n<p class=\"wp-block-paragraph\">Felicitaciones a nuestros estudiantes y graduados por sus logros acad\u00e9micos, por su calidad humana y su excelencia en todo lo que<br>hacen y se proponen. Gracias por ser parte de la UCM y con su testimonio visibilizar la instituci\u00f3n como una obra de educaci\u00f3n superior de alta calidad.<\/p>\n\n\n\n<p class=\"wp-block-paragraph\"><\/p>\n\n\n\n<p class=\"wp-block-paragraph\"><strong>Hna. Mar\u00eda Elizabeth Caicedo Caicedo O.P.<\/strong><br>Rectora<\/p>\n\n\n<div class=\"_df_book df-lite\" id=\"df_196941\"  _slug=\"plazoleta-ed-09\" data-title=\"plazoleta-ed-09\" wpoptions=\"true\" thumbtype=\"\" ><\/div><script class=\"df-shortcode-script\" nowprocket type=\"application\/javascript\">window.option_df_196941 = {\"outline\":[],\"backgroundColor\":\"#fff\",\"autoEnableOutline\":\"false\",\"autoEnableThumbnail\":\"false\",\"overwritePDFOutline\":\"false\",\"direction\":\"1\",\"pageSize\":\"0\",\"source\":\"https:\\\/\\\/www.ucm.edu.co\\\/wp-content\\\/uploads\\\/2021\\\/11\\\/plazoleta_09.pdf\",\"wpOptions\":\"true\"}; if(window.DFLIP && window.DFLIP.parseBooks){window.DFLIP.parseBooks();}<\/script>","protected":false},"excerpt":{"rendered":"<p>Esta edici\u00f3n de la revista Plazoleta visibiliza a los estudiantes que hacen vida la formaci\u00f3n integral UCM.<br \/>\nConoce los perfiles de aquellos estudiantes con logros acad\u00e9micos que evidencian no solo nuestro lema institucional, sino tambi\u00e9n el sello de alta calidad que representa la acreditaci\u00f3n instiitucional.<\/p>","protected":false},"author":8,"featured_media":202332,"comment_status":"open","ping_status":"open","sticky":false,"template":"","format":"standard","meta":{"_et_pb_use_builder":"","_et_pb_old_content":"","_et_gb_content_width":"","content-type":"","_monsterinsights_skip_tracking":false,"footnotes":""},"categories":[179,20],"tags":[],"class_list":["post-196944","post","type-post","status-publish","format-standard","has-post-thumbnail","hentry","category-revista-plazoleta","category-destacado-estrella"],"yoast_head":"<!-- This site is optimized with the Yoast SEO plugin v28.1 - https:\/\/yoast.com\/product\/yoast-seo-wordpress\/ -->\n<title>UCM - Universidad Cat\u00f3lica de Manizales<\/title>\n<meta name=\"robots\" content=\"index, follow, max-snippet:-1, max-image-preview:large, max-video-preview:-1\" \/>\n<link rel=\"canonical\" href=\"https:\/\/www.ucm.edu.co\/en\/plazoleta-ed-09\/\" \/>\n<meta property=\"og:locale\" content=\"en_US\" \/>\n<meta property=\"og:type\" content=\"article\" \/>\n<meta property=\"og:title\" content=\"UCM - Universidad Cat\u00f3lica de Manizales\" \/>\n<meta property=\"og:description\" content=\"Esta edici\u00f3n de la revista Plazoleta visibiliza a los estudiantes que hacen vida la formaci\u00f3n integral UCM. Conoce los perfiles de aquellos estudiantes con logros acad\u00e9micos que evidencian no solo nuestro lema institucional, sino tambi\u00e9n el sello de alta calidad que representa la acreditaci\u00f3n instiitucional.\" \/>\n<meta property=\"og:url\" content=\"https:\/\/www.ucm.edu.co\/en\/plazoleta-ed-09\/\" \/>\n<meta property=\"og:site_name\" content=\"UCM - Universidad Cat\u00f3lica de Manizales\" \/>\n<meta property=\"article:publisher\" content=\"https:\/\/www.facebook.com\/ucatolicamanizales\" \/>\n<meta property=\"article:published_time\" content=\"2021-11-16T13:11:32+00:00\" \/>\n<meta property=\"article:modified_time\" content=\"2022-07-21T13:13:18+00:00\" \/>\n<meta property=\"og:image\" content=\"https:\/\/www.ucm.edu.co\/wp-content\/uploads\/2021\/11\/portada_plazoleta_09.jpg\" \/>\n\t<meta property=\"og:image:width\" content=\"470\" \/>\n\t<meta property=\"og:image:height\" content=\"300\" \/>\n\t<meta property=\"og:image:type\" content=\"image\/jpeg\" \/>\n<meta name=\"author\" content=\"Marca UCM\" \/>\n<meta name=\"twitter:card\" content=\"summary_large_image\" \/>\n<meta name=\"twitter:creator\" content=\"@ucm_manizales\" \/>\n<meta name=\"twitter:site\" content=\"@ucm_manizales\" \/>\n<meta name=\"twitter:label1\" content=\"Written by\" \/>\n\t<meta name=\"twitter:data1\" content=\"Marca UCM\" \/>\n\t<meta name=\"twitter:label2\" content=\"Est. reading time\" \/>\n\t<meta name=\"twitter:data2\" content=\"3 minutes\" \/>\n<script type=\"application\/ld+json\" class=\"yoast-schema-graph\">{\"@context\":\"https:\\\/\\\/schema.org\",\"@graph\":[{\"@type\":\"Article\",\"@id\":\"https:\\\/\\\/www.ucm.edu.co\\\/plazoleta-ed-09\\\/#article\",\"isPartOf\":{\"@id\":\"https:\\\/\\\/www.ucm.edu.co\\\/plazoleta-ed-09\\\/\"},\"author\":{\"name\":\"Marca UCM\",\"@id\":\"https:\\\/\\\/www.ucm.edu.co\\\/#\\\/schema\\\/person\\\/52f5e2d6835d561911c3d6866e61cd5f\"},\"headline\":\"Plazoleta Ed. 09\",\"datePublished\":\"2021-11-16T13:11:32+00:00\",\"dateModified\":\"2022-07-21T13:13:18+00:00\",\"mainEntityOfPage\":{\"@id\":\"https:\\\/\\\/www.ucm.edu.co\\\/plazoleta-ed-09\\\/\"},\"wordCount\":461,\"commentCount\":0,\"publisher\":{\"@id\":\"https:\\\/\\\/www.ucm.edu.co\\\/#organization\"},\"image\":{\"@id\":\"https:\\\/\\\/www.ucm.edu.co\\\/plazoleta-ed-09\\\/#primaryimage\"},\"thumbnailUrl\":\"https:\\\/\\\/www.ucm.edu.co\\\/wp-content\\\/uploads\\\/2021\\\/11\\\/portada_plazoleta_09.jpg\",\"articleSection\":[\"Revista Plazoleta\",\"Destacado estrella\"],\"inLanguage\":\"en-US\",\"potentialAction\":[{\"@type\":\"CommentAction\",\"name\":\"Comment\",\"target\":[\"https:\\\/\\\/www.ucm.edu.co\\\/plazoleta-ed-09\\\/#respond\"]}]},{\"@type\":\"WebPage\",\"@id\":\"https:\\\/\\\/www.ucm.edu.co\\\/plazoleta-ed-09\\\/\",\"url\":\"https:\\\/\\\/www.ucm.edu.co\\\/plazoleta-ed-09\\\/\",\"name\":\"UCM - Universidad Cat\u00f3lica de Manizales\",\"isPartOf\":{\"@id\":\"https:\\\/\\\/www.ucm.edu.co\\\/#website\"},\"primaryImageOfPage\":{\"@id\":\"https:\\\/\\\/www.ucm.edu.co\\\/plazoleta-ed-09\\\/#primaryimage\"},\"image\":{\"@id\":\"https:\\\/\\\/www.ucm.edu.co\\\/plazoleta-ed-09\\\/#primaryimage\"},\"thumbnailUrl\":\"https:\\\/\\\/www.ucm.edu.co\\\/wp-content\\\/uploads\\\/2021\\\/11\\\/portada_plazoleta_09.jpg\",\"datePublished\":\"2021-11-16T13:11:32+00:00\",\"dateModified\":\"2022-07-21T13:13:18+00:00\",\"breadcrumb\":{\"@id\":\"https:\\\/\\\/www.ucm.edu.co\\\/plazoleta-ed-09\\\/#breadcrumb\"},\"inLanguage\":\"en-US\",\"potentialAction\":[{\"@type\":\"ReadAction\",\"target\":[\"https:\\\/\\\/www.ucm.edu.co\\\/plazoleta-ed-09\\\/\"]}]},{\"@type\":\"ImageObject\",\"inLanguage\":\"en-US\",\"@id\":\"https:\\\/\\\/www.ucm.edu.co\\\/plazoleta-ed-09\\\/#primaryimage\",\"url\":\"https:\\\/\\\/www.ucm.edu.co\\\/wp-content\\\/uploads\\\/2021\\\/11\\\/portada_plazoleta_09.jpg\",\"contentUrl\":\"https:\\\/\\\/www.ucm.edu.co\\\/wp-content\\\/uploads\\\/2021\\\/11\\\/portada_plazoleta_09.jpg\",\"width\":470,\"height\":300,\"caption\":\"Portada revista Plazoleta 09\"},{\"@type\":\"BreadcrumbList\",\"@id\":\"https:\\\/\\\/www.ucm.edu.co\\\/plazoleta-ed-09\\\/#breadcrumb\",\"itemListElement\":[{\"@type\":\"ListItem\",\"position\":1,\"name\":\"Portada\",\"item\":\"https:\\\/\\\/www.ucm.edu.co\\\/\"},{\"@type\":\"ListItem\",\"position\":2,\"name\":\"Plazoleta Ed. 09\"}]},{\"@type\":\"WebSite\",\"@id\":\"https:\\\/\\\/www.ucm.edu.co\\\/#website\",\"url\":\"https:\\\/\\\/www.ucm.edu.co\\\/\",\"name\":\"UCM - Universidad Cat\u00f3lica de Manizales\",\"description\":\"Ven a ser quien quieres ser\",\"publisher\":{\"@id\":\"https:\\\/\\\/www.ucm.edu.co\\\/#organization\"},\"alternateName\":\"UCM\",\"potentialAction\":[{\"@type\":\"SearchAction\",\"target\":{\"@type\":\"EntryPoint\",\"urlTemplate\":\"https:\\\/\\\/www.ucm.edu.co\\\/?s={search_term_string}\"},\"query-input\":{\"@type\":\"PropertyValueSpecification\",\"valueRequired\":true,\"valueName\":\"search_term_string\"}}],\"inLanguage\":\"en-US\"},{\"@type\":\"Organization\",\"@id\":\"https:\\\/\\\/www.ucm.edu.co\\\/#organization\",\"name\":\"Universidad Cat\u00f3lica de Manizales\",\"alternateName\":\"UCM\",\"url\":\"https:\\\/\\\/www.ucm.edu.co\\\/\",\"logo\":{\"@type\":\"ImageObject\",\"inLanguage\":\"en-US\",\"@id\":\"https:\\\/\\\/www.ucm.edu.co\\\/#\\\/schema\\\/logo\\\/image\\\/\",\"url\":\"https:\\\/\\\/www.ucm.edu.co\\\/wp-content\\\/uploads\\\/2021\\\/03\\\/favicon_ucm.png\",\"contentUrl\":\"https:\\\/\\\/www.ucm.edu.co\\\/wp-content\\\/uploads\\\/2021\\\/03\\\/favicon_ucm.png\",\"width\":512,\"height\":512,\"caption\":\"Universidad Cat\u00f3lica de Manizales\"},\"image\":{\"@id\":\"https:\\\/\\\/www.ucm.edu.co\\\/#\\\/schema\\\/logo\\\/image\\\/\"},\"sameAs\":[\"https:\\\/\\\/www.facebook.com\\\/ucatolicamanizales\",\"https:\\\/\\\/x.com\\\/ucm_manizales\",\"https:\\\/\\\/www.instagram.com\\\/ucatolicamanizales\\\/\",\"https:\\\/\\\/co.linkedin.com\\\/school\\\/ucatolicamanizales\\\/\",\"https:\\\/\\\/www.youtube.com\\\/user\\\/UCMtelevision\"]},{\"@type\":\"Person\",\"@id\":\"https:\\\/\\\/www.ucm.edu.co\\\/#\\\/schema\\\/person\\\/52f5e2d6835d561911c3d6866e61cd5f\",\"name\":\"Marca UCM\",\"image\":{\"@type\":\"ImageObject\",\"inLanguage\":\"en-US\",\"@id\":\"https:\\\/\\\/secure.gravatar.com\\\/avatar\\\/299dbea677535d5ebf1e551d7096494f841ea22510b872bc8e72334b8a3b3e49?s=96&d=mm&r=g\",\"url\":\"https:\\\/\\\/secure.gravatar.com\\\/avatar\\\/299dbea677535d5ebf1e551d7096494f841ea22510b872bc8e72334b8a3b3e49?s=96&d=mm&r=g\",\"contentUrl\":\"https:\\\/\\\/secure.gravatar.com\\\/avatar\\\/299dbea677535d5ebf1e551d7096494f841ea22510b872bc8e72334b8a3b3e49?s=96&d=mm&r=g\",\"caption\":\"Marca UCM\"},\"url\":\"https:\\\/\\\/www.ucm.edu.co\\\/en\\\/author\\\/marca\\\/\"}]}<\/script>\n<!-- \/ Yoast SEO plugin. -->","yoast_head_json":{"title":"UCM - Universidad Cat\u00f3lica de Manizales","robots":{"index":"index","follow":"follow","max-snippet":"max-snippet:-1","max-image-preview":"max-image-preview:large","max-video-preview":"max-video-preview:-1"},"canonical":"https:\/\/www.ucm.edu.co\/en\/plazoleta-ed-09\/","og_locale":"en_US","og_type":"article","og_title":"UCM - Universidad Cat\u00f3lica de Manizales","og_description":"Esta edici\u00f3n de la revista Plazoleta visibiliza a los estudiantes que hacen vida la formaci\u00f3n integral UCM. Conoce los perfiles de aquellos estudiantes con logros acad\u00e9micos que evidencian no solo nuestro lema institucional, sino tambi\u00e9n el sello de alta calidad que representa la acreditaci\u00f3n instiitucional.","og_url":"https:\/\/www.ucm.edu.co\/en\/plazoleta-ed-09\/","og_site_name":"UCM - Universidad Cat\u00f3lica de Manizales","article_publisher":"https:\/\/www.facebook.com\/ucatolicamanizales","article_published_time":"2021-11-16T13:11:32+00:00","article_modified_time":"2022-07-21T13:13:18+00:00","og_image":[{"width":470,"height":300,"url":"https:\/\/www.ucm.edu.co\/wp-content\/uploads\/2021\/11\/portada_plazoleta_09.jpg","type":"image\/jpeg"}],"author":"Marca UCM","twitter_card":"summary_large_image","twitter_creator":"@ucm_manizales","twitter_site":"@ucm_manizales","twitter_misc":{"Written by":"Marca UCM","Est. reading time":"3 minutes"},"schema":{"@context":"https:\/\/schema.org","@graph":[{"@type":"Article","@id":"https:\/\/www.ucm.edu.co\/plazoleta-ed-09\/#article","isPartOf":{"@id":"https:\/\/www.ucm.edu.co\/plazoleta-ed-09\/"},"author":{"name":"Marca UCM","@id":"https:\/\/www.ucm.edu.co\/#\/schema\/person\/52f5e2d6835d561911c3d6866e61cd5f"},"headline":"Plazoleta Ed. 09","datePublished":"2021-11-16T13:11:32+00:00","dateModified":"2022-07-21T13:13:18+00:00","mainEntityOfPage":{"@id":"https:\/\/www.ucm.edu.co\/plazoleta-ed-09\/"},"wordCount":461,"commentCount":0,"publisher":{"@id":"https:\/\/www.ucm.edu.co\/#organization"},"image":{"@id":"https:\/\/www.ucm.edu.co\/plazoleta-ed-09\/#primaryimage"},"thumbnailUrl":"https:\/\/www.ucm.edu.co\/wp-content\/uploads\/2021\/11\/portada_plazoleta_09.jpg","articleSection":["Revista Plazoleta","Destacado estrella"],"inLanguage":"en-US","potentialAction":[{"@type":"CommentAction","name":"Comment","target":["https:\/\/www.ucm.edu.co\/plazoleta-ed-09\/#respond"]}]},{"@type":"WebPage","@id":"https:\/\/www.ucm.edu.co\/plazoleta-ed-09\/","url":"https:\/\/www.ucm.edu.co\/plazoleta-ed-09\/","name":"UCM - Universidad Cat\u00f3lica de Manizales","isPartOf":{"@id":"https:\/\/www.ucm.edu.co\/#website"},"primaryImageOfPage":{"@id":"https:\/\/www.ucm.edu.co\/plazoleta-ed-09\/#primaryimage"},"image":{"@id":"https:\/\/www.ucm.edu.co\/plazoleta-ed-09\/#primaryimage"},"thumbnailUrl":"https:\/\/www.ucm.edu.co\/wp-content\/uploads\/2021\/11\/portada_plazoleta_09.jpg","datePublished":"2021-11-16T13:11:32+00:00","dateModified":"2022-07-21T13:13:18+00:00","breadcrumb":{"@id":"https:\/\/www.ucm.edu.co\/plazoleta-ed-09\/#breadcrumb"},"inLanguage":"en-US","potentialAction":[{"@type":"ReadAction","target":["https:\/\/www.ucm.edu.co\/plazoleta-ed-09\/"]}]},{"@type":"ImageObject","inLanguage":"en-US","@id":"https:\/\/www.ucm.edu.co\/plazoleta-ed-09\/#primaryimage","url":"https:\/\/www.ucm.edu.co\/wp-content\/uploads\/2021\/11\/portada_plazoleta_09.jpg","contentUrl":"https:\/\/www.ucm.edu.co\/wp-content\/uploads\/2021\/11\/portada_plazoleta_09.jpg","width":470,"height":300,"caption":"Portada revista Plazoleta 09"},{"@type":"BreadcrumbList","@id":"https:\/\/www.ucm.edu.co\/plazoleta-ed-09\/#breadcrumb","itemListElement":[{"@type":"ListItem","position":1,"name":"Portada","item":"https:\/\/www.ucm.edu.co\/"},{"@type":"ListItem","position":2,"name":"Plazoleta Ed. 09"}]},{"@type":"WebSite","@id":"https:\/\/www.ucm.edu.co\/#website","url":"https:\/\/www.ucm.edu.co\/","name":"UCM - Universidad Cat\u00f3lica de Manizales","description":"Ven a ser quien quieres ser","publisher":{"@id":"https:\/\/www.ucm.edu.co\/#organization"},"alternateName":"UCM","potentialAction":[{"@type":"SearchAction","target":{"@type":"EntryPoint","urlTemplate":"https:\/\/www.ucm.edu.co\/?s={search_term_string}"},"query-input":{"@type":"PropertyValueSpecification","valueRequired":true,"valueName":"search_term_string"}}],"inLanguage":"en-US"},{"@type":"Organization","@id":"https:\/\/www.ucm.edu.co\/#organization","name":"Universidad Cat\u00f3lica de Manizales","alternateName":"UCM","url":"https:\/\/www.ucm.edu.co\/","logo":{"@type":"ImageObject","inLanguage":"en-US","@id":"https:\/\/www.ucm.edu.co\/#\/schema\/logo\/image\/","url":"https:\/\/www.ucm.edu.co\/wp-content\/uploads\/2021\/03\/favicon_ucm.png","contentUrl":"https:\/\/www.ucm.edu.co\/wp-content\/uploads\/2021\/03\/favicon_ucm.png","width":512,"height":512,"caption":"Universidad Cat\u00f3lica de Manizales"},"image":{"@id":"https:\/\/www.ucm.edu.co\/#\/schema\/logo\/image\/"},"sameAs":["https:\/\/www.facebook.com\/ucatolicamanizales","https:\/\/x.com\/ucm_manizales","https:\/\/www.instagram.com\/ucatolicamanizales\/","https:\/\/co.linkedin.com\/school\/ucatolicamanizales\/","https:\/\/www.youtube.com\/user\/UCMtelevision"]},{"@type":"Person","@id":"https:\/\/www.ucm.edu.co\/#\/schema\/person\/52f5e2d6835d561911c3d6866e61cd5f","name":"Marca UCM","image":{"@type":"ImageObject","inLanguage":"en-US","@id":"https:\/\/secure.gravatar.com\/avatar\/299dbea677535d5ebf1e551d7096494f841ea22510b872bc8e72334b8a3b3e49?s=96&d=mm&r=g","url":"https:\/\/secure.gravatar.com\/avatar\/299dbea677535d5ebf1e551d7096494f841ea22510b872bc8e72334b8a3b3e49?s=96&d=mm&r=g","contentUrl":"https:\/\/secure.gravatar.com\/avatar\/299dbea677535d5ebf1e551d7096494f841ea22510b872bc8e72334b8a3b3e49?s=96&d=mm&r=g","caption":"Marca UCM"},"url":"https:\/\/www.ucm.edu.co\/en\/author\/marca\/"}]}},"_links":{"self":[{"href":"https:\/\/www.ucm.edu.co\/en\/wp-json\/wp\/v2\/posts\/196944","targetHints":{"allow":["GET"]}}],"collection":[{"href":"https:\/\/www.ucm.edu.co\/en\/wp-json\/wp\/v2\/posts"}],"about":[{"href":"https:\/\/www.ucm.edu.co\/en\/wp-json\/wp\/v2\/types\/post"}],"author":[{"embeddable":true,"href":"https:\/\/www.ucm.edu.co\/en\/wp-json\/wp\/v2\/users\/8"}],"replies":[{"embeddable":true,"href":"https:\/\/www.ucm.edu.co\/en\/wp-json\/wp\/v2\/comments?post=196944"}],"version-history":[{"count":6,"href":"https:\/\/www.ucm.edu.co\/en\/wp-json\/wp\/v2\/posts\/196944\/revisions"}],"predecessor-version":[{"id":202326,"href":"https:\/\/www.ucm.edu.co\/en\/wp-json\/wp\/v2\/posts\/196944\/revisions\/202326"}],"wp:featuredmedia":[{"embeddable":true,"href":"https:\/\/www.ucm.edu.co\/en\/wp-json\/wp\/v2\/media\/202332"}],"wp:attachment":[{"href":"https:\/\/www.ucm.edu.co\/en\/wp-json\/wp\/v2\/media?parent=196944"}],"wp:term":[{"taxonomy":"category","embeddable":true,"href":"https:\/\/www.ucm.edu.co\/en\/wp-json\/wp\/v2\/categories?post=196944"},{"taxonomy":"post_tag","embeddable":true,"href":"https:\/\/www.ucm.edu.co\/en\/wp-json\/wp\/v2\/tags?post=196944"}],"curies":[{"name":"wp","href":"https:\/\/api.w.org\/{rel}","templated":true}]}}