{"id":194623,"date":"2021-09-20T17:16:19","date_gmt":"2021-09-20T22:16:19","guid":{"rendered":"https:\/\/www.ucm.edu.co\/?p=194623"},"modified":"2023-04-24T11:11:48","modified_gmt":"2023-04-24T16:11:48","slug":"programa-de-enfermeria-tendra-participacion-internacional-en-espacio-coil","status":"publish","type":"post","link":"https:\/\/www.ucm.edu.co\/en\/programa-de-enfermeria-tendra-participacion-internacional-en-espacio-coil\/","title":{"rendered":"Programa de Enfermer\u00eda tendr\u00e1 participaci\u00f3n internacional en espacio COIL"},"content":{"rendered":"<p class=\"wp-block-paragraph\">Diana Mu\u00f1oz Hern\u00e1ndez, enfermera de la Unidad de Servicios M\u00e9dicos de la UCM; Liza Mayela Rodr\u00edguez Jim\u00e9nez, profesora de la Universidad de Guadalajara, M\u00e9xico y Paula Andrea Duque, profesora del programa de Enfermer\u00eda UCM, iniciar\u00e1n este 22 de septiembre su primera sesi\u00f3n con los estudiantes de ambas universidades. All\u00ed, tendr\u00e1n la oportunidad de brindarles un espacio para desarrollar capacidades de desempe\u00f1o global.<\/p>\n\n\n\n<p class=\"wp-block-paragraph\">En esta oportunidad, ser\u00e1n los estudiantes que hacen parte de los componentes de Pr\u00e1ctica Integral y Gesti\u00f3n del Cuidado en el programa de enfermer\u00eda en la UCM los que participaran de este espacio que integra estrategias para el aprendizaje interactivo y multicultural de los estudiantes.<\/p>\n\n\n\n<p class=\"wp-block-paragraph\"><strong>Liza Mayela Rodr\u00edguez Jim\u00e9nez, profesora de la Universidad de Guadalajara, M\u00e9xico<\/strong>: Participar en este proyecto de colaboraci\u00f3n internacional con la Universidad Cat\u00f3lica de Manizales, es una excelente estrategia para que estudiantes del Sistema de Universidad Virtual, de la Universidad de Guadalajara, se relacionen interculturalmente con estudiantes de Colombia. Esto les permite establecer relaciones de confianza, trabajar juntos en actividades planeadas, intercambiando ideas e informaci\u00f3n; adquiriendo conocimiento significativo y una experiencia enriquecedora, sin necesidad de trasladarse a un lugar de forma presencial.<\/p>\n\n\n\n<p class=\"wp-block-paragraph\"><strong>Paula Andrea Duque, profesora del programa de Enfermer\u00eda UCM:<\/strong> Es importante participar de estos espacios por la fortaleza que se genera en las alianzas con otros programas de otras universidades, adem\u00e1s de mejorar los procesos de ense\u00f1anza y aprendizaje, se abren puertas a nuestros futuros graduados.<\/p>\n\n\n\n<p class=\"wp-block-paragraph\"><strong>Diana Mu\u00f1oz Hern\u00e1ndez, enfermera de la UCM:<\/strong> &nbsp;Es muy importante este espacio ya q contribuye a que los estudiantes, tengan otras miradas y puedan trabajar en conjunto con pares de otro pa\u00eds, lo cual genera otra visi\u00f3n al momento de su pr\u00e1ctica profesional.<\/p>","protected":false},"excerpt":{"rendered":"<p>Las 2 profesionales de la enfermer\u00eda y la maestra en tecnolog\u00eda de la informaci\u00f3n tendr\u00e1n la oportunidad de compartir con estudiantes de la Universidad de Guadalajara en M\u00e9xico y la Universidad Cat\u00f3lica de Manizales, mediante la metodolog\u00eda COIL (Collaborative Online International Learning &#8211; Aprendizaje Colaborativo Internacional en L\u00ednea).<\/p>","protected":false},"author":5,"featured_media":194624,"comment_status":"open","ping_status":"open","sticky":false,"template":"","format":"standard","meta":{"_et_pb_use_builder":"","_et_pb_old_content":"","_et_gb_content_width":"","content-type":"","_monsterinsights_skip_tracking":false,"footnotes":""},"categories":[274,13],"tags":[],"class_list":["post-194623","post","type-post","status-publish","format-standard","has-post-thumbnail","hentry","category-graduados-enfermeria","category-docencia"],"yoast_head":"<!-- This site is optimized with the Yoast SEO plugin v28.1 - https:\/\/yoast.com\/product\/yoast-seo-wordpress\/ -->\n<title>UCM - Universidad Cat\u00f3lica de Manizales<\/title>\n<meta name=\"robots\" content=\"index, follow, max-snippet:-1, max-image-preview:large, max-video-preview:-1\" \/>\n<link rel=\"canonical\" href=\"https:\/\/www.ucm.edu.co\/en\/programa-de-enfermeria-tendra-participacion-internacional-en-espacio-coil\/\" \/>\n<meta property=\"og:locale\" content=\"en_US\" \/>\n<meta property=\"og:type\" content=\"article\" \/>\n<meta property=\"og:title\" content=\"UCM - Universidad Cat\u00f3lica de Manizales\" \/>\n<meta property=\"og:description\" content=\"Las 2 profesionales de la enfermer\u00eda y la maestra en tecnolog\u00eda de la informaci\u00f3n tendr\u00e1n la oportunidad de compartir con estudiantes de la Universidad de Guadalajara en M\u00e9xico y la Universidad Cat\u00f3lica de Manizales, mediante la metodolog\u00eda COIL (Collaborative Online International Learning - Aprendizaje Colaborativo Internacional en L\u00ednea).\" \/>\n<meta property=\"og:url\" content=\"https:\/\/www.ucm.edu.co\/en\/programa-de-enfermeria-tendra-participacion-internacional-en-espacio-coil\/\" \/>\n<meta property=\"og:site_name\" content=\"UCM - Universidad Cat\u00f3lica de Manizales\" \/>\n<meta property=\"article:publisher\" content=\"https:\/\/www.facebook.com\/ucatolicamanizales\" \/>\n<meta property=\"article:published_time\" content=\"2021-09-20T22:16:19+00:00\" \/>\n<meta property=\"article:modified_time\" content=\"2023-04-24T16:11:48+00:00\" \/>\n<meta property=\"og:image\" content=\"https:\/\/www.ucm.edu.co\/wp-content\/uploads\/2021\/09\/WhatsApp-Image-2021-09-17-at-16.05.53-2.jpeg\" \/>\n\t<meta property=\"og:image:width\" content=\"800\" \/>\n\t<meta property=\"og:image:height\" content=\"419\" \/>\n\t<meta property=\"og:image:type\" content=\"image\/jpeg\" \/>\n<meta name=\"author\" content=\"Prensa UCM\" \/>\n<meta name=\"twitter:card\" content=\"summary_large_image\" \/>\n<meta name=\"twitter:creator\" content=\"@ucm_manizales\" \/>\n<meta name=\"twitter:site\" content=\"@ucm_manizales\" \/>\n<meta name=\"twitter:label1\" content=\"Written by\" \/>\n\t<meta name=\"twitter:data1\" content=\"Prensa UCM\" \/>\n\t<meta name=\"twitter:label2\" content=\"Est. reading time\" \/>\n\t<meta name=\"twitter:data2\" content=\"2 minutes\" \/>\n<script type=\"application\/ld+json\" class=\"yoast-schema-graph\">{\"@context\":\"https:\\\/\\\/schema.org\",\"@graph\":[{\"@type\":\"Article\",\"@id\":\"https:\\\/\\\/www.ucm.edu.co\\\/programa-de-enfermeria-tendra-participacion-internacional-en-espacio-coil\\\/#article\",\"isPartOf\":{\"@id\":\"https:\\\/\\\/www.ucm.edu.co\\\/programa-de-enfermeria-tendra-participacion-internacional-en-espacio-coil\\\/\"},\"author\":{\"name\":\"Prensa UCM\",\"@id\":\"https:\\\/\\\/www.ucm.edu.co\\\/#\\\/schema\\\/person\\\/fea805666959d6cfcf87dea44ef2f0b8\"},\"headline\":\"Programa de Enfermer\u00eda tendr\u00e1 participaci\u00f3n internacional en espacio COIL\",\"datePublished\":\"2021-09-20T22:16:19+00:00\",\"dateModified\":\"2023-04-24T16:11:48+00:00\",\"mainEntityOfPage\":{\"@id\":\"https:\\\/\\\/www.ucm.edu.co\\\/programa-de-enfermeria-tendra-participacion-internacional-en-espacio-coil\\\/\"},\"wordCount\":317,\"commentCount\":0,\"publisher\":{\"@id\":\"https:\\\/\\\/www.ucm.edu.co\\\/#organization\"},\"image\":{\"@id\":\"https:\\\/\\\/www.ucm.edu.co\\\/programa-de-enfermeria-tendra-participacion-internacional-en-espacio-coil\\\/#primaryimage\"},\"thumbnailUrl\":\"https:\\\/\\\/www.ucm.edu.co\\\/wp-content\\\/uploads\\\/2021\\\/09\\\/WhatsApp-Image-2021-09-17-at-16.05.53-2.jpeg\",\"articleSection\":[\"Graduados Enfermer\u00eda\",\"Docencia\"],\"inLanguage\":\"en-US\",\"potentialAction\":[{\"@type\":\"CommentAction\",\"name\":\"Comment\",\"target\":[\"https:\\\/\\\/www.ucm.edu.co\\\/programa-de-enfermeria-tendra-participacion-internacional-en-espacio-coil\\\/#respond\"]}]},{\"@type\":\"WebPage\",\"@id\":\"https:\\\/\\\/www.ucm.edu.co\\\/programa-de-enfermeria-tendra-participacion-internacional-en-espacio-coil\\\/\",\"url\":\"https:\\\/\\\/www.ucm.edu.co\\\/programa-de-enfermeria-tendra-participacion-internacional-en-espacio-coil\\\/\",\"name\":\"UCM - Universidad Cat\u00f3lica de Manizales\",\"isPartOf\":{\"@id\":\"https:\\\/\\\/www.ucm.edu.co\\\/#website\"},\"primaryImageOfPage\":{\"@id\":\"https:\\\/\\\/www.ucm.edu.co\\\/programa-de-enfermeria-tendra-participacion-internacional-en-espacio-coil\\\/#primaryimage\"},\"image\":{\"@id\":\"https:\\\/\\\/www.ucm.edu.co\\\/programa-de-enfermeria-tendra-participacion-internacional-en-espacio-coil\\\/#primaryimage\"},\"thumbnailUrl\":\"https:\\\/\\\/www.ucm.edu.co\\\/wp-content\\\/uploads\\\/2021\\\/09\\\/WhatsApp-Image-2021-09-17-at-16.05.53-2.jpeg\",\"datePublished\":\"2021-09-20T22:16:19+00:00\",\"dateModified\":\"2023-04-24T16:11:48+00:00\",\"breadcrumb\":{\"@id\":\"https:\\\/\\\/www.ucm.edu.co\\\/programa-de-enfermeria-tendra-participacion-internacional-en-espacio-coil\\\/#breadcrumb\"},\"inLanguage\":\"en-US\",\"potentialAction\":[{\"@type\":\"ReadAction\",\"target\":[\"https:\\\/\\\/www.ucm.edu.co\\\/programa-de-enfermeria-tendra-participacion-internacional-en-espacio-coil\\\/\"]}]},{\"@type\":\"ImageObject\",\"inLanguage\":\"en-US\",\"@id\":\"https:\\\/\\\/www.ucm.edu.co\\\/programa-de-enfermeria-tendra-participacion-internacional-en-espacio-coil\\\/#primaryimage\",\"url\":\"https:\\\/\\\/www.ucm.edu.co\\\/wp-content\\\/uploads\\\/2021\\\/09\\\/WhatsApp-Image-2021-09-17-at-16.05.53-2.jpeg\",\"contentUrl\":\"https:\\\/\\\/www.ucm.edu.co\\\/wp-content\\\/uploads\\\/2021\\\/09\\\/WhatsApp-Image-2021-09-17-at-16.05.53-2.jpeg\",\"width\":800,\"height\":419},{\"@type\":\"BreadcrumbList\",\"@id\":\"https:\\\/\\\/www.ucm.edu.co\\\/programa-de-enfermeria-tendra-participacion-internacional-en-espacio-coil\\\/#breadcrumb\",\"itemListElement\":[{\"@type\":\"ListItem\",\"position\":1,\"name\":\"Portada\",\"item\":\"https:\\\/\\\/www.ucm.edu.co\\\/\"},{\"@type\":\"ListItem\",\"position\":2,\"name\":\"Programa de Enfermer\u00eda tendr\u00e1 participaci\u00f3n internacional en espacio COIL\"}]},{\"@type\":\"WebSite\",\"@id\":\"https:\\\/\\\/www.ucm.edu.co\\\/#website\",\"url\":\"https:\\\/\\\/www.ucm.edu.co\\\/\",\"name\":\"UCM - Universidad Cat\u00f3lica de Manizales\",\"description\":\"Ven a ser quien quieres ser\",\"publisher\":{\"@id\":\"https:\\\/\\\/www.ucm.edu.co\\\/#organization\"},\"alternateName\":\"UCM\",\"potentialAction\":[{\"@type\":\"SearchAction\",\"target\":{\"@type\":\"EntryPoint\",\"urlTemplate\":\"https:\\\/\\\/www.ucm.edu.co\\\/?s={search_term_string}\"},\"query-input\":{\"@type\":\"PropertyValueSpecification\",\"valueRequired\":true,\"valueName\":\"search_term_string\"}}],\"inLanguage\":\"en-US\"},{\"@type\":\"Organization\",\"@id\":\"https:\\\/\\\/www.ucm.edu.co\\\/#organization\",\"name\":\"Universidad Cat\u00f3lica de Manizales\",\"alternateName\":\"UCM\",\"url\":\"https:\\\/\\\/www.ucm.edu.co\\\/\",\"logo\":{\"@type\":\"ImageObject\",\"inLanguage\":\"en-US\",\"@id\":\"https:\\\/\\\/www.ucm.edu.co\\\/#\\\/schema\\\/logo\\\/image\\\/\",\"url\":\"https:\\\/\\\/www.ucm.edu.co\\\/wp-content\\\/uploads\\\/2021\\\/03\\\/favicon_ucm.png\",\"contentUrl\":\"https:\\\/\\\/www.ucm.edu.co\\\/wp-content\\\/uploads\\\/2021\\\/03\\\/favicon_ucm.png\",\"width\":512,\"height\":512,\"caption\":\"Universidad Cat\u00f3lica de Manizales\"},\"image\":{\"@id\":\"https:\\\/\\\/www.ucm.edu.co\\\/#\\\/schema\\\/logo\\\/image\\\/\"},\"sameAs\":[\"https:\\\/\\\/www.facebook.com\\\/ucatolicamanizales\",\"https:\\\/\\\/x.com\\\/ucm_manizales\",\"https:\\\/\\\/www.instagram.com\\\/ucatolicamanizales\\\/\",\"https:\\\/\\\/co.linkedin.com\\\/school\\\/ucatolicamanizales\\\/\",\"https:\\\/\\\/www.youtube.com\\\/user\\\/UCMtelevision\"]},{\"@type\":\"Person\",\"@id\":\"https:\\\/\\\/www.ucm.edu.co\\\/#\\\/schema\\\/person\\\/fea805666959d6cfcf87dea44ef2f0b8\",\"name\":\"Prensa UCM\",\"image\":{\"@type\":\"ImageObject\",\"inLanguage\":\"en-US\",\"@id\":\"https:\\\/\\\/secure.gravatar.com\\\/avatar\\\/e9670ef3f6e98ca21e5ca101324fddb19f2b728f8bc808ffc267be23350fac46?s=96&d=mm&r=g\",\"url\":\"https:\\\/\\\/secure.gravatar.com\\\/avatar\\\/e9670ef3f6e98ca21e5ca101324fddb19f2b728f8bc808ffc267be23350fac46?s=96&d=mm&r=g\",\"contentUrl\":\"https:\\\/\\\/secure.gravatar.com\\\/avatar\\\/e9670ef3f6e98ca21e5ca101324fddb19f2b728f8bc808ffc267be23350fac46?s=96&d=mm&r=g\",\"caption\":\"Prensa UCM\"},\"url\":\"https:\\\/\\\/www.ucm.edu.co\\\/en\\\/author\\\/prensa\\\/\"}]}<\/script>\n<!-- \/ Yoast SEO plugin. -->","yoast_head_json":{"title":"UCM - Universidad Cat\u00f3lica de Manizales","robots":{"index":"index","follow":"follow","max-snippet":"max-snippet:-1","max-image-preview":"max-image-preview:large","max-video-preview":"max-video-preview:-1"},"canonical":"https:\/\/www.ucm.edu.co\/en\/programa-de-enfermeria-tendra-participacion-internacional-en-espacio-coil\/","og_locale":"en_US","og_type":"article","og_title":"UCM - Universidad Cat\u00f3lica de Manizales","og_description":"Las 2 profesionales de la enfermer\u00eda y la maestra en tecnolog\u00eda de la informaci\u00f3n tendr\u00e1n la oportunidad de compartir con estudiantes de la Universidad de Guadalajara en M\u00e9xico y la Universidad Cat\u00f3lica de Manizales, mediante la metodolog\u00eda COIL (Collaborative Online International Learning - Aprendizaje Colaborativo Internacional en L\u00ednea).","og_url":"https:\/\/www.ucm.edu.co\/en\/programa-de-enfermeria-tendra-participacion-internacional-en-espacio-coil\/","og_site_name":"UCM - Universidad Cat\u00f3lica de Manizales","article_publisher":"https:\/\/www.facebook.com\/ucatolicamanizales","article_published_time":"2021-09-20T22:16:19+00:00","article_modified_time":"2023-04-24T16:11:48+00:00","og_image":[{"width":800,"height":419,"url":"https:\/\/www.ucm.edu.co\/wp-content\/uploads\/2021\/09\/WhatsApp-Image-2021-09-17-at-16.05.53-2.jpeg","type":"image\/jpeg"}],"author":"Prensa UCM","twitter_card":"summary_large_image","twitter_creator":"@ucm_manizales","twitter_site":"@ucm_manizales","twitter_misc":{"Written by":"Prensa UCM","Est. reading time":"2 minutes"},"schema":{"@context":"https:\/\/schema.org","@graph":[{"@type":"Article","@id":"https:\/\/www.ucm.edu.co\/programa-de-enfermeria-tendra-participacion-internacional-en-espacio-coil\/#article","isPartOf":{"@id":"https:\/\/www.ucm.edu.co\/programa-de-enfermeria-tendra-participacion-internacional-en-espacio-coil\/"},"author":{"name":"Prensa UCM","@id":"https:\/\/www.ucm.edu.co\/#\/schema\/person\/fea805666959d6cfcf87dea44ef2f0b8"},"headline":"Programa de Enfermer\u00eda tendr\u00e1 participaci\u00f3n internacional en espacio COIL","datePublished":"2021-09-20T22:16:19+00:00","dateModified":"2023-04-24T16:11:48+00:00","mainEntityOfPage":{"@id":"https:\/\/www.ucm.edu.co\/programa-de-enfermeria-tendra-participacion-internacional-en-espacio-coil\/"},"wordCount":317,"commentCount":0,"publisher":{"@id":"https:\/\/www.ucm.edu.co\/#organization"},"image":{"@id":"https:\/\/www.ucm.edu.co\/programa-de-enfermeria-tendra-participacion-internacional-en-espacio-coil\/#primaryimage"},"thumbnailUrl":"https:\/\/www.ucm.edu.co\/wp-content\/uploads\/2021\/09\/WhatsApp-Image-2021-09-17-at-16.05.53-2.jpeg","articleSection":["Graduados Enfermer\u00eda","Docencia"],"inLanguage":"en-US","potentialAction":[{"@type":"CommentAction","name":"Comment","target":["https:\/\/www.ucm.edu.co\/programa-de-enfermeria-tendra-participacion-internacional-en-espacio-coil\/#respond"]}]},{"@type":"WebPage","@id":"https:\/\/www.ucm.edu.co\/programa-de-enfermeria-tendra-participacion-internacional-en-espacio-coil\/","url":"https:\/\/www.ucm.edu.co\/programa-de-enfermeria-tendra-participacion-internacional-en-espacio-coil\/","name":"UCM - Universidad Cat\u00f3lica de Manizales","isPartOf":{"@id":"https:\/\/www.ucm.edu.co\/#website"},"primaryImageOfPage":{"@id":"https:\/\/www.ucm.edu.co\/programa-de-enfermeria-tendra-participacion-internacional-en-espacio-coil\/#primaryimage"},"image":{"@id":"https:\/\/www.ucm.edu.co\/programa-de-enfermeria-tendra-participacion-internacional-en-espacio-coil\/#primaryimage"},"thumbnailUrl":"https:\/\/www.ucm.edu.co\/wp-content\/uploads\/2021\/09\/WhatsApp-Image-2021-09-17-at-16.05.53-2.jpeg","datePublished":"2021-09-20T22:16:19+00:00","dateModified":"2023-04-24T16:11:48+00:00","breadcrumb":{"@id":"https:\/\/www.ucm.edu.co\/programa-de-enfermeria-tendra-participacion-internacional-en-espacio-coil\/#breadcrumb"},"inLanguage":"en-US","potentialAction":[{"@type":"ReadAction","target":["https:\/\/www.ucm.edu.co\/programa-de-enfermeria-tendra-participacion-internacional-en-espacio-coil\/"]}]},{"@type":"ImageObject","inLanguage":"en-US","@id":"https:\/\/www.ucm.edu.co\/programa-de-enfermeria-tendra-participacion-internacional-en-espacio-coil\/#primaryimage","url":"https:\/\/www.ucm.edu.co\/wp-content\/uploads\/2021\/09\/WhatsApp-Image-2021-09-17-at-16.05.53-2.jpeg","contentUrl":"https:\/\/www.ucm.edu.co\/wp-content\/uploads\/2021\/09\/WhatsApp-Image-2021-09-17-at-16.05.53-2.jpeg","width":800,"height":419},{"@type":"BreadcrumbList","@id":"https:\/\/www.ucm.edu.co\/programa-de-enfermeria-tendra-participacion-internacional-en-espacio-coil\/#breadcrumb","itemListElement":[{"@type":"ListItem","position":1,"name":"Portada","item":"https:\/\/www.ucm.edu.co\/"},{"@type":"ListItem","position":2,"name":"Programa de Enfermer\u00eda tendr\u00e1 participaci\u00f3n internacional en espacio COIL"}]},{"@type":"WebSite","@id":"https:\/\/www.ucm.edu.co\/#website","url":"https:\/\/www.ucm.edu.co\/","name":"UCM - Universidad Cat\u00f3lica de Manizales","description":"Ven a ser quien quieres ser","publisher":{"@id":"https:\/\/www.ucm.edu.co\/#organization"},"alternateName":"UCM","potentialAction":[{"@type":"SearchAction","target":{"@type":"EntryPoint","urlTemplate":"https:\/\/www.ucm.edu.co\/?s={search_term_string}"},"query-input":{"@type":"PropertyValueSpecification","valueRequired":true,"valueName":"search_term_string"}}],"inLanguage":"en-US"},{"@type":"Organization","@id":"https:\/\/www.ucm.edu.co\/#organization","name":"Universidad Cat\u00f3lica de Manizales","alternateName":"UCM","url":"https:\/\/www.ucm.edu.co\/","logo":{"@type":"ImageObject","inLanguage":"en-US","@id":"https:\/\/www.ucm.edu.co\/#\/schema\/logo\/image\/","url":"https:\/\/www.ucm.edu.co\/wp-content\/uploads\/2021\/03\/favicon_ucm.png","contentUrl":"https:\/\/www.ucm.edu.co\/wp-content\/uploads\/2021\/03\/favicon_ucm.png","width":512,"height":512,"caption":"Universidad Cat\u00f3lica de Manizales"},"image":{"@id":"https:\/\/www.ucm.edu.co\/#\/schema\/logo\/image\/"},"sameAs":["https:\/\/www.facebook.com\/ucatolicamanizales","https:\/\/x.com\/ucm_manizales","https:\/\/www.instagram.com\/ucatolicamanizales\/","https:\/\/co.linkedin.com\/school\/ucatolicamanizales\/","https:\/\/www.youtube.com\/user\/UCMtelevision"]},{"@type":"Person","@id":"https:\/\/www.ucm.edu.co\/#\/schema\/person\/fea805666959d6cfcf87dea44ef2f0b8","name":"Prensa UCM","image":{"@type":"ImageObject","inLanguage":"en-US","@id":"https:\/\/secure.gravatar.com\/avatar\/e9670ef3f6e98ca21e5ca101324fddb19f2b728f8bc808ffc267be23350fac46?s=96&d=mm&r=g","url":"https:\/\/secure.gravatar.com\/avatar\/e9670ef3f6e98ca21e5ca101324fddb19f2b728f8bc808ffc267be23350fac46?s=96&d=mm&r=g","contentUrl":"https:\/\/secure.gravatar.com\/avatar\/e9670ef3f6e98ca21e5ca101324fddb19f2b728f8bc808ffc267be23350fac46?s=96&d=mm&r=g","caption":"Prensa UCM"},"url":"https:\/\/www.ucm.edu.co\/en\/author\/prensa\/"}]}},"_links":{"self":[{"href":"https:\/\/www.ucm.edu.co\/en\/wp-json\/wp\/v2\/posts\/194623","targetHints":{"allow":["GET"]}}],"collection":[{"href":"https:\/\/www.ucm.edu.co\/en\/wp-json\/wp\/v2\/posts"}],"about":[{"href":"https:\/\/www.ucm.edu.co\/en\/wp-json\/wp\/v2\/types\/post"}],"author":[{"embeddable":true,"href":"https:\/\/www.ucm.edu.co\/en\/wp-json\/wp\/v2\/users\/5"}],"replies":[{"embeddable":true,"href":"https:\/\/www.ucm.edu.co\/en\/wp-json\/wp\/v2\/comments?post=194623"}],"version-history":[{"count":3,"href":"https:\/\/www.ucm.edu.co\/en\/wp-json\/wp\/v2\/posts\/194623\/revisions"}],"predecessor-version":[{"id":194629,"href":"https:\/\/www.ucm.edu.co\/en\/wp-json\/wp\/v2\/posts\/194623\/revisions\/194629"}],"wp:featuredmedia":[{"embeddable":true,"href":"https:\/\/www.ucm.edu.co\/en\/wp-json\/wp\/v2\/media\/194624"}],"wp:attachment":[{"href":"https:\/\/www.ucm.edu.co\/en\/wp-json\/wp\/v2\/media?parent=194623"}],"wp:term":[{"taxonomy":"category","embeddable":true,"href":"https:\/\/www.ucm.edu.co\/en\/wp-json\/wp\/v2\/categories?post=194623"},{"taxonomy":"post_tag","embeddable":true,"href":"https:\/\/www.ucm.edu.co\/en\/wp-json\/wp\/v2\/tags?post=194623"}],"curies":[{"name":"wp","href":"https:\/\/api.w.org\/{rel}","templated":true}]}}