{"id":194474,"date":"2021-09-16T15:32:44","date_gmt":"2021-09-16T20:32:44","guid":{"rendered":"https:\/\/www.ucm.edu.co\/?p=194474"},"modified":"2022-06-01T08:56:27","modified_gmt":"2022-06-01T13:56:27","slug":"chicago-un-intercambio-global","status":"publish","type":"post","link":"https:\/\/www.ucm.edu.co\/en\/chicago-un-intercambio-global\/","title":{"rendered":"Chicago, un intercambio global"},"content":{"rendered":"<p>Por fin llega el esperado d\u00eda en que Carlos Mario Osorio Chica, estudiante de Publicidad de la Universidad Cat\u00f3lica de Manizales, hace la fila ansioso en el Aeropuerto Mateca\u00f1a de Pereira para conocer la Ciudad de los Vientos: Chicago. Aunque para llegar a tan anhelado destino, hizo escala en Panam\u00e1 y se deleit\u00f3, desde la altura,  con la forma tan ef\u00edmera de las nubes. Lejos de la arquitectura republicana de Manizales y de sus columnas terminadas en capiteles, est\u00e1 inmerso en un mundo nuevo, en el que el simple hecho de mirar hacia arriba hace que uno se sienta peque\u00f1o. La noche todav\u00eda es joven en la ciudad de los rascacielos y Carlos Mario mira con ojos inquietos el nuevo universo que reci\u00e9n descubre.<\/p>\n\n\n\n<p>At\u00f3nito ante una sensaci\u00f3n de saciedad y con los labios embriagados de palabras para describir la experiencia de vivir y ver tantas cosas nuevas al mismo tiempo, presagia que este intercambio m\u00e1s all\u00e1 de ser solo un viaje, supone un cambio en su modo de ver la vida, de conocer una cultura y enriquecer su proceso acad\u00e9mico; y no se equivocar\u00eda, pues viajar tambi\u00e9n es una manera divertida de aprender.<\/p>\n\n\n\n<p>En su estad\u00eda conoci\u00f3 los sitios m\u00e1s representativos de Chicago: museos, centros hist\u00f3ricos y culturales como el <em>Millenium Park,<\/em> un centro urban\u00edstico de diez hect\u00e1reas rodeado de exuberantes esculturas de artistas de diversas partes del mundo; El <em>Chicago Cultural Center,<\/em> que contiene el lugar de recepci\u00f3n oficial donde el alcalde ha recibido a presidentes, reyes, diplom\u00e1ticos y l\u00edderes comunitarios y el Jard\u00edn Lurie, que inserto en el medio de la ciudad se convierte en un oasis para los insectos, las aves y roedores.<\/p>\n\n\n\n<figure class=\"wp-block-gallery has-nested-images columns-default is-cropped wp-block-gallery-1 is-layout-flex wp-block-gallery-is-layout-flex\">\n<figure class=\"wp-block-image size-large\"><img loading=\"lazy\" decoding=\"async\" width=\"1156\" height=\"868\" data-id=\"194487\" src=\"https:\/\/www.ucm.edu.co\/wp-content\/uploads\/2021\/09\/WhatsApp-Image-2021-09-16-at-10.28.41.jpeg\" alt=\"\" class=\"wp-image-194487\"\/><\/figure>\n\n\n\n<figure class=\"wp-block-image size-large\"><img loading=\"lazy\" decoding=\"async\" width=\"1156\" height=\"868\" data-id=\"194486\" src=\"https:\/\/www.ucm.edu.co\/wp-content\/uploads\/2021\/09\/WhatsApp-Image-2021-09-16-at-12.07.35.jpeg\" alt=\"\" class=\"wp-image-194486\"\/><\/figure>\n\n\n\n<figure class=\"wp-block-image size-large\"><img loading=\"lazy\" decoding=\"async\" width=\"1280\" height=\"958\" data-id=\"194485\" src=\"https:\/\/www.ucm.edu.co\/wp-content\/uploads\/2021\/09\/WhatsApp-Image-2021-09-16-at-12.07.38.jpeg\" alt=\"\" class=\"wp-image-194485\"\/><\/figure>\n<\/figure>\n\n\n\n<p>Pasan los d\u00edas y Carlos Mario se re\u00fane, junto a sus compa\u00f1eros, con Mar\u00eda de Moya, directora del programa <em>Public Relations and Advertisement<\/em> de la Universidad de DePaul, quien les da un recorrido por la Facultad de Comunicaciones y el Campus principal, donde conoce el d\u00eda a d\u00eda de un estudiante de esta prestigiosa Universidad y las diferencias o similitudes de la educaci\u00f3n al otro lado del mundo.<\/p>\n\n\n\n<p>Gracias a la alianzas estrat\u00e9gicas entre la Universidad Cat\u00f3lica de Manizales y la Universidad de DePaul, con el apoyo de entidades como NAFSA, MinCiencias, <em>Partners of the America, <\/em>Carlos Mario vivi\u00f3 tambi\u00e9n una experiencia multicultural en los barrios chino y mexicano que existen en Chicago, donde se deleit\u00f3 con grafitis y arte callejero que atra\u00edan el inter\u00e9s no solo por la est\u00e9tica, sino porque adem\u00e1s eran avisos publicitarios llamativos para los locales comerciales, disfrut\u00f3 de la gastronom\u00eda y conoci\u00f3 de primera mano las divinidades del gran gigante asi\u00e1tico, un poco de sus tradiciones y arquitectura. Sin duda, para Carlos Mario la experiencia de un intercambio expandi\u00f3 su mente de una manera que no hab\u00eda experimentado antes y pudo dejarle como ense\u00f1anza lo diminutas que son las preocupaciones, en un mundo tan grande y diverso.<\/p>\n\n\n\n<p><strong>Autoras: Manuela Vivas Galviz y Natalia Gonz\u00e1lez Ram\u00edrez.<\/strong><\/p>\n\n\n\n<iframe loading=\"lazy\" width=\"560\" height=\"315\" src=\"https:\/\/www.youtube.com\/embed\/THnDKpJEt4o\" title=\"YouTube video player\" frameborder=\"0\" allow=\"accelerometer; autoplay; clipboard-write; encrypted-media; gyroscope; picture-in-picture\" allowfullscreen=\"\"><\/iframe>\n\n\n\n<p><\/p>\n\n\n\n<figure class=\"wp-block-gallery has-nested-images columns-default is-cropped wp-block-gallery-2 is-layout-flex wp-block-gallery-is-layout-flex\">\n<figure class=\"wp-block-image size-large\"><img loading=\"lazy\" decoding=\"async\" width=\"2460\" height=\"418\" data-id=\"194483\" src=\"https:\/\/www.ucm.edu.co\/wp-content\/uploads\/2021\/09\/logos-01.png\" alt=\"\" class=\"wp-image-194483\"\/><\/figure>\n<\/figure>","protected":false},"excerpt":{"rendered":"<p>Carlos Mario conoci\u00f3 los sitios m\u00e1s representativos de Chicago: museos, centros hist\u00f3ricos y culturales como el Millenium Park, el Chicago Cultural Center y el Jard\u00edn Lurie.<\/p>","protected":false},"author":5,"featured_media":194488,"comment_status":"open","ping_status":"open","sticky":false,"template":"","format":"standard","meta":{"_et_pb_use_builder":"","_et_pb_old_content":"","_et_gb_content_width":"","content-type":"","_monsterinsights_skip_tracking":false,"_monsterinsights_sitenote_active":false,"_monsterinsights_sitenote_note":"","_monsterinsights_sitenote_category":0,"footnotes":""},"categories":[583,16],"tags":[],"class_list":["post-194474","post","type-post","status-publish","format-standard","has-post-thumbnail","hentry","category-experiencias-movilidad","category-internacionalizacion"],"yoast_head":"<!-- This site is optimized with the Yoast SEO plugin v27.4 - https:\/\/yoast.com\/product\/yoast-seo-wordpress\/ -->\n<title>UCM - Universidad Cat\u00f3lica de Manizales<\/title>\n<meta name=\"robots\" content=\"index, follow, max-snippet:-1, max-image-preview:large, max-video-preview:-1\" \/>\n<link rel=\"canonical\" href=\"https:\/\/www.ucm.edu.co\/en\/chicago-un-intercambio-global\/\" \/>\n<meta property=\"og:locale\" content=\"en_US\" \/>\n<meta property=\"og:type\" content=\"article\" \/>\n<meta property=\"og:title\" content=\"UCM - Universidad Cat\u00f3lica de Manizales\" \/>\n<meta property=\"og:description\" content=\"Carlos Mario conoci\u00f3 los sitios m\u00e1s representativos de Chicago: museos, centros hist\u00f3ricos y culturales como el Millenium Park, el Chicago Cultural Center y el Jard\u00edn Lurie.\" \/>\n<meta property=\"og:url\" content=\"https:\/\/www.ucm.edu.co\/en\/chicago-un-intercambio-global\/\" \/>\n<meta property=\"og:site_name\" content=\"UCM - Universidad Cat\u00f3lica de Manizales\" \/>\n<meta property=\"article:publisher\" content=\"https:\/\/www.facebook.com\/ucatolicamanizales\" \/>\n<meta property=\"article:published_time\" content=\"2021-09-16T20:32:44+00:00\" \/>\n<meta property=\"article:modified_time\" content=\"2022-06-01T13:56:27+00:00\" \/>\n<meta property=\"og:image\" content=\"https:\/\/www.ucm.edu.co\/wp-content\/uploads\/2021\/09\/WhatsApp-Image-2021-09-16-at-12.07.33-1-1.jpeg\" \/>\n\t<meta property=\"og:image:width\" content=\"800\" \/>\n\t<meta property=\"og:image:height\" content=\"440\" \/>\n\t<meta property=\"og:image:type\" content=\"image\/jpeg\" \/>\n<meta name=\"author\" content=\"Prensa UCM\" \/>\n<meta name=\"twitter:card\" content=\"summary_large_image\" \/>\n<meta name=\"twitter:creator\" content=\"@ucm_manizales\" \/>\n<meta name=\"twitter:site\" content=\"@ucm_manizales\" \/>\n<meta name=\"twitter:label1\" content=\"Written by\" \/>\n\t<meta name=\"twitter:data1\" content=\"Prensa UCM\" \/>\n\t<meta name=\"twitter:label2\" content=\"Est. reading time\" \/>\n\t<meta name=\"twitter:data2\" content=\"4 minutes\" \/>\n<script type=\"application\/ld+json\" class=\"yoast-schema-graph\">{\"@context\":\"https:\\\/\\\/schema.org\",\"@graph\":[{\"@type\":\"Article\",\"@id\":\"https:\\\/\\\/www.ucm.edu.co\\\/chicago-un-intercambio-global\\\/#article\",\"isPartOf\":{\"@id\":\"https:\\\/\\\/www.ucm.edu.co\\\/chicago-un-intercambio-global\\\/\"},\"author\":{\"name\":\"Prensa UCM\",\"@id\":\"https:\\\/\\\/www.ucm.edu.co\\\/#\\\/schema\\\/person\\\/fea805666959d6cfcf87dea44ef2f0b8\"},\"headline\":\"Chicago, un intercambio global\",\"datePublished\":\"2021-09-16T20:32:44+00:00\",\"dateModified\":\"2022-06-01T13:56:27+00:00\",\"mainEntityOfPage\":{\"@id\":\"https:\\\/\\\/www.ucm.edu.co\\\/chicago-un-intercambio-global\\\/\"},\"wordCount\":533,\"commentCount\":0,\"publisher\":{\"@id\":\"https:\\\/\\\/www.ucm.edu.co\\\/#organization\"},\"image\":{\"@id\":\"https:\\\/\\\/www.ucm.edu.co\\\/chicago-un-intercambio-global\\\/#primaryimage\"},\"thumbnailUrl\":\"https:\\\/\\\/www.ucm.edu.co\\\/wp-content\\\/uploads\\\/2021\\\/09\\\/WhatsApp-Image-2021-09-16-at-12.07.33-1-1.jpeg\",\"articleSection\":[\"Experiencias de movilidad\",\"Internacionalizaci\u00f3n\"],\"inLanguage\":\"en-US\",\"potentialAction\":[{\"@type\":\"CommentAction\",\"name\":\"Comment\",\"target\":[\"https:\\\/\\\/www.ucm.edu.co\\\/chicago-un-intercambio-global\\\/#respond\"]}]},{\"@type\":\"WebPage\",\"@id\":\"https:\\\/\\\/www.ucm.edu.co\\\/chicago-un-intercambio-global\\\/\",\"url\":\"https:\\\/\\\/www.ucm.edu.co\\\/chicago-un-intercambio-global\\\/\",\"name\":\"UCM - Universidad Cat\u00f3lica de Manizales\",\"isPartOf\":{\"@id\":\"https:\\\/\\\/www.ucm.edu.co\\\/#website\"},\"primaryImageOfPage\":{\"@id\":\"https:\\\/\\\/www.ucm.edu.co\\\/chicago-un-intercambio-global\\\/#primaryimage\"},\"image\":{\"@id\":\"https:\\\/\\\/www.ucm.edu.co\\\/chicago-un-intercambio-global\\\/#primaryimage\"},\"thumbnailUrl\":\"https:\\\/\\\/www.ucm.edu.co\\\/wp-content\\\/uploads\\\/2021\\\/09\\\/WhatsApp-Image-2021-09-16-at-12.07.33-1-1.jpeg\",\"datePublished\":\"2021-09-16T20:32:44+00:00\",\"dateModified\":\"2022-06-01T13:56:27+00:00\",\"breadcrumb\":{\"@id\":\"https:\\\/\\\/www.ucm.edu.co\\\/chicago-un-intercambio-global\\\/#breadcrumb\"},\"inLanguage\":\"en-US\",\"potentialAction\":[{\"@type\":\"ReadAction\",\"target\":[\"https:\\\/\\\/www.ucm.edu.co\\\/chicago-un-intercambio-global\\\/\"]}]},{\"@type\":\"ImageObject\",\"inLanguage\":\"en-US\",\"@id\":\"https:\\\/\\\/www.ucm.edu.co\\\/chicago-un-intercambio-global\\\/#primaryimage\",\"url\":\"https:\\\/\\\/www.ucm.edu.co\\\/wp-content\\\/uploads\\\/2021\\\/09\\\/WhatsApp-Image-2021-09-16-at-12.07.33-1-1.jpeg\",\"contentUrl\":\"https:\\\/\\\/www.ucm.edu.co\\\/wp-content\\\/uploads\\\/2021\\\/09\\\/WhatsApp-Image-2021-09-16-at-12.07.33-1-1.jpeg\",\"width\":800,\"height\":440},{\"@type\":\"BreadcrumbList\",\"@id\":\"https:\\\/\\\/www.ucm.edu.co\\\/chicago-un-intercambio-global\\\/#breadcrumb\",\"itemListElement\":[{\"@type\":\"ListItem\",\"position\":1,\"name\":\"Portada\",\"item\":\"https:\\\/\\\/www.ucm.edu.co\\\/\"},{\"@type\":\"ListItem\",\"position\":2,\"name\":\"Chicago, un intercambio global\"}]},{\"@type\":\"WebSite\",\"@id\":\"https:\\\/\\\/www.ucm.edu.co\\\/#website\",\"url\":\"https:\\\/\\\/www.ucm.edu.co\\\/\",\"name\":\"UCM - Universidad Cat\u00f3lica de Manizales\",\"description\":\"Ven a ser quien quieres ser\",\"publisher\":{\"@id\":\"https:\\\/\\\/www.ucm.edu.co\\\/#organization\"},\"alternateName\":\"UCM\",\"potentialAction\":[{\"@type\":\"SearchAction\",\"target\":{\"@type\":\"EntryPoint\",\"urlTemplate\":\"https:\\\/\\\/www.ucm.edu.co\\\/?s={search_term_string}\"},\"query-input\":{\"@type\":\"PropertyValueSpecification\",\"valueRequired\":true,\"valueName\":\"search_term_string\"}}],\"inLanguage\":\"en-US\"},{\"@type\":\"Organization\",\"@id\":\"https:\\\/\\\/www.ucm.edu.co\\\/#organization\",\"name\":\"Universidad Cat\u00f3lica de Manizales\",\"alternateName\":\"UCM\",\"url\":\"https:\\\/\\\/www.ucm.edu.co\\\/\",\"logo\":{\"@type\":\"ImageObject\",\"inLanguage\":\"en-US\",\"@id\":\"https:\\\/\\\/www.ucm.edu.co\\\/#\\\/schema\\\/logo\\\/image\\\/\",\"url\":\"https:\\\/\\\/www.ucm.edu.co\\\/wp-content\\\/uploads\\\/2021\\\/03\\\/favicon_ucm.png\",\"contentUrl\":\"https:\\\/\\\/www.ucm.edu.co\\\/wp-content\\\/uploads\\\/2021\\\/03\\\/favicon_ucm.png\",\"width\":512,\"height\":512,\"caption\":\"Universidad Cat\u00f3lica de Manizales\"},\"image\":{\"@id\":\"https:\\\/\\\/www.ucm.edu.co\\\/#\\\/schema\\\/logo\\\/image\\\/\"},\"sameAs\":[\"https:\\\/\\\/www.facebook.com\\\/ucatolicamanizales\",\"https:\\\/\\\/x.com\\\/ucm_manizales\",\"https:\\\/\\\/www.instagram.com\\\/ucatolicamanizales\\\/\",\"https:\\\/\\\/co.linkedin.com\\\/school\\\/ucatolicamanizales\\\/\",\"https:\\\/\\\/www.youtube.com\\\/user\\\/UCMtelevision\"]},{\"@type\":\"Person\",\"@id\":\"https:\\\/\\\/www.ucm.edu.co\\\/#\\\/schema\\\/person\\\/fea805666959d6cfcf87dea44ef2f0b8\",\"name\":\"Prensa UCM\",\"image\":{\"@type\":\"ImageObject\",\"inLanguage\":\"en-US\",\"@id\":\"https:\\\/\\\/secure.gravatar.com\\\/avatar\\\/e9670ef3f6e98ca21e5ca101324fddb19f2b728f8bc808ffc267be23350fac46?s=96&d=mm&r=g\",\"url\":\"https:\\\/\\\/secure.gravatar.com\\\/avatar\\\/e9670ef3f6e98ca21e5ca101324fddb19f2b728f8bc808ffc267be23350fac46?s=96&d=mm&r=g\",\"contentUrl\":\"https:\\\/\\\/secure.gravatar.com\\\/avatar\\\/e9670ef3f6e98ca21e5ca101324fddb19f2b728f8bc808ffc267be23350fac46?s=96&d=mm&r=g\",\"caption\":\"Prensa UCM\"},\"url\":\"https:\\\/\\\/www.ucm.edu.co\\\/en\\\/author\\\/prensa\\\/\"}]}<\/script>\n<!-- \/ Yoast SEO plugin. -->","yoast_head_json":{"title":"UCM - Universidad Cat\u00f3lica de Manizales","robots":{"index":"index","follow":"follow","max-snippet":"max-snippet:-1","max-image-preview":"max-image-preview:large","max-video-preview":"max-video-preview:-1"},"canonical":"https:\/\/www.ucm.edu.co\/en\/chicago-un-intercambio-global\/","og_locale":"en_US","og_type":"article","og_title":"UCM - Universidad Cat\u00f3lica de Manizales","og_description":"Carlos Mario conoci\u00f3 los sitios m\u00e1s representativos de Chicago: museos, centros hist\u00f3ricos y culturales como el Millenium Park, el Chicago Cultural Center y el Jard\u00edn Lurie.","og_url":"https:\/\/www.ucm.edu.co\/en\/chicago-un-intercambio-global\/","og_site_name":"UCM - Universidad Cat\u00f3lica de Manizales","article_publisher":"https:\/\/www.facebook.com\/ucatolicamanizales","article_published_time":"2021-09-16T20:32:44+00:00","article_modified_time":"2022-06-01T13:56:27+00:00","og_image":[{"width":800,"height":440,"url":"https:\/\/www.ucm.edu.co\/wp-content\/uploads\/2021\/09\/WhatsApp-Image-2021-09-16-at-12.07.33-1-1.jpeg","type":"image\/jpeg"}],"author":"Prensa UCM","twitter_card":"summary_large_image","twitter_creator":"@ucm_manizales","twitter_site":"@ucm_manizales","twitter_misc":{"Written by":"Prensa UCM","Est. reading time":"4 minutes"},"schema":{"@context":"https:\/\/schema.org","@graph":[{"@type":"Article","@id":"https:\/\/www.ucm.edu.co\/chicago-un-intercambio-global\/#article","isPartOf":{"@id":"https:\/\/www.ucm.edu.co\/chicago-un-intercambio-global\/"},"author":{"name":"Prensa UCM","@id":"https:\/\/www.ucm.edu.co\/#\/schema\/person\/fea805666959d6cfcf87dea44ef2f0b8"},"headline":"Chicago, un intercambio global","datePublished":"2021-09-16T20:32:44+00:00","dateModified":"2022-06-01T13:56:27+00:00","mainEntityOfPage":{"@id":"https:\/\/www.ucm.edu.co\/chicago-un-intercambio-global\/"},"wordCount":533,"commentCount":0,"publisher":{"@id":"https:\/\/www.ucm.edu.co\/#organization"},"image":{"@id":"https:\/\/www.ucm.edu.co\/chicago-un-intercambio-global\/#primaryimage"},"thumbnailUrl":"https:\/\/www.ucm.edu.co\/wp-content\/uploads\/2021\/09\/WhatsApp-Image-2021-09-16-at-12.07.33-1-1.jpeg","articleSection":["Experiencias de movilidad","Internacionalizaci\u00f3n"],"inLanguage":"en-US","potentialAction":[{"@type":"CommentAction","name":"Comment","target":["https:\/\/www.ucm.edu.co\/chicago-un-intercambio-global\/#respond"]}]},{"@type":"WebPage","@id":"https:\/\/www.ucm.edu.co\/chicago-un-intercambio-global\/","url":"https:\/\/www.ucm.edu.co\/chicago-un-intercambio-global\/","name":"UCM - Universidad Cat\u00f3lica de Manizales","isPartOf":{"@id":"https:\/\/www.ucm.edu.co\/#website"},"primaryImageOfPage":{"@id":"https:\/\/www.ucm.edu.co\/chicago-un-intercambio-global\/#primaryimage"},"image":{"@id":"https:\/\/www.ucm.edu.co\/chicago-un-intercambio-global\/#primaryimage"},"thumbnailUrl":"https:\/\/www.ucm.edu.co\/wp-content\/uploads\/2021\/09\/WhatsApp-Image-2021-09-16-at-12.07.33-1-1.jpeg","datePublished":"2021-09-16T20:32:44+00:00","dateModified":"2022-06-01T13:56:27+00:00","breadcrumb":{"@id":"https:\/\/www.ucm.edu.co\/chicago-un-intercambio-global\/#breadcrumb"},"inLanguage":"en-US","potentialAction":[{"@type":"ReadAction","target":["https:\/\/www.ucm.edu.co\/chicago-un-intercambio-global\/"]}]},{"@type":"ImageObject","inLanguage":"en-US","@id":"https:\/\/www.ucm.edu.co\/chicago-un-intercambio-global\/#primaryimage","url":"https:\/\/www.ucm.edu.co\/wp-content\/uploads\/2021\/09\/WhatsApp-Image-2021-09-16-at-12.07.33-1-1.jpeg","contentUrl":"https:\/\/www.ucm.edu.co\/wp-content\/uploads\/2021\/09\/WhatsApp-Image-2021-09-16-at-12.07.33-1-1.jpeg","width":800,"height":440},{"@type":"BreadcrumbList","@id":"https:\/\/www.ucm.edu.co\/chicago-un-intercambio-global\/#breadcrumb","itemListElement":[{"@type":"ListItem","position":1,"name":"Portada","item":"https:\/\/www.ucm.edu.co\/"},{"@type":"ListItem","position":2,"name":"Chicago, un intercambio global"}]},{"@type":"WebSite","@id":"https:\/\/www.ucm.edu.co\/#website","url":"https:\/\/www.ucm.edu.co\/","name":"UCM - Universidad Cat\u00f3lica de Manizales","description":"Ven a ser quien quieres ser","publisher":{"@id":"https:\/\/www.ucm.edu.co\/#organization"},"alternateName":"UCM","potentialAction":[{"@type":"SearchAction","target":{"@type":"EntryPoint","urlTemplate":"https:\/\/www.ucm.edu.co\/?s={search_term_string}"},"query-input":{"@type":"PropertyValueSpecification","valueRequired":true,"valueName":"search_term_string"}}],"inLanguage":"en-US"},{"@type":"Organization","@id":"https:\/\/www.ucm.edu.co\/#organization","name":"Universidad Cat\u00f3lica de Manizales","alternateName":"UCM","url":"https:\/\/www.ucm.edu.co\/","logo":{"@type":"ImageObject","inLanguage":"en-US","@id":"https:\/\/www.ucm.edu.co\/#\/schema\/logo\/image\/","url":"https:\/\/www.ucm.edu.co\/wp-content\/uploads\/2021\/03\/favicon_ucm.png","contentUrl":"https:\/\/www.ucm.edu.co\/wp-content\/uploads\/2021\/03\/favicon_ucm.png","width":512,"height":512,"caption":"Universidad Cat\u00f3lica de Manizales"},"image":{"@id":"https:\/\/www.ucm.edu.co\/#\/schema\/logo\/image\/"},"sameAs":["https:\/\/www.facebook.com\/ucatolicamanizales","https:\/\/x.com\/ucm_manizales","https:\/\/www.instagram.com\/ucatolicamanizales\/","https:\/\/co.linkedin.com\/school\/ucatolicamanizales\/","https:\/\/www.youtube.com\/user\/UCMtelevision"]},{"@type":"Person","@id":"https:\/\/www.ucm.edu.co\/#\/schema\/person\/fea805666959d6cfcf87dea44ef2f0b8","name":"Prensa UCM","image":{"@type":"ImageObject","inLanguage":"en-US","@id":"https:\/\/secure.gravatar.com\/avatar\/e9670ef3f6e98ca21e5ca101324fddb19f2b728f8bc808ffc267be23350fac46?s=96&d=mm&r=g","url":"https:\/\/secure.gravatar.com\/avatar\/e9670ef3f6e98ca21e5ca101324fddb19f2b728f8bc808ffc267be23350fac46?s=96&d=mm&r=g","contentUrl":"https:\/\/secure.gravatar.com\/avatar\/e9670ef3f6e98ca21e5ca101324fddb19f2b728f8bc808ffc267be23350fac46?s=96&d=mm&r=g","caption":"Prensa UCM"},"url":"https:\/\/www.ucm.edu.co\/en\/author\/prensa\/"}]}},"_links":{"self":[{"href":"https:\/\/www.ucm.edu.co\/en\/wp-json\/wp\/v2\/posts\/194474","targetHints":{"allow":["GET"]}}],"collection":[{"href":"https:\/\/www.ucm.edu.co\/en\/wp-json\/wp\/v2\/posts"}],"about":[{"href":"https:\/\/www.ucm.edu.co\/en\/wp-json\/wp\/v2\/types\/post"}],"author":[{"embeddable":true,"href":"https:\/\/www.ucm.edu.co\/en\/wp-json\/wp\/v2\/users\/5"}],"replies":[{"embeddable":true,"href":"https:\/\/www.ucm.edu.co\/en\/wp-json\/wp\/v2\/comments?post=194474"}],"version-history":[{"count":8,"href":"https:\/\/www.ucm.edu.co\/en\/wp-json\/wp\/v2\/posts\/194474\/revisions"}],"predecessor-version":[{"id":200985,"href":"https:\/\/www.ucm.edu.co\/en\/wp-json\/wp\/v2\/posts\/194474\/revisions\/200985"}],"wp:featuredmedia":[{"embeddable":true,"href":"https:\/\/www.ucm.edu.co\/en\/wp-json\/wp\/v2\/media\/194488"}],"wp:attachment":[{"href":"https:\/\/www.ucm.edu.co\/en\/wp-json\/wp\/v2\/media?parent=194474"}],"wp:term":[{"taxonomy":"category","embeddable":true,"href":"https:\/\/www.ucm.edu.co\/en\/wp-json\/wp\/v2\/categories?post=194474"},{"taxonomy":"post_tag","embeddable":true,"href":"https:\/\/www.ucm.edu.co\/en\/wp-json\/wp\/v2\/tags?post=194474"}],"curies":[{"name":"wp","href":"https:\/\/api.w.org\/{rel}","templated":true}]}}