{"id":193991,"date":"2021-08-31T11:27:02","date_gmt":"2021-08-31T16:27:02","guid":{"rendered":"https:\/\/www.ucm.edu.co\/?p=193991"},"modified":"2025-06-17T08:26:44","modified_gmt":"2025-06-17T13:26:44","slug":"gestion-del-conocimiento-educativo-un-campo-necesario-para-comprende-y-transformar-la-escuela-de-hoy","status":"publish","type":"post","link":"https:\/\/www.ucm.edu.co\/en\/gestion-del-conocimiento-educativo-un-campo-necesario-para-comprende-y-transformar-la-escuela-de-hoy\/","title":{"rendered":"Gesti\u00f3n del conocimiento educativo, un campo necesario para comprender y transformar la escuela de hoy"},"content":{"rendered":"<p class=\"wp-block-paragraph\">El presente libro es resultado de procesos investigativos de la Maestr\u00eda en Gesti\u00f3n del Conocimiento Educativo de la Universidad Cat\u00f3lica de Manizales, donde hay un inter\u00e9s por reconocer la gesti\u00f3n en las instituciones educativas y proyectar nuevas acciones para el an\u00e1lisis, interpretaci\u00f3n y transformaci\u00f3n de procesos.<\/p>\n\n\n\n<p class=\"wp-block-paragraph\">En el primer cap\u00edtulo se analizan las formas de crear y las maneras de almacenar y transferir el conocimiento de las instituciones educativas oficiales del Cauca. Adem\u00e1s, del uso y la aplicaci\u00f3n del conocimiento atendiendo a las caracter\u00edsticas propias del contexto educativo.<\/p>\n\n\n\n<p class=\"wp-block-paragraph\">El segundo cap\u00edtulo es una apuesta innovadora desde el an\u00e1lisis de las posibilidades te\u00f3ricas pr\u00e1cticas de la evaluaci\u00f3n y su interpretaci\u00f3n para lograr un tr\u00e1nsito de lo t\u00e1cito a lo expl\u00edcito a trav\u00e9s de su socializaci\u00f3n, externalizaci\u00f3n, combinaci\u00f3n e internacionalizaci\u00f3n. Esto ha permitido reconocer los principios de la cosmovisi\u00f3n del pueblo Nasa que han legado sus ancestros y hoy deben ser reconocidos desde sus particularidades con un amplio despliegue en la sociedad actual.<\/p>\n\n\n\n<p class=\"wp-block-paragraph\">Se adquiere, en este sentido, un aporte a la gesti\u00f3n del conocimiento educativo para continuar los procesos investigativos que emergen en las instituciones educativas con miras a la transformaci\u00f3n y buen uso de los saberes y procesos institucionales.<\/p>\n\n\n\n<p class=\"wp-block-paragraph\"><strong>Miguel Alberto P\u00e1ez Caro<\/strong><\/p>\n\n\n\n<div style=\"height:20px\" aria-hidden=\"true\" class=\"wp-block-spacer\"><\/div>\n\n\n<div class=\"_df_book df-lite\" id=\"df_193988\"  _slug=\"gestion-del-conocimiento-educativo\" data-title=\"gestion-del-conocimiento-educativo\" wpoptions=\"true\" thumbtype=\"\" ><\/div><script class=\"df-shortcode-script\" nowprocket type=\"application\/javascript\">window.option_df_193988 = {\"outline\":[],\"backgroundColor\":\"#FFF\",\"autoEnableOutline\":\"false\",\"autoEnableThumbnail\":\"false\",\"overwritePDFOutline\":\"false\",\"direction\":\"1\",\"pageSize\":\"0\",\"source\":\"https:\\\/\\\/www.ucm.edu.co\\\/wp-content\\\/uploads\\\/2021\\\/08\\\/gestion_conocimiento.pdf\",\"wpOptions\":\"true\"}; if(window.DFLIP && window.DFLIP.parseBooks){window.DFLIP.parseBooks();}<\/script>","protected":false},"excerpt":{"rendered":"<p>El presente libro es resultado de procesos investigativos de la Maestr\u00eda en Gesti\u00f3n del Conocimiento Educativo de la Universidad Cat\u00f3lica de Manizales, donde hay un inter\u00e9s por reconocer la gesti\u00f3n [&hellip;]<\/p>\n","protected":false},"author":8,"featured_media":193992,"comment_status":"open","ping_status":"open","sticky":false,"template":"","format":"standard","meta":{"_et_pb_use_builder":"","_et_pb_old_content":"","_et_gb_content_width":"","content-type":"","_monsterinsights_skip_tracking":false,"footnotes":""},"categories":[170],"tags":[],"class_list":["post-193991","post","type-post","status-publish","format-standard","has-post-thumbnail","hentry","category-libros"],"yoast_head":"<!-- This site is optimized with the Yoast SEO plugin v28.1 - https:\/\/yoast.com\/product\/yoast-seo-wordpress\/ -->\n<title>UCM - Universidad Cat\u00f3lica de Manizales<\/title>\n<meta name=\"robots\" content=\"index, follow, max-snippet:-1, max-image-preview:large, max-video-preview:-1\" \/>\n<link rel=\"canonical\" href=\"https:\/\/www.ucm.edu.co\/en\/gestion-del-conocimiento-educativo-un-campo-necesario-para-comprende-y-transformar-la-escuela-de-hoy\/\" \/>\n<meta property=\"og:locale\" content=\"en_US\" \/>\n<meta property=\"og:type\" content=\"article\" \/>\n<meta property=\"og:title\" content=\"UCM - Universidad Cat\u00f3lica de Manizales\" \/>\n<meta property=\"og:description\" content=\"El presente libro es resultado de procesos investigativos de la Maestr\u00eda en Gesti\u00f3n del Conocimiento Educativo de la Universidad Cat\u00f3lica de Manizales, donde hay un inter\u00e9s por reconocer la gesti\u00f3n [&hellip;]\" \/>\n<meta property=\"og:url\" content=\"https:\/\/www.ucm.edu.co\/en\/gestion-del-conocimiento-educativo-un-campo-necesario-para-comprende-y-transformar-la-escuela-de-hoy\/\" \/>\n<meta property=\"og:site_name\" content=\"UCM - Universidad Cat\u00f3lica de Manizales\" \/>\n<meta property=\"article:publisher\" content=\"https:\/\/www.facebook.com\/ucatolicamanizales\" \/>\n<meta property=\"article:published_time\" content=\"2021-08-31T16:27:02+00:00\" \/>\n<meta property=\"article:modified_time\" content=\"2025-06-17T13:26:44+00:00\" \/>\n<meta property=\"og:image\" content=\"https:\/\/www.ucm.edu.co\/wp-content\/uploads\/2021\/08\/destacada_libro_gestion_conocimiento.jpg\" \/>\n\t<meta property=\"og:image:width\" content=\"800\" \/>\n\t<meta property=\"og:image:height\" content=\"440\" \/>\n\t<meta property=\"og:image:type\" content=\"image\/jpeg\" \/>\n<meta name=\"author\" content=\"Marca UCM\" \/>\n<meta name=\"twitter:card\" content=\"summary_large_image\" \/>\n<meta name=\"twitter:creator\" content=\"@ucm_manizales\" \/>\n<meta name=\"twitter:site\" content=\"@ucm_manizales\" \/>\n<meta name=\"twitter:label1\" content=\"Written by\" \/>\n\t<meta name=\"twitter:data1\" content=\"Marca UCM\" \/>\n\t<meta name=\"twitter:label2\" content=\"Est. reading time\" \/>\n\t<meta name=\"twitter:data2\" content=\"2 minutes\" \/>\n<script type=\"application\/ld+json\" class=\"yoast-schema-graph\">{\"@context\":\"https:\\\/\\\/schema.org\",\"@graph\":[{\"@type\":\"Article\",\"@id\":\"https:\\\/\\\/www.ucm.edu.co\\\/gestion-del-conocimiento-educativo-un-campo-necesario-para-comprende-y-transformar-la-escuela-de-hoy\\\/#article\",\"isPartOf\":{\"@id\":\"https:\\\/\\\/www.ucm.edu.co\\\/gestion-del-conocimiento-educativo-un-campo-necesario-para-comprende-y-transformar-la-escuela-de-hoy\\\/\"},\"author\":{\"name\":\"Marca UCM\",\"@id\":\"https:\\\/\\\/www.ucm.edu.co\\\/#\\\/schema\\\/person\\\/52f5e2d6835d561911c3d6866e61cd5f\"},\"headline\":\"Gesti\u00f3n del conocimiento educativo, un campo necesario para comprender y transformar la escuela de hoy\",\"datePublished\":\"2021-08-31T16:27:02+00:00\",\"dateModified\":\"2025-06-17T13:26:44+00:00\",\"mainEntityOfPage\":{\"@id\":\"https:\\\/\\\/www.ucm.edu.co\\\/gestion-del-conocimiento-educativo-un-campo-necesario-para-comprende-y-transformar-la-escuela-de-hoy\\\/\"},\"wordCount\":252,\"commentCount\":0,\"publisher\":{\"@id\":\"https:\\\/\\\/www.ucm.edu.co\\\/#organization\"},\"image\":{\"@id\":\"https:\\\/\\\/www.ucm.edu.co\\\/gestion-del-conocimiento-educativo-un-campo-necesario-para-comprende-y-transformar-la-escuela-de-hoy\\\/#primaryimage\"},\"thumbnailUrl\":\"https:\\\/\\\/www.ucm.edu.co\\\/wp-content\\\/uploads\\\/2021\\\/08\\\/destacada_libro_gestion_conocimiento.jpg\",\"articleSection\":[\"Libros\"],\"inLanguage\":\"en-US\",\"potentialAction\":[{\"@type\":\"CommentAction\",\"name\":\"Comment\",\"target\":[\"https:\\\/\\\/www.ucm.edu.co\\\/gestion-del-conocimiento-educativo-un-campo-necesario-para-comprende-y-transformar-la-escuela-de-hoy\\\/#respond\"]}]},{\"@type\":\"WebPage\",\"@id\":\"https:\\\/\\\/www.ucm.edu.co\\\/gestion-del-conocimiento-educativo-un-campo-necesario-para-comprende-y-transformar-la-escuela-de-hoy\\\/\",\"url\":\"https:\\\/\\\/www.ucm.edu.co\\\/gestion-del-conocimiento-educativo-un-campo-necesario-para-comprende-y-transformar-la-escuela-de-hoy\\\/\",\"name\":\"UCM - Universidad Cat\u00f3lica de Manizales\",\"isPartOf\":{\"@id\":\"https:\\\/\\\/www.ucm.edu.co\\\/#website\"},\"primaryImageOfPage\":{\"@id\":\"https:\\\/\\\/www.ucm.edu.co\\\/gestion-del-conocimiento-educativo-un-campo-necesario-para-comprende-y-transformar-la-escuela-de-hoy\\\/#primaryimage\"},\"image\":{\"@id\":\"https:\\\/\\\/www.ucm.edu.co\\\/gestion-del-conocimiento-educativo-un-campo-necesario-para-comprende-y-transformar-la-escuela-de-hoy\\\/#primaryimage\"},\"thumbnailUrl\":\"https:\\\/\\\/www.ucm.edu.co\\\/wp-content\\\/uploads\\\/2021\\\/08\\\/destacada_libro_gestion_conocimiento.jpg\",\"datePublished\":\"2021-08-31T16:27:02+00:00\",\"dateModified\":\"2025-06-17T13:26:44+00:00\",\"breadcrumb\":{\"@id\":\"https:\\\/\\\/www.ucm.edu.co\\\/gestion-del-conocimiento-educativo-un-campo-necesario-para-comprende-y-transformar-la-escuela-de-hoy\\\/#breadcrumb\"},\"inLanguage\":\"en-US\",\"potentialAction\":[{\"@type\":\"ReadAction\",\"target\":[\"https:\\\/\\\/www.ucm.edu.co\\\/gestion-del-conocimiento-educativo-un-campo-necesario-para-comprende-y-transformar-la-escuela-de-hoy\\\/\"]}]},{\"@type\":\"ImageObject\",\"inLanguage\":\"en-US\",\"@id\":\"https:\\\/\\\/www.ucm.edu.co\\\/gestion-del-conocimiento-educativo-un-campo-necesario-para-comprende-y-transformar-la-escuela-de-hoy\\\/#primaryimage\",\"url\":\"https:\\\/\\\/www.ucm.edu.co\\\/wp-content\\\/uploads\\\/2021\\\/08\\\/destacada_libro_gestion_conocimiento.jpg\",\"contentUrl\":\"https:\\\/\\\/www.ucm.edu.co\\\/wp-content\\\/uploads\\\/2021\\\/08\\\/destacada_libro_gestion_conocimiento.jpg\",\"width\":800,\"height\":440},{\"@type\":\"BreadcrumbList\",\"@id\":\"https:\\\/\\\/www.ucm.edu.co\\\/gestion-del-conocimiento-educativo-un-campo-necesario-para-comprende-y-transformar-la-escuela-de-hoy\\\/#breadcrumb\",\"itemListElement\":[{\"@type\":\"ListItem\",\"position\":1,\"name\":\"Portada\",\"item\":\"https:\\\/\\\/www.ucm.edu.co\\\/\"},{\"@type\":\"ListItem\",\"position\":2,\"name\":\"Gesti\u00f3n del conocimiento educativo, un campo necesario para comprender y transformar la escuela de hoy\"}]},{\"@type\":\"WebSite\",\"@id\":\"https:\\\/\\\/www.ucm.edu.co\\\/#website\",\"url\":\"https:\\\/\\\/www.ucm.edu.co\\\/\",\"name\":\"UCM - Universidad Cat\u00f3lica de Manizales\",\"description\":\"Ven a ser quien quieres ser\",\"publisher\":{\"@id\":\"https:\\\/\\\/www.ucm.edu.co\\\/#organization\"},\"alternateName\":\"UCM\",\"potentialAction\":[{\"@type\":\"SearchAction\",\"target\":{\"@type\":\"EntryPoint\",\"urlTemplate\":\"https:\\\/\\\/www.ucm.edu.co\\\/?s={search_term_string}\"},\"query-input\":{\"@type\":\"PropertyValueSpecification\",\"valueRequired\":true,\"valueName\":\"search_term_string\"}}],\"inLanguage\":\"en-US\"},{\"@type\":\"Organization\",\"@id\":\"https:\\\/\\\/www.ucm.edu.co\\\/#organization\",\"name\":\"Universidad Cat\u00f3lica de Manizales\",\"alternateName\":\"UCM\",\"url\":\"https:\\\/\\\/www.ucm.edu.co\\\/\",\"logo\":{\"@type\":\"ImageObject\",\"inLanguage\":\"en-US\",\"@id\":\"https:\\\/\\\/www.ucm.edu.co\\\/#\\\/schema\\\/logo\\\/image\\\/\",\"url\":\"https:\\\/\\\/www.ucm.edu.co\\\/wp-content\\\/uploads\\\/2021\\\/03\\\/favicon_ucm.png\",\"contentUrl\":\"https:\\\/\\\/www.ucm.edu.co\\\/wp-content\\\/uploads\\\/2021\\\/03\\\/favicon_ucm.png\",\"width\":512,\"height\":512,\"caption\":\"Universidad Cat\u00f3lica de Manizales\"},\"image\":{\"@id\":\"https:\\\/\\\/www.ucm.edu.co\\\/#\\\/schema\\\/logo\\\/image\\\/\"},\"sameAs\":[\"https:\\\/\\\/www.facebook.com\\\/ucatolicamanizales\",\"https:\\\/\\\/x.com\\\/ucm_manizales\",\"https:\\\/\\\/www.instagram.com\\\/ucatolicamanizales\\\/\",\"https:\\\/\\\/co.linkedin.com\\\/school\\\/ucatolicamanizales\\\/\",\"https:\\\/\\\/www.youtube.com\\\/user\\\/UCMtelevision\"]},{\"@type\":\"Person\",\"@id\":\"https:\\\/\\\/www.ucm.edu.co\\\/#\\\/schema\\\/person\\\/52f5e2d6835d561911c3d6866e61cd5f\",\"name\":\"Marca UCM\",\"image\":{\"@type\":\"ImageObject\",\"inLanguage\":\"en-US\",\"@id\":\"https:\\\/\\\/secure.gravatar.com\\\/avatar\\\/299dbea677535d5ebf1e551d7096494f841ea22510b872bc8e72334b8a3b3e49?s=96&d=mm&r=g\",\"url\":\"https:\\\/\\\/secure.gravatar.com\\\/avatar\\\/299dbea677535d5ebf1e551d7096494f841ea22510b872bc8e72334b8a3b3e49?s=96&d=mm&r=g\",\"contentUrl\":\"https:\\\/\\\/secure.gravatar.com\\\/avatar\\\/299dbea677535d5ebf1e551d7096494f841ea22510b872bc8e72334b8a3b3e49?s=96&d=mm&r=g\",\"caption\":\"Marca UCM\"},\"url\":\"https:\\\/\\\/www.ucm.edu.co\\\/en\\\/author\\\/marca\\\/\"}]}<\/script>\n<!-- \/ Yoast SEO plugin. -->","yoast_head_json":{"title":"UCM - Universidad Cat\u00f3lica de Manizales","robots":{"index":"index","follow":"follow","max-snippet":"max-snippet:-1","max-image-preview":"max-image-preview:large","max-video-preview":"max-video-preview:-1"},"canonical":"https:\/\/www.ucm.edu.co\/en\/gestion-del-conocimiento-educativo-un-campo-necesario-para-comprende-y-transformar-la-escuela-de-hoy\/","og_locale":"en_US","og_type":"article","og_title":"UCM - Universidad Cat\u00f3lica de Manizales","og_description":"El presente libro es resultado de procesos investigativos de la Maestr\u00eda en Gesti\u00f3n del Conocimiento Educativo de la Universidad Cat\u00f3lica de Manizales, donde hay un inter\u00e9s por reconocer la gesti\u00f3n [&hellip;]","og_url":"https:\/\/www.ucm.edu.co\/en\/gestion-del-conocimiento-educativo-un-campo-necesario-para-comprende-y-transformar-la-escuela-de-hoy\/","og_site_name":"UCM - Universidad Cat\u00f3lica de Manizales","article_publisher":"https:\/\/www.facebook.com\/ucatolicamanizales","article_published_time":"2021-08-31T16:27:02+00:00","article_modified_time":"2025-06-17T13:26:44+00:00","og_image":[{"width":800,"height":440,"url":"https:\/\/www.ucm.edu.co\/wp-content\/uploads\/2021\/08\/destacada_libro_gestion_conocimiento.jpg","type":"image\/jpeg"}],"author":"Marca UCM","twitter_card":"summary_large_image","twitter_creator":"@ucm_manizales","twitter_site":"@ucm_manizales","twitter_misc":{"Written by":"Marca UCM","Est. reading time":"2 minutes"},"schema":{"@context":"https:\/\/schema.org","@graph":[{"@type":"Article","@id":"https:\/\/www.ucm.edu.co\/gestion-del-conocimiento-educativo-un-campo-necesario-para-comprende-y-transformar-la-escuela-de-hoy\/#article","isPartOf":{"@id":"https:\/\/www.ucm.edu.co\/gestion-del-conocimiento-educativo-un-campo-necesario-para-comprende-y-transformar-la-escuela-de-hoy\/"},"author":{"name":"Marca UCM","@id":"https:\/\/www.ucm.edu.co\/#\/schema\/person\/52f5e2d6835d561911c3d6866e61cd5f"},"headline":"Gesti\u00f3n del conocimiento educativo, un campo necesario para comprender y transformar la escuela de hoy","datePublished":"2021-08-31T16:27:02+00:00","dateModified":"2025-06-17T13:26:44+00:00","mainEntityOfPage":{"@id":"https:\/\/www.ucm.edu.co\/gestion-del-conocimiento-educativo-un-campo-necesario-para-comprende-y-transformar-la-escuela-de-hoy\/"},"wordCount":252,"commentCount":0,"publisher":{"@id":"https:\/\/www.ucm.edu.co\/#organization"},"image":{"@id":"https:\/\/www.ucm.edu.co\/gestion-del-conocimiento-educativo-un-campo-necesario-para-comprende-y-transformar-la-escuela-de-hoy\/#primaryimage"},"thumbnailUrl":"https:\/\/www.ucm.edu.co\/wp-content\/uploads\/2021\/08\/destacada_libro_gestion_conocimiento.jpg","articleSection":["Libros"],"inLanguage":"en-US","potentialAction":[{"@type":"CommentAction","name":"Comment","target":["https:\/\/www.ucm.edu.co\/gestion-del-conocimiento-educativo-un-campo-necesario-para-comprende-y-transformar-la-escuela-de-hoy\/#respond"]}]},{"@type":"WebPage","@id":"https:\/\/www.ucm.edu.co\/gestion-del-conocimiento-educativo-un-campo-necesario-para-comprende-y-transformar-la-escuela-de-hoy\/","url":"https:\/\/www.ucm.edu.co\/gestion-del-conocimiento-educativo-un-campo-necesario-para-comprende-y-transformar-la-escuela-de-hoy\/","name":"UCM - Universidad Cat\u00f3lica de Manizales","isPartOf":{"@id":"https:\/\/www.ucm.edu.co\/#website"},"primaryImageOfPage":{"@id":"https:\/\/www.ucm.edu.co\/gestion-del-conocimiento-educativo-un-campo-necesario-para-comprende-y-transformar-la-escuela-de-hoy\/#primaryimage"},"image":{"@id":"https:\/\/www.ucm.edu.co\/gestion-del-conocimiento-educativo-un-campo-necesario-para-comprende-y-transformar-la-escuela-de-hoy\/#primaryimage"},"thumbnailUrl":"https:\/\/www.ucm.edu.co\/wp-content\/uploads\/2021\/08\/destacada_libro_gestion_conocimiento.jpg","datePublished":"2021-08-31T16:27:02+00:00","dateModified":"2025-06-17T13:26:44+00:00","breadcrumb":{"@id":"https:\/\/www.ucm.edu.co\/gestion-del-conocimiento-educativo-un-campo-necesario-para-comprende-y-transformar-la-escuela-de-hoy\/#breadcrumb"},"inLanguage":"en-US","potentialAction":[{"@type":"ReadAction","target":["https:\/\/www.ucm.edu.co\/gestion-del-conocimiento-educativo-un-campo-necesario-para-comprende-y-transformar-la-escuela-de-hoy\/"]}]},{"@type":"ImageObject","inLanguage":"en-US","@id":"https:\/\/www.ucm.edu.co\/gestion-del-conocimiento-educativo-un-campo-necesario-para-comprende-y-transformar-la-escuela-de-hoy\/#primaryimage","url":"https:\/\/www.ucm.edu.co\/wp-content\/uploads\/2021\/08\/destacada_libro_gestion_conocimiento.jpg","contentUrl":"https:\/\/www.ucm.edu.co\/wp-content\/uploads\/2021\/08\/destacada_libro_gestion_conocimiento.jpg","width":800,"height":440},{"@type":"BreadcrumbList","@id":"https:\/\/www.ucm.edu.co\/gestion-del-conocimiento-educativo-un-campo-necesario-para-comprende-y-transformar-la-escuela-de-hoy\/#breadcrumb","itemListElement":[{"@type":"ListItem","position":1,"name":"Portada","item":"https:\/\/www.ucm.edu.co\/"},{"@type":"ListItem","position":2,"name":"Gesti\u00f3n del conocimiento educativo, un campo necesario para comprender y transformar la escuela de hoy"}]},{"@type":"WebSite","@id":"https:\/\/www.ucm.edu.co\/#website","url":"https:\/\/www.ucm.edu.co\/","name":"UCM - Universidad Cat\u00f3lica de Manizales","description":"Ven a ser quien quieres ser","publisher":{"@id":"https:\/\/www.ucm.edu.co\/#organization"},"alternateName":"UCM","potentialAction":[{"@type":"SearchAction","target":{"@type":"EntryPoint","urlTemplate":"https:\/\/www.ucm.edu.co\/?s={search_term_string}"},"query-input":{"@type":"PropertyValueSpecification","valueRequired":true,"valueName":"search_term_string"}}],"inLanguage":"en-US"},{"@type":"Organization","@id":"https:\/\/www.ucm.edu.co\/#organization","name":"Universidad Cat\u00f3lica de Manizales","alternateName":"UCM","url":"https:\/\/www.ucm.edu.co\/","logo":{"@type":"ImageObject","inLanguage":"en-US","@id":"https:\/\/www.ucm.edu.co\/#\/schema\/logo\/image\/","url":"https:\/\/www.ucm.edu.co\/wp-content\/uploads\/2021\/03\/favicon_ucm.png","contentUrl":"https:\/\/www.ucm.edu.co\/wp-content\/uploads\/2021\/03\/favicon_ucm.png","width":512,"height":512,"caption":"Universidad Cat\u00f3lica de Manizales"},"image":{"@id":"https:\/\/www.ucm.edu.co\/#\/schema\/logo\/image\/"},"sameAs":["https:\/\/www.facebook.com\/ucatolicamanizales","https:\/\/x.com\/ucm_manizales","https:\/\/www.instagram.com\/ucatolicamanizales\/","https:\/\/co.linkedin.com\/school\/ucatolicamanizales\/","https:\/\/www.youtube.com\/user\/UCMtelevision"]},{"@type":"Person","@id":"https:\/\/www.ucm.edu.co\/#\/schema\/person\/52f5e2d6835d561911c3d6866e61cd5f","name":"Marca UCM","image":{"@type":"ImageObject","inLanguage":"en-US","@id":"https:\/\/secure.gravatar.com\/avatar\/299dbea677535d5ebf1e551d7096494f841ea22510b872bc8e72334b8a3b3e49?s=96&d=mm&r=g","url":"https:\/\/secure.gravatar.com\/avatar\/299dbea677535d5ebf1e551d7096494f841ea22510b872bc8e72334b8a3b3e49?s=96&d=mm&r=g","contentUrl":"https:\/\/secure.gravatar.com\/avatar\/299dbea677535d5ebf1e551d7096494f841ea22510b872bc8e72334b8a3b3e49?s=96&d=mm&r=g","caption":"Marca UCM"},"url":"https:\/\/www.ucm.edu.co\/en\/author\/marca\/"}]}},"_links":{"self":[{"href":"https:\/\/www.ucm.edu.co\/en\/wp-json\/wp\/v2\/posts\/193991","targetHints":{"allow":["GET"]}}],"collection":[{"href":"https:\/\/www.ucm.edu.co\/en\/wp-json\/wp\/v2\/posts"}],"about":[{"href":"https:\/\/www.ucm.edu.co\/en\/wp-json\/wp\/v2\/types\/post"}],"author":[{"embeddable":true,"href":"https:\/\/www.ucm.edu.co\/en\/wp-json\/wp\/v2\/users\/8"}],"replies":[{"embeddable":true,"href":"https:\/\/www.ucm.edu.co\/en\/wp-json\/wp\/v2\/comments?post=193991"}],"version-history":[{"count":2,"href":"https:\/\/www.ucm.edu.co\/en\/wp-json\/wp\/v2\/posts\/193991\/revisions"}],"predecessor-version":[{"id":224481,"href":"https:\/\/www.ucm.edu.co\/en\/wp-json\/wp\/v2\/posts\/193991\/revisions\/224481"}],"wp:featuredmedia":[{"embeddable":true,"href":"https:\/\/www.ucm.edu.co\/en\/wp-json\/wp\/v2\/media\/193992"}],"wp:attachment":[{"href":"https:\/\/www.ucm.edu.co\/en\/wp-json\/wp\/v2\/media?parent=193991"}],"wp:term":[{"taxonomy":"category","embeddable":true,"href":"https:\/\/www.ucm.edu.co\/en\/wp-json\/wp\/v2\/categories?post=193991"},{"taxonomy":"post_tag","embeddable":true,"href":"https:\/\/www.ucm.edu.co\/en\/wp-json\/wp\/v2\/tags?post=193991"}],"curies":[{"name":"wp","href":"https:\/\/api.w.org\/{rel}","templated":true}]}}