{"id":193822,"date":"2021-08-20T08:23:00","date_gmt":"2021-08-20T13:23:00","guid":{"rendered":"https:\/\/www.ucm.edu.co\/?p=193822"},"modified":"2021-08-24T08:42:07","modified_gmt":"2021-08-24T13:42:07","slug":"desde-mexico-ucm-es-reconocida-por-participacion-cultural","status":"publish","type":"post","link":"https:\/\/www.ucm.edu.co\/en\/desde-mexico-ucm-es-reconocida-por-participacion-cultural\/","title":{"rendered":"Desde M\u00e9xico, UCM es reconocida por participaci\u00f3n cultural"},"content":{"rendered":"<div class=\"wp-block-media-text alignwide is-stacked-on-mobile\" style=\"grid-template-columns:19% auto\"><figure class=\"wp-block-media-text__media\"><img loading=\"lazy\" decoding=\"async\" width=\"165\" height=\"300\" src=\"https:\/\/www.ucm.edu.co\/wp-content\/uploads\/2021\/08\/participacion_cultural_mexico_01.jpg\" alt=\"\" class=\"wp-image-193825 size-full\"\/><\/figure><div class=\"wp-block-media-text__content\">\n<p class=\"wp-block-paragraph\"> El Tecnol\u00f3gico Nacional de M\u00e9xico a trav\u00e9s del Instituto Tecnol\u00f3gico Superior de San Mart\u00edn de Texmelucan, hizo un reconocimiento especial por la participaci\u00f3n de la muestra art\u00edstica en Danza&nbsp;Folcl\u00f3rica que se realiz\u00f3 el d\u00eda 30 de junio de 2021, al profesor Alejandro Cort\u00e9s Londo\u00f1o y la estudiante de enfermer\u00eda Mar\u00eda Camila Buitrago, con la direcci\u00f3n Mar\u00eda Cristina Rosero, Coordinadora de Cultura UCM.  <\/p>\n\n\n\n<p class=\"wp-block-paragraph\">La estudiante de enfermer\u00eda,&nbsp;<strong>Mar\u00eda Camila Buitrago,<\/strong>&nbsp;y el profesor&nbsp;<strong>Alejandro Cort\u00e9s Londo\u00f1o<\/strong>&nbsp;representaron a la Universidad Cat\u00f3lica de Manizales en la muestra art\u00edstica de danza folcl\u00f3rica internacional latinoamericana que realiz\u00f3 el Tecnol\u00f3gico Nacional San Mart\u00edn Texmelucan de M\u00e9xico. Camila y Alejandro participaron del evento virtual con la cumbia la&nbsp;<strong>Rebuscona de Petrona Mart\u00ednez.&nbsp;<\/strong>Para ver su participaci\u00f3n (min 15:00) ingresa al siguiente enlace dando clic&nbsp;<a rel=\"noreferrer noopener\" href=\"https:\/\/www.facebook.com\/TecNMSanMartinTexmelucan\/videos\/1652764724928333\" target=\"_blank\"><strong>aqu\u00ed.<\/strong><\/a> <\/p>\n<\/div><\/div>\n\n\n\n<p class=\"wp-block-paragraph\"><\/p>","protected":false},"excerpt":{"rendered":"<p>La estudiante de enfermer\u00eda,\u00a0Mar\u00eda Camila Buitrago,\u00a0y el profesor\u00a0Alejandro Cort\u00e9s Londo\u00f1o\u00a0representaron a la Universidad con la direcci\u00f3n de Mar\u00eda Cristina Rosero.<\/p>","protected":false},"author":8,"featured_media":193823,"comment_status":"open","ping_status":"open","sticky":false,"template":"","format":"standard","meta":{"_et_pb_use_builder":"","_et_pb_old_content":"","_et_gb_content_width":"","content-type":"","_monsterinsights_skip_tracking":false,"footnotes":""},"categories":[14],"tags":[424,68],"class_list":["post-193822","post","type-post","status-publish","format-standard","has-post-thumbnail","hentry","category-bienestar","tag-tecnologico-nacional-de-mexico","tag-ucm"],"yoast_head":"<!-- This site is optimized with the Yoast SEO plugin v28.1 - https:\/\/yoast.com\/product\/yoast-seo-wordpress\/ -->\n<title>UCM - Universidad Cat\u00f3lica de Manizales<\/title>\n<meta name=\"robots\" content=\"index, follow, max-snippet:-1, max-image-preview:large, max-video-preview:-1\" \/>\n<link rel=\"canonical\" href=\"https:\/\/www.ucm.edu.co\/en\/desde-mexico-ucm-es-reconocida-por-participacion-cultural\/\" \/>\n<meta property=\"og:locale\" content=\"en_US\" \/>\n<meta property=\"og:type\" content=\"article\" \/>\n<meta property=\"og:title\" content=\"UCM - Universidad Cat\u00f3lica de Manizales\" \/>\n<meta property=\"og:description\" content=\"La estudiante de enfermer\u00eda,\u00a0Mar\u00eda Camila Buitrago,\u00a0y el profesor\u00a0Alejandro Cort\u00e9s Londo\u00f1o\u00a0representaron a la Universidad con la direcci\u00f3n de Mar\u00eda Cristina Rosero.\" \/>\n<meta property=\"og:url\" content=\"https:\/\/www.ucm.edu.co\/en\/desde-mexico-ucm-es-reconocida-por-participacion-cultural\/\" \/>\n<meta property=\"og:site_name\" content=\"UCM - Universidad Cat\u00f3lica de Manizales\" \/>\n<meta property=\"article:publisher\" content=\"https:\/\/www.facebook.com\/ucatolicamanizales\" \/>\n<meta property=\"article:published_time\" content=\"2021-08-20T13:23:00+00:00\" \/>\n<meta property=\"article:modified_time\" content=\"2021-08-24T13:42:07+00:00\" \/>\n<meta property=\"og:image\" content=\"https:\/\/www.ucm.edu.co\/wp-content\/uploads\/2021\/08\/participacion_cultural_mexico.jpg\" \/>\n\t<meta property=\"og:image:width\" content=\"800\" \/>\n\t<meta property=\"og:image:height\" content=\"458\" \/>\n\t<meta property=\"og:image:type\" content=\"image\/jpeg\" \/>\n<meta name=\"author\" content=\"Marca UCM\" \/>\n<meta name=\"twitter:card\" content=\"summary_large_image\" \/>\n<meta name=\"twitter:creator\" content=\"@ucm_manizales\" \/>\n<meta name=\"twitter:site\" content=\"@ucm_manizales\" \/>\n<meta name=\"twitter:label1\" content=\"Written by\" \/>\n\t<meta name=\"twitter:data1\" content=\"Marca UCM\" \/>\n\t<meta name=\"twitter:label2\" content=\"Est. reading time\" \/>\n\t<meta name=\"twitter:data2\" content=\"1 minute\" \/>\n<script type=\"application\/ld+json\" class=\"yoast-schema-graph\">{\"@context\":\"https:\\\/\\\/schema.org\",\"@graph\":[{\"@type\":\"Article\",\"@id\":\"https:\\\/\\\/www.ucm.edu.co\\\/desde-mexico-ucm-es-reconocida-por-participacion-cultural\\\/#article\",\"isPartOf\":{\"@id\":\"https:\\\/\\\/www.ucm.edu.co\\\/desde-mexico-ucm-es-reconocida-por-participacion-cultural\\\/\"},\"author\":{\"name\":\"Marca UCM\",\"@id\":\"https:\\\/\\\/www.ucm.edu.co\\\/#\\\/schema\\\/person\\\/52f5e2d6835d561911c3d6866e61cd5f\"},\"headline\":\"Desde M\u00e9xico, UCM es reconocida por participaci\u00f3n cultural\",\"datePublished\":\"2021-08-20T13:23:00+00:00\",\"dateModified\":\"2021-08-24T13:42:07+00:00\",\"mainEntityOfPage\":{\"@id\":\"https:\\\/\\\/www.ucm.edu.co\\\/desde-mexico-ucm-es-reconocida-por-participacion-cultural\\\/\"},\"wordCount\":172,\"commentCount\":0,\"publisher\":{\"@id\":\"https:\\\/\\\/www.ucm.edu.co\\\/#organization\"},\"image\":{\"@id\":\"https:\\\/\\\/www.ucm.edu.co\\\/desde-mexico-ucm-es-reconocida-por-participacion-cultural\\\/#primaryimage\"},\"thumbnailUrl\":\"https:\\\/\\\/www.ucm.edu.co\\\/wp-content\\\/uploads\\\/2021\\\/08\\\/participacion_cultural_mexico.jpg\",\"keywords\":[\"Tecnol\u00f3gico Nacional de M\u00e9xico\",\"UCM\"],\"articleSection\":[\"Bienestar\"],\"inLanguage\":\"en-US\",\"potentialAction\":[{\"@type\":\"CommentAction\",\"name\":\"Comment\",\"target\":[\"https:\\\/\\\/www.ucm.edu.co\\\/desde-mexico-ucm-es-reconocida-por-participacion-cultural\\\/#respond\"]}]},{\"@type\":\"WebPage\",\"@id\":\"https:\\\/\\\/www.ucm.edu.co\\\/desde-mexico-ucm-es-reconocida-por-participacion-cultural\\\/\",\"url\":\"https:\\\/\\\/www.ucm.edu.co\\\/desde-mexico-ucm-es-reconocida-por-participacion-cultural\\\/\",\"name\":\"UCM - Universidad Cat\u00f3lica de Manizales\",\"isPartOf\":{\"@id\":\"https:\\\/\\\/www.ucm.edu.co\\\/#website\"},\"primaryImageOfPage\":{\"@id\":\"https:\\\/\\\/www.ucm.edu.co\\\/desde-mexico-ucm-es-reconocida-por-participacion-cultural\\\/#primaryimage\"},\"image\":{\"@id\":\"https:\\\/\\\/www.ucm.edu.co\\\/desde-mexico-ucm-es-reconocida-por-participacion-cultural\\\/#primaryimage\"},\"thumbnailUrl\":\"https:\\\/\\\/www.ucm.edu.co\\\/wp-content\\\/uploads\\\/2021\\\/08\\\/participacion_cultural_mexico.jpg\",\"datePublished\":\"2021-08-20T13:23:00+00:00\",\"dateModified\":\"2021-08-24T13:42:07+00:00\",\"breadcrumb\":{\"@id\":\"https:\\\/\\\/www.ucm.edu.co\\\/desde-mexico-ucm-es-reconocida-por-participacion-cultural\\\/#breadcrumb\"},\"inLanguage\":\"en-US\",\"potentialAction\":[{\"@type\":\"ReadAction\",\"target\":[\"https:\\\/\\\/www.ucm.edu.co\\\/desde-mexico-ucm-es-reconocida-por-participacion-cultural\\\/\"]}]},{\"@type\":\"ImageObject\",\"inLanguage\":\"en-US\",\"@id\":\"https:\\\/\\\/www.ucm.edu.co\\\/desde-mexico-ucm-es-reconocida-por-participacion-cultural\\\/#primaryimage\",\"url\":\"https:\\\/\\\/www.ucm.edu.co\\\/wp-content\\\/uploads\\\/2021\\\/08\\\/participacion_cultural_mexico.jpg\",\"contentUrl\":\"https:\\\/\\\/www.ucm.edu.co\\\/wp-content\\\/uploads\\\/2021\\\/08\\\/participacion_cultural_mexico.jpg\",\"width\":800,\"height\":458,\"caption\":\"Participaci\u00f3n Cultural\"},{\"@type\":\"BreadcrumbList\",\"@id\":\"https:\\\/\\\/www.ucm.edu.co\\\/desde-mexico-ucm-es-reconocida-por-participacion-cultural\\\/#breadcrumb\",\"itemListElement\":[{\"@type\":\"ListItem\",\"position\":1,\"name\":\"Portada\",\"item\":\"https:\\\/\\\/www.ucm.edu.co\\\/\"},{\"@type\":\"ListItem\",\"position\":2,\"name\":\"Desde M\u00e9xico, UCM es reconocida por participaci\u00f3n cultural\"}]},{\"@type\":\"WebSite\",\"@id\":\"https:\\\/\\\/www.ucm.edu.co\\\/#website\",\"url\":\"https:\\\/\\\/www.ucm.edu.co\\\/\",\"name\":\"UCM - Universidad Cat\u00f3lica de Manizales\",\"description\":\"Ven a ser quien quieres ser\",\"publisher\":{\"@id\":\"https:\\\/\\\/www.ucm.edu.co\\\/#organization\"},\"alternateName\":\"UCM\",\"potentialAction\":[{\"@type\":\"SearchAction\",\"target\":{\"@type\":\"EntryPoint\",\"urlTemplate\":\"https:\\\/\\\/www.ucm.edu.co\\\/?s={search_term_string}\"},\"query-input\":{\"@type\":\"PropertyValueSpecification\",\"valueRequired\":true,\"valueName\":\"search_term_string\"}}],\"inLanguage\":\"en-US\"},{\"@type\":\"Organization\",\"@id\":\"https:\\\/\\\/www.ucm.edu.co\\\/#organization\",\"name\":\"Universidad Cat\u00f3lica de Manizales\",\"alternateName\":\"UCM\",\"url\":\"https:\\\/\\\/www.ucm.edu.co\\\/\",\"logo\":{\"@type\":\"ImageObject\",\"inLanguage\":\"en-US\",\"@id\":\"https:\\\/\\\/www.ucm.edu.co\\\/#\\\/schema\\\/logo\\\/image\\\/\",\"url\":\"https:\\\/\\\/www.ucm.edu.co\\\/wp-content\\\/uploads\\\/2021\\\/03\\\/favicon_ucm.png\",\"contentUrl\":\"https:\\\/\\\/www.ucm.edu.co\\\/wp-content\\\/uploads\\\/2021\\\/03\\\/favicon_ucm.png\",\"width\":512,\"height\":512,\"caption\":\"Universidad Cat\u00f3lica de Manizales\"},\"image\":{\"@id\":\"https:\\\/\\\/www.ucm.edu.co\\\/#\\\/schema\\\/logo\\\/image\\\/\"},\"sameAs\":[\"https:\\\/\\\/www.facebook.com\\\/ucatolicamanizales\",\"https:\\\/\\\/x.com\\\/ucm_manizales\",\"https:\\\/\\\/www.instagram.com\\\/ucatolicamanizales\\\/\",\"https:\\\/\\\/co.linkedin.com\\\/school\\\/ucatolicamanizales\\\/\",\"https:\\\/\\\/www.youtube.com\\\/user\\\/UCMtelevision\"]},{\"@type\":\"Person\",\"@id\":\"https:\\\/\\\/www.ucm.edu.co\\\/#\\\/schema\\\/person\\\/52f5e2d6835d561911c3d6866e61cd5f\",\"name\":\"Marca UCM\",\"image\":{\"@type\":\"ImageObject\",\"inLanguage\":\"en-US\",\"@id\":\"https:\\\/\\\/secure.gravatar.com\\\/avatar\\\/299dbea677535d5ebf1e551d7096494f841ea22510b872bc8e72334b8a3b3e49?s=96&d=mm&r=g\",\"url\":\"https:\\\/\\\/secure.gravatar.com\\\/avatar\\\/299dbea677535d5ebf1e551d7096494f841ea22510b872bc8e72334b8a3b3e49?s=96&d=mm&r=g\",\"contentUrl\":\"https:\\\/\\\/secure.gravatar.com\\\/avatar\\\/299dbea677535d5ebf1e551d7096494f841ea22510b872bc8e72334b8a3b3e49?s=96&d=mm&r=g\",\"caption\":\"Marca UCM\"},\"url\":\"https:\\\/\\\/www.ucm.edu.co\\\/en\\\/author\\\/marca\\\/\"}]}<\/script>\n<!-- \/ Yoast SEO plugin. -->","yoast_head_json":{"title":"UCM - Universidad Cat\u00f3lica de Manizales","robots":{"index":"index","follow":"follow","max-snippet":"max-snippet:-1","max-image-preview":"max-image-preview:large","max-video-preview":"max-video-preview:-1"},"canonical":"https:\/\/www.ucm.edu.co\/en\/desde-mexico-ucm-es-reconocida-por-participacion-cultural\/","og_locale":"en_US","og_type":"article","og_title":"UCM - Universidad Cat\u00f3lica de Manizales","og_description":"La estudiante de enfermer\u00eda,\u00a0Mar\u00eda Camila Buitrago,\u00a0y el profesor\u00a0Alejandro Cort\u00e9s Londo\u00f1o\u00a0representaron a la Universidad con la direcci\u00f3n de Mar\u00eda Cristina Rosero.","og_url":"https:\/\/www.ucm.edu.co\/en\/desde-mexico-ucm-es-reconocida-por-participacion-cultural\/","og_site_name":"UCM - Universidad Cat\u00f3lica de Manizales","article_publisher":"https:\/\/www.facebook.com\/ucatolicamanizales","article_published_time":"2021-08-20T13:23:00+00:00","article_modified_time":"2021-08-24T13:42:07+00:00","og_image":[{"width":800,"height":458,"url":"https:\/\/www.ucm.edu.co\/wp-content\/uploads\/2021\/08\/participacion_cultural_mexico.jpg","type":"image\/jpeg"}],"author":"Marca UCM","twitter_card":"summary_large_image","twitter_creator":"@ucm_manizales","twitter_site":"@ucm_manizales","twitter_misc":{"Written by":"Marca UCM","Est. reading time":"1 minute"},"schema":{"@context":"https:\/\/schema.org","@graph":[{"@type":"Article","@id":"https:\/\/www.ucm.edu.co\/desde-mexico-ucm-es-reconocida-por-participacion-cultural\/#article","isPartOf":{"@id":"https:\/\/www.ucm.edu.co\/desde-mexico-ucm-es-reconocida-por-participacion-cultural\/"},"author":{"name":"Marca UCM","@id":"https:\/\/www.ucm.edu.co\/#\/schema\/person\/52f5e2d6835d561911c3d6866e61cd5f"},"headline":"Desde M\u00e9xico, UCM es reconocida por participaci\u00f3n cultural","datePublished":"2021-08-20T13:23:00+00:00","dateModified":"2021-08-24T13:42:07+00:00","mainEntityOfPage":{"@id":"https:\/\/www.ucm.edu.co\/desde-mexico-ucm-es-reconocida-por-participacion-cultural\/"},"wordCount":172,"commentCount":0,"publisher":{"@id":"https:\/\/www.ucm.edu.co\/#organization"},"image":{"@id":"https:\/\/www.ucm.edu.co\/desde-mexico-ucm-es-reconocida-por-participacion-cultural\/#primaryimage"},"thumbnailUrl":"https:\/\/www.ucm.edu.co\/wp-content\/uploads\/2021\/08\/participacion_cultural_mexico.jpg","keywords":["Tecnol\u00f3gico Nacional de M\u00e9xico","UCM"],"articleSection":["Bienestar"],"inLanguage":"en-US","potentialAction":[{"@type":"CommentAction","name":"Comment","target":["https:\/\/www.ucm.edu.co\/desde-mexico-ucm-es-reconocida-por-participacion-cultural\/#respond"]}]},{"@type":"WebPage","@id":"https:\/\/www.ucm.edu.co\/desde-mexico-ucm-es-reconocida-por-participacion-cultural\/","url":"https:\/\/www.ucm.edu.co\/desde-mexico-ucm-es-reconocida-por-participacion-cultural\/","name":"UCM - Universidad Cat\u00f3lica de Manizales","isPartOf":{"@id":"https:\/\/www.ucm.edu.co\/#website"},"primaryImageOfPage":{"@id":"https:\/\/www.ucm.edu.co\/desde-mexico-ucm-es-reconocida-por-participacion-cultural\/#primaryimage"},"image":{"@id":"https:\/\/www.ucm.edu.co\/desde-mexico-ucm-es-reconocida-por-participacion-cultural\/#primaryimage"},"thumbnailUrl":"https:\/\/www.ucm.edu.co\/wp-content\/uploads\/2021\/08\/participacion_cultural_mexico.jpg","datePublished":"2021-08-20T13:23:00+00:00","dateModified":"2021-08-24T13:42:07+00:00","breadcrumb":{"@id":"https:\/\/www.ucm.edu.co\/desde-mexico-ucm-es-reconocida-por-participacion-cultural\/#breadcrumb"},"inLanguage":"en-US","potentialAction":[{"@type":"ReadAction","target":["https:\/\/www.ucm.edu.co\/desde-mexico-ucm-es-reconocida-por-participacion-cultural\/"]}]},{"@type":"ImageObject","inLanguage":"en-US","@id":"https:\/\/www.ucm.edu.co\/desde-mexico-ucm-es-reconocida-por-participacion-cultural\/#primaryimage","url":"https:\/\/www.ucm.edu.co\/wp-content\/uploads\/2021\/08\/participacion_cultural_mexico.jpg","contentUrl":"https:\/\/www.ucm.edu.co\/wp-content\/uploads\/2021\/08\/participacion_cultural_mexico.jpg","width":800,"height":458,"caption":"Participaci\u00f3n Cultural"},{"@type":"BreadcrumbList","@id":"https:\/\/www.ucm.edu.co\/desde-mexico-ucm-es-reconocida-por-participacion-cultural\/#breadcrumb","itemListElement":[{"@type":"ListItem","position":1,"name":"Portada","item":"https:\/\/www.ucm.edu.co\/"},{"@type":"ListItem","position":2,"name":"Desde M\u00e9xico, UCM es reconocida por participaci\u00f3n cultural"}]},{"@type":"WebSite","@id":"https:\/\/www.ucm.edu.co\/#website","url":"https:\/\/www.ucm.edu.co\/","name":"UCM - Universidad Cat\u00f3lica de Manizales","description":"Ven a ser quien quieres ser","publisher":{"@id":"https:\/\/www.ucm.edu.co\/#organization"},"alternateName":"UCM","potentialAction":[{"@type":"SearchAction","target":{"@type":"EntryPoint","urlTemplate":"https:\/\/www.ucm.edu.co\/?s={search_term_string}"},"query-input":{"@type":"PropertyValueSpecification","valueRequired":true,"valueName":"search_term_string"}}],"inLanguage":"en-US"},{"@type":"Organization","@id":"https:\/\/www.ucm.edu.co\/#organization","name":"Universidad Cat\u00f3lica de Manizales","alternateName":"UCM","url":"https:\/\/www.ucm.edu.co\/","logo":{"@type":"ImageObject","inLanguage":"en-US","@id":"https:\/\/www.ucm.edu.co\/#\/schema\/logo\/image\/","url":"https:\/\/www.ucm.edu.co\/wp-content\/uploads\/2021\/03\/favicon_ucm.png","contentUrl":"https:\/\/www.ucm.edu.co\/wp-content\/uploads\/2021\/03\/favicon_ucm.png","width":512,"height":512,"caption":"Universidad Cat\u00f3lica de Manizales"},"image":{"@id":"https:\/\/www.ucm.edu.co\/#\/schema\/logo\/image\/"},"sameAs":["https:\/\/www.facebook.com\/ucatolicamanizales","https:\/\/x.com\/ucm_manizales","https:\/\/www.instagram.com\/ucatolicamanizales\/","https:\/\/co.linkedin.com\/school\/ucatolicamanizales\/","https:\/\/www.youtube.com\/user\/UCMtelevision"]},{"@type":"Person","@id":"https:\/\/www.ucm.edu.co\/#\/schema\/person\/52f5e2d6835d561911c3d6866e61cd5f","name":"Marca UCM","image":{"@type":"ImageObject","inLanguage":"en-US","@id":"https:\/\/secure.gravatar.com\/avatar\/299dbea677535d5ebf1e551d7096494f841ea22510b872bc8e72334b8a3b3e49?s=96&d=mm&r=g","url":"https:\/\/secure.gravatar.com\/avatar\/299dbea677535d5ebf1e551d7096494f841ea22510b872bc8e72334b8a3b3e49?s=96&d=mm&r=g","contentUrl":"https:\/\/secure.gravatar.com\/avatar\/299dbea677535d5ebf1e551d7096494f841ea22510b872bc8e72334b8a3b3e49?s=96&d=mm&r=g","caption":"Marca UCM"},"url":"https:\/\/www.ucm.edu.co\/en\/author\/marca\/"}]}},"_links":{"self":[{"href":"https:\/\/www.ucm.edu.co\/en\/wp-json\/wp\/v2\/posts\/193822","targetHints":{"allow":["GET"]}}],"collection":[{"href":"https:\/\/www.ucm.edu.co\/en\/wp-json\/wp\/v2\/posts"}],"about":[{"href":"https:\/\/www.ucm.edu.co\/en\/wp-json\/wp\/v2\/types\/post"}],"author":[{"embeddable":true,"href":"https:\/\/www.ucm.edu.co\/en\/wp-json\/wp\/v2\/users\/8"}],"replies":[{"embeddable":true,"href":"https:\/\/www.ucm.edu.co\/en\/wp-json\/wp\/v2\/comments?post=193822"}],"version-history":[{"count":2,"href":"https:\/\/www.ucm.edu.co\/en\/wp-json\/wp\/v2\/posts\/193822\/revisions"}],"predecessor-version":[{"id":193826,"href":"https:\/\/www.ucm.edu.co\/en\/wp-json\/wp\/v2\/posts\/193822\/revisions\/193826"}],"wp:featuredmedia":[{"embeddable":true,"href":"https:\/\/www.ucm.edu.co\/en\/wp-json\/wp\/v2\/media\/193823"}],"wp:attachment":[{"href":"https:\/\/www.ucm.edu.co\/en\/wp-json\/wp\/v2\/media?parent=193822"}],"wp:term":[{"taxonomy":"category","embeddable":true,"href":"https:\/\/www.ucm.edu.co\/en\/wp-json\/wp\/v2\/categories?post=193822"},{"taxonomy":"post_tag","embeddable":true,"href":"https:\/\/www.ucm.edu.co\/en\/wp-json\/wp\/v2\/tags?post=193822"}],"curies":[{"name":"wp","href":"https:\/\/api.w.org\/{rel}","templated":true}]}}