{"id":193796,"date":"2021-08-12T07:56:00","date_gmt":"2021-08-12T12:56:00","guid":{"rendered":"https:\/\/www.ucm.edu.co\/?p=193796"},"modified":"2021-08-24T08:01:03","modified_gmt":"2021-08-24T13:01:03","slug":"se-otorgo-orden-ucm-y-orden-hermanas-dominicas-de-la-presentacion-a-silvio-cardona-gonzalez","status":"publish","type":"post","link":"https:\/\/www.ucm.edu.co\/en\/se-otorgo-orden-ucm-y-orden-hermanas-dominicas-de-la-presentacion-a-silvio-cardona-gonzalez\/","title":{"rendered":"Se otorg\u00f3 Orden UCM y Orden Hermanas Dominicas de la Presentaci\u00f3n a Silvio Cardona Gonz\u00e1lez"},"content":{"rendered":"<p class=\"wp-block-paragraph\">La Universidad Cat\u00f3lica de Manizales estuvo presente en la Misa de Exequias de nuestro compa\u00f1ero, Doctor Silvio Cardona Gonz\u00e1lez, las cuales se llevaron a cabo en la Parroquia Santa Juana de Arco en la ciudad de Medell\u00edn, donde despu\u00e9s de la Eucarist\u00eda se ubicaron las cenizas para su eterno descanso.<\/p>\n\n\n\n<p class=\"wp-block-paragraph\">Aparte de familiares y amigos cercanos, y entendiendo el poco aforo permitido para este tipo de ceremonias, la UCM deleg\u00f3 a las Hermanas Gloria Estela Rol\u00f3n, Vicerrectora Acad\u00e9mica y a Hermana Amanda Tangarife, Vicerrectora Administrativa y Financiera, a Yisel Gonz\u00e1lez y a Jhonatan Grisales.<\/p>\n\n\n\n<figure class=\"wp-block-image size-full\"><img loading=\"lazy\" decoding=\"async\" width=\"646\" height=\"401\" src=\"https:\/\/www.ucm.edu.co\/wp-content\/uploads\/2021\/08\/orden_ucm_oden_hermanas_dominicas_silvio_cardona.jpeg\" alt=\"Entrega de Reconocimientos P\u00f3stumos a Silvio Cardona Gonz\u00e1lez\" class=\"wp-image-193797\"\/><\/figure>\n\n\n\n<p class=\"wp-block-paragraph\">Durante la ceremonia se entreg\u00f3 la&nbsp;<strong>Orden Universidad Cat\u00f3lica de Manizales<\/strong>&nbsp;y la&nbsp;<strong>Orden Hermanas Dominicas de la Presentaci\u00f3n de la Sant\u00edsima Virgen a un Graduado Destacado de la UCM.<\/strong><\/p>\n\n\n\n<figure class=\"wp-block-image size-full\"><img loading=\"lazy\" decoding=\"async\" width=\"400\" height=\"212\" src=\"https:\/\/www.ucm.edu.co\/wp-content\/uploads\/2021\/08\/resolucion_orden_sivlio.png\" alt=\"\" class=\"wp-image-193799\"\/><\/figure>\n\n\n\n<p class=\"wp-block-paragraph\"><strong>Orden Universidad Cat\u00f3lica de Manizales&nbsp;(&nbsp;<a href=\"http:\/\/portalweb.ucm.edu.co\/intranet\/wp-content\/uploads\/2021\/08\/Orden-Universidad-Cat%C3%B3lica-de-Manizales-a-Silvio-Cardona-QEPD.pdf\" target=\"_blank\" rel=\"noreferrer noopener\">Leer Resoluci\u00f3n Completa<\/a>&nbsp;)<\/strong><\/p>\n\n\n\n<p class=\"wp-block-paragraph\"><strong>Art\u00edculo primero.&nbsp;<\/strong>Otorgar la Orden Universidad Cat\u00f3lica de Manizales a SILVIO CARDONA GONZ\u00c1LEZ (Q.E.P.D) por su vida y obra, por su identidad con la Congregaci\u00f3n de Hermanas de la Caridad Dominicas de la Presentaci\u00f3n de la Sant\u00edsima Virgen y con la Universidad Cat\u00f3lica de Manizales, por el inconmensurable aporte acad\u00e9mico y administrativo a la Instituci\u00f3n, por hacer parte de su historia y<\/p>\n\n\n\n<p class=\"wp-block-paragraph\">por su pensamiento esparcido a trav\u00e9s de sus escritos y producciones diseminado a trav\u00e9s de su palabra viva en muchos rincones de la patria y del mundo que inspira diversas c\u00e1tedras en su nombre, desde las que se proponen cambios en la manera de hacer la gesta y ejercer el liderazgo de las organizaciones, hasta la de los humanismos emergentes que muestran renovadas maneras de entender al ser humano en acci\u00f3n en un complexus bio-psico-social proclive al desarrollo y al cuidado del mundo; en donde el pensamiento complejo, como \u00f3ptica para entender el mundo aporte a la solidaridad y corresponsabilidad en el trueque dial\u00f3gico con el mundo de la vida.<\/p>\n\n\n\n<p class=\"wp-block-paragraph\"><strong>Art\u00edculo segundo.&nbsp;<\/strong>Agradecer a SILVIO CARDONA GONZ\u00c1LEZ (Q.E.P.D) por su entrega a la labor y misi\u00f3n encomendada, por sus distintos y numerosos cargos y roles que desempe\u00f1\u00f3 en el \u00e1mbito universitario y por creaci\u00f3n de una conciencia solidaria de la academia para pensar la gesti\u00f3n de la formaci\u00f3n de los educadores como una apuesta desde lo pedag\u00f3gico y curricular, desde lo investigativo y desde la proyecci\u00f3n social que contribuy\u00f3 de manera insigne al desarrollo acad\u00e9mico de la Universidad Cat\u00f3lica de Manizales, desde su apuesta por la formaci\u00f3n integral reconociendo el sello marcado en la Instituci\u00f3n por las Hermanas de la Caridad Dominicas de la Presentaci\u00f3n de la Sant\u00edsima Virgen.<\/p>\n\n\n\n<p class=\"wp-block-paragraph\"><strong>Art\u00edculo tercero.&nbsp;<\/strong>Expresar fraternal gratitud a SILVIO CARDONA GONZ\u00c1LEZ (Q.E.P.D) por la escritura del libro \u201cHuellas y marcas de historia UCM. Seis d\u00e9cadas vitales 1954-2014. Vol\u00famenes I y II\u201d obra publicada con ocasi\u00f3n de los 60 a\u00f1os de fundaci\u00f3n de la Universidad Cat\u00f3lica de Manizales, donde se teje el proyecto de vida del autor con el devenir hist\u00f3rico de la universidad, a trav\u00e9s de singulares interpretaciones desde el dominio simb\u00f3lico de la historicidad, esto es, c\u00f3mo dar cuenta del impacto social del Carisma de Marie Poussepin, Madre de la Presentaci\u00f3n y de c\u00f3mo sus Hijas fundan y despliegan en este terru\u00f1o, hace 60 a\u00f1os, un proyecto de amor que apunta a la excelencia.<\/p>\n\n\n\n<p class=\"wp-block-paragraph\"><strong>Art\u00edculo cuarto.&nbsp;<\/strong>Enaltecer de la vida y obra de SILVIO CARDONA GONZ\u00c1LEZ (Q.E.P.D), la producci\u00f3n acad\u00e9mica e investigativa que lider\u00f3 en clave de generosidad e inteligencia preclara, a trav\u00e9s de proyectos y el impulso de colectivos en los grupos de investigaci\u00f3n, donde se destacan, por su valor en la historia acumulada de la UCM, aquellos que impulsaron el horizonte de la gesti\u00f3n educativa en la UCM y los que vincularon la relaci\u00f3n educaci\u00f3n-pedagog\u00eda-cultura.<\/p>\n\n\n\n<p class=\"wp-block-paragraph\"><strong>&nbsp;<\/strong><strong>Art\u00edculo quinto.&nbsp;<\/strong>Entregar el presente reconocimiento a su familia como expresi\u00f3n de la gratitud de la familia UCM por el don que fue SILVIO CARDONA GONZ\u00c1LEZ para cada miembro de la comunidad universitaria.<\/p>\n\n\n\n<p class=\"wp-block-paragraph\"><strong>Orden Hermanas Dominicas de la Presentaci\u00f3n de la Sant\u00edsima Virgen a un Graduado Destacado de la UCM&nbsp; (<a href=\"http:\/\/portalweb.ucm.edu.co\/intranet\/wp-content\/uploads\/2021\/08\/Orden-Hermanas-Dominicas-de-la-Presentaci%C3%B3n-de-la-Sant%C3%ADsima-Virgen-a-un-Graduado-Destacado-de-la-UCM.pdf\" target=\"_blank\" rel=\"noreferrer noopener\">Click para Leer Acuerdo Completo<\/a>)<\/strong><\/p>\n\n\n\n<p class=\"wp-block-paragraph\"><strong>Art\u00edculo primero.&nbsp;<\/strong>Entregar el reconocimiento Orden \u201cHERMANAS DE LA CARIDAD DOMINICAS DE LA PRESENTACI\u00d3N DE LA SANT\u00cdSIMA VIRGEN\u201d a SILVIO CARDONA GONZ\u00c1LEZ (Q.E.P.D) por su constante inter\u00e9s vital- intelectual por la gesti\u00f3n educativa aunada a una renovaci\u00f3n cr\u00edtica y comprensi\u00f3n de la racionalidad abierta, cr\u00edtica y compleja desde la cual la emergencia de nuevos humanismos da sentido a modos creativos de educaci\u00f3n en la contemporaneidad, legado con el que el maestro vivir\u00e1 siempre en los corazones de la familia UCM a trav\u00e9s de sus ense\u00f1anzas, su presencia siempre alegre y su esp\u00edritu altivo.<\/p>\n\n\n\n<p class=\"wp-block-paragraph\"><strong>Art\u00edculo segundo.&nbsp;<\/strong>Reconocer en SILVIO CARDONA GONZ\u00c1LEZ (Q.E.P.D) su amistad incondicional y fraternal afecto por las Hermanas de la Caridad Dominicas de la Presentaci\u00f3n de la Sant\u00edsima Virgen, su cercana relaci\u00f3n con todos los integrantes de la comunidad universitaria y su gesta emancipadora en la educaci\u00f3n que contribuy\u00f3 a construir sentido en los destinos de formaci\u00f3n de la Universidad Cat\u00f3lica de Manizales, gesta que da testimonio del rigor acad\u00e9mico, amor por la profesi\u00f3n y don de humanidad en su tr\u00e1nsito por los caminos de la personalizaci\u00f3n liberadora.<\/p>\n\n\n\n<p class=\"wp-block-paragraph\"><strong>Art\u00edculo tercero.&nbsp;<\/strong>Destacar a SILVIO CARDONA GONZ\u00c1LEZ (Q.E.P.D) como fiel reflejo del perfil del graduado declarado en el Proyecto Educativo Universitario al desarrollar una conciencia \u00e9tica, pol\u00edtica y ecol\u00f3gica en el ejercicio responsable de la formaci\u00f3n en funci\u00f3n del bien com\u00fan, al valorar la diversidad como condici\u00f3n de una sociedad inclusiva, al actualizarse permanentemente y reconocer la construcci\u00f3n hist\u00f3rica y social del conocimiento y su car\u00e1cter inacabado y al manifestar sensibilidad, compromiso y responsabilidad social en su desempe\u00f1o profesional.<\/p>\n\n\n\n<p class=\"wp-block-paragraph\"><strong>Art\u00edculo cuarto.&nbsp;<\/strong>Valorar a SILVIO CARDONA GONZ\u00c1LEZ (Q.E.P.D) como misionero de la Verdad y la Caridad, por sus 39 a\u00f1os al servicio de la educaci\u00f3n en la Universidad, en la regi\u00f3n y en el pa\u00eds, por su legado lleno de logros y esperanzas, por su capacidad de liderar procesos educativos, por dinamizar los cambios organizacionales que requiri\u00f3 la Universidad Cat\u00f3lica de Manizales desde cada uno de los roles que desempe\u00f1\u00f3 y por irradiar la voluntad de aprender, de ser mejores y de superarse cada d\u00eda como ejemplo de cercan\u00eda, de encuentro, de amistad y de fraternidad.<\/p>","protected":false},"excerpt":{"rendered":"<p>Durante la ceremonia de exequias del Doctor Silvio Cardona, se entreg\u00f3 la Orden Universidad Cat\u00f3lica de Manizales y la\u00a0Orden Hermanas Dominicas de la Presentaci\u00f3n de la Sant\u00edsima Virgen a un Graduado Destacado de la UCM.<\/p>","protected":false},"author":8,"featured_media":193797,"comment_status":"open","ping_status":"open","sticky":false,"template":"","format":"standard","meta":{"_et_pb_use_builder":"","_et_pb_old_content":"","_et_gb_content_width":"","content-type":"","_monsterinsights_skip_tracking":false,"footnotes":""},"categories":[13],"tags":[422,68,69],"class_list":["post-193796","post","type-post","status-publish","format-standard","has-post-thumbnail","hentry","category-docencia","tag-silvio-cardona-gonzalez","tag-ucm","tag-universidad-catolica-de-manizales"],"yoast_head":"<!-- This site is optimized with the Yoast SEO plugin v28.1 - https:\/\/yoast.com\/product\/yoast-seo-wordpress\/ -->\n<title>UCM - Universidad Cat\u00f3lica de Manizales<\/title>\n<meta name=\"robots\" content=\"index, follow, max-snippet:-1, max-image-preview:large, max-video-preview:-1\" \/>\n<link rel=\"canonical\" href=\"https:\/\/www.ucm.edu.co\/en\/se-otorgo-orden-ucm-y-orden-hermanas-dominicas-de-la-presentacion-a-silvio-cardona-gonzalez\/\" \/>\n<meta property=\"og:locale\" content=\"en_US\" \/>\n<meta property=\"og:type\" content=\"article\" \/>\n<meta property=\"og:title\" content=\"UCM - Universidad Cat\u00f3lica de Manizales\" \/>\n<meta property=\"og:description\" content=\"Durante la ceremonia de exequias del Doctor Silvio Cardona, se entreg\u00f3 la Orden Universidad Cat\u00f3lica de Manizales y la\u00a0Orden Hermanas Dominicas de la Presentaci\u00f3n de la Sant\u00edsima Virgen a un Graduado Destacado de la UCM.\" \/>\n<meta property=\"og:url\" content=\"https:\/\/www.ucm.edu.co\/en\/se-otorgo-orden-ucm-y-orden-hermanas-dominicas-de-la-presentacion-a-silvio-cardona-gonzalez\/\" \/>\n<meta property=\"og:site_name\" content=\"UCM - Universidad Cat\u00f3lica de Manizales\" \/>\n<meta property=\"article:publisher\" content=\"https:\/\/www.facebook.com\/ucatolicamanizales\" \/>\n<meta property=\"article:published_time\" content=\"2021-08-12T12:56:00+00:00\" \/>\n<meta property=\"article:modified_time\" content=\"2021-08-24T13:01:03+00:00\" \/>\n<meta property=\"og:image\" content=\"https:\/\/www.ucm.edu.co\/wp-content\/uploads\/2021\/08\/orden_ucm_oden_hermanas_dominicas_silvio_cardona.jpeg\" \/>\n\t<meta property=\"og:image:width\" content=\"646\" \/>\n\t<meta property=\"og:image:height\" content=\"401\" \/>\n\t<meta property=\"og:image:type\" content=\"image\/jpeg\" \/>\n<meta name=\"author\" content=\"Marca UCM\" \/>\n<meta name=\"twitter:card\" content=\"summary_large_image\" \/>\n<meta name=\"twitter:creator\" content=\"@ucm_manizales\" \/>\n<meta name=\"twitter:site\" content=\"@ucm_manizales\" \/>\n<meta name=\"twitter:label1\" content=\"Written by\" \/>\n\t<meta name=\"twitter:data1\" content=\"Marca UCM\" \/>\n\t<meta name=\"twitter:label2\" content=\"Est. reading time\" \/>\n\t<meta name=\"twitter:data2\" content=\"6 minutes\" \/>\n<script type=\"application\/ld+json\" class=\"yoast-schema-graph\">{\"@context\":\"https:\\\/\\\/schema.org\",\"@graph\":[{\"@type\":\"Article\",\"@id\":\"https:\\\/\\\/www.ucm.edu.co\\\/se-otorgo-orden-ucm-y-orden-hermanas-dominicas-de-la-presentacion-a-silvio-cardona-gonzalez\\\/#article\",\"isPartOf\":{\"@id\":\"https:\\\/\\\/www.ucm.edu.co\\\/se-otorgo-orden-ucm-y-orden-hermanas-dominicas-de-la-presentacion-a-silvio-cardona-gonzalez\\\/\"},\"author\":{\"name\":\"Marca UCM\",\"@id\":\"https:\\\/\\\/www.ucm.edu.co\\\/#\\\/schema\\\/person\\\/52f5e2d6835d561911c3d6866e61cd5f\"},\"headline\":\"Se otorg\u00f3 Orden UCM y Orden Hermanas Dominicas de la Presentaci\u00f3n a Silvio Cardona Gonz\u00e1lez\",\"datePublished\":\"2021-08-12T12:56:00+00:00\",\"dateModified\":\"2021-08-24T13:01:03+00:00\",\"mainEntityOfPage\":{\"@id\":\"https:\\\/\\\/www.ucm.edu.co\\\/se-otorgo-orden-ucm-y-orden-hermanas-dominicas-de-la-presentacion-a-silvio-cardona-gonzalez\\\/\"},\"wordCount\":1184,\"commentCount\":0,\"publisher\":{\"@id\":\"https:\\\/\\\/www.ucm.edu.co\\\/#organization\"},\"image\":{\"@id\":\"https:\\\/\\\/www.ucm.edu.co\\\/se-otorgo-orden-ucm-y-orden-hermanas-dominicas-de-la-presentacion-a-silvio-cardona-gonzalez\\\/#primaryimage\"},\"thumbnailUrl\":\"https:\\\/\\\/www.ucm.edu.co\\\/wp-content\\\/uploads\\\/2021\\\/08\\\/orden_ucm_oden_hermanas_dominicas_silvio_cardona.jpeg\",\"keywords\":[\"Silvio Cardona Gonz\u00e1lez\",\"UCM\",\"Universidad Cat\u00f3lica de Manizales\"],\"articleSection\":[\"Docencia\"],\"inLanguage\":\"en-US\",\"potentialAction\":[{\"@type\":\"CommentAction\",\"name\":\"Comment\",\"target\":[\"https:\\\/\\\/www.ucm.edu.co\\\/se-otorgo-orden-ucm-y-orden-hermanas-dominicas-de-la-presentacion-a-silvio-cardona-gonzalez\\\/#respond\"]}]},{\"@type\":\"WebPage\",\"@id\":\"https:\\\/\\\/www.ucm.edu.co\\\/se-otorgo-orden-ucm-y-orden-hermanas-dominicas-de-la-presentacion-a-silvio-cardona-gonzalez\\\/\",\"url\":\"https:\\\/\\\/www.ucm.edu.co\\\/se-otorgo-orden-ucm-y-orden-hermanas-dominicas-de-la-presentacion-a-silvio-cardona-gonzalez\\\/\",\"name\":\"UCM - Universidad Cat\u00f3lica de Manizales\",\"isPartOf\":{\"@id\":\"https:\\\/\\\/www.ucm.edu.co\\\/#website\"},\"primaryImageOfPage\":{\"@id\":\"https:\\\/\\\/www.ucm.edu.co\\\/se-otorgo-orden-ucm-y-orden-hermanas-dominicas-de-la-presentacion-a-silvio-cardona-gonzalez\\\/#primaryimage\"},\"image\":{\"@id\":\"https:\\\/\\\/www.ucm.edu.co\\\/se-otorgo-orden-ucm-y-orden-hermanas-dominicas-de-la-presentacion-a-silvio-cardona-gonzalez\\\/#primaryimage\"},\"thumbnailUrl\":\"https:\\\/\\\/www.ucm.edu.co\\\/wp-content\\\/uploads\\\/2021\\\/08\\\/orden_ucm_oden_hermanas_dominicas_silvio_cardona.jpeg\",\"datePublished\":\"2021-08-12T12:56:00+00:00\",\"dateModified\":\"2021-08-24T13:01:03+00:00\",\"breadcrumb\":{\"@id\":\"https:\\\/\\\/www.ucm.edu.co\\\/se-otorgo-orden-ucm-y-orden-hermanas-dominicas-de-la-presentacion-a-silvio-cardona-gonzalez\\\/#breadcrumb\"},\"inLanguage\":\"en-US\",\"potentialAction\":[{\"@type\":\"ReadAction\",\"target\":[\"https:\\\/\\\/www.ucm.edu.co\\\/se-otorgo-orden-ucm-y-orden-hermanas-dominicas-de-la-presentacion-a-silvio-cardona-gonzalez\\\/\"]}]},{\"@type\":\"ImageObject\",\"inLanguage\":\"en-US\",\"@id\":\"https:\\\/\\\/www.ucm.edu.co\\\/se-otorgo-orden-ucm-y-orden-hermanas-dominicas-de-la-presentacion-a-silvio-cardona-gonzalez\\\/#primaryimage\",\"url\":\"https:\\\/\\\/www.ucm.edu.co\\\/wp-content\\\/uploads\\\/2021\\\/08\\\/orden_ucm_oden_hermanas_dominicas_silvio_cardona.jpeg\",\"contentUrl\":\"https:\\\/\\\/www.ucm.edu.co\\\/wp-content\\\/uploads\\\/2021\\\/08\\\/orden_ucm_oden_hermanas_dominicas_silvio_cardona.jpeg\",\"width\":646,\"height\":401,\"caption\":\"Entrega de Reconocimientos P\u00f3stumos a Silvio Cardona Gonz\u00e1lez\"},{\"@type\":\"BreadcrumbList\",\"@id\":\"https:\\\/\\\/www.ucm.edu.co\\\/se-otorgo-orden-ucm-y-orden-hermanas-dominicas-de-la-presentacion-a-silvio-cardona-gonzalez\\\/#breadcrumb\",\"itemListElement\":[{\"@type\":\"ListItem\",\"position\":1,\"name\":\"Portada\",\"item\":\"https:\\\/\\\/www.ucm.edu.co\\\/\"},{\"@type\":\"ListItem\",\"position\":2,\"name\":\"Se otorg\u00f3 Orden UCM y Orden Hermanas Dominicas de la Presentaci\u00f3n a Silvio Cardona Gonz\u00e1lez\"}]},{\"@type\":\"WebSite\",\"@id\":\"https:\\\/\\\/www.ucm.edu.co\\\/#website\",\"url\":\"https:\\\/\\\/www.ucm.edu.co\\\/\",\"name\":\"UCM - Universidad Cat\u00f3lica de Manizales\",\"description\":\"Ven a ser quien quieres ser\",\"publisher\":{\"@id\":\"https:\\\/\\\/www.ucm.edu.co\\\/#organization\"},\"alternateName\":\"UCM\",\"potentialAction\":[{\"@type\":\"SearchAction\",\"target\":{\"@type\":\"EntryPoint\",\"urlTemplate\":\"https:\\\/\\\/www.ucm.edu.co\\\/?s={search_term_string}\"},\"query-input\":{\"@type\":\"PropertyValueSpecification\",\"valueRequired\":true,\"valueName\":\"search_term_string\"}}],\"inLanguage\":\"en-US\"},{\"@type\":\"Organization\",\"@id\":\"https:\\\/\\\/www.ucm.edu.co\\\/#organization\",\"name\":\"Universidad Cat\u00f3lica de Manizales\",\"alternateName\":\"UCM\",\"url\":\"https:\\\/\\\/www.ucm.edu.co\\\/\",\"logo\":{\"@type\":\"ImageObject\",\"inLanguage\":\"en-US\",\"@id\":\"https:\\\/\\\/www.ucm.edu.co\\\/#\\\/schema\\\/logo\\\/image\\\/\",\"url\":\"https:\\\/\\\/www.ucm.edu.co\\\/wp-content\\\/uploads\\\/2021\\\/03\\\/favicon_ucm.png\",\"contentUrl\":\"https:\\\/\\\/www.ucm.edu.co\\\/wp-content\\\/uploads\\\/2021\\\/03\\\/favicon_ucm.png\",\"width\":512,\"height\":512,\"caption\":\"Universidad Cat\u00f3lica de Manizales\"},\"image\":{\"@id\":\"https:\\\/\\\/www.ucm.edu.co\\\/#\\\/schema\\\/logo\\\/image\\\/\"},\"sameAs\":[\"https:\\\/\\\/www.facebook.com\\\/ucatolicamanizales\",\"https:\\\/\\\/x.com\\\/ucm_manizales\",\"https:\\\/\\\/www.instagram.com\\\/ucatolicamanizales\\\/\",\"https:\\\/\\\/co.linkedin.com\\\/school\\\/ucatolicamanizales\\\/\",\"https:\\\/\\\/www.youtube.com\\\/user\\\/UCMtelevision\"]},{\"@type\":\"Person\",\"@id\":\"https:\\\/\\\/www.ucm.edu.co\\\/#\\\/schema\\\/person\\\/52f5e2d6835d561911c3d6866e61cd5f\",\"name\":\"Marca UCM\",\"image\":{\"@type\":\"ImageObject\",\"inLanguage\":\"en-US\",\"@id\":\"https:\\\/\\\/secure.gravatar.com\\\/avatar\\\/299dbea677535d5ebf1e551d7096494f841ea22510b872bc8e72334b8a3b3e49?s=96&d=mm&r=g\",\"url\":\"https:\\\/\\\/secure.gravatar.com\\\/avatar\\\/299dbea677535d5ebf1e551d7096494f841ea22510b872bc8e72334b8a3b3e49?s=96&d=mm&r=g\",\"contentUrl\":\"https:\\\/\\\/secure.gravatar.com\\\/avatar\\\/299dbea677535d5ebf1e551d7096494f841ea22510b872bc8e72334b8a3b3e49?s=96&d=mm&r=g\",\"caption\":\"Marca UCM\"},\"url\":\"https:\\\/\\\/www.ucm.edu.co\\\/en\\\/author\\\/marca\\\/\"}]}<\/script>\n<!-- \/ Yoast SEO plugin. -->","yoast_head_json":{"title":"UCM - Universidad Cat\u00f3lica de Manizales","robots":{"index":"index","follow":"follow","max-snippet":"max-snippet:-1","max-image-preview":"max-image-preview:large","max-video-preview":"max-video-preview:-1"},"canonical":"https:\/\/www.ucm.edu.co\/en\/se-otorgo-orden-ucm-y-orden-hermanas-dominicas-de-la-presentacion-a-silvio-cardona-gonzalez\/","og_locale":"en_US","og_type":"article","og_title":"UCM - Universidad Cat\u00f3lica de Manizales","og_description":"Durante la ceremonia de exequias del Doctor Silvio Cardona, se entreg\u00f3 la Orden Universidad Cat\u00f3lica de Manizales y la\u00a0Orden Hermanas Dominicas de la Presentaci\u00f3n de la Sant\u00edsima Virgen a un Graduado Destacado de la UCM.","og_url":"https:\/\/www.ucm.edu.co\/en\/se-otorgo-orden-ucm-y-orden-hermanas-dominicas-de-la-presentacion-a-silvio-cardona-gonzalez\/","og_site_name":"UCM - Universidad Cat\u00f3lica de Manizales","article_publisher":"https:\/\/www.facebook.com\/ucatolicamanizales","article_published_time":"2021-08-12T12:56:00+00:00","article_modified_time":"2021-08-24T13:01:03+00:00","og_image":[{"width":646,"height":401,"url":"https:\/\/www.ucm.edu.co\/wp-content\/uploads\/2021\/08\/orden_ucm_oden_hermanas_dominicas_silvio_cardona.jpeg","type":"image\/jpeg"}],"author":"Marca UCM","twitter_card":"summary_large_image","twitter_creator":"@ucm_manizales","twitter_site":"@ucm_manizales","twitter_misc":{"Written by":"Marca UCM","Est. reading time":"6 minutes"},"schema":{"@context":"https:\/\/schema.org","@graph":[{"@type":"Article","@id":"https:\/\/www.ucm.edu.co\/se-otorgo-orden-ucm-y-orden-hermanas-dominicas-de-la-presentacion-a-silvio-cardona-gonzalez\/#article","isPartOf":{"@id":"https:\/\/www.ucm.edu.co\/se-otorgo-orden-ucm-y-orden-hermanas-dominicas-de-la-presentacion-a-silvio-cardona-gonzalez\/"},"author":{"name":"Marca UCM","@id":"https:\/\/www.ucm.edu.co\/#\/schema\/person\/52f5e2d6835d561911c3d6866e61cd5f"},"headline":"Se otorg\u00f3 Orden UCM y Orden Hermanas Dominicas de la Presentaci\u00f3n a Silvio Cardona Gonz\u00e1lez","datePublished":"2021-08-12T12:56:00+00:00","dateModified":"2021-08-24T13:01:03+00:00","mainEntityOfPage":{"@id":"https:\/\/www.ucm.edu.co\/se-otorgo-orden-ucm-y-orden-hermanas-dominicas-de-la-presentacion-a-silvio-cardona-gonzalez\/"},"wordCount":1184,"commentCount":0,"publisher":{"@id":"https:\/\/www.ucm.edu.co\/#organization"},"image":{"@id":"https:\/\/www.ucm.edu.co\/se-otorgo-orden-ucm-y-orden-hermanas-dominicas-de-la-presentacion-a-silvio-cardona-gonzalez\/#primaryimage"},"thumbnailUrl":"https:\/\/www.ucm.edu.co\/wp-content\/uploads\/2021\/08\/orden_ucm_oden_hermanas_dominicas_silvio_cardona.jpeg","keywords":["Silvio Cardona Gonz\u00e1lez","UCM","Universidad Cat\u00f3lica de Manizales"],"articleSection":["Docencia"],"inLanguage":"en-US","potentialAction":[{"@type":"CommentAction","name":"Comment","target":["https:\/\/www.ucm.edu.co\/se-otorgo-orden-ucm-y-orden-hermanas-dominicas-de-la-presentacion-a-silvio-cardona-gonzalez\/#respond"]}]},{"@type":"WebPage","@id":"https:\/\/www.ucm.edu.co\/se-otorgo-orden-ucm-y-orden-hermanas-dominicas-de-la-presentacion-a-silvio-cardona-gonzalez\/","url":"https:\/\/www.ucm.edu.co\/se-otorgo-orden-ucm-y-orden-hermanas-dominicas-de-la-presentacion-a-silvio-cardona-gonzalez\/","name":"UCM - Universidad Cat\u00f3lica de Manizales","isPartOf":{"@id":"https:\/\/www.ucm.edu.co\/#website"},"primaryImageOfPage":{"@id":"https:\/\/www.ucm.edu.co\/se-otorgo-orden-ucm-y-orden-hermanas-dominicas-de-la-presentacion-a-silvio-cardona-gonzalez\/#primaryimage"},"image":{"@id":"https:\/\/www.ucm.edu.co\/se-otorgo-orden-ucm-y-orden-hermanas-dominicas-de-la-presentacion-a-silvio-cardona-gonzalez\/#primaryimage"},"thumbnailUrl":"https:\/\/www.ucm.edu.co\/wp-content\/uploads\/2021\/08\/orden_ucm_oden_hermanas_dominicas_silvio_cardona.jpeg","datePublished":"2021-08-12T12:56:00+00:00","dateModified":"2021-08-24T13:01:03+00:00","breadcrumb":{"@id":"https:\/\/www.ucm.edu.co\/se-otorgo-orden-ucm-y-orden-hermanas-dominicas-de-la-presentacion-a-silvio-cardona-gonzalez\/#breadcrumb"},"inLanguage":"en-US","potentialAction":[{"@type":"ReadAction","target":["https:\/\/www.ucm.edu.co\/se-otorgo-orden-ucm-y-orden-hermanas-dominicas-de-la-presentacion-a-silvio-cardona-gonzalez\/"]}]},{"@type":"ImageObject","inLanguage":"en-US","@id":"https:\/\/www.ucm.edu.co\/se-otorgo-orden-ucm-y-orden-hermanas-dominicas-de-la-presentacion-a-silvio-cardona-gonzalez\/#primaryimage","url":"https:\/\/www.ucm.edu.co\/wp-content\/uploads\/2021\/08\/orden_ucm_oden_hermanas_dominicas_silvio_cardona.jpeg","contentUrl":"https:\/\/www.ucm.edu.co\/wp-content\/uploads\/2021\/08\/orden_ucm_oden_hermanas_dominicas_silvio_cardona.jpeg","width":646,"height":401,"caption":"Entrega de Reconocimientos P\u00f3stumos a Silvio Cardona Gonz\u00e1lez"},{"@type":"BreadcrumbList","@id":"https:\/\/www.ucm.edu.co\/se-otorgo-orden-ucm-y-orden-hermanas-dominicas-de-la-presentacion-a-silvio-cardona-gonzalez\/#breadcrumb","itemListElement":[{"@type":"ListItem","position":1,"name":"Portada","item":"https:\/\/www.ucm.edu.co\/"},{"@type":"ListItem","position":2,"name":"Se otorg\u00f3 Orden UCM y Orden Hermanas Dominicas de la Presentaci\u00f3n a Silvio Cardona Gonz\u00e1lez"}]},{"@type":"WebSite","@id":"https:\/\/www.ucm.edu.co\/#website","url":"https:\/\/www.ucm.edu.co\/","name":"UCM - Universidad Cat\u00f3lica de Manizales","description":"Ven a ser quien quieres ser","publisher":{"@id":"https:\/\/www.ucm.edu.co\/#organization"},"alternateName":"UCM","potentialAction":[{"@type":"SearchAction","target":{"@type":"EntryPoint","urlTemplate":"https:\/\/www.ucm.edu.co\/?s={search_term_string}"},"query-input":{"@type":"PropertyValueSpecification","valueRequired":true,"valueName":"search_term_string"}}],"inLanguage":"en-US"},{"@type":"Organization","@id":"https:\/\/www.ucm.edu.co\/#organization","name":"Universidad Cat\u00f3lica de Manizales","alternateName":"UCM","url":"https:\/\/www.ucm.edu.co\/","logo":{"@type":"ImageObject","inLanguage":"en-US","@id":"https:\/\/www.ucm.edu.co\/#\/schema\/logo\/image\/","url":"https:\/\/www.ucm.edu.co\/wp-content\/uploads\/2021\/03\/favicon_ucm.png","contentUrl":"https:\/\/www.ucm.edu.co\/wp-content\/uploads\/2021\/03\/favicon_ucm.png","width":512,"height":512,"caption":"Universidad Cat\u00f3lica de Manizales"},"image":{"@id":"https:\/\/www.ucm.edu.co\/#\/schema\/logo\/image\/"},"sameAs":["https:\/\/www.facebook.com\/ucatolicamanizales","https:\/\/x.com\/ucm_manizales","https:\/\/www.instagram.com\/ucatolicamanizales\/","https:\/\/co.linkedin.com\/school\/ucatolicamanizales\/","https:\/\/www.youtube.com\/user\/UCMtelevision"]},{"@type":"Person","@id":"https:\/\/www.ucm.edu.co\/#\/schema\/person\/52f5e2d6835d561911c3d6866e61cd5f","name":"Marca UCM","image":{"@type":"ImageObject","inLanguage":"en-US","@id":"https:\/\/secure.gravatar.com\/avatar\/299dbea677535d5ebf1e551d7096494f841ea22510b872bc8e72334b8a3b3e49?s=96&d=mm&r=g","url":"https:\/\/secure.gravatar.com\/avatar\/299dbea677535d5ebf1e551d7096494f841ea22510b872bc8e72334b8a3b3e49?s=96&d=mm&r=g","contentUrl":"https:\/\/secure.gravatar.com\/avatar\/299dbea677535d5ebf1e551d7096494f841ea22510b872bc8e72334b8a3b3e49?s=96&d=mm&r=g","caption":"Marca UCM"},"url":"https:\/\/www.ucm.edu.co\/en\/author\/marca\/"}]}},"_links":{"self":[{"href":"https:\/\/www.ucm.edu.co\/en\/wp-json\/wp\/v2\/posts\/193796","targetHints":{"allow":["GET"]}}],"collection":[{"href":"https:\/\/www.ucm.edu.co\/en\/wp-json\/wp\/v2\/posts"}],"about":[{"href":"https:\/\/www.ucm.edu.co\/en\/wp-json\/wp\/v2\/types\/post"}],"author":[{"embeddable":true,"href":"https:\/\/www.ucm.edu.co\/en\/wp-json\/wp\/v2\/users\/8"}],"replies":[{"embeddable":true,"href":"https:\/\/www.ucm.edu.co\/en\/wp-json\/wp\/v2\/comments?post=193796"}],"version-history":[{"count":2,"href":"https:\/\/www.ucm.edu.co\/en\/wp-json\/wp\/v2\/posts\/193796\/revisions"}],"predecessor-version":[{"id":193801,"href":"https:\/\/www.ucm.edu.co\/en\/wp-json\/wp\/v2\/posts\/193796\/revisions\/193801"}],"wp:featuredmedia":[{"embeddable":true,"href":"https:\/\/www.ucm.edu.co\/en\/wp-json\/wp\/v2\/media\/193797"}],"wp:attachment":[{"href":"https:\/\/www.ucm.edu.co\/en\/wp-json\/wp\/v2\/media?parent=193796"}],"wp:term":[{"taxonomy":"category","embeddable":true,"href":"https:\/\/www.ucm.edu.co\/en\/wp-json\/wp\/v2\/categories?post=193796"},{"taxonomy":"post_tag","embeddable":true,"href":"https:\/\/www.ucm.edu.co\/en\/wp-json\/wp\/v2\/tags?post=193796"}],"curies":[{"name":"wp","href":"https:\/\/api.w.org\/{rel}","templated":true}]}}