{"id":193787,"date":"2021-08-12T07:44:00","date_gmt":"2021-08-12T12:44:00","guid":{"rendered":"https:\/\/www.ucm.edu.co\/?p=193787"},"modified":"2021-09-07T08:36:25","modified_gmt":"2021-09-07T13:36:25","slug":"se-realizo-el-acto-de-instalacion-de-las-jornadas-democraticas","status":"publish","type":"post","link":"https:\/\/www.ucm.edu.co\/en\/se-realizo-el-acto-de-instalacion-de-las-jornadas-democraticas\/","title":{"rendered":"Se realiz\u00f3 el acto de Instalaci\u00f3n de las Jornadas Democr\u00e1ticas"},"content":{"rendered":"<figure class=\"wp-block-image size-full\"><img loading=\"lazy\" decoding=\"async\" width=\"1366\" height=\"768\" src=\"https:\/\/www.ucm.edu.co\/wp-content\/uploads\/2021\/08\/Foto-Instalacion-Jornada-Democratica.jpg\" alt=\"Instalaci\u00f3n Jornadas Democr\u00e1ticas 2021\" class=\"wp-image-193788\"\/><\/figure>\n\n\n\n<p class=\"wp-block-paragraph\">Formalmente se hizo la instalaci\u00f3n de las Jornadas Democr\u00e1ticas UCM.&nbsp; El Acto especial se realiz\u00f3 este mi\u00e9rcoles 11 de agosto a las 10 a.m., de manera presencial en la Plazoleta de la Universidad, y con una masiva participaci\u00f3n a trav\u00e9s de las transmisi\u00f3n especial realizada en el Facebook Universidad Cat\u00f3lica de Manizales:<\/p>\n\n\n\n<figure class=\"wp-block-embed\"><div class=\"wp-block-embed__wrapper\">\nhttps:\/\/www.facebook.com\/ucatolicamanizales\/videos\/547472590006461\n<\/div><\/figure>\n\n\n\n<p class=\"wp-block-paragraph\">La ceremonia cont\u00f3 adem\u00e1s con la presencia de la Hermana Gloria Estela Rol\u00f3n, Vicerrectora Acad\u00e9mica, la abogada Catalina Triana Navas, Secretaria General, Edwin Hernando Duque Mesa, docente l\u00edder del proceso de Jornadas Democr\u00e1ticas y la estudiante de la Maestr\u00eda en Memoria y Escenarios Transicionales de la Universidad Cat\u00f3lica de Manizales y la Universidad Cat\u00f3lica de Pereira, Pamela Santa, quien dict\u00f3 la conferencia&nbsp;<em>\u201cLa Experiencia de la Participaci\u00f3n en la Juventud\u201d.<\/em><\/p>\n\n\n\n<figure class=\"wp-block-image size-full\"><img loading=\"lazy\" decoding=\"async\" width=\"1186\" height=\"1280\" src=\"https:\/\/www.ucm.edu.co\/wp-content\/uploads\/2021\/08\/WhatsApp-Image-2021-08-11-at-12.03.07-PM.jpeg\" alt=\"\" class=\"wp-image-193790\"\/><\/figure>\n\n\n\n<figure class=\"wp-block-table tabla_generica is-style-stripes\"><table><tbody><tr><th><strong>Date<\/strong><\/th><th><strong>Actividad<\/strong><\/th><\/tr><tr><td>Mi\u00e9rcoles 11 de agosto de 2021<\/td><td>Instalaci\u00f3n de las Jornadas Democr\u00e1ticas&nbsp;<\/td><\/tr><tr><td>Jueves 12 de agosto de 2021<\/td><td>Apertura inscripci\u00f3n de planchas de candidatos a los diferentes organismos de gobierno y direcci\u00f3n&nbsp;&nbsp;<\/td><\/tr><tr><td>Lunes 30 de agosto de 2021<\/td><td>Cierre de inscripci\u00f3n de candidatos&nbsp;<\/td><\/tr><tr><td><\/td><td><\/td><\/tr><tr><td>Lunes 06 a viernes 09 de septiembre de 2021<\/td><td>Realizaci\u00f3n de los foros con los candidatos al Consejo Superior y Acad\u00e9mico&nbsp;<\/td><\/tr><tr><td>Lunes 13 de septiembre a viernes 17 de septiembre de 2021<\/td><td>Realizaci\u00f3n de los foros con los candidatos a los Consejos de Facultad&nbsp;<\/td><\/tr><tr><td>Mi\u00e9rcoles 22 de septiembre de 2021<\/td><td>Votaciones. Estudiantes de pregrado y posgrado modalidad presencial<\/td><\/tr><tr><td>S\u00e1bado 25 de septiembre de 2021<\/td><td>Votaciones.&nbsp; Estudiantes de pregrado y posgrado de modalidad a distancia.<\/td><\/tr><tr><td>27 a 30 de septiembre de 2021<\/td><td>Publicaci\u00f3n de representantes elegidos a Organismos de Gobierno y de Direcci\u00f3n de la UCM per\u00edodo octubre 2021 a octubre 2023.<\/td><\/tr><tr><td>Lunes 4 de octubre de 2021<\/td><td>&nbsp;Capacitaci\u00f3n a los nuevos representantes a Organismos de Gobierno y de Direcci\u00f3n de la UCM.Por Dra. Catalina Triana Navas. Asesora jur\u00eddica de la Universidad<\/td><\/tr><tr><td>Mi\u00e9rcoles 13 de octubre de 2021<\/td><td>Posesi\u00f3n Organismos de Gobierno<\/td><\/tr><\/tbody><\/table><\/figure>\n\n\n\n<p class=\"wp-block-paragraph\">Toda la informaci\u00f3n sobre las Jornadas Democr\u00e1ticas la pueden encontrar haciendo click&nbsp;<strong><a href=\"https:\/\/www.ucm.edu.co\/en\/jornadas-democraticas\/\" target=\"_blank\" rel=\"noreferrer noopener\">here<\/a><\/strong><\/p>\n\n\n\n<p class=\"wp-block-paragraph\">Para consultas sobre el proceso se pueden comunicar con los siguientes contactos:<\/p>\n\n\n\n<p class=\"wp-block-paragraph\"><strong>Paula Marcela Villada Rend\u00f3n\u00a0<\/strong><br>(6)8933050 Ext. 3201<br>pvillada@ucm.edu.co<br>Hours of operation: Monday to Friday from 7:30 a.m. to 12:00 a.m. and from 2:00 to 6:30 p.m.<\/p>\n\n\n\n<p class=\"wp-block-paragraph\"><strong>Edwin Hernando Duque Meza\u00a0<\/strong><br>Profesor<br>eduque@ucm.edu.co<\/p>","protected":false},"excerpt":{"rendered":"<p>Formalmente se hizo la instalaci\u00f3n de las Jornadas Democr\u00e1ticas UCM.&nbsp; El Acto especial se realiz\u00f3 este mi\u00e9rcoles 11 de agosto a las 10 a.m., de manera presencial en la Plazoleta [&hellip;]<\/p>\n","protected":false},"author":8,"featured_media":193788,"comment_status":"open","ping_status":"open","sticky":false,"template":"","format":"standard","meta":{"_et_pb_use_builder":"","_et_pb_old_content":"","_et_gb_content_width":"","content-type":"","_monsterinsights_skip_tracking":false,"footnotes":""},"categories":[13],"tags":[],"class_list":["post-193787","post","type-post","status-publish","format-standard","has-post-thumbnail","hentry","category-docencia"],"yoast_head":"<!-- This site is optimized with the Yoast SEO plugin v28.1 - https:\/\/yoast.com\/product\/yoast-seo-wordpress\/ -->\n<title>UCM - Universidad Cat\u00f3lica de Manizales<\/title>\n<meta name=\"robots\" content=\"index, follow, max-snippet:-1, max-image-preview:large, max-video-preview:-1\" \/>\n<link rel=\"canonical\" href=\"https:\/\/www.ucm.edu.co\/en\/se-realizo-el-acto-de-instalacion-de-las-jornadas-democraticas\/\" \/>\n<meta property=\"og:locale\" content=\"en_US\" \/>\n<meta property=\"og:type\" content=\"article\" \/>\n<meta property=\"og:title\" content=\"UCM - Universidad Cat\u00f3lica de Manizales\" \/>\n<meta property=\"og:description\" content=\"Formalmente se hizo la instalaci\u00f3n de las Jornadas Democr\u00e1ticas UCM.&nbsp; El Acto especial se realiz\u00f3 este mi\u00e9rcoles 11 de agosto a las 10 a.m., de manera presencial en la Plazoleta [&hellip;]\" \/>\n<meta property=\"og:url\" content=\"https:\/\/www.ucm.edu.co\/en\/se-realizo-el-acto-de-instalacion-de-las-jornadas-democraticas\/\" \/>\n<meta property=\"og:site_name\" content=\"UCM - Universidad Cat\u00f3lica de Manizales\" \/>\n<meta property=\"article:publisher\" content=\"https:\/\/www.facebook.com\/ucatolicamanizales\" \/>\n<meta property=\"article:published_time\" content=\"2021-08-12T12:44:00+00:00\" \/>\n<meta property=\"article:modified_time\" content=\"2021-09-07T13:36:25+00:00\" \/>\n<meta property=\"og:image\" content=\"https:\/\/www.ucm.edu.co\/wp-content\/uploads\/2021\/08\/Foto-Instalacion-Jornada-Democratica.jpg\" \/>\n\t<meta property=\"og:image:width\" content=\"1366\" \/>\n\t<meta property=\"og:image:height\" content=\"768\" \/>\n\t<meta property=\"og:image:type\" content=\"image\/jpeg\" \/>\n<meta name=\"author\" content=\"Marca UCM\" \/>\n<meta name=\"twitter:card\" content=\"summary_large_image\" \/>\n<meta name=\"twitter:creator\" content=\"@ucm_manizales\" \/>\n<meta name=\"twitter:site\" content=\"@ucm_manizales\" \/>\n<meta name=\"twitter:label1\" content=\"Written by\" \/>\n\t<meta name=\"twitter:data1\" content=\"Marca UCM\" \/>\n\t<meta name=\"twitter:label2\" content=\"Est. reading time\" \/>\n\t<meta name=\"twitter:data2\" content=\"2 minutes\" \/>\n<script type=\"application\/ld+json\" class=\"yoast-schema-graph\">{\"@context\":\"https:\\\/\\\/schema.org\",\"@graph\":[{\"@type\":\"Article\",\"@id\":\"https:\\\/\\\/www.ucm.edu.co\\\/se-realizo-el-acto-de-instalacion-de-las-jornadas-democraticas\\\/#article\",\"isPartOf\":{\"@id\":\"https:\\\/\\\/www.ucm.edu.co\\\/se-realizo-el-acto-de-instalacion-de-las-jornadas-democraticas\\\/\"},\"author\":{\"name\":\"Marca UCM\",\"@id\":\"https:\\\/\\\/www.ucm.edu.co\\\/#\\\/schema\\\/person\\\/52f5e2d6835d561911c3d6866e61cd5f\"},\"headline\":\"Se realiz\u00f3 el acto de Instalaci\u00f3n de las Jornadas Democr\u00e1ticas\",\"datePublished\":\"2021-08-12T12:44:00+00:00\",\"dateModified\":\"2021-09-07T13:36:25+00:00\",\"mainEntityOfPage\":{\"@id\":\"https:\\\/\\\/www.ucm.edu.co\\\/se-realizo-el-acto-de-instalacion-de-las-jornadas-democraticas\\\/\"},\"wordCount\":407,\"commentCount\":0,\"publisher\":{\"@id\":\"https:\\\/\\\/www.ucm.edu.co\\\/#organization\"},\"image\":{\"@id\":\"https:\\\/\\\/www.ucm.edu.co\\\/se-realizo-el-acto-de-instalacion-de-las-jornadas-democraticas\\\/#primaryimage\"},\"thumbnailUrl\":\"https:\\\/\\\/www.ucm.edu.co\\\/wp-content\\\/uploads\\\/2021\\\/08\\\/Foto-Instalacion-Jornada-Democratica.jpg\",\"articleSection\":[\"Docencia\"],\"inLanguage\":\"en-US\",\"potentialAction\":[{\"@type\":\"CommentAction\",\"name\":\"Comment\",\"target\":[\"https:\\\/\\\/www.ucm.edu.co\\\/se-realizo-el-acto-de-instalacion-de-las-jornadas-democraticas\\\/#respond\"]}]},{\"@type\":\"WebPage\",\"@id\":\"https:\\\/\\\/www.ucm.edu.co\\\/se-realizo-el-acto-de-instalacion-de-las-jornadas-democraticas\\\/\",\"url\":\"https:\\\/\\\/www.ucm.edu.co\\\/se-realizo-el-acto-de-instalacion-de-las-jornadas-democraticas\\\/\",\"name\":\"UCM - Universidad Cat\u00f3lica de Manizales\",\"isPartOf\":{\"@id\":\"https:\\\/\\\/www.ucm.edu.co\\\/#website\"},\"primaryImageOfPage\":{\"@id\":\"https:\\\/\\\/www.ucm.edu.co\\\/se-realizo-el-acto-de-instalacion-de-las-jornadas-democraticas\\\/#primaryimage\"},\"image\":{\"@id\":\"https:\\\/\\\/www.ucm.edu.co\\\/se-realizo-el-acto-de-instalacion-de-las-jornadas-democraticas\\\/#primaryimage\"},\"thumbnailUrl\":\"https:\\\/\\\/www.ucm.edu.co\\\/wp-content\\\/uploads\\\/2021\\\/08\\\/Foto-Instalacion-Jornada-Democratica.jpg\",\"datePublished\":\"2021-08-12T12:44:00+00:00\",\"dateModified\":\"2021-09-07T13:36:25+00:00\",\"breadcrumb\":{\"@id\":\"https:\\\/\\\/www.ucm.edu.co\\\/se-realizo-el-acto-de-instalacion-de-las-jornadas-democraticas\\\/#breadcrumb\"},\"inLanguage\":\"en-US\",\"potentialAction\":[{\"@type\":\"ReadAction\",\"target\":[\"https:\\\/\\\/www.ucm.edu.co\\\/se-realizo-el-acto-de-instalacion-de-las-jornadas-democraticas\\\/\"]}]},{\"@type\":\"ImageObject\",\"inLanguage\":\"en-US\",\"@id\":\"https:\\\/\\\/www.ucm.edu.co\\\/se-realizo-el-acto-de-instalacion-de-las-jornadas-democraticas\\\/#primaryimage\",\"url\":\"https:\\\/\\\/www.ucm.edu.co\\\/wp-content\\\/uploads\\\/2021\\\/08\\\/Foto-Instalacion-Jornada-Democratica.jpg\",\"contentUrl\":\"https:\\\/\\\/www.ucm.edu.co\\\/wp-content\\\/uploads\\\/2021\\\/08\\\/Foto-Instalacion-Jornada-Democratica.jpg\",\"width\":1366,\"height\":768,\"caption\":\"Instalaci\u00f3n Jornadas Democr\u00e1ticas 2021\"},{\"@type\":\"BreadcrumbList\",\"@id\":\"https:\\\/\\\/www.ucm.edu.co\\\/se-realizo-el-acto-de-instalacion-de-las-jornadas-democraticas\\\/#breadcrumb\",\"itemListElement\":[{\"@type\":\"ListItem\",\"position\":1,\"name\":\"Portada\",\"item\":\"https:\\\/\\\/www.ucm.edu.co\\\/\"},{\"@type\":\"ListItem\",\"position\":2,\"name\":\"Se realiz\u00f3 el acto de Instalaci\u00f3n de las Jornadas Democr\u00e1ticas\"}]},{\"@type\":\"WebSite\",\"@id\":\"https:\\\/\\\/www.ucm.edu.co\\\/#website\",\"url\":\"https:\\\/\\\/www.ucm.edu.co\\\/\",\"name\":\"UCM - Universidad Cat\u00f3lica de Manizales\",\"description\":\"Ven a ser quien quieres ser\",\"publisher\":{\"@id\":\"https:\\\/\\\/www.ucm.edu.co\\\/#organization\"},\"alternateName\":\"UCM\",\"potentialAction\":[{\"@type\":\"SearchAction\",\"target\":{\"@type\":\"EntryPoint\",\"urlTemplate\":\"https:\\\/\\\/www.ucm.edu.co\\\/?s={search_term_string}\"},\"query-input\":{\"@type\":\"PropertyValueSpecification\",\"valueRequired\":true,\"valueName\":\"search_term_string\"}}],\"inLanguage\":\"en-US\"},{\"@type\":\"Organization\",\"@id\":\"https:\\\/\\\/www.ucm.edu.co\\\/#organization\",\"name\":\"Universidad Cat\u00f3lica de Manizales\",\"alternateName\":\"UCM\",\"url\":\"https:\\\/\\\/www.ucm.edu.co\\\/\",\"logo\":{\"@type\":\"ImageObject\",\"inLanguage\":\"en-US\",\"@id\":\"https:\\\/\\\/www.ucm.edu.co\\\/#\\\/schema\\\/logo\\\/image\\\/\",\"url\":\"https:\\\/\\\/www.ucm.edu.co\\\/wp-content\\\/uploads\\\/2021\\\/03\\\/favicon_ucm.png\",\"contentUrl\":\"https:\\\/\\\/www.ucm.edu.co\\\/wp-content\\\/uploads\\\/2021\\\/03\\\/favicon_ucm.png\",\"width\":512,\"height\":512,\"caption\":\"Universidad Cat\u00f3lica de Manizales\"},\"image\":{\"@id\":\"https:\\\/\\\/www.ucm.edu.co\\\/#\\\/schema\\\/logo\\\/image\\\/\"},\"sameAs\":[\"https:\\\/\\\/www.facebook.com\\\/ucatolicamanizales\",\"https:\\\/\\\/x.com\\\/ucm_manizales\",\"https:\\\/\\\/www.instagram.com\\\/ucatolicamanizales\\\/\",\"https:\\\/\\\/co.linkedin.com\\\/school\\\/ucatolicamanizales\\\/\",\"https:\\\/\\\/www.youtube.com\\\/user\\\/UCMtelevision\"]},{\"@type\":\"Person\",\"@id\":\"https:\\\/\\\/www.ucm.edu.co\\\/#\\\/schema\\\/person\\\/52f5e2d6835d561911c3d6866e61cd5f\",\"name\":\"Marca UCM\",\"image\":{\"@type\":\"ImageObject\",\"inLanguage\":\"en-US\",\"@id\":\"https:\\\/\\\/secure.gravatar.com\\\/avatar\\\/299dbea677535d5ebf1e551d7096494f841ea22510b872bc8e72334b8a3b3e49?s=96&d=mm&r=g\",\"url\":\"https:\\\/\\\/secure.gravatar.com\\\/avatar\\\/299dbea677535d5ebf1e551d7096494f841ea22510b872bc8e72334b8a3b3e49?s=96&d=mm&r=g\",\"contentUrl\":\"https:\\\/\\\/secure.gravatar.com\\\/avatar\\\/299dbea677535d5ebf1e551d7096494f841ea22510b872bc8e72334b8a3b3e49?s=96&d=mm&r=g\",\"caption\":\"Marca UCM\"},\"url\":\"https:\\\/\\\/www.ucm.edu.co\\\/en\\\/author\\\/marca\\\/\"}]}<\/script>\n<!-- \/ Yoast SEO plugin. -->","yoast_head_json":{"title":"UCM - Universidad Cat\u00f3lica de Manizales","robots":{"index":"index","follow":"follow","max-snippet":"max-snippet:-1","max-image-preview":"max-image-preview:large","max-video-preview":"max-video-preview:-1"},"canonical":"https:\/\/www.ucm.edu.co\/en\/se-realizo-el-acto-de-instalacion-de-las-jornadas-democraticas\/","og_locale":"en_US","og_type":"article","og_title":"UCM - Universidad Cat\u00f3lica de Manizales","og_description":"Formalmente se hizo la instalaci\u00f3n de las Jornadas Democr\u00e1ticas UCM.&nbsp; El Acto especial se realiz\u00f3 este mi\u00e9rcoles 11 de agosto a las 10 a.m., de manera presencial en la Plazoleta [&hellip;]","og_url":"https:\/\/www.ucm.edu.co\/en\/se-realizo-el-acto-de-instalacion-de-las-jornadas-democraticas\/","og_site_name":"UCM - Universidad Cat\u00f3lica de Manizales","article_publisher":"https:\/\/www.facebook.com\/ucatolicamanizales","article_published_time":"2021-08-12T12:44:00+00:00","article_modified_time":"2021-09-07T13:36:25+00:00","og_image":[{"width":1366,"height":768,"url":"https:\/\/www.ucm.edu.co\/wp-content\/uploads\/2021\/08\/Foto-Instalacion-Jornada-Democratica.jpg","type":"image\/jpeg"}],"author":"Marca UCM","twitter_card":"summary_large_image","twitter_creator":"@ucm_manizales","twitter_site":"@ucm_manizales","twitter_misc":{"Written by":"Marca UCM","Est. reading time":"2 minutes"},"schema":{"@context":"https:\/\/schema.org","@graph":[{"@type":"Article","@id":"https:\/\/www.ucm.edu.co\/se-realizo-el-acto-de-instalacion-de-las-jornadas-democraticas\/#article","isPartOf":{"@id":"https:\/\/www.ucm.edu.co\/se-realizo-el-acto-de-instalacion-de-las-jornadas-democraticas\/"},"author":{"name":"Marca UCM","@id":"https:\/\/www.ucm.edu.co\/#\/schema\/person\/52f5e2d6835d561911c3d6866e61cd5f"},"headline":"Se realiz\u00f3 el acto de Instalaci\u00f3n de las Jornadas Democr\u00e1ticas","datePublished":"2021-08-12T12:44:00+00:00","dateModified":"2021-09-07T13:36:25+00:00","mainEntityOfPage":{"@id":"https:\/\/www.ucm.edu.co\/se-realizo-el-acto-de-instalacion-de-las-jornadas-democraticas\/"},"wordCount":407,"commentCount":0,"publisher":{"@id":"https:\/\/www.ucm.edu.co\/#organization"},"image":{"@id":"https:\/\/www.ucm.edu.co\/se-realizo-el-acto-de-instalacion-de-las-jornadas-democraticas\/#primaryimage"},"thumbnailUrl":"https:\/\/www.ucm.edu.co\/wp-content\/uploads\/2021\/08\/Foto-Instalacion-Jornada-Democratica.jpg","articleSection":["Docencia"],"inLanguage":"en-US","potentialAction":[{"@type":"CommentAction","name":"Comment","target":["https:\/\/www.ucm.edu.co\/se-realizo-el-acto-de-instalacion-de-las-jornadas-democraticas\/#respond"]}]},{"@type":"WebPage","@id":"https:\/\/www.ucm.edu.co\/se-realizo-el-acto-de-instalacion-de-las-jornadas-democraticas\/","url":"https:\/\/www.ucm.edu.co\/se-realizo-el-acto-de-instalacion-de-las-jornadas-democraticas\/","name":"UCM - Universidad Cat\u00f3lica de Manizales","isPartOf":{"@id":"https:\/\/www.ucm.edu.co\/#website"},"primaryImageOfPage":{"@id":"https:\/\/www.ucm.edu.co\/se-realizo-el-acto-de-instalacion-de-las-jornadas-democraticas\/#primaryimage"},"image":{"@id":"https:\/\/www.ucm.edu.co\/se-realizo-el-acto-de-instalacion-de-las-jornadas-democraticas\/#primaryimage"},"thumbnailUrl":"https:\/\/www.ucm.edu.co\/wp-content\/uploads\/2021\/08\/Foto-Instalacion-Jornada-Democratica.jpg","datePublished":"2021-08-12T12:44:00+00:00","dateModified":"2021-09-07T13:36:25+00:00","breadcrumb":{"@id":"https:\/\/www.ucm.edu.co\/se-realizo-el-acto-de-instalacion-de-las-jornadas-democraticas\/#breadcrumb"},"inLanguage":"en-US","potentialAction":[{"@type":"ReadAction","target":["https:\/\/www.ucm.edu.co\/se-realizo-el-acto-de-instalacion-de-las-jornadas-democraticas\/"]}]},{"@type":"ImageObject","inLanguage":"en-US","@id":"https:\/\/www.ucm.edu.co\/se-realizo-el-acto-de-instalacion-de-las-jornadas-democraticas\/#primaryimage","url":"https:\/\/www.ucm.edu.co\/wp-content\/uploads\/2021\/08\/Foto-Instalacion-Jornada-Democratica.jpg","contentUrl":"https:\/\/www.ucm.edu.co\/wp-content\/uploads\/2021\/08\/Foto-Instalacion-Jornada-Democratica.jpg","width":1366,"height":768,"caption":"Instalaci\u00f3n Jornadas Democr\u00e1ticas 2021"},{"@type":"BreadcrumbList","@id":"https:\/\/www.ucm.edu.co\/se-realizo-el-acto-de-instalacion-de-las-jornadas-democraticas\/#breadcrumb","itemListElement":[{"@type":"ListItem","position":1,"name":"Portada","item":"https:\/\/www.ucm.edu.co\/"},{"@type":"ListItem","position":2,"name":"Se realiz\u00f3 el acto de Instalaci\u00f3n de las Jornadas Democr\u00e1ticas"}]},{"@type":"WebSite","@id":"https:\/\/www.ucm.edu.co\/#website","url":"https:\/\/www.ucm.edu.co\/","name":"UCM - Universidad Cat\u00f3lica de Manizales","description":"Ven a ser quien quieres ser","publisher":{"@id":"https:\/\/www.ucm.edu.co\/#organization"},"alternateName":"UCM","potentialAction":[{"@type":"SearchAction","target":{"@type":"EntryPoint","urlTemplate":"https:\/\/www.ucm.edu.co\/?s={search_term_string}"},"query-input":{"@type":"PropertyValueSpecification","valueRequired":true,"valueName":"search_term_string"}}],"inLanguage":"en-US"},{"@type":"Organization","@id":"https:\/\/www.ucm.edu.co\/#organization","name":"Universidad Cat\u00f3lica de Manizales","alternateName":"UCM","url":"https:\/\/www.ucm.edu.co\/","logo":{"@type":"ImageObject","inLanguage":"en-US","@id":"https:\/\/www.ucm.edu.co\/#\/schema\/logo\/image\/","url":"https:\/\/www.ucm.edu.co\/wp-content\/uploads\/2021\/03\/favicon_ucm.png","contentUrl":"https:\/\/www.ucm.edu.co\/wp-content\/uploads\/2021\/03\/favicon_ucm.png","width":512,"height":512,"caption":"Universidad Cat\u00f3lica de Manizales"},"image":{"@id":"https:\/\/www.ucm.edu.co\/#\/schema\/logo\/image\/"},"sameAs":["https:\/\/www.facebook.com\/ucatolicamanizales","https:\/\/x.com\/ucm_manizales","https:\/\/www.instagram.com\/ucatolicamanizales\/","https:\/\/co.linkedin.com\/school\/ucatolicamanizales\/","https:\/\/www.youtube.com\/user\/UCMtelevision"]},{"@type":"Person","@id":"https:\/\/www.ucm.edu.co\/#\/schema\/person\/52f5e2d6835d561911c3d6866e61cd5f","name":"Marca UCM","image":{"@type":"ImageObject","inLanguage":"en-US","@id":"https:\/\/secure.gravatar.com\/avatar\/299dbea677535d5ebf1e551d7096494f841ea22510b872bc8e72334b8a3b3e49?s=96&d=mm&r=g","url":"https:\/\/secure.gravatar.com\/avatar\/299dbea677535d5ebf1e551d7096494f841ea22510b872bc8e72334b8a3b3e49?s=96&d=mm&r=g","contentUrl":"https:\/\/secure.gravatar.com\/avatar\/299dbea677535d5ebf1e551d7096494f841ea22510b872bc8e72334b8a3b3e49?s=96&d=mm&r=g","caption":"Marca UCM"},"url":"https:\/\/www.ucm.edu.co\/en\/author\/marca\/"}]}},"_links":{"self":[{"href":"https:\/\/www.ucm.edu.co\/en\/wp-json\/wp\/v2\/posts\/193787","targetHints":{"allow":["GET"]}}],"collection":[{"href":"https:\/\/www.ucm.edu.co\/en\/wp-json\/wp\/v2\/posts"}],"about":[{"href":"https:\/\/www.ucm.edu.co\/en\/wp-json\/wp\/v2\/types\/post"}],"author":[{"embeddable":true,"href":"https:\/\/www.ucm.edu.co\/en\/wp-json\/wp\/v2\/users\/8"}],"replies":[{"embeddable":true,"href":"https:\/\/www.ucm.edu.co\/en\/wp-json\/wp\/v2\/comments?post=193787"}],"version-history":[{"count":5,"href":"https:\/\/www.ucm.edu.co\/en\/wp-json\/wp\/v2\/posts\/193787\/revisions"}],"predecessor-version":[{"id":194183,"href":"https:\/\/www.ucm.edu.co\/en\/wp-json\/wp\/v2\/posts\/193787\/revisions\/194183"}],"wp:featuredmedia":[{"embeddable":true,"href":"https:\/\/www.ucm.edu.co\/en\/wp-json\/wp\/v2\/media\/193788"}],"wp:attachment":[{"href":"https:\/\/www.ucm.edu.co\/en\/wp-json\/wp\/v2\/media?parent=193787"}],"wp:term":[{"taxonomy":"category","embeddable":true,"href":"https:\/\/www.ucm.edu.co\/en\/wp-json\/wp\/v2\/categories?post=193787"},{"taxonomy":"post_tag","embeddable":true,"href":"https:\/\/www.ucm.edu.co\/en\/wp-json\/wp\/v2\/tags?post=193787"}],"curies":[{"name":"wp","href":"https:\/\/api.w.org\/{rel}","templated":true}]}}