{"id":193769,"date":"2021-08-09T11:45:00","date_gmt":"2021-08-09T16:45:00","guid":{"rendered":"https:\/\/www.ucm.edu.co\/?p=193769"},"modified":"2021-08-23T11:53:33","modified_gmt":"2021-08-23T16:53:33","slug":"condolencias-por-el-fallecimiento-del-doctor-silvio-cardona-gonzalez","status":"publish","type":"post","link":"https:\/\/www.ucm.edu.co\/en\/condolencias-por-el-fallecimiento-del-doctor-silvio-cardona-gonzalez\/","title":{"rendered":"Condolencias por el fallecimiento del Doctor Silvio Cardona Gonz\u00e1lez"},"content":{"rendered":"<p class=\"wp-block-paragraph\"><strong>Hermana Elizabeth Caicedo Caicedo, rectora Universidad Cat\u00f3lica de Manizales:&nbsp;<\/strong>Para Silvio nuestra eterna gratitud, por ser un regalo de Dios para la UCM.&nbsp; De \u00e9l solo recibimos bondad, amor, sabidur\u00eda.&nbsp; Nosotras las Hermanas Dominicas de la Presentaci\u00f3n, lo sentimos nuestro hermano.&nbsp; &nbsp;Como colaborador reconocemos su amor por la Universidad, por el carisma de la Congregaci\u00f3n, por sus estudiantes.<\/p>\n\n\n\n<p class=\"wp-block-paragraph\">Silvio es el rostro alegre, generoso y fraterno de Dios. Perdemos a un gran acad\u00e9mico, un gran amigo.&nbsp;&nbsp;<strong>\u00a1Ganamos a un \u00e1ngel en el cielo!<\/strong><\/p>\n\n\n\n<p class=\"wp-block-paragraph\">Un abrazo y mi oraci\u00f3n por su familia a quien acompa\u00f1amos en este momento.<\/p>\n\n\n\n<figure class=\"wp-block-image size-full\"><img loading=\"lazy\" decoding=\"async\" width=\"743\" height=\"477\" src=\"https:\/\/www.ucm.edu.co\/wp-content\/uploads\/2021\/08\/Condolencias-Doctor-Silvio-Cardona-Gonzalez-UCM-Intranet.png\" alt=\"\" class=\"wp-image-193773\"\/><\/figure>\n\n\n\n<figure class=\"wp-block-image size-full\"><img loading=\"lazy\" decoding=\"async\" width=\"526\" height=\"527\" src=\"https:\/\/www.ucm.edu.co\/wp-content\/uploads\/2021\/08\/229847576_616404542678603_4731962806288759034_n.jpg\" alt=\"\" class=\"wp-image-193772\"\/><\/figure>","protected":false},"excerpt":{"rendered":"<p>Condolencias por el sensible fallecimiento de nuestro colaborador, el Doctor Silvio Cardona Gonz\u00e1lez.<\/p>","protected":false},"author":8,"featured_media":193770,"comment_status":"open","ping_status":"open","sticky":false,"template":"","format":"standard","meta":{"_et_pb_use_builder":"","_et_pb_old_content":"","_et_gb_content_width":"","content-type":"","_monsterinsights_skip_tracking":false,"footnotes":""},"categories":[13],"tags":[],"class_list":["post-193769","post","type-post","status-publish","format-standard","has-post-thumbnail","hentry","category-docencia"],"yoast_head":"<!-- This site is optimized with the Yoast SEO plugin v28.1 - https:\/\/yoast.com\/product\/yoast-seo-wordpress\/ -->\n<title>UCM - Universidad Cat\u00f3lica de Manizales<\/title>\n<meta name=\"robots\" content=\"index, follow, max-snippet:-1, max-image-preview:large, max-video-preview:-1\" \/>\n<link rel=\"canonical\" href=\"https:\/\/www.ucm.edu.co\/en\/condolencias-por-el-fallecimiento-del-doctor-silvio-cardona-gonzalez\/\" \/>\n<meta property=\"og:locale\" content=\"en_US\" \/>\n<meta property=\"og:type\" content=\"article\" \/>\n<meta property=\"og:title\" content=\"UCM - Universidad Cat\u00f3lica de Manizales\" \/>\n<meta property=\"og:description\" content=\"Condolencias por el sensible fallecimiento de nuestro colaborador, el Doctor Silvio Cardona Gonz\u00e1lez.\" \/>\n<meta property=\"og:url\" content=\"https:\/\/www.ucm.edu.co\/en\/condolencias-por-el-fallecimiento-del-doctor-silvio-cardona-gonzalez\/\" \/>\n<meta property=\"og:site_name\" content=\"UCM - Universidad Cat\u00f3lica de Manizales\" \/>\n<meta property=\"article:publisher\" content=\"https:\/\/www.facebook.com\/ucatolicamanizales\" \/>\n<meta property=\"article:published_time\" content=\"2021-08-09T16:45:00+00:00\" \/>\n<meta property=\"article:modified_time\" content=\"2021-08-23T16:53:33+00:00\" \/>\n<meta property=\"og:image\" content=\"https:\/\/www.ucm.edu.co\/wp-content\/uploads\/2021\/08\/silvio_cardona-Blanco-y-Negro.jpg\" \/>\n\t<meta property=\"og:image:width\" content=\"654\" \/>\n\t<meta property=\"og:image:height\" content=\"367\" \/>\n\t<meta property=\"og:image:type\" content=\"image\/jpeg\" \/>\n<meta name=\"author\" content=\"Marca UCM\" \/>\n<meta name=\"twitter:card\" content=\"summary_large_image\" \/>\n<meta name=\"twitter:creator\" content=\"@ucm_manizales\" \/>\n<meta name=\"twitter:site\" content=\"@ucm_manizales\" \/>\n<meta name=\"twitter:label1\" content=\"Written by\" \/>\n\t<meta name=\"twitter:data1\" content=\"Marca UCM\" \/>\n\t<meta name=\"twitter:label2\" content=\"Est. reading time\" \/>\n\t<meta name=\"twitter:data2\" content=\"1 minute\" \/>\n<script type=\"application\/ld+json\" class=\"yoast-schema-graph\">{\"@context\":\"https:\\\/\\\/schema.org\",\"@graph\":[{\"@type\":\"Article\",\"@id\":\"https:\\\/\\\/www.ucm.edu.co\\\/condolencias-por-el-fallecimiento-del-doctor-silvio-cardona-gonzalez\\\/#article\",\"isPartOf\":{\"@id\":\"https:\\\/\\\/www.ucm.edu.co\\\/condolencias-por-el-fallecimiento-del-doctor-silvio-cardona-gonzalez\\\/\"},\"author\":{\"name\":\"Marca UCM\",\"@id\":\"https:\\\/\\\/www.ucm.edu.co\\\/#\\\/schema\\\/person\\\/52f5e2d6835d561911c3d6866e61cd5f\"},\"headline\":\"Condolencias por el fallecimiento del Doctor Silvio Cardona Gonz\u00e1lez\",\"datePublished\":\"2021-08-09T16:45:00+00:00\",\"dateModified\":\"2021-08-23T16:53:33+00:00\",\"mainEntityOfPage\":{\"@id\":\"https:\\\/\\\/www.ucm.edu.co\\\/condolencias-por-el-fallecimiento-del-doctor-silvio-cardona-gonzalez\\\/\"},\"wordCount\":121,\"commentCount\":0,\"publisher\":{\"@id\":\"https:\\\/\\\/www.ucm.edu.co\\\/#organization\"},\"image\":{\"@id\":\"https:\\\/\\\/www.ucm.edu.co\\\/condolencias-por-el-fallecimiento-del-doctor-silvio-cardona-gonzalez\\\/#primaryimage\"},\"thumbnailUrl\":\"https:\\\/\\\/www.ucm.edu.co\\\/wp-content\\\/uploads\\\/2021\\\/08\\\/silvio_cardona-Blanco-y-Negro.jpg\",\"articleSection\":[\"Docencia\"],\"inLanguage\":\"en-US\",\"potentialAction\":[{\"@type\":\"CommentAction\",\"name\":\"Comment\",\"target\":[\"https:\\\/\\\/www.ucm.edu.co\\\/condolencias-por-el-fallecimiento-del-doctor-silvio-cardona-gonzalez\\\/#respond\"]}]},{\"@type\":\"WebPage\",\"@id\":\"https:\\\/\\\/www.ucm.edu.co\\\/condolencias-por-el-fallecimiento-del-doctor-silvio-cardona-gonzalez\\\/\",\"url\":\"https:\\\/\\\/www.ucm.edu.co\\\/condolencias-por-el-fallecimiento-del-doctor-silvio-cardona-gonzalez\\\/\",\"name\":\"UCM - Universidad Cat\u00f3lica de Manizales\",\"isPartOf\":{\"@id\":\"https:\\\/\\\/www.ucm.edu.co\\\/#website\"},\"primaryImageOfPage\":{\"@id\":\"https:\\\/\\\/www.ucm.edu.co\\\/condolencias-por-el-fallecimiento-del-doctor-silvio-cardona-gonzalez\\\/#primaryimage\"},\"image\":{\"@id\":\"https:\\\/\\\/www.ucm.edu.co\\\/condolencias-por-el-fallecimiento-del-doctor-silvio-cardona-gonzalez\\\/#primaryimage\"},\"thumbnailUrl\":\"https:\\\/\\\/www.ucm.edu.co\\\/wp-content\\\/uploads\\\/2021\\\/08\\\/silvio_cardona-Blanco-y-Negro.jpg\",\"datePublished\":\"2021-08-09T16:45:00+00:00\",\"dateModified\":\"2021-08-23T16:53:33+00:00\",\"breadcrumb\":{\"@id\":\"https:\\\/\\\/www.ucm.edu.co\\\/condolencias-por-el-fallecimiento-del-doctor-silvio-cardona-gonzalez\\\/#breadcrumb\"},\"inLanguage\":\"en-US\",\"potentialAction\":[{\"@type\":\"ReadAction\",\"target\":[\"https:\\\/\\\/www.ucm.edu.co\\\/condolencias-por-el-fallecimiento-del-doctor-silvio-cardona-gonzalez\\\/\"]}]},{\"@type\":\"ImageObject\",\"inLanguage\":\"en-US\",\"@id\":\"https:\\\/\\\/www.ucm.edu.co\\\/condolencias-por-el-fallecimiento-del-doctor-silvio-cardona-gonzalez\\\/#primaryimage\",\"url\":\"https:\\\/\\\/www.ucm.edu.co\\\/wp-content\\\/uploads\\\/2021\\\/08\\\/silvio_cardona-Blanco-y-Negro.jpg\",\"contentUrl\":\"https:\\\/\\\/www.ucm.edu.co\\\/wp-content\\\/uploads\\\/2021\\\/08\\\/silvio_cardona-Blanco-y-Negro.jpg\",\"width\":654,\"height\":367,\"caption\":\"Doctor Silvio Cardona Gonz\u00e1lez\"},{\"@type\":\"BreadcrumbList\",\"@id\":\"https:\\\/\\\/www.ucm.edu.co\\\/condolencias-por-el-fallecimiento-del-doctor-silvio-cardona-gonzalez\\\/#breadcrumb\",\"itemListElement\":[{\"@type\":\"ListItem\",\"position\":1,\"name\":\"Portada\",\"item\":\"https:\\\/\\\/www.ucm.edu.co\\\/\"},{\"@type\":\"ListItem\",\"position\":2,\"name\":\"Condolencias por el fallecimiento del Doctor Silvio Cardona Gonz\u00e1lez\"}]},{\"@type\":\"WebSite\",\"@id\":\"https:\\\/\\\/www.ucm.edu.co\\\/#website\",\"url\":\"https:\\\/\\\/www.ucm.edu.co\\\/\",\"name\":\"UCM - Universidad Cat\u00f3lica de Manizales\",\"description\":\"Ven a ser quien quieres ser\",\"publisher\":{\"@id\":\"https:\\\/\\\/www.ucm.edu.co\\\/#organization\"},\"alternateName\":\"UCM\",\"potentialAction\":[{\"@type\":\"SearchAction\",\"target\":{\"@type\":\"EntryPoint\",\"urlTemplate\":\"https:\\\/\\\/www.ucm.edu.co\\\/?s={search_term_string}\"},\"query-input\":{\"@type\":\"PropertyValueSpecification\",\"valueRequired\":true,\"valueName\":\"search_term_string\"}}],\"inLanguage\":\"en-US\"},{\"@type\":\"Organization\",\"@id\":\"https:\\\/\\\/www.ucm.edu.co\\\/#organization\",\"name\":\"Universidad Cat\u00f3lica de Manizales\",\"alternateName\":\"UCM\",\"url\":\"https:\\\/\\\/www.ucm.edu.co\\\/\",\"logo\":{\"@type\":\"ImageObject\",\"inLanguage\":\"en-US\",\"@id\":\"https:\\\/\\\/www.ucm.edu.co\\\/#\\\/schema\\\/logo\\\/image\\\/\",\"url\":\"https:\\\/\\\/www.ucm.edu.co\\\/wp-content\\\/uploads\\\/2021\\\/03\\\/favicon_ucm.png\",\"contentUrl\":\"https:\\\/\\\/www.ucm.edu.co\\\/wp-content\\\/uploads\\\/2021\\\/03\\\/favicon_ucm.png\",\"width\":512,\"height\":512,\"caption\":\"Universidad Cat\u00f3lica de Manizales\"},\"image\":{\"@id\":\"https:\\\/\\\/www.ucm.edu.co\\\/#\\\/schema\\\/logo\\\/image\\\/\"},\"sameAs\":[\"https:\\\/\\\/www.facebook.com\\\/ucatolicamanizales\",\"https:\\\/\\\/x.com\\\/ucm_manizales\",\"https:\\\/\\\/www.instagram.com\\\/ucatolicamanizales\\\/\",\"https:\\\/\\\/co.linkedin.com\\\/school\\\/ucatolicamanizales\\\/\",\"https:\\\/\\\/www.youtube.com\\\/user\\\/UCMtelevision\"]},{\"@type\":\"Person\",\"@id\":\"https:\\\/\\\/www.ucm.edu.co\\\/#\\\/schema\\\/person\\\/52f5e2d6835d561911c3d6866e61cd5f\",\"name\":\"Marca UCM\",\"image\":{\"@type\":\"ImageObject\",\"inLanguage\":\"en-US\",\"@id\":\"https:\\\/\\\/secure.gravatar.com\\\/avatar\\\/299dbea677535d5ebf1e551d7096494f841ea22510b872bc8e72334b8a3b3e49?s=96&d=mm&r=g\",\"url\":\"https:\\\/\\\/secure.gravatar.com\\\/avatar\\\/299dbea677535d5ebf1e551d7096494f841ea22510b872bc8e72334b8a3b3e49?s=96&d=mm&r=g\",\"contentUrl\":\"https:\\\/\\\/secure.gravatar.com\\\/avatar\\\/299dbea677535d5ebf1e551d7096494f841ea22510b872bc8e72334b8a3b3e49?s=96&d=mm&r=g\",\"caption\":\"Marca UCM\"},\"url\":\"https:\\\/\\\/www.ucm.edu.co\\\/en\\\/author\\\/marca\\\/\"}]}<\/script>\n<!-- \/ Yoast SEO plugin. -->","yoast_head_json":{"title":"UCM - Universidad Cat\u00f3lica de Manizales","robots":{"index":"index","follow":"follow","max-snippet":"max-snippet:-1","max-image-preview":"max-image-preview:large","max-video-preview":"max-video-preview:-1"},"canonical":"https:\/\/www.ucm.edu.co\/en\/condolencias-por-el-fallecimiento-del-doctor-silvio-cardona-gonzalez\/","og_locale":"en_US","og_type":"article","og_title":"UCM - Universidad Cat\u00f3lica de Manizales","og_description":"Condolencias por el sensible fallecimiento de nuestro colaborador, el Doctor Silvio Cardona Gonz\u00e1lez.","og_url":"https:\/\/www.ucm.edu.co\/en\/condolencias-por-el-fallecimiento-del-doctor-silvio-cardona-gonzalez\/","og_site_name":"UCM - Universidad Cat\u00f3lica de Manizales","article_publisher":"https:\/\/www.facebook.com\/ucatolicamanizales","article_published_time":"2021-08-09T16:45:00+00:00","article_modified_time":"2021-08-23T16:53:33+00:00","og_image":[{"width":654,"height":367,"url":"https:\/\/www.ucm.edu.co\/wp-content\/uploads\/2021\/08\/silvio_cardona-Blanco-y-Negro.jpg","type":"image\/jpeg"}],"author":"Marca UCM","twitter_card":"summary_large_image","twitter_creator":"@ucm_manizales","twitter_site":"@ucm_manizales","twitter_misc":{"Written by":"Marca UCM","Est. reading time":"1 minute"},"schema":{"@context":"https:\/\/schema.org","@graph":[{"@type":"Article","@id":"https:\/\/www.ucm.edu.co\/condolencias-por-el-fallecimiento-del-doctor-silvio-cardona-gonzalez\/#article","isPartOf":{"@id":"https:\/\/www.ucm.edu.co\/condolencias-por-el-fallecimiento-del-doctor-silvio-cardona-gonzalez\/"},"author":{"name":"Marca UCM","@id":"https:\/\/www.ucm.edu.co\/#\/schema\/person\/52f5e2d6835d561911c3d6866e61cd5f"},"headline":"Condolencias por el fallecimiento del Doctor Silvio Cardona Gonz\u00e1lez","datePublished":"2021-08-09T16:45:00+00:00","dateModified":"2021-08-23T16:53:33+00:00","mainEntityOfPage":{"@id":"https:\/\/www.ucm.edu.co\/condolencias-por-el-fallecimiento-del-doctor-silvio-cardona-gonzalez\/"},"wordCount":121,"commentCount":0,"publisher":{"@id":"https:\/\/www.ucm.edu.co\/#organization"},"image":{"@id":"https:\/\/www.ucm.edu.co\/condolencias-por-el-fallecimiento-del-doctor-silvio-cardona-gonzalez\/#primaryimage"},"thumbnailUrl":"https:\/\/www.ucm.edu.co\/wp-content\/uploads\/2021\/08\/silvio_cardona-Blanco-y-Negro.jpg","articleSection":["Docencia"],"inLanguage":"en-US","potentialAction":[{"@type":"CommentAction","name":"Comment","target":["https:\/\/www.ucm.edu.co\/condolencias-por-el-fallecimiento-del-doctor-silvio-cardona-gonzalez\/#respond"]}]},{"@type":"WebPage","@id":"https:\/\/www.ucm.edu.co\/condolencias-por-el-fallecimiento-del-doctor-silvio-cardona-gonzalez\/","url":"https:\/\/www.ucm.edu.co\/condolencias-por-el-fallecimiento-del-doctor-silvio-cardona-gonzalez\/","name":"UCM - Universidad Cat\u00f3lica de Manizales","isPartOf":{"@id":"https:\/\/www.ucm.edu.co\/#website"},"primaryImageOfPage":{"@id":"https:\/\/www.ucm.edu.co\/condolencias-por-el-fallecimiento-del-doctor-silvio-cardona-gonzalez\/#primaryimage"},"image":{"@id":"https:\/\/www.ucm.edu.co\/condolencias-por-el-fallecimiento-del-doctor-silvio-cardona-gonzalez\/#primaryimage"},"thumbnailUrl":"https:\/\/www.ucm.edu.co\/wp-content\/uploads\/2021\/08\/silvio_cardona-Blanco-y-Negro.jpg","datePublished":"2021-08-09T16:45:00+00:00","dateModified":"2021-08-23T16:53:33+00:00","breadcrumb":{"@id":"https:\/\/www.ucm.edu.co\/condolencias-por-el-fallecimiento-del-doctor-silvio-cardona-gonzalez\/#breadcrumb"},"inLanguage":"en-US","potentialAction":[{"@type":"ReadAction","target":["https:\/\/www.ucm.edu.co\/condolencias-por-el-fallecimiento-del-doctor-silvio-cardona-gonzalez\/"]}]},{"@type":"ImageObject","inLanguage":"en-US","@id":"https:\/\/www.ucm.edu.co\/condolencias-por-el-fallecimiento-del-doctor-silvio-cardona-gonzalez\/#primaryimage","url":"https:\/\/www.ucm.edu.co\/wp-content\/uploads\/2021\/08\/silvio_cardona-Blanco-y-Negro.jpg","contentUrl":"https:\/\/www.ucm.edu.co\/wp-content\/uploads\/2021\/08\/silvio_cardona-Blanco-y-Negro.jpg","width":654,"height":367,"caption":"Doctor Silvio Cardona Gonz\u00e1lez"},{"@type":"BreadcrumbList","@id":"https:\/\/www.ucm.edu.co\/condolencias-por-el-fallecimiento-del-doctor-silvio-cardona-gonzalez\/#breadcrumb","itemListElement":[{"@type":"ListItem","position":1,"name":"Portada","item":"https:\/\/www.ucm.edu.co\/"},{"@type":"ListItem","position":2,"name":"Condolencias por el fallecimiento del Doctor Silvio Cardona Gonz\u00e1lez"}]},{"@type":"WebSite","@id":"https:\/\/www.ucm.edu.co\/#website","url":"https:\/\/www.ucm.edu.co\/","name":"UCM - Universidad Cat\u00f3lica de Manizales","description":"Ven a ser quien quieres ser","publisher":{"@id":"https:\/\/www.ucm.edu.co\/#organization"},"alternateName":"UCM","potentialAction":[{"@type":"SearchAction","target":{"@type":"EntryPoint","urlTemplate":"https:\/\/www.ucm.edu.co\/?s={search_term_string}"},"query-input":{"@type":"PropertyValueSpecification","valueRequired":true,"valueName":"search_term_string"}}],"inLanguage":"en-US"},{"@type":"Organization","@id":"https:\/\/www.ucm.edu.co\/#organization","name":"Universidad Cat\u00f3lica de Manizales","alternateName":"UCM","url":"https:\/\/www.ucm.edu.co\/","logo":{"@type":"ImageObject","inLanguage":"en-US","@id":"https:\/\/www.ucm.edu.co\/#\/schema\/logo\/image\/","url":"https:\/\/www.ucm.edu.co\/wp-content\/uploads\/2021\/03\/favicon_ucm.png","contentUrl":"https:\/\/www.ucm.edu.co\/wp-content\/uploads\/2021\/03\/favicon_ucm.png","width":512,"height":512,"caption":"Universidad Cat\u00f3lica de Manizales"},"image":{"@id":"https:\/\/www.ucm.edu.co\/#\/schema\/logo\/image\/"},"sameAs":["https:\/\/www.facebook.com\/ucatolicamanizales","https:\/\/x.com\/ucm_manizales","https:\/\/www.instagram.com\/ucatolicamanizales\/","https:\/\/co.linkedin.com\/school\/ucatolicamanizales\/","https:\/\/www.youtube.com\/user\/UCMtelevision"]},{"@type":"Person","@id":"https:\/\/www.ucm.edu.co\/#\/schema\/person\/52f5e2d6835d561911c3d6866e61cd5f","name":"Marca UCM","image":{"@type":"ImageObject","inLanguage":"en-US","@id":"https:\/\/secure.gravatar.com\/avatar\/299dbea677535d5ebf1e551d7096494f841ea22510b872bc8e72334b8a3b3e49?s=96&d=mm&r=g","url":"https:\/\/secure.gravatar.com\/avatar\/299dbea677535d5ebf1e551d7096494f841ea22510b872bc8e72334b8a3b3e49?s=96&d=mm&r=g","contentUrl":"https:\/\/secure.gravatar.com\/avatar\/299dbea677535d5ebf1e551d7096494f841ea22510b872bc8e72334b8a3b3e49?s=96&d=mm&r=g","caption":"Marca UCM"},"url":"https:\/\/www.ucm.edu.co\/en\/author\/marca\/"}]}},"_links":{"self":[{"href":"https:\/\/www.ucm.edu.co\/en\/wp-json\/wp\/v2\/posts\/193769","targetHints":{"allow":["GET"]}}],"collection":[{"href":"https:\/\/www.ucm.edu.co\/en\/wp-json\/wp\/v2\/posts"}],"about":[{"href":"https:\/\/www.ucm.edu.co\/en\/wp-json\/wp\/v2\/types\/post"}],"author":[{"embeddable":true,"href":"https:\/\/www.ucm.edu.co\/en\/wp-json\/wp\/v2\/users\/8"}],"replies":[{"embeddable":true,"href":"https:\/\/www.ucm.edu.co\/en\/wp-json\/wp\/v2\/comments?post=193769"}],"version-history":[{"count":3,"href":"https:\/\/www.ucm.edu.co\/en\/wp-json\/wp\/v2\/posts\/193769\/revisions"}],"predecessor-version":[{"id":193775,"href":"https:\/\/www.ucm.edu.co\/en\/wp-json\/wp\/v2\/posts\/193769\/revisions\/193775"}],"wp:featuredmedia":[{"embeddable":true,"href":"https:\/\/www.ucm.edu.co\/en\/wp-json\/wp\/v2\/media\/193770"}],"wp:attachment":[{"href":"https:\/\/www.ucm.edu.co\/en\/wp-json\/wp\/v2\/media?parent=193769"}],"wp:term":[{"taxonomy":"category","embeddable":true,"href":"https:\/\/www.ucm.edu.co\/en\/wp-json\/wp\/v2\/categories?post=193769"},{"taxonomy":"post_tag","embeddable":true,"href":"https:\/\/www.ucm.edu.co\/en\/wp-json\/wp\/v2\/tags?post=193769"}],"curies":[{"name":"wp","href":"https:\/\/api.w.org\/{rel}","templated":true}]}}