{"id":193760,"date":"2021-08-07T11:12:00","date_gmt":"2021-08-07T16:12:00","guid":{"rendered":"https:\/\/www.ucm.edu.co\/?p=193760"},"modified":"2021-10-04T09:18:16","modified_gmt":"2021-10-04T14:18:16","slug":"ucm-inauguro-la-2da-cohorte-del-diplomado-sobre-liderazgo-directivo-del-ministerio-de-educacion-nacional","status":"publish","type":"post","link":"https:\/\/www.ucm.edu.co\/en\/ucm-inauguro-la-2da-cohorte-del-diplomado-sobre-liderazgo-directivo-del-ministerio-de-educacion-nacional\/","title":{"rendered":"UCM inaugur\u00f3 la 2da cohorte del Diplomado sobre Liderazgo Directivo del Ministerio de Educaci\u00f3n Nacional"},"content":{"rendered":"<figure class=\"wp-block-image size-full\"><img loading=\"lazy\" decoding=\"async\" width=\"799\" height=\"802\" src=\"https:\/\/www.ucm.edu.co\/wp-content\/uploads\/2021\/08\/PIEZA-PROMOCIONAL-ULTIMA-VERSION-1.png\" alt=\"\" class=\"wp-image-193763\"\/><\/figure>\n\n\n\n<p class=\"wp-block-paragraph\">La UCM dio la bienvenida a 54 Directivos Docentes que formar\u00e1n parte del <strong>Diplomado El liderazgo directivo, una apuesta por la calidad educativa, <\/strong>en una ceremonia que inici\u00f3 con el saludo de la Ministra de Educaci\u00f3n Mar\u00eda Victoria Angulo, directivos del convenio Fundaci\u00f3n Empresarios por la Educaci\u00f3n Escuela de Liderazgo para Directivos Docentes, as\u00ed como el saludo de las directivas de la <strong>UCM.<\/strong><\/p>\n\n\n\n<p class=\"wp-block-paragraph\"><strong>La Universidad es una de las cuatro instituciones<\/strong> a nivel nacional que forman parte del selecto grupo de Escuela de Liderazgo Directivo del Ministerio de Educaci\u00f3n Nacional.<\/p>\n\n\n\n<p class=\"wp-block-paragraph\">En esta oportunidad contaremos con directivos docentes de diferentes partes del pa\u00eds como: Barranquilla, Soledad, Sincelejo, Dosquebradas, Cali, Armenia, Barrancabermeja, Fusagasug\u00e1, Florencia, Facatativ\u00e1, Quibd\u00f3, entre otros.<\/p>\n\n\n\n<p class=\"wp-block-paragraph\">El diplomado El liderazgo directivo, una apuesta por la calidad educativa est\u00e1 dirigido rectores, directores rurales y coordinadores, nombrados en propiedad en todos los establecimientos educativos del sector oficial del pa\u00eds y de las Entidades Territoriales Certificadas, y se pretende de esta manera aportar a la transformaci\u00f3n de las pr\u00e1cticas educativas re-significando la gesti\u00f3n de las instituciones, lo cual favorece la formaci\u00f3n integral y los resultados de aprendizaje de Ni\u00f1os, Ni\u00f1as y J\u00f3venes en el pa\u00eds.<\/p>\n\n\n\n<figure class=\"wp-block-image size-full\"><img loading=\"lazy\" decoding=\"async\" width=\"911\" height=\"607\" src=\"https:\/\/www.ucm.edu.co\/wp-content\/uploads\/2021\/08\/Diplomado-Escuela-Liderazgo.png\" alt=\"\" class=\"wp-image-193764\"\/><\/figure>","protected":false},"excerpt":{"rendered":"<p>La UCM es una de las cuatro instituciones a nivel nacional que forman parte del selecto grupo de Escuela de Liderazgo Directivo del Ministerio de Educaci\u00f3n Nacional, una apuesta por la calidad educativa est\u00e1 dirigido rectores, directores rurales y coordinadores, nombrados en propiedad en todos los establecimientos educativos del sector oficial del pa\u00eds y de las Entidades Territoriales Certificadas<\/p>","protected":false},"author":8,"featured_media":193761,"comment_status":"open","ping_status":"open","sticky":false,"template":"","format":"standard","meta":{"_et_pb_use_builder":"","_et_pb_old_content":"","_et_gb_content_width":"","content-type":"","_monsterinsights_skip_tracking":false,"footnotes":""},"categories":[11],"tags":[419,60,68,69],"class_list":["post-193760","post","type-post","status-publish","format-standard","has-post-thumbnail","hentry","category-proyeccion","tag-diplomado-liderazgo-directivo","tag-ministerio-de-educacion-nacional","tag-ucm","tag-universidad-catolica-de-manizales"],"yoast_head":"<!-- This site is optimized with the Yoast SEO plugin v28.1 - https:\/\/yoast.com\/product\/yoast-seo-wordpress\/ -->\n<title>UCM - Universidad Cat\u00f3lica de Manizales<\/title>\n<meta name=\"robots\" content=\"index, follow, max-snippet:-1, max-image-preview:large, max-video-preview:-1\" \/>\n<link rel=\"canonical\" href=\"https:\/\/www.ucm.edu.co\/en\/ucm-inauguro-la-2da-cohorte-del-diplomado-sobre-liderazgo-directivo-del-ministerio-de-educacion-nacional\/\" \/>\n<meta property=\"og:locale\" content=\"en_US\" \/>\n<meta property=\"og:type\" content=\"article\" \/>\n<meta property=\"og:title\" content=\"UCM - Universidad Cat\u00f3lica de Manizales\" \/>\n<meta property=\"og:description\" content=\"La UCM es una de las cuatro instituciones a nivel nacional que forman parte del selecto grupo de Escuela de Liderazgo Directivo del Ministerio de Educaci\u00f3n Nacional, una apuesta por la calidad educativa est\u00e1 dirigido rectores, directores rurales y coordinadores, nombrados en propiedad en todos los establecimientos educativos del sector oficial del pa\u00eds y de las Entidades Territoriales Certificadas\" \/>\n<meta property=\"og:url\" content=\"https:\/\/www.ucm.edu.co\/en\/ucm-inauguro-la-2da-cohorte-del-diplomado-sobre-liderazgo-directivo-del-ministerio-de-educacion-nacional\/\" \/>\n<meta property=\"og:site_name\" content=\"UCM - Universidad Cat\u00f3lica de Manizales\" \/>\n<meta property=\"article:publisher\" content=\"https:\/\/www.facebook.com\/ucatolicamanizales\" \/>\n<meta property=\"article:published_time\" content=\"2021-08-07T16:12:00+00:00\" \/>\n<meta property=\"article:modified_time\" content=\"2021-10-04T14:18:16+00:00\" \/>\n<meta property=\"og:image\" content=\"https:\/\/www.ucm.edu.co\/wp-content\/uploads\/2021\/08\/2do-diplomado.jpg\" \/>\n\t<meta property=\"og:image:width\" content=\"793\" \/>\n\t<meta property=\"og:image:height\" content=\"298\" \/>\n\t<meta property=\"og:image:type\" content=\"image\/jpeg\" \/>\n<meta name=\"author\" content=\"Marca UCM\" \/>\n<meta name=\"twitter:card\" content=\"summary_large_image\" \/>\n<meta name=\"twitter:creator\" content=\"@ucm_manizales\" \/>\n<meta name=\"twitter:site\" content=\"@ucm_manizales\" \/>\n<meta name=\"twitter:label1\" content=\"Written by\" \/>\n\t<meta name=\"twitter:data1\" content=\"Marca UCM\" \/>\n\t<meta name=\"twitter:label2\" content=\"Est. reading time\" \/>\n\t<meta name=\"twitter:data2\" content=\"2 minutes\" \/>\n<script type=\"application\/ld+json\" class=\"yoast-schema-graph\">{\"@context\":\"https:\\\/\\\/schema.org\",\"@graph\":[{\"@type\":\"Article\",\"@id\":\"https:\\\/\\\/www.ucm.edu.co\\\/ucm-inauguro-la-2da-cohorte-del-diplomado-sobre-liderazgo-directivo-del-ministerio-de-educacion-nacional\\\/#article\",\"isPartOf\":{\"@id\":\"https:\\\/\\\/www.ucm.edu.co\\\/ucm-inauguro-la-2da-cohorte-del-diplomado-sobre-liderazgo-directivo-del-ministerio-de-educacion-nacional\\\/\"},\"author\":{\"name\":\"Marca UCM\",\"@id\":\"https:\\\/\\\/www.ucm.edu.co\\\/#\\\/schema\\\/person\\\/52f5e2d6835d561911c3d6866e61cd5f\"},\"headline\":\"UCM inaugur\u00f3 la 2da cohorte del Diplomado sobre Liderazgo Directivo del Ministerio de Educaci\u00f3n Nacional\",\"datePublished\":\"2021-08-07T16:12:00+00:00\",\"dateModified\":\"2021-10-04T14:18:16+00:00\",\"mainEntityOfPage\":{\"@id\":\"https:\\\/\\\/www.ucm.edu.co\\\/ucm-inauguro-la-2da-cohorte-del-diplomado-sobre-liderazgo-directivo-del-ministerio-de-educacion-nacional\\\/\"},\"wordCount\":223,\"commentCount\":0,\"publisher\":{\"@id\":\"https:\\\/\\\/www.ucm.edu.co\\\/#organization\"},\"image\":{\"@id\":\"https:\\\/\\\/www.ucm.edu.co\\\/ucm-inauguro-la-2da-cohorte-del-diplomado-sobre-liderazgo-directivo-del-ministerio-de-educacion-nacional\\\/#primaryimage\"},\"thumbnailUrl\":\"https:\\\/\\\/www.ucm.edu.co\\\/wp-content\\\/uploads\\\/2021\\\/08\\\/2do-diplomado.jpg\",\"keywords\":[\"Diplomado Liderazgo Directivo\",\"Ministerio de Educaci\u00f3n Nacional\",\"UCM\",\"Universidad Cat\u00f3lica de Manizales\"],\"articleSection\":[\"Ext. y Proyecci\u00f3n\"],\"inLanguage\":\"en-US\",\"potentialAction\":[{\"@type\":\"CommentAction\",\"name\":\"Comment\",\"target\":[\"https:\\\/\\\/www.ucm.edu.co\\\/ucm-inauguro-la-2da-cohorte-del-diplomado-sobre-liderazgo-directivo-del-ministerio-de-educacion-nacional\\\/#respond\"]}]},{\"@type\":\"WebPage\",\"@id\":\"https:\\\/\\\/www.ucm.edu.co\\\/ucm-inauguro-la-2da-cohorte-del-diplomado-sobre-liderazgo-directivo-del-ministerio-de-educacion-nacional\\\/\",\"url\":\"https:\\\/\\\/www.ucm.edu.co\\\/ucm-inauguro-la-2da-cohorte-del-diplomado-sobre-liderazgo-directivo-del-ministerio-de-educacion-nacional\\\/\",\"name\":\"UCM - Universidad Cat\u00f3lica de Manizales\",\"isPartOf\":{\"@id\":\"https:\\\/\\\/www.ucm.edu.co\\\/#website\"},\"primaryImageOfPage\":{\"@id\":\"https:\\\/\\\/www.ucm.edu.co\\\/ucm-inauguro-la-2da-cohorte-del-diplomado-sobre-liderazgo-directivo-del-ministerio-de-educacion-nacional\\\/#primaryimage\"},\"image\":{\"@id\":\"https:\\\/\\\/www.ucm.edu.co\\\/ucm-inauguro-la-2da-cohorte-del-diplomado-sobre-liderazgo-directivo-del-ministerio-de-educacion-nacional\\\/#primaryimage\"},\"thumbnailUrl\":\"https:\\\/\\\/www.ucm.edu.co\\\/wp-content\\\/uploads\\\/2021\\\/08\\\/2do-diplomado.jpg\",\"datePublished\":\"2021-08-07T16:12:00+00:00\",\"dateModified\":\"2021-10-04T14:18:16+00:00\",\"breadcrumb\":{\"@id\":\"https:\\\/\\\/www.ucm.edu.co\\\/ucm-inauguro-la-2da-cohorte-del-diplomado-sobre-liderazgo-directivo-del-ministerio-de-educacion-nacional\\\/#breadcrumb\"},\"inLanguage\":\"en-US\",\"potentialAction\":[{\"@type\":\"ReadAction\",\"target\":[\"https:\\\/\\\/www.ucm.edu.co\\\/ucm-inauguro-la-2da-cohorte-del-diplomado-sobre-liderazgo-directivo-del-ministerio-de-educacion-nacional\\\/\"]}]},{\"@type\":\"ImageObject\",\"inLanguage\":\"en-US\",\"@id\":\"https:\\\/\\\/www.ucm.edu.co\\\/ucm-inauguro-la-2da-cohorte-del-diplomado-sobre-liderazgo-directivo-del-ministerio-de-educacion-nacional\\\/#primaryimage\",\"url\":\"https:\\\/\\\/www.ucm.edu.co\\\/wp-content\\\/uploads\\\/2021\\\/08\\\/2do-diplomado.jpg\",\"contentUrl\":\"https:\\\/\\\/www.ucm.edu.co\\\/wp-content\\\/uploads\\\/2021\\\/08\\\/2do-diplomado.jpg\",\"width\":793,\"height\":298},{\"@type\":\"BreadcrumbList\",\"@id\":\"https:\\\/\\\/www.ucm.edu.co\\\/ucm-inauguro-la-2da-cohorte-del-diplomado-sobre-liderazgo-directivo-del-ministerio-de-educacion-nacional\\\/#breadcrumb\",\"itemListElement\":[{\"@type\":\"ListItem\",\"position\":1,\"name\":\"Portada\",\"item\":\"https:\\\/\\\/www.ucm.edu.co\\\/\"},{\"@type\":\"ListItem\",\"position\":2,\"name\":\"UCM inaugur\u00f3 la 2da cohorte del Diplomado sobre Liderazgo Directivo del Ministerio de Educaci\u00f3n Nacional\"}]},{\"@type\":\"WebSite\",\"@id\":\"https:\\\/\\\/www.ucm.edu.co\\\/#website\",\"url\":\"https:\\\/\\\/www.ucm.edu.co\\\/\",\"name\":\"UCM - Universidad Cat\u00f3lica de Manizales\",\"description\":\"Ven a ser quien quieres ser\",\"publisher\":{\"@id\":\"https:\\\/\\\/www.ucm.edu.co\\\/#organization\"},\"alternateName\":\"UCM\",\"potentialAction\":[{\"@type\":\"SearchAction\",\"target\":{\"@type\":\"EntryPoint\",\"urlTemplate\":\"https:\\\/\\\/www.ucm.edu.co\\\/?s={search_term_string}\"},\"query-input\":{\"@type\":\"PropertyValueSpecification\",\"valueRequired\":true,\"valueName\":\"search_term_string\"}}],\"inLanguage\":\"en-US\"},{\"@type\":\"Organization\",\"@id\":\"https:\\\/\\\/www.ucm.edu.co\\\/#organization\",\"name\":\"Universidad Cat\u00f3lica de Manizales\",\"alternateName\":\"UCM\",\"url\":\"https:\\\/\\\/www.ucm.edu.co\\\/\",\"logo\":{\"@type\":\"ImageObject\",\"inLanguage\":\"en-US\",\"@id\":\"https:\\\/\\\/www.ucm.edu.co\\\/#\\\/schema\\\/logo\\\/image\\\/\",\"url\":\"https:\\\/\\\/www.ucm.edu.co\\\/wp-content\\\/uploads\\\/2021\\\/03\\\/favicon_ucm.png\",\"contentUrl\":\"https:\\\/\\\/www.ucm.edu.co\\\/wp-content\\\/uploads\\\/2021\\\/03\\\/favicon_ucm.png\",\"width\":512,\"height\":512,\"caption\":\"Universidad Cat\u00f3lica de Manizales\"},\"image\":{\"@id\":\"https:\\\/\\\/www.ucm.edu.co\\\/#\\\/schema\\\/logo\\\/image\\\/\"},\"sameAs\":[\"https:\\\/\\\/www.facebook.com\\\/ucatolicamanizales\",\"https:\\\/\\\/x.com\\\/ucm_manizales\",\"https:\\\/\\\/www.instagram.com\\\/ucatolicamanizales\\\/\",\"https:\\\/\\\/co.linkedin.com\\\/school\\\/ucatolicamanizales\\\/\",\"https:\\\/\\\/www.youtube.com\\\/user\\\/UCMtelevision\"]},{\"@type\":\"Person\",\"@id\":\"https:\\\/\\\/www.ucm.edu.co\\\/#\\\/schema\\\/person\\\/52f5e2d6835d561911c3d6866e61cd5f\",\"name\":\"Marca UCM\",\"image\":{\"@type\":\"ImageObject\",\"inLanguage\":\"en-US\",\"@id\":\"https:\\\/\\\/secure.gravatar.com\\\/avatar\\\/299dbea677535d5ebf1e551d7096494f841ea22510b872bc8e72334b8a3b3e49?s=96&d=mm&r=g\",\"url\":\"https:\\\/\\\/secure.gravatar.com\\\/avatar\\\/299dbea677535d5ebf1e551d7096494f841ea22510b872bc8e72334b8a3b3e49?s=96&d=mm&r=g\",\"contentUrl\":\"https:\\\/\\\/secure.gravatar.com\\\/avatar\\\/299dbea677535d5ebf1e551d7096494f841ea22510b872bc8e72334b8a3b3e49?s=96&d=mm&r=g\",\"caption\":\"Marca UCM\"},\"url\":\"https:\\\/\\\/www.ucm.edu.co\\\/en\\\/author\\\/marca\\\/\"}]}<\/script>\n<!-- \/ Yoast SEO plugin. -->","yoast_head_json":{"title":"UCM - Universidad Cat\u00f3lica de Manizales","robots":{"index":"index","follow":"follow","max-snippet":"max-snippet:-1","max-image-preview":"max-image-preview:large","max-video-preview":"max-video-preview:-1"},"canonical":"https:\/\/www.ucm.edu.co\/en\/ucm-inauguro-la-2da-cohorte-del-diplomado-sobre-liderazgo-directivo-del-ministerio-de-educacion-nacional\/","og_locale":"en_US","og_type":"article","og_title":"UCM - Universidad Cat\u00f3lica de Manizales","og_description":"La UCM es una de las cuatro instituciones a nivel nacional que forman parte del selecto grupo de Escuela de Liderazgo Directivo del Ministerio de Educaci\u00f3n Nacional, una apuesta por la calidad educativa est\u00e1 dirigido rectores, directores rurales y coordinadores, nombrados en propiedad en todos los establecimientos educativos del sector oficial del pa\u00eds y de las Entidades Territoriales Certificadas","og_url":"https:\/\/www.ucm.edu.co\/en\/ucm-inauguro-la-2da-cohorte-del-diplomado-sobre-liderazgo-directivo-del-ministerio-de-educacion-nacional\/","og_site_name":"UCM - Universidad Cat\u00f3lica de Manizales","article_publisher":"https:\/\/www.facebook.com\/ucatolicamanizales","article_published_time":"2021-08-07T16:12:00+00:00","article_modified_time":"2021-10-04T14:18:16+00:00","og_image":[{"width":793,"height":298,"url":"https:\/\/www.ucm.edu.co\/wp-content\/uploads\/2021\/08\/2do-diplomado.jpg","type":"image\/jpeg"}],"author":"Marca UCM","twitter_card":"summary_large_image","twitter_creator":"@ucm_manizales","twitter_site":"@ucm_manizales","twitter_misc":{"Written by":"Marca UCM","Est. reading time":"2 minutes"},"schema":{"@context":"https:\/\/schema.org","@graph":[{"@type":"Article","@id":"https:\/\/www.ucm.edu.co\/ucm-inauguro-la-2da-cohorte-del-diplomado-sobre-liderazgo-directivo-del-ministerio-de-educacion-nacional\/#article","isPartOf":{"@id":"https:\/\/www.ucm.edu.co\/ucm-inauguro-la-2da-cohorte-del-diplomado-sobre-liderazgo-directivo-del-ministerio-de-educacion-nacional\/"},"author":{"name":"Marca UCM","@id":"https:\/\/www.ucm.edu.co\/#\/schema\/person\/52f5e2d6835d561911c3d6866e61cd5f"},"headline":"UCM inaugur\u00f3 la 2da cohorte del Diplomado sobre Liderazgo Directivo del Ministerio de Educaci\u00f3n Nacional","datePublished":"2021-08-07T16:12:00+00:00","dateModified":"2021-10-04T14:18:16+00:00","mainEntityOfPage":{"@id":"https:\/\/www.ucm.edu.co\/ucm-inauguro-la-2da-cohorte-del-diplomado-sobre-liderazgo-directivo-del-ministerio-de-educacion-nacional\/"},"wordCount":223,"commentCount":0,"publisher":{"@id":"https:\/\/www.ucm.edu.co\/#organization"},"image":{"@id":"https:\/\/www.ucm.edu.co\/ucm-inauguro-la-2da-cohorte-del-diplomado-sobre-liderazgo-directivo-del-ministerio-de-educacion-nacional\/#primaryimage"},"thumbnailUrl":"https:\/\/www.ucm.edu.co\/wp-content\/uploads\/2021\/08\/2do-diplomado.jpg","keywords":["Diplomado Liderazgo Directivo","Ministerio de Educaci\u00f3n Nacional","UCM","Universidad Cat\u00f3lica de Manizales"],"articleSection":["Ext. y Proyecci\u00f3n"],"inLanguage":"en-US","potentialAction":[{"@type":"CommentAction","name":"Comment","target":["https:\/\/www.ucm.edu.co\/ucm-inauguro-la-2da-cohorte-del-diplomado-sobre-liderazgo-directivo-del-ministerio-de-educacion-nacional\/#respond"]}]},{"@type":"WebPage","@id":"https:\/\/www.ucm.edu.co\/ucm-inauguro-la-2da-cohorte-del-diplomado-sobre-liderazgo-directivo-del-ministerio-de-educacion-nacional\/","url":"https:\/\/www.ucm.edu.co\/ucm-inauguro-la-2da-cohorte-del-diplomado-sobre-liderazgo-directivo-del-ministerio-de-educacion-nacional\/","name":"UCM - Universidad Cat\u00f3lica de Manizales","isPartOf":{"@id":"https:\/\/www.ucm.edu.co\/#website"},"primaryImageOfPage":{"@id":"https:\/\/www.ucm.edu.co\/ucm-inauguro-la-2da-cohorte-del-diplomado-sobre-liderazgo-directivo-del-ministerio-de-educacion-nacional\/#primaryimage"},"image":{"@id":"https:\/\/www.ucm.edu.co\/ucm-inauguro-la-2da-cohorte-del-diplomado-sobre-liderazgo-directivo-del-ministerio-de-educacion-nacional\/#primaryimage"},"thumbnailUrl":"https:\/\/www.ucm.edu.co\/wp-content\/uploads\/2021\/08\/2do-diplomado.jpg","datePublished":"2021-08-07T16:12:00+00:00","dateModified":"2021-10-04T14:18:16+00:00","breadcrumb":{"@id":"https:\/\/www.ucm.edu.co\/ucm-inauguro-la-2da-cohorte-del-diplomado-sobre-liderazgo-directivo-del-ministerio-de-educacion-nacional\/#breadcrumb"},"inLanguage":"en-US","potentialAction":[{"@type":"ReadAction","target":["https:\/\/www.ucm.edu.co\/ucm-inauguro-la-2da-cohorte-del-diplomado-sobre-liderazgo-directivo-del-ministerio-de-educacion-nacional\/"]}]},{"@type":"ImageObject","inLanguage":"en-US","@id":"https:\/\/www.ucm.edu.co\/ucm-inauguro-la-2da-cohorte-del-diplomado-sobre-liderazgo-directivo-del-ministerio-de-educacion-nacional\/#primaryimage","url":"https:\/\/www.ucm.edu.co\/wp-content\/uploads\/2021\/08\/2do-diplomado.jpg","contentUrl":"https:\/\/www.ucm.edu.co\/wp-content\/uploads\/2021\/08\/2do-diplomado.jpg","width":793,"height":298},{"@type":"BreadcrumbList","@id":"https:\/\/www.ucm.edu.co\/ucm-inauguro-la-2da-cohorte-del-diplomado-sobre-liderazgo-directivo-del-ministerio-de-educacion-nacional\/#breadcrumb","itemListElement":[{"@type":"ListItem","position":1,"name":"Portada","item":"https:\/\/www.ucm.edu.co\/"},{"@type":"ListItem","position":2,"name":"UCM inaugur\u00f3 la 2da cohorte del Diplomado sobre Liderazgo Directivo del Ministerio de Educaci\u00f3n Nacional"}]},{"@type":"WebSite","@id":"https:\/\/www.ucm.edu.co\/#website","url":"https:\/\/www.ucm.edu.co\/","name":"UCM - Universidad Cat\u00f3lica de Manizales","description":"Ven a ser quien quieres ser","publisher":{"@id":"https:\/\/www.ucm.edu.co\/#organization"},"alternateName":"UCM","potentialAction":[{"@type":"SearchAction","target":{"@type":"EntryPoint","urlTemplate":"https:\/\/www.ucm.edu.co\/?s={search_term_string}"},"query-input":{"@type":"PropertyValueSpecification","valueRequired":true,"valueName":"search_term_string"}}],"inLanguage":"en-US"},{"@type":"Organization","@id":"https:\/\/www.ucm.edu.co\/#organization","name":"Universidad Cat\u00f3lica de Manizales","alternateName":"UCM","url":"https:\/\/www.ucm.edu.co\/","logo":{"@type":"ImageObject","inLanguage":"en-US","@id":"https:\/\/www.ucm.edu.co\/#\/schema\/logo\/image\/","url":"https:\/\/www.ucm.edu.co\/wp-content\/uploads\/2021\/03\/favicon_ucm.png","contentUrl":"https:\/\/www.ucm.edu.co\/wp-content\/uploads\/2021\/03\/favicon_ucm.png","width":512,"height":512,"caption":"Universidad Cat\u00f3lica de Manizales"},"image":{"@id":"https:\/\/www.ucm.edu.co\/#\/schema\/logo\/image\/"},"sameAs":["https:\/\/www.facebook.com\/ucatolicamanizales","https:\/\/x.com\/ucm_manizales","https:\/\/www.instagram.com\/ucatolicamanizales\/","https:\/\/co.linkedin.com\/school\/ucatolicamanizales\/","https:\/\/www.youtube.com\/user\/UCMtelevision"]},{"@type":"Person","@id":"https:\/\/www.ucm.edu.co\/#\/schema\/person\/52f5e2d6835d561911c3d6866e61cd5f","name":"Marca UCM","image":{"@type":"ImageObject","inLanguage":"en-US","@id":"https:\/\/secure.gravatar.com\/avatar\/299dbea677535d5ebf1e551d7096494f841ea22510b872bc8e72334b8a3b3e49?s=96&d=mm&r=g","url":"https:\/\/secure.gravatar.com\/avatar\/299dbea677535d5ebf1e551d7096494f841ea22510b872bc8e72334b8a3b3e49?s=96&d=mm&r=g","contentUrl":"https:\/\/secure.gravatar.com\/avatar\/299dbea677535d5ebf1e551d7096494f841ea22510b872bc8e72334b8a3b3e49?s=96&d=mm&r=g","caption":"Marca UCM"},"url":"https:\/\/www.ucm.edu.co\/en\/author\/marca\/"}]}},"_links":{"self":[{"href":"https:\/\/www.ucm.edu.co\/en\/wp-json\/wp\/v2\/posts\/193760","targetHints":{"allow":["GET"]}}],"collection":[{"href":"https:\/\/www.ucm.edu.co\/en\/wp-json\/wp\/v2\/posts"}],"about":[{"href":"https:\/\/www.ucm.edu.co\/en\/wp-json\/wp\/v2\/types\/post"}],"author":[{"embeddable":true,"href":"https:\/\/www.ucm.edu.co\/en\/wp-json\/wp\/v2\/users\/8"}],"replies":[{"embeddable":true,"href":"https:\/\/www.ucm.edu.co\/en\/wp-json\/wp\/v2\/comments?post=193760"}],"version-history":[{"count":2,"href":"https:\/\/www.ucm.edu.co\/en\/wp-json\/wp\/v2\/posts\/193760\/revisions"}],"predecessor-version":[{"id":193765,"href":"https:\/\/www.ucm.edu.co\/en\/wp-json\/wp\/v2\/posts\/193760\/revisions\/193765"}],"wp:featuredmedia":[{"embeddable":true,"href":"https:\/\/www.ucm.edu.co\/en\/wp-json\/wp\/v2\/media\/193761"}],"wp:attachment":[{"href":"https:\/\/www.ucm.edu.co\/en\/wp-json\/wp\/v2\/media?parent=193760"}],"wp:term":[{"taxonomy":"category","embeddable":true,"href":"https:\/\/www.ucm.edu.co\/en\/wp-json\/wp\/v2\/categories?post=193760"},{"taxonomy":"post_tag","embeddable":true,"href":"https:\/\/www.ucm.edu.co\/en\/wp-json\/wp\/v2\/tags?post=193760"}],"curies":[{"name":"wp","href":"https:\/\/api.w.org\/{rel}","templated":true}]}}