{"id":193757,"date":"2021-08-06T11:10:00","date_gmt":"2021-08-06T16:10:00","guid":{"rendered":"https:\/\/www.ucm.edu.co\/?p=193757"},"modified":"2021-09-07T08:41:19","modified_gmt":"2021-09-07T13:41:19","slug":"rectores-conversan-sobre-el-regreso-a-las-universidades","status":"publish","type":"post","link":"https:\/\/www.ucm.edu.co\/en\/rectores-conversan-sobre-el-regreso-a-las-universidades\/","title":{"rendered":"Rectores conversan sobre el regreso a las universidades"},"content":{"rendered":"<p class=\"wp-block-paragraph\">Los rectores de las instituciones de educaci\u00f3n superior que integran el Sistema Universitario de Manizales, Suma, conversar\u00e1n sobre&nbsp;<strong>el regreso a las universidades<\/strong>&nbsp;el pr\u00f3ximo lunes 9 de agosto del 2021, a partir de las 18:00 horas.<\/p>\n\n\n\n<p class=\"wp-block-paragraph\">Suma, una organizaci\u00f3n a la que pertenecen las universidades de Caldas, Nacional de Colombia, Cat\u00f3lica Luis Amig\u00f3, Cat\u00f3lica de Manizales, Aut\u00f3noma de Manizales y la de Manizales, viene construyendo desde hace 11 a\u00f1os la idea de que la capital del Departamento de Caldas se convierta en un campus universitario. Para el efecto, la oferta acad\u00e9mica, cient\u00edfica y tecnol\u00f3gica se encuentra a disposici\u00f3n de los cerca de 45 mil estudiantes, orientada por unos cinco mil profesores.<\/p>\n\n\n\n<p class=\"wp-block-paragraph\">La pandemia que afect\u00f3 a m\u00e1s de media humanidad oblig\u00f3 a los gobiernos, a las organizaciones y a los ciudadanos a confinarse. Y las universidades no fueron la excepci\u00f3n. Cientos de miles de estudiantes tuvieron que continuar las clases desde sus casas durante casi un a\u00f1o. La virtualidad marc\u00f3 la pauta. Sin embargo, las circunstancias est\u00e1n comenzando a cambiar, y es m\u00e1s que conveniente regresar a las universidades.<\/p>\n\n\n\n<p class=\"wp-block-paragraph\">Para el efecto, los rectores conversar\u00e1n con los ciudadanos y, muy especialmente con los padres de familia, respecto de c\u00f3mo se ha acondicionado la infraestructura, se han fortalecido las tecnolog\u00edas de la informaci\u00f3n, en lo que tiene que ver con la instalaci\u00f3n de equipos de transmisi\u00f3n en las aulas y los laboratorios. De igual manera, desde cuando comenz\u00f3 la pandemia, las universidades comenzaron a dise\u00f1ar los protocolos de bioseguridad lo que permitir\u00e1 un regreso m\u00e1s seguro a las aulas de clase.<\/p>\n\n\n\n<p class=\"wp-block-paragraph\">Sobre estos y otros temas de inter\u00e9s, se har\u00e1 el conversatorio el pr\u00f3ximo lunes 9 de agosto, a partir de las 18:00 horas, por el&nbsp;<strong>Facebook Live de Manizales Campus Universitario<\/strong>&nbsp;y por todas las cuentas de Facebook de las universidades.<\/p>","protected":false},"excerpt":{"rendered":"<p>Los rectores de las instituciones de educaci\u00f3n superior que integran el Sistema Universitario de Manizales, Suma, conversar\u00e1n sobre&nbsp;el regreso a las universidades&nbsp;el pr\u00f3ximo lunes 9 de agosto del 2021, a [&hellip;]<\/p>\n","protected":false},"author":8,"featured_media":193758,"comment_status":"open","ping_status":"open","sticky":false,"template":"","format":"standard","meta":{"_et_pb_use_builder":"","_et_pb_old_content":"","_et_gb_content_width":"","content-type":"","_monsterinsights_skip_tracking":false,"footnotes":""},"categories":[13],"tags":[],"class_list":["post-193757","post","type-post","status-publish","format-standard","has-post-thumbnail","hentry","category-docencia"],"yoast_head":"<!-- This site is optimized with the Yoast SEO plugin v28.1 - https:\/\/yoast.com\/product\/yoast-seo-wordpress\/ -->\n<title>UCM - Universidad Cat\u00f3lica de Manizales<\/title>\n<meta name=\"robots\" content=\"index, follow, max-snippet:-1, max-image-preview:large, max-video-preview:-1\" \/>\n<link rel=\"canonical\" href=\"https:\/\/www.ucm.edu.co\/en\/rectores-conversan-sobre-el-regreso-a-las-universidades\/\" \/>\n<meta property=\"og:locale\" content=\"en_US\" \/>\n<meta property=\"og:type\" content=\"article\" \/>\n<meta property=\"og:title\" content=\"UCM - Universidad Cat\u00f3lica de Manizales\" \/>\n<meta property=\"og:description\" content=\"Los rectores de las instituciones de educaci\u00f3n superior que integran el Sistema Universitario de Manizales, Suma, conversar\u00e1n sobre&nbsp;el regreso a las universidades&nbsp;el pr\u00f3ximo lunes 9 de agosto del 2021, a [&hellip;]\" \/>\n<meta property=\"og:url\" content=\"https:\/\/www.ucm.edu.co\/en\/rectores-conversan-sobre-el-regreso-a-las-universidades\/\" \/>\n<meta property=\"og:site_name\" content=\"UCM - Universidad Cat\u00f3lica de Manizales\" \/>\n<meta property=\"article:publisher\" content=\"https:\/\/www.facebook.com\/ucatolicamanizales\" \/>\n<meta property=\"article:published_time\" content=\"2021-08-06T16:10:00+00:00\" \/>\n<meta property=\"article:modified_time\" content=\"2021-09-07T13:41:19+00:00\" \/>\n<meta property=\"og:image\" content=\"https:\/\/www.ucm.edu.co\/wp-content\/uploads\/2021\/08\/retorno_a_la_universidad.jpg\" \/>\n\t<meta property=\"og:image:width\" content=\"800\" \/>\n\t<meta property=\"og:image:height\" content=\"440\" \/>\n\t<meta property=\"og:image:type\" content=\"image\/jpeg\" \/>\n<meta name=\"author\" content=\"Marca UCM\" \/>\n<meta name=\"twitter:card\" content=\"summary_large_image\" \/>\n<meta name=\"twitter:creator\" content=\"@ucm_manizales\" \/>\n<meta name=\"twitter:site\" content=\"@ucm_manizales\" \/>\n<meta name=\"twitter:label1\" content=\"Written by\" \/>\n\t<meta name=\"twitter:data1\" content=\"Marca UCM\" \/>\n\t<meta name=\"twitter:label2\" content=\"Est. reading time\" \/>\n\t<meta name=\"twitter:data2\" content=\"2 minutes\" \/>\n<script type=\"application\/ld+json\" class=\"yoast-schema-graph\">{\"@context\":\"https:\\\/\\\/schema.org\",\"@graph\":[{\"@type\":\"Article\",\"@id\":\"https:\\\/\\\/www.ucm.edu.co\\\/rectores-conversan-sobre-el-regreso-a-las-universidades\\\/#article\",\"isPartOf\":{\"@id\":\"https:\\\/\\\/www.ucm.edu.co\\\/rectores-conversan-sobre-el-regreso-a-las-universidades\\\/\"},\"author\":{\"name\":\"Marca UCM\",\"@id\":\"https:\\\/\\\/www.ucm.edu.co\\\/#\\\/schema\\\/person\\\/52f5e2d6835d561911c3d6866e61cd5f\"},\"headline\":\"Rectores conversan sobre el regreso a las universidades\",\"datePublished\":\"2021-08-06T16:10:00+00:00\",\"dateModified\":\"2021-09-07T13:41:19+00:00\",\"mainEntityOfPage\":{\"@id\":\"https:\\\/\\\/www.ucm.edu.co\\\/rectores-conversan-sobre-el-regreso-a-las-universidades\\\/\"},\"wordCount\":334,\"commentCount\":0,\"publisher\":{\"@id\":\"https:\\\/\\\/www.ucm.edu.co\\\/#organization\"},\"image\":{\"@id\":\"https:\\\/\\\/www.ucm.edu.co\\\/rectores-conversan-sobre-el-regreso-a-las-universidades\\\/#primaryimage\"},\"thumbnailUrl\":\"https:\\\/\\\/www.ucm.edu.co\\\/wp-content\\\/uploads\\\/2021\\\/08\\\/retorno_a_la_universidad.jpg\",\"articleSection\":[\"Docencia\"],\"inLanguage\":\"en-US\",\"potentialAction\":[{\"@type\":\"CommentAction\",\"name\":\"Comment\",\"target\":[\"https:\\\/\\\/www.ucm.edu.co\\\/rectores-conversan-sobre-el-regreso-a-las-universidades\\\/#respond\"]}]},{\"@type\":\"WebPage\",\"@id\":\"https:\\\/\\\/www.ucm.edu.co\\\/rectores-conversan-sobre-el-regreso-a-las-universidades\\\/\",\"url\":\"https:\\\/\\\/www.ucm.edu.co\\\/rectores-conversan-sobre-el-regreso-a-las-universidades\\\/\",\"name\":\"UCM - Universidad Cat\u00f3lica de Manizales\",\"isPartOf\":{\"@id\":\"https:\\\/\\\/www.ucm.edu.co\\\/#website\"},\"primaryImageOfPage\":{\"@id\":\"https:\\\/\\\/www.ucm.edu.co\\\/rectores-conversan-sobre-el-regreso-a-las-universidades\\\/#primaryimage\"},\"image\":{\"@id\":\"https:\\\/\\\/www.ucm.edu.co\\\/rectores-conversan-sobre-el-regreso-a-las-universidades\\\/#primaryimage\"},\"thumbnailUrl\":\"https:\\\/\\\/www.ucm.edu.co\\\/wp-content\\\/uploads\\\/2021\\\/08\\\/retorno_a_la_universidad.jpg\",\"datePublished\":\"2021-08-06T16:10:00+00:00\",\"dateModified\":\"2021-09-07T13:41:19+00:00\",\"breadcrumb\":{\"@id\":\"https:\\\/\\\/www.ucm.edu.co\\\/rectores-conversan-sobre-el-regreso-a-las-universidades\\\/#breadcrumb\"},\"inLanguage\":\"en-US\",\"potentialAction\":[{\"@type\":\"ReadAction\",\"target\":[\"https:\\\/\\\/www.ucm.edu.co\\\/rectores-conversan-sobre-el-regreso-a-las-universidades\\\/\"]}]},{\"@type\":\"ImageObject\",\"inLanguage\":\"en-US\",\"@id\":\"https:\\\/\\\/www.ucm.edu.co\\\/rectores-conversan-sobre-el-regreso-a-las-universidades\\\/#primaryimage\",\"url\":\"https:\\\/\\\/www.ucm.edu.co\\\/wp-content\\\/uploads\\\/2021\\\/08\\\/retorno_a_la_universidad.jpg\",\"contentUrl\":\"https:\\\/\\\/www.ucm.edu.co\\\/wp-content\\\/uploads\\\/2021\\\/08\\\/retorno_a_la_universidad.jpg\",\"width\":800,\"height\":440,\"caption\":\"Rectores de las universidades hablan del retorno d los estudiantes\"},{\"@type\":\"BreadcrumbList\",\"@id\":\"https:\\\/\\\/www.ucm.edu.co\\\/rectores-conversan-sobre-el-regreso-a-las-universidades\\\/#breadcrumb\",\"itemListElement\":[{\"@type\":\"ListItem\",\"position\":1,\"name\":\"Portada\",\"item\":\"https:\\\/\\\/www.ucm.edu.co\\\/\"},{\"@type\":\"ListItem\",\"position\":2,\"name\":\"Rectores conversan sobre el regreso a las universidades\"}]},{\"@type\":\"WebSite\",\"@id\":\"https:\\\/\\\/www.ucm.edu.co\\\/#website\",\"url\":\"https:\\\/\\\/www.ucm.edu.co\\\/\",\"name\":\"UCM - Universidad Cat\u00f3lica de Manizales\",\"description\":\"Ven a ser quien quieres ser\",\"publisher\":{\"@id\":\"https:\\\/\\\/www.ucm.edu.co\\\/#organization\"},\"alternateName\":\"UCM\",\"potentialAction\":[{\"@type\":\"SearchAction\",\"target\":{\"@type\":\"EntryPoint\",\"urlTemplate\":\"https:\\\/\\\/www.ucm.edu.co\\\/?s={search_term_string}\"},\"query-input\":{\"@type\":\"PropertyValueSpecification\",\"valueRequired\":true,\"valueName\":\"search_term_string\"}}],\"inLanguage\":\"en-US\"},{\"@type\":\"Organization\",\"@id\":\"https:\\\/\\\/www.ucm.edu.co\\\/#organization\",\"name\":\"Universidad Cat\u00f3lica de Manizales\",\"alternateName\":\"UCM\",\"url\":\"https:\\\/\\\/www.ucm.edu.co\\\/\",\"logo\":{\"@type\":\"ImageObject\",\"inLanguage\":\"en-US\",\"@id\":\"https:\\\/\\\/www.ucm.edu.co\\\/#\\\/schema\\\/logo\\\/image\\\/\",\"url\":\"https:\\\/\\\/www.ucm.edu.co\\\/wp-content\\\/uploads\\\/2021\\\/03\\\/favicon_ucm.png\",\"contentUrl\":\"https:\\\/\\\/www.ucm.edu.co\\\/wp-content\\\/uploads\\\/2021\\\/03\\\/favicon_ucm.png\",\"width\":512,\"height\":512,\"caption\":\"Universidad Cat\u00f3lica de Manizales\"},\"image\":{\"@id\":\"https:\\\/\\\/www.ucm.edu.co\\\/#\\\/schema\\\/logo\\\/image\\\/\"},\"sameAs\":[\"https:\\\/\\\/www.facebook.com\\\/ucatolicamanizales\",\"https:\\\/\\\/x.com\\\/ucm_manizales\",\"https:\\\/\\\/www.instagram.com\\\/ucatolicamanizales\\\/\",\"https:\\\/\\\/co.linkedin.com\\\/school\\\/ucatolicamanizales\\\/\",\"https:\\\/\\\/www.youtube.com\\\/user\\\/UCMtelevision\"]},{\"@type\":\"Person\",\"@id\":\"https:\\\/\\\/www.ucm.edu.co\\\/#\\\/schema\\\/person\\\/52f5e2d6835d561911c3d6866e61cd5f\",\"name\":\"Marca UCM\",\"image\":{\"@type\":\"ImageObject\",\"inLanguage\":\"en-US\",\"@id\":\"https:\\\/\\\/secure.gravatar.com\\\/avatar\\\/299dbea677535d5ebf1e551d7096494f841ea22510b872bc8e72334b8a3b3e49?s=96&d=mm&r=g\",\"url\":\"https:\\\/\\\/secure.gravatar.com\\\/avatar\\\/299dbea677535d5ebf1e551d7096494f841ea22510b872bc8e72334b8a3b3e49?s=96&d=mm&r=g\",\"contentUrl\":\"https:\\\/\\\/secure.gravatar.com\\\/avatar\\\/299dbea677535d5ebf1e551d7096494f841ea22510b872bc8e72334b8a3b3e49?s=96&d=mm&r=g\",\"caption\":\"Marca UCM\"},\"url\":\"https:\\\/\\\/www.ucm.edu.co\\\/en\\\/author\\\/marca\\\/\"}]}<\/script>\n<!-- \/ Yoast SEO plugin. -->","yoast_head_json":{"title":"UCM - Universidad Cat\u00f3lica de Manizales","robots":{"index":"index","follow":"follow","max-snippet":"max-snippet:-1","max-image-preview":"max-image-preview:large","max-video-preview":"max-video-preview:-1"},"canonical":"https:\/\/www.ucm.edu.co\/en\/rectores-conversan-sobre-el-regreso-a-las-universidades\/","og_locale":"en_US","og_type":"article","og_title":"UCM - Universidad Cat\u00f3lica de Manizales","og_description":"Los rectores de las instituciones de educaci\u00f3n superior que integran el Sistema Universitario de Manizales, Suma, conversar\u00e1n sobre&nbsp;el regreso a las universidades&nbsp;el pr\u00f3ximo lunes 9 de agosto del 2021, a [&hellip;]","og_url":"https:\/\/www.ucm.edu.co\/en\/rectores-conversan-sobre-el-regreso-a-las-universidades\/","og_site_name":"UCM - Universidad Cat\u00f3lica de Manizales","article_publisher":"https:\/\/www.facebook.com\/ucatolicamanizales","article_published_time":"2021-08-06T16:10:00+00:00","article_modified_time":"2021-09-07T13:41:19+00:00","og_image":[{"width":800,"height":440,"url":"https:\/\/www.ucm.edu.co\/wp-content\/uploads\/2021\/08\/retorno_a_la_universidad.jpg","type":"image\/jpeg"}],"author":"Marca UCM","twitter_card":"summary_large_image","twitter_creator":"@ucm_manizales","twitter_site":"@ucm_manizales","twitter_misc":{"Written by":"Marca UCM","Est. reading time":"2 minutes"},"schema":{"@context":"https:\/\/schema.org","@graph":[{"@type":"Article","@id":"https:\/\/www.ucm.edu.co\/rectores-conversan-sobre-el-regreso-a-las-universidades\/#article","isPartOf":{"@id":"https:\/\/www.ucm.edu.co\/rectores-conversan-sobre-el-regreso-a-las-universidades\/"},"author":{"name":"Marca UCM","@id":"https:\/\/www.ucm.edu.co\/#\/schema\/person\/52f5e2d6835d561911c3d6866e61cd5f"},"headline":"Rectores conversan sobre el regreso a las universidades","datePublished":"2021-08-06T16:10:00+00:00","dateModified":"2021-09-07T13:41:19+00:00","mainEntityOfPage":{"@id":"https:\/\/www.ucm.edu.co\/rectores-conversan-sobre-el-regreso-a-las-universidades\/"},"wordCount":334,"commentCount":0,"publisher":{"@id":"https:\/\/www.ucm.edu.co\/#organization"},"image":{"@id":"https:\/\/www.ucm.edu.co\/rectores-conversan-sobre-el-regreso-a-las-universidades\/#primaryimage"},"thumbnailUrl":"https:\/\/www.ucm.edu.co\/wp-content\/uploads\/2021\/08\/retorno_a_la_universidad.jpg","articleSection":["Docencia"],"inLanguage":"en-US","potentialAction":[{"@type":"CommentAction","name":"Comment","target":["https:\/\/www.ucm.edu.co\/rectores-conversan-sobre-el-regreso-a-las-universidades\/#respond"]}]},{"@type":"WebPage","@id":"https:\/\/www.ucm.edu.co\/rectores-conversan-sobre-el-regreso-a-las-universidades\/","url":"https:\/\/www.ucm.edu.co\/rectores-conversan-sobre-el-regreso-a-las-universidades\/","name":"UCM - Universidad Cat\u00f3lica de Manizales","isPartOf":{"@id":"https:\/\/www.ucm.edu.co\/#website"},"primaryImageOfPage":{"@id":"https:\/\/www.ucm.edu.co\/rectores-conversan-sobre-el-regreso-a-las-universidades\/#primaryimage"},"image":{"@id":"https:\/\/www.ucm.edu.co\/rectores-conversan-sobre-el-regreso-a-las-universidades\/#primaryimage"},"thumbnailUrl":"https:\/\/www.ucm.edu.co\/wp-content\/uploads\/2021\/08\/retorno_a_la_universidad.jpg","datePublished":"2021-08-06T16:10:00+00:00","dateModified":"2021-09-07T13:41:19+00:00","breadcrumb":{"@id":"https:\/\/www.ucm.edu.co\/rectores-conversan-sobre-el-regreso-a-las-universidades\/#breadcrumb"},"inLanguage":"en-US","potentialAction":[{"@type":"ReadAction","target":["https:\/\/www.ucm.edu.co\/rectores-conversan-sobre-el-regreso-a-las-universidades\/"]}]},{"@type":"ImageObject","inLanguage":"en-US","@id":"https:\/\/www.ucm.edu.co\/rectores-conversan-sobre-el-regreso-a-las-universidades\/#primaryimage","url":"https:\/\/www.ucm.edu.co\/wp-content\/uploads\/2021\/08\/retorno_a_la_universidad.jpg","contentUrl":"https:\/\/www.ucm.edu.co\/wp-content\/uploads\/2021\/08\/retorno_a_la_universidad.jpg","width":800,"height":440,"caption":"Rectores de las universidades hablan del retorno d los estudiantes"},{"@type":"BreadcrumbList","@id":"https:\/\/www.ucm.edu.co\/rectores-conversan-sobre-el-regreso-a-las-universidades\/#breadcrumb","itemListElement":[{"@type":"ListItem","position":1,"name":"Portada","item":"https:\/\/www.ucm.edu.co\/"},{"@type":"ListItem","position":2,"name":"Rectores conversan sobre el regreso a las universidades"}]},{"@type":"WebSite","@id":"https:\/\/www.ucm.edu.co\/#website","url":"https:\/\/www.ucm.edu.co\/","name":"UCM - Universidad Cat\u00f3lica de Manizales","description":"Ven a ser quien quieres ser","publisher":{"@id":"https:\/\/www.ucm.edu.co\/#organization"},"alternateName":"UCM","potentialAction":[{"@type":"SearchAction","target":{"@type":"EntryPoint","urlTemplate":"https:\/\/www.ucm.edu.co\/?s={search_term_string}"},"query-input":{"@type":"PropertyValueSpecification","valueRequired":true,"valueName":"search_term_string"}}],"inLanguage":"en-US"},{"@type":"Organization","@id":"https:\/\/www.ucm.edu.co\/#organization","name":"Universidad Cat\u00f3lica de Manizales","alternateName":"UCM","url":"https:\/\/www.ucm.edu.co\/","logo":{"@type":"ImageObject","inLanguage":"en-US","@id":"https:\/\/www.ucm.edu.co\/#\/schema\/logo\/image\/","url":"https:\/\/www.ucm.edu.co\/wp-content\/uploads\/2021\/03\/favicon_ucm.png","contentUrl":"https:\/\/www.ucm.edu.co\/wp-content\/uploads\/2021\/03\/favicon_ucm.png","width":512,"height":512,"caption":"Universidad Cat\u00f3lica de Manizales"},"image":{"@id":"https:\/\/www.ucm.edu.co\/#\/schema\/logo\/image\/"},"sameAs":["https:\/\/www.facebook.com\/ucatolicamanizales","https:\/\/x.com\/ucm_manizales","https:\/\/www.instagram.com\/ucatolicamanizales\/","https:\/\/co.linkedin.com\/school\/ucatolicamanizales\/","https:\/\/www.youtube.com\/user\/UCMtelevision"]},{"@type":"Person","@id":"https:\/\/www.ucm.edu.co\/#\/schema\/person\/52f5e2d6835d561911c3d6866e61cd5f","name":"Marca UCM","image":{"@type":"ImageObject","inLanguage":"en-US","@id":"https:\/\/secure.gravatar.com\/avatar\/299dbea677535d5ebf1e551d7096494f841ea22510b872bc8e72334b8a3b3e49?s=96&d=mm&r=g","url":"https:\/\/secure.gravatar.com\/avatar\/299dbea677535d5ebf1e551d7096494f841ea22510b872bc8e72334b8a3b3e49?s=96&d=mm&r=g","contentUrl":"https:\/\/secure.gravatar.com\/avatar\/299dbea677535d5ebf1e551d7096494f841ea22510b872bc8e72334b8a3b3e49?s=96&d=mm&r=g","caption":"Marca UCM"},"url":"https:\/\/www.ucm.edu.co\/en\/author\/marca\/"}]}},"_links":{"self":[{"href":"https:\/\/www.ucm.edu.co\/en\/wp-json\/wp\/v2\/posts\/193757","targetHints":{"allow":["GET"]}}],"collection":[{"href":"https:\/\/www.ucm.edu.co\/en\/wp-json\/wp\/v2\/posts"}],"about":[{"href":"https:\/\/www.ucm.edu.co\/en\/wp-json\/wp\/v2\/types\/post"}],"author":[{"embeddable":true,"href":"https:\/\/www.ucm.edu.co\/en\/wp-json\/wp\/v2\/users\/8"}],"replies":[{"embeddable":true,"href":"https:\/\/www.ucm.edu.co\/en\/wp-json\/wp\/v2\/comments?post=193757"}],"version-history":[{"count":2,"href":"https:\/\/www.ucm.edu.co\/en\/wp-json\/wp\/v2\/posts\/193757\/revisions"}],"predecessor-version":[{"id":194188,"href":"https:\/\/www.ucm.edu.co\/en\/wp-json\/wp\/v2\/posts\/193757\/revisions\/194188"}],"wp:featuredmedia":[{"embeddable":true,"href":"https:\/\/www.ucm.edu.co\/en\/wp-json\/wp\/v2\/media\/193758"}],"wp:attachment":[{"href":"https:\/\/www.ucm.edu.co\/en\/wp-json\/wp\/v2\/media?parent=193757"}],"wp:term":[{"taxonomy":"category","embeddable":true,"href":"https:\/\/www.ucm.edu.co\/en\/wp-json\/wp\/v2\/categories?post=193757"},{"taxonomy":"post_tag","embeddable":true,"href":"https:\/\/www.ucm.edu.co\/en\/wp-json\/wp\/v2\/tags?post=193757"}],"curies":[{"name":"wp","href":"https:\/\/api.w.org\/{rel}","templated":true}]}}