{"id":193738,"date":"2021-08-04T10:45:00","date_gmt":"2021-08-04T15:45:00","guid":{"rendered":"https:\/\/www.ucm.edu.co\/?p=193738"},"modified":"2021-08-23T10:48:32","modified_gmt":"2021-08-23T15:48:32","slug":"con-coordinacion-ucm-inicia-encuentro-internacional-de-jovenes-de-rsu-de-oducal","status":"publish","type":"post","link":"https:\/\/www.ucm.edu.co\/en\/con-coordinacion-ucm-inicia-encuentro-internacional-de-jovenes-de-rsu-de-oducal\/","title":{"rendered":"Con coordinaci\u00f3n UCM, inicia encuentro internacional de j\u00f3venes de RSU de ODUCAL"},"content":{"rendered":"<p class=\"wp-block-paragraph\"><strong><em>\u00bfY ahora qu\u00e9 hacemos?&nbsp;<\/em><\/strong>es el nombre del primer encuentro internacional de j\u00f3venes, organizado por el Programa Juvenil de la Red de Responsabilidad Social Universitaria (RSU) de ODUCAL, la cual es coordinada por la&nbsp;<strong>Universidad Cat\u00f3lica de Manizales.<\/strong><\/p>\n\n\n\n<p class=\"wp-block-paragraph\">El evento que se realizar\u00e1 este 5 y 6 de agosto de 2021 en modalidad virtual, contar\u00e1 con la presencia de cerca de 300 asistentes de diferentes pa\u00edses, donde la UCM estar\u00e1 representada por 11 estudiantes y dos graduados.&nbsp;&nbsp;<em>&nbsp;\u201cEsta es una gran oportunidad para vivir un evento internacional d\u00f3nde vamos a generar la cultura del encuentro y crear amistades sociales, y lo m\u00e1s importante, van a prepararse en Responsabilidad Social Universitaria\u201d<\/em>, manifest\u00f3 Cristian Alzate, integrante del equipo de la vicerrector\u00eda de Bienestar y Pastoral Universitaria y coordinador del Programa Juvenil de la Red de RSU.<\/p>\n\n\n\n<figure class=\"wp-block-image size-full\"><img loading=\"lazy\" decoding=\"async\" width=\"1280\" height=\"1279\" src=\"https:\/\/www.ucm.edu.co\/wp-content\/uploads\/2021\/08\/WhatsApp-Image-2021-08-02-at-4.07.21-PM.jpeg\" alt=\"\" class=\"wp-image-193740\"\/><\/figure>\n\n\n\n<figure class=\"wp-block-image size-full\"><img loading=\"lazy\" decoding=\"async\" width=\"1000\" height=\"361\" src=\"https:\/\/www.ucm.edu.co\/wp-content\/uploads\/2021\/08\/1er-Encuentro-Intnal.-Jovenes.png\" alt=\"\" class=\"wp-image-193741\"\/><figcaption><strong>Listado de Participantes que representan a la Universidad Cat\u00f3lica de Manizales<\/strong><\/figcaption><\/figure>","protected":false},"excerpt":{"rendered":"<p>\u00bfY ahora qu\u00e9 hacemos?&nbsp;es el nombre del primer encuentro internacional de j\u00f3venes, organizado por el Programa Juvenil de la Red de Responsabilidad Social Universitaria (RSU) de ODUCAL, la cual es [&hellip;]<\/p>\n","protected":false},"author":8,"featured_media":193739,"comment_status":"open","ping_status":"open","sticky":false,"template":"","format":"standard","meta":{"_et_pb_use_builder":"","_et_pb_old_content":"","_et_gb_content_width":"","content-type":"","_monsterinsights_skip_tracking":false,"footnotes":""},"categories":[14],"tags":[384,415,128,68,69],"class_list":["post-193738","post","type-post","status-publish","format-standard","has-post-thumbnail","hentry","category-bienestar","tag-bienestar-ucm","tag-encuentro-internacional-de-jovenes","tag-oducal","tag-ucm","tag-universidad-catolica-de-manizales"],"yoast_head":"<!-- This site is optimized with the Yoast SEO plugin v28.1 - https:\/\/yoast.com\/product\/yoast-seo-wordpress\/ -->\n<title>UCM - Universidad Cat\u00f3lica de Manizales<\/title>\n<meta name=\"robots\" content=\"index, follow, max-snippet:-1, max-image-preview:large, max-video-preview:-1\" \/>\n<link rel=\"canonical\" href=\"https:\/\/www.ucm.edu.co\/en\/con-coordinacion-ucm-inicia-encuentro-internacional-de-jovenes-de-rsu-de-oducal\/\" \/>\n<meta property=\"og:locale\" content=\"en_US\" \/>\n<meta property=\"og:type\" content=\"article\" \/>\n<meta property=\"og:title\" content=\"UCM - Universidad Cat\u00f3lica de Manizales\" \/>\n<meta property=\"og:description\" content=\"\u00bfY ahora qu\u00e9 hacemos?&nbsp;es el nombre del primer encuentro internacional de j\u00f3venes, organizado por el Programa Juvenil de la Red de Responsabilidad Social Universitaria (RSU) de ODUCAL, la cual es [&hellip;]\" \/>\n<meta property=\"og:url\" content=\"https:\/\/www.ucm.edu.co\/en\/con-coordinacion-ucm-inicia-encuentro-internacional-de-jovenes-de-rsu-de-oducal\/\" \/>\n<meta property=\"og:site_name\" content=\"UCM - Universidad Cat\u00f3lica de Manizales\" \/>\n<meta property=\"article:publisher\" content=\"https:\/\/www.facebook.com\/ucatolicamanizales\" \/>\n<meta property=\"article:published_time\" content=\"2021-08-04T15:45:00+00:00\" \/>\n<meta property=\"article:modified_time\" content=\"2021-08-23T15:48:32+00:00\" \/>\n<meta property=\"og:image\" content=\"https:\/\/www.ucm.edu.co\/wp-content\/uploads\/2021\/08\/WhatsApp-Image-2021-07-27-at-11.30.52-1-1.jpeg\" \/>\n\t<meta property=\"og:image:width\" content=\"799\" \/>\n\t<meta property=\"og:image:height\" content=\"439\" \/>\n\t<meta property=\"og:image:type\" content=\"image\/jpeg\" \/>\n<meta name=\"author\" content=\"Marca UCM\" \/>\n<meta name=\"twitter:card\" content=\"summary_large_image\" \/>\n<meta name=\"twitter:creator\" content=\"@ucm_manizales\" \/>\n<meta name=\"twitter:site\" content=\"@ucm_manizales\" \/>\n<meta name=\"twitter:label1\" content=\"Written by\" \/>\n\t<meta name=\"twitter:data1\" content=\"Marca UCM\" \/>\n\t<meta name=\"twitter:label2\" content=\"Est. reading time\" \/>\n\t<meta name=\"twitter:data2\" content=\"1 minute\" \/>\n<script type=\"application\/ld+json\" class=\"yoast-schema-graph\">{\"@context\":\"https:\\\/\\\/schema.org\",\"@graph\":[{\"@type\":\"Article\",\"@id\":\"https:\\\/\\\/www.ucm.edu.co\\\/con-coordinacion-ucm-inicia-encuentro-internacional-de-jovenes-de-rsu-de-oducal\\\/#article\",\"isPartOf\":{\"@id\":\"https:\\\/\\\/www.ucm.edu.co\\\/con-coordinacion-ucm-inicia-encuentro-internacional-de-jovenes-de-rsu-de-oducal\\\/\"},\"author\":{\"name\":\"Marca UCM\",\"@id\":\"https:\\\/\\\/www.ucm.edu.co\\\/#\\\/schema\\\/person\\\/52f5e2d6835d561911c3d6866e61cd5f\"},\"headline\":\"Con coordinaci\u00f3n UCM, inicia encuentro internacional de j\u00f3venes de RSU de ODUCAL\",\"datePublished\":\"2021-08-04T15:45:00+00:00\",\"dateModified\":\"2021-08-23T15:48:32+00:00\",\"mainEntityOfPage\":{\"@id\":\"https:\\\/\\\/www.ucm.edu.co\\\/con-coordinacion-ucm-inicia-encuentro-internacional-de-jovenes-de-rsu-de-oducal\\\/\"},\"wordCount\":166,\"commentCount\":0,\"publisher\":{\"@id\":\"https:\\\/\\\/www.ucm.edu.co\\\/#organization\"},\"image\":{\"@id\":\"https:\\\/\\\/www.ucm.edu.co\\\/con-coordinacion-ucm-inicia-encuentro-internacional-de-jovenes-de-rsu-de-oducal\\\/#primaryimage\"},\"thumbnailUrl\":\"https:\\\/\\\/www.ucm.edu.co\\\/wp-content\\\/uploads\\\/2021\\\/08\\\/WhatsApp-Image-2021-07-27-at-11.30.52-1-1.jpeg\",\"keywords\":[\"Bienestar UCM\",\"Encuentro Internacional de J\u00f3venes\",\"oducal\",\"UCM\",\"Universidad Cat\u00f3lica de Manizales\"],\"articleSection\":[\"Bienestar\"],\"inLanguage\":\"en-US\",\"potentialAction\":[{\"@type\":\"CommentAction\",\"name\":\"Comment\",\"target\":[\"https:\\\/\\\/www.ucm.edu.co\\\/con-coordinacion-ucm-inicia-encuentro-internacional-de-jovenes-de-rsu-de-oducal\\\/#respond\"]}]},{\"@type\":\"WebPage\",\"@id\":\"https:\\\/\\\/www.ucm.edu.co\\\/con-coordinacion-ucm-inicia-encuentro-internacional-de-jovenes-de-rsu-de-oducal\\\/\",\"url\":\"https:\\\/\\\/www.ucm.edu.co\\\/con-coordinacion-ucm-inicia-encuentro-internacional-de-jovenes-de-rsu-de-oducal\\\/\",\"name\":\"UCM - Universidad Cat\u00f3lica de Manizales\",\"isPartOf\":{\"@id\":\"https:\\\/\\\/www.ucm.edu.co\\\/#website\"},\"primaryImageOfPage\":{\"@id\":\"https:\\\/\\\/www.ucm.edu.co\\\/con-coordinacion-ucm-inicia-encuentro-internacional-de-jovenes-de-rsu-de-oducal\\\/#primaryimage\"},\"image\":{\"@id\":\"https:\\\/\\\/www.ucm.edu.co\\\/con-coordinacion-ucm-inicia-encuentro-internacional-de-jovenes-de-rsu-de-oducal\\\/#primaryimage\"},\"thumbnailUrl\":\"https:\\\/\\\/www.ucm.edu.co\\\/wp-content\\\/uploads\\\/2021\\\/08\\\/WhatsApp-Image-2021-07-27-at-11.30.52-1-1.jpeg\",\"datePublished\":\"2021-08-04T15:45:00+00:00\",\"dateModified\":\"2021-08-23T15:48:32+00:00\",\"breadcrumb\":{\"@id\":\"https:\\\/\\\/www.ucm.edu.co\\\/con-coordinacion-ucm-inicia-encuentro-internacional-de-jovenes-de-rsu-de-oducal\\\/#breadcrumb\"},\"inLanguage\":\"en-US\",\"potentialAction\":[{\"@type\":\"ReadAction\",\"target\":[\"https:\\\/\\\/www.ucm.edu.co\\\/con-coordinacion-ucm-inicia-encuentro-internacional-de-jovenes-de-rsu-de-oducal\\\/\"]}]},{\"@type\":\"ImageObject\",\"inLanguage\":\"en-US\",\"@id\":\"https:\\\/\\\/www.ucm.edu.co\\\/con-coordinacion-ucm-inicia-encuentro-internacional-de-jovenes-de-rsu-de-oducal\\\/#primaryimage\",\"url\":\"https:\\\/\\\/www.ucm.edu.co\\\/wp-content\\\/uploads\\\/2021\\\/08\\\/WhatsApp-Image-2021-07-27-at-11.30.52-1-1.jpeg\",\"contentUrl\":\"https:\\\/\\\/www.ucm.edu.co\\\/wp-content\\\/uploads\\\/2021\\\/08\\\/WhatsApp-Image-2021-07-27-at-11.30.52-1-1.jpeg\",\"width\":799,\"height\":439},{\"@type\":\"BreadcrumbList\",\"@id\":\"https:\\\/\\\/www.ucm.edu.co\\\/con-coordinacion-ucm-inicia-encuentro-internacional-de-jovenes-de-rsu-de-oducal\\\/#breadcrumb\",\"itemListElement\":[{\"@type\":\"ListItem\",\"position\":1,\"name\":\"Portada\",\"item\":\"https:\\\/\\\/www.ucm.edu.co\\\/\"},{\"@type\":\"ListItem\",\"position\":2,\"name\":\"Con coordinaci\u00f3n UCM, inicia encuentro internacional de j\u00f3venes de RSU de ODUCAL\"}]},{\"@type\":\"WebSite\",\"@id\":\"https:\\\/\\\/www.ucm.edu.co\\\/#website\",\"url\":\"https:\\\/\\\/www.ucm.edu.co\\\/\",\"name\":\"UCM - Universidad Cat\u00f3lica de Manizales\",\"description\":\"Ven a ser quien quieres ser\",\"publisher\":{\"@id\":\"https:\\\/\\\/www.ucm.edu.co\\\/#organization\"},\"alternateName\":\"UCM\",\"potentialAction\":[{\"@type\":\"SearchAction\",\"target\":{\"@type\":\"EntryPoint\",\"urlTemplate\":\"https:\\\/\\\/www.ucm.edu.co\\\/?s={search_term_string}\"},\"query-input\":{\"@type\":\"PropertyValueSpecification\",\"valueRequired\":true,\"valueName\":\"search_term_string\"}}],\"inLanguage\":\"en-US\"},{\"@type\":\"Organization\",\"@id\":\"https:\\\/\\\/www.ucm.edu.co\\\/#organization\",\"name\":\"Universidad Cat\u00f3lica de Manizales\",\"alternateName\":\"UCM\",\"url\":\"https:\\\/\\\/www.ucm.edu.co\\\/\",\"logo\":{\"@type\":\"ImageObject\",\"inLanguage\":\"en-US\",\"@id\":\"https:\\\/\\\/www.ucm.edu.co\\\/#\\\/schema\\\/logo\\\/image\\\/\",\"url\":\"https:\\\/\\\/www.ucm.edu.co\\\/wp-content\\\/uploads\\\/2021\\\/03\\\/favicon_ucm.png\",\"contentUrl\":\"https:\\\/\\\/www.ucm.edu.co\\\/wp-content\\\/uploads\\\/2021\\\/03\\\/favicon_ucm.png\",\"width\":512,\"height\":512,\"caption\":\"Universidad Cat\u00f3lica de Manizales\"},\"image\":{\"@id\":\"https:\\\/\\\/www.ucm.edu.co\\\/#\\\/schema\\\/logo\\\/image\\\/\"},\"sameAs\":[\"https:\\\/\\\/www.facebook.com\\\/ucatolicamanizales\",\"https:\\\/\\\/x.com\\\/ucm_manizales\",\"https:\\\/\\\/www.instagram.com\\\/ucatolicamanizales\\\/\",\"https:\\\/\\\/co.linkedin.com\\\/school\\\/ucatolicamanizales\\\/\",\"https:\\\/\\\/www.youtube.com\\\/user\\\/UCMtelevision\"]},{\"@type\":\"Person\",\"@id\":\"https:\\\/\\\/www.ucm.edu.co\\\/#\\\/schema\\\/person\\\/52f5e2d6835d561911c3d6866e61cd5f\",\"name\":\"Marca UCM\",\"image\":{\"@type\":\"ImageObject\",\"inLanguage\":\"en-US\",\"@id\":\"https:\\\/\\\/secure.gravatar.com\\\/avatar\\\/299dbea677535d5ebf1e551d7096494f841ea22510b872bc8e72334b8a3b3e49?s=96&d=mm&r=g\",\"url\":\"https:\\\/\\\/secure.gravatar.com\\\/avatar\\\/299dbea677535d5ebf1e551d7096494f841ea22510b872bc8e72334b8a3b3e49?s=96&d=mm&r=g\",\"contentUrl\":\"https:\\\/\\\/secure.gravatar.com\\\/avatar\\\/299dbea677535d5ebf1e551d7096494f841ea22510b872bc8e72334b8a3b3e49?s=96&d=mm&r=g\",\"caption\":\"Marca UCM\"},\"url\":\"https:\\\/\\\/www.ucm.edu.co\\\/en\\\/author\\\/marca\\\/\"}]}<\/script>\n<!-- \/ Yoast SEO plugin. -->","yoast_head_json":{"title":"UCM - Universidad Cat\u00f3lica de Manizales","robots":{"index":"index","follow":"follow","max-snippet":"max-snippet:-1","max-image-preview":"max-image-preview:large","max-video-preview":"max-video-preview:-1"},"canonical":"https:\/\/www.ucm.edu.co\/en\/con-coordinacion-ucm-inicia-encuentro-internacional-de-jovenes-de-rsu-de-oducal\/","og_locale":"en_US","og_type":"article","og_title":"UCM - Universidad Cat\u00f3lica de Manizales","og_description":"\u00bfY ahora qu\u00e9 hacemos?&nbsp;es el nombre del primer encuentro internacional de j\u00f3venes, organizado por el Programa Juvenil de la Red de Responsabilidad Social Universitaria (RSU) de ODUCAL, la cual es [&hellip;]","og_url":"https:\/\/www.ucm.edu.co\/en\/con-coordinacion-ucm-inicia-encuentro-internacional-de-jovenes-de-rsu-de-oducal\/","og_site_name":"UCM - Universidad Cat\u00f3lica de Manizales","article_publisher":"https:\/\/www.facebook.com\/ucatolicamanizales","article_published_time":"2021-08-04T15:45:00+00:00","article_modified_time":"2021-08-23T15:48:32+00:00","og_image":[{"width":799,"height":439,"url":"https:\/\/www.ucm.edu.co\/wp-content\/uploads\/2021\/08\/WhatsApp-Image-2021-07-27-at-11.30.52-1-1.jpeg","type":"image\/jpeg"}],"author":"Marca UCM","twitter_card":"summary_large_image","twitter_creator":"@ucm_manizales","twitter_site":"@ucm_manizales","twitter_misc":{"Written by":"Marca UCM","Est. reading time":"1 minute"},"schema":{"@context":"https:\/\/schema.org","@graph":[{"@type":"Article","@id":"https:\/\/www.ucm.edu.co\/con-coordinacion-ucm-inicia-encuentro-internacional-de-jovenes-de-rsu-de-oducal\/#article","isPartOf":{"@id":"https:\/\/www.ucm.edu.co\/con-coordinacion-ucm-inicia-encuentro-internacional-de-jovenes-de-rsu-de-oducal\/"},"author":{"name":"Marca UCM","@id":"https:\/\/www.ucm.edu.co\/#\/schema\/person\/52f5e2d6835d561911c3d6866e61cd5f"},"headline":"Con coordinaci\u00f3n UCM, inicia encuentro internacional de j\u00f3venes de RSU de ODUCAL","datePublished":"2021-08-04T15:45:00+00:00","dateModified":"2021-08-23T15:48:32+00:00","mainEntityOfPage":{"@id":"https:\/\/www.ucm.edu.co\/con-coordinacion-ucm-inicia-encuentro-internacional-de-jovenes-de-rsu-de-oducal\/"},"wordCount":166,"commentCount":0,"publisher":{"@id":"https:\/\/www.ucm.edu.co\/#organization"},"image":{"@id":"https:\/\/www.ucm.edu.co\/con-coordinacion-ucm-inicia-encuentro-internacional-de-jovenes-de-rsu-de-oducal\/#primaryimage"},"thumbnailUrl":"https:\/\/www.ucm.edu.co\/wp-content\/uploads\/2021\/08\/WhatsApp-Image-2021-07-27-at-11.30.52-1-1.jpeg","keywords":["Bienestar UCM","Encuentro Internacional de J\u00f3venes","oducal","UCM","Universidad Cat\u00f3lica de Manizales"],"articleSection":["Bienestar"],"inLanguage":"en-US","potentialAction":[{"@type":"CommentAction","name":"Comment","target":["https:\/\/www.ucm.edu.co\/con-coordinacion-ucm-inicia-encuentro-internacional-de-jovenes-de-rsu-de-oducal\/#respond"]}]},{"@type":"WebPage","@id":"https:\/\/www.ucm.edu.co\/con-coordinacion-ucm-inicia-encuentro-internacional-de-jovenes-de-rsu-de-oducal\/","url":"https:\/\/www.ucm.edu.co\/con-coordinacion-ucm-inicia-encuentro-internacional-de-jovenes-de-rsu-de-oducal\/","name":"UCM - Universidad Cat\u00f3lica de Manizales","isPartOf":{"@id":"https:\/\/www.ucm.edu.co\/#website"},"primaryImageOfPage":{"@id":"https:\/\/www.ucm.edu.co\/con-coordinacion-ucm-inicia-encuentro-internacional-de-jovenes-de-rsu-de-oducal\/#primaryimage"},"image":{"@id":"https:\/\/www.ucm.edu.co\/con-coordinacion-ucm-inicia-encuentro-internacional-de-jovenes-de-rsu-de-oducal\/#primaryimage"},"thumbnailUrl":"https:\/\/www.ucm.edu.co\/wp-content\/uploads\/2021\/08\/WhatsApp-Image-2021-07-27-at-11.30.52-1-1.jpeg","datePublished":"2021-08-04T15:45:00+00:00","dateModified":"2021-08-23T15:48:32+00:00","breadcrumb":{"@id":"https:\/\/www.ucm.edu.co\/con-coordinacion-ucm-inicia-encuentro-internacional-de-jovenes-de-rsu-de-oducal\/#breadcrumb"},"inLanguage":"en-US","potentialAction":[{"@type":"ReadAction","target":["https:\/\/www.ucm.edu.co\/con-coordinacion-ucm-inicia-encuentro-internacional-de-jovenes-de-rsu-de-oducal\/"]}]},{"@type":"ImageObject","inLanguage":"en-US","@id":"https:\/\/www.ucm.edu.co\/con-coordinacion-ucm-inicia-encuentro-internacional-de-jovenes-de-rsu-de-oducal\/#primaryimage","url":"https:\/\/www.ucm.edu.co\/wp-content\/uploads\/2021\/08\/WhatsApp-Image-2021-07-27-at-11.30.52-1-1.jpeg","contentUrl":"https:\/\/www.ucm.edu.co\/wp-content\/uploads\/2021\/08\/WhatsApp-Image-2021-07-27-at-11.30.52-1-1.jpeg","width":799,"height":439},{"@type":"BreadcrumbList","@id":"https:\/\/www.ucm.edu.co\/con-coordinacion-ucm-inicia-encuentro-internacional-de-jovenes-de-rsu-de-oducal\/#breadcrumb","itemListElement":[{"@type":"ListItem","position":1,"name":"Portada","item":"https:\/\/www.ucm.edu.co\/"},{"@type":"ListItem","position":2,"name":"Con coordinaci\u00f3n UCM, inicia encuentro internacional de j\u00f3venes de RSU de ODUCAL"}]},{"@type":"WebSite","@id":"https:\/\/www.ucm.edu.co\/#website","url":"https:\/\/www.ucm.edu.co\/","name":"UCM - Universidad Cat\u00f3lica de Manizales","description":"Ven a ser quien quieres ser","publisher":{"@id":"https:\/\/www.ucm.edu.co\/#organization"},"alternateName":"UCM","potentialAction":[{"@type":"SearchAction","target":{"@type":"EntryPoint","urlTemplate":"https:\/\/www.ucm.edu.co\/?s={search_term_string}"},"query-input":{"@type":"PropertyValueSpecification","valueRequired":true,"valueName":"search_term_string"}}],"inLanguage":"en-US"},{"@type":"Organization","@id":"https:\/\/www.ucm.edu.co\/#organization","name":"Universidad Cat\u00f3lica de Manizales","alternateName":"UCM","url":"https:\/\/www.ucm.edu.co\/","logo":{"@type":"ImageObject","inLanguage":"en-US","@id":"https:\/\/www.ucm.edu.co\/#\/schema\/logo\/image\/","url":"https:\/\/www.ucm.edu.co\/wp-content\/uploads\/2021\/03\/favicon_ucm.png","contentUrl":"https:\/\/www.ucm.edu.co\/wp-content\/uploads\/2021\/03\/favicon_ucm.png","width":512,"height":512,"caption":"Universidad Cat\u00f3lica de Manizales"},"image":{"@id":"https:\/\/www.ucm.edu.co\/#\/schema\/logo\/image\/"},"sameAs":["https:\/\/www.facebook.com\/ucatolicamanizales","https:\/\/x.com\/ucm_manizales","https:\/\/www.instagram.com\/ucatolicamanizales\/","https:\/\/co.linkedin.com\/school\/ucatolicamanizales\/","https:\/\/www.youtube.com\/user\/UCMtelevision"]},{"@type":"Person","@id":"https:\/\/www.ucm.edu.co\/#\/schema\/person\/52f5e2d6835d561911c3d6866e61cd5f","name":"Marca UCM","image":{"@type":"ImageObject","inLanguage":"en-US","@id":"https:\/\/secure.gravatar.com\/avatar\/299dbea677535d5ebf1e551d7096494f841ea22510b872bc8e72334b8a3b3e49?s=96&d=mm&r=g","url":"https:\/\/secure.gravatar.com\/avatar\/299dbea677535d5ebf1e551d7096494f841ea22510b872bc8e72334b8a3b3e49?s=96&d=mm&r=g","contentUrl":"https:\/\/secure.gravatar.com\/avatar\/299dbea677535d5ebf1e551d7096494f841ea22510b872bc8e72334b8a3b3e49?s=96&d=mm&r=g","caption":"Marca UCM"},"url":"https:\/\/www.ucm.edu.co\/en\/author\/marca\/"}]}},"_links":{"self":[{"href":"https:\/\/www.ucm.edu.co\/en\/wp-json\/wp\/v2\/posts\/193738","targetHints":{"allow":["GET"]}}],"collection":[{"href":"https:\/\/www.ucm.edu.co\/en\/wp-json\/wp\/v2\/posts"}],"about":[{"href":"https:\/\/www.ucm.edu.co\/en\/wp-json\/wp\/v2\/types\/post"}],"author":[{"embeddable":true,"href":"https:\/\/www.ucm.edu.co\/en\/wp-json\/wp\/v2\/users\/8"}],"replies":[{"embeddable":true,"href":"https:\/\/www.ucm.edu.co\/en\/wp-json\/wp\/v2\/comments?post=193738"}],"version-history":[{"count":1,"href":"https:\/\/www.ucm.edu.co\/en\/wp-json\/wp\/v2\/posts\/193738\/revisions"}],"predecessor-version":[{"id":193742,"href":"https:\/\/www.ucm.edu.co\/en\/wp-json\/wp\/v2\/posts\/193738\/revisions\/193742"}],"wp:featuredmedia":[{"embeddable":true,"href":"https:\/\/www.ucm.edu.co\/en\/wp-json\/wp\/v2\/media\/193739"}],"wp:attachment":[{"href":"https:\/\/www.ucm.edu.co\/en\/wp-json\/wp\/v2\/media?parent=193738"}],"wp:term":[{"taxonomy":"category","embeddable":true,"href":"https:\/\/www.ucm.edu.co\/en\/wp-json\/wp\/v2\/categories?post=193738"},{"taxonomy":"post_tag","embeddable":true,"href":"https:\/\/www.ucm.edu.co\/en\/wp-json\/wp\/v2\/tags?post=193738"}],"curies":[{"name":"wp","href":"https:\/\/api.w.org\/{rel}","templated":true}]}}