{"id":192576,"date":"2021-06-03T11:26:17","date_gmt":"2021-06-03T16:26:17","guid":{"rendered":"https:\/\/www.ucm.edu.co\/?p=192576"},"modified":"2021-06-03T11:27:03","modified_gmt":"2021-06-03T16:27:03","slug":"somos-ganadores-del-fondo-de-innovacion-de-100k","status":"publish","type":"post","link":"https:\/\/www.ucm.edu.co\/en\/somos-ganadores-del-fondo-de-innovacion-de-100k\/","title":{"rendered":"Somos ganadores del Fondo de Innovaci\u00f3n de 100K!"},"content":{"rendered":"\n<p class=\"wp-block-paragraph\"><img loading=\"lazy\" decoding=\"async\" width=\"16\" height=\"16\" src=\"https:\/\/static.xx.fbcdn.net\/images\/emoji.php\/v9\/t8c\/1\/16\/1f389.png\" alt=\"\ud83c\udf89\">\u00a0La <strong>Universidad Cat\u00f3lica de Manizales<\/strong>, Manizales, Caldas, Colombia y <strong>Florida International University<\/strong>, Miami, Florida, Estados Unidos <img loading=\"lazy\" decoding=\"async\" width=\"16\" height=\"16\" src=\"https:\/\/static.xx.fbcdn.net\/images\/emoji.php\/v9\/t8c\/1\/16\/1f389.png\" alt=\"\ud83c\udf89\">, ganadores del Fondo de Innovaci\u00f3n de 100K con el proyecto:\u00a0\u00a0\u00a0<\/p>\n\n\n\n<p class=\"wp-block-paragraph\"><strong> Dise\u00f1o de estrategias alternativas y digitales para construir identidades interculturales multidisciplinarias Estados Unidos-Colombia. <\/strong>&nbsp;&nbsp;<\/p>\n\n\n\n<p class=\"wp-block-paragraph\">Este programa de capacitaci\u00f3n acad\u00e9mica fortalecer\u00e1 el conocimiento de la educaci\u00f3n de las industrias creativas y culturales a trav\u00e9s de experiencias participativas de aprendizaje intercultural de profesores y estudiantes, que dar\u00e1n como resultado el dise\u00f1o de estrategias digitales y alternativas para construir identidades interculturales multidisciplinarias entre Estados Unidos y Colombia.&nbsp;&nbsp;&nbsp;<\/p>\n\n\n\n<p class=\"wp-block-paragraph\">El Fondo de Innovaci\u00f3n de 100K es una colaboraci\u00f3n din\u00e1mica del sector p\u00fablico-privado entre el Departamento de Estado de EE. UU. y Partners of the Americas que colaboran con empresas, fundaciones y redes acad\u00e9micas para defender el poder de la educaci\u00f3n, para apoyar asociaciones innovadoras y programas de capacitaci\u00f3n entre los Estados Unidos y el resto del hemisferio occidental.&nbsp;&nbsp;&nbsp;<\/p>\n\n\n\n<p class=\"wp-block-paragraph\">Esta convocatoria de 100K proporcionar\u00e1 diez subvenciones de <strong>USD&nbsp;$26,175<\/strong> cada una para apoyar nuevas asociaciones entre instituciones de educaci\u00f3n superior de Colombia y los Estados Unidos que brindar\u00e1n acceso a m\u00e1s estudiantes para programas de intercambio y capacitaci\u00f3n acad\u00e9mica innovadores en ambos pa\u00edses a partir del oto\u00f1o de 2021. <strong>La Universidad Cat\u00f3lica de Manizales<\/strong> se complace en trabajar esta iniciativa con la <a rel=\"noreferrer noopener\" href=\"https:\/\/www.facebook.com\/floridainternational\/?__cft__[0]=AZUy-HakE2VLVvj9hamhiSt1GxoObEvwvViciB-v__GNcrVF0XS9aaSF0fdWqY-U0e3hRhjCAAuqiNH7hbPU6KREU70oRvZjanrHi7TIaPgQw7-4NRIM4tdkZ_RWDOUbACdejvvkcMuRMjzcTLqlNvvnb-C8yv5u947T_i1Lw9nYqSuEHkM9sPFsUhqBsaC5smc&amp;__tn__=kK-R\" target=\"_blank\">Florida International University<\/a>.&nbsp;<\/p>\n\n\n\n<figure class=\"wp-block-image size-large\"><img loading=\"lazy\" decoding=\"async\" width=\"819\" height=\"549\" src=\"https:\/\/www.ucm.edu.co\/wp-content\/uploads\/2021\/06\/Ganadores.png\" alt=\"\" class=\"wp-image-192578\"\/><\/figure>\n","protected":false},"excerpt":{"rendered":"<p>Esta convocatoria de 100K proporcionar\u00e1 diez subvenciones de USD $26,175 cada una para apoyar nuevas asociaciones entre instituciones de educaci\u00f3n superior de Colombia y los Estados Unidos , la UCM trabajar\u00e1 de la mano con la Florida International University.<\/p>","protected":false},"author":5,"featured_media":192577,"comment_status":"open","ping_status":"open","sticky":false,"template":"","format":"standard","meta":{"_et_pb_use_builder":"","_et_pb_old_content":"","_et_gb_content_width":"","content-type":"","_monsterinsights_skip_tracking":false,"footnotes":""},"categories":[16],"tags":[],"class_list":["post-192576","post","type-post","status-publish","format-standard","has-post-thumbnail","hentry","category-internacionalizacion"],"yoast_head":"<!-- This site is optimized with the Yoast SEO plugin v28.1 - https:\/\/yoast.com\/product\/yoast-seo-wordpress\/ -->\n<title>UCM - Universidad Cat\u00f3lica de Manizales<\/title>\n<meta name=\"robots\" content=\"index, follow, max-snippet:-1, max-image-preview:large, max-video-preview:-1\" \/>\n<link rel=\"canonical\" href=\"https:\/\/www.ucm.edu.co\/en\/somos-ganadores-del-fondo-de-innovacion-de-100k\/\" \/>\n<meta property=\"og:locale\" content=\"en_US\" \/>\n<meta property=\"og:type\" content=\"article\" \/>\n<meta property=\"og:title\" content=\"UCM - Universidad Cat\u00f3lica de Manizales\" \/>\n<meta property=\"og:description\" content=\"Esta convocatoria de 100K proporcionar\u00e1 diez subvenciones de USD $26,175 cada una para apoyar nuevas asociaciones entre instituciones de educaci\u00f3n superior de Colombia y los Estados Unidos , la UCM trabajar\u00e1 de la mano con la Florida International University.\" \/>\n<meta property=\"og:url\" content=\"https:\/\/www.ucm.edu.co\/en\/somos-ganadores-del-fondo-de-innovacion-de-100k\/\" \/>\n<meta property=\"og:site_name\" content=\"UCM - Universidad Cat\u00f3lica de Manizales\" \/>\n<meta property=\"article:publisher\" content=\"https:\/\/www.facebook.com\/ucatolicamanizales\" \/>\n<meta property=\"article:published_time\" content=\"2021-06-03T16:26:17+00:00\" \/>\n<meta property=\"article:modified_time\" content=\"2021-06-03T16:27:03+00:00\" \/>\n<meta property=\"og:image\" content=\"https:\/\/www.ucm.edu.co\/wp-content\/uploads\/2021\/06\/Ganadores-Copy.png\" \/>\n\t<meta property=\"og:image:width\" content=\"240\" \/>\n\t<meta property=\"og:image:height\" content=\"232\" \/>\n\t<meta property=\"og:image:type\" content=\"image\/png\" \/>\n<meta name=\"author\" content=\"Prensa UCM\" \/>\n<meta name=\"twitter:card\" content=\"summary_large_image\" \/>\n<meta name=\"twitter:creator\" content=\"@ucm_manizales\" \/>\n<meta name=\"twitter:site\" content=\"@ucm_manizales\" \/>\n<meta name=\"twitter:label1\" content=\"Written by\" \/>\n\t<meta name=\"twitter:data1\" content=\"Prensa UCM\" \/>\n\t<meta name=\"twitter:label2\" content=\"Est. reading time\" \/>\n\t<meta name=\"twitter:data2\" content=\"1 minute\" \/>\n<script type=\"application\/ld+json\" class=\"yoast-schema-graph\">{\"@context\":\"https:\\\/\\\/schema.org\",\"@graph\":[{\"@type\":\"Article\",\"@id\":\"https:\\\/\\\/www.ucm.edu.co\\\/somos-ganadores-del-fondo-de-innovacion-de-100k\\\/#article\",\"isPartOf\":{\"@id\":\"https:\\\/\\\/www.ucm.edu.co\\\/somos-ganadores-del-fondo-de-innovacion-de-100k\\\/\"},\"author\":{\"name\":\"Prensa UCM\",\"@id\":\"https:\\\/\\\/www.ucm.edu.co\\\/#\\\/schema\\\/person\\\/fea805666959d6cfcf87dea44ef2f0b8\"},\"headline\":\"Somos ganadores del Fondo de Innovaci\u00f3n de 100K!\",\"datePublished\":\"2021-06-03T16:26:17+00:00\",\"dateModified\":\"2021-06-03T16:27:03+00:00\",\"mainEntityOfPage\":{\"@id\":\"https:\\\/\\\/www.ucm.edu.co\\\/somos-ganadores-del-fondo-de-innovacion-de-100k\\\/\"},\"wordCount\":255,\"commentCount\":0,\"publisher\":{\"@id\":\"https:\\\/\\\/www.ucm.edu.co\\\/#organization\"},\"image\":{\"@id\":\"https:\\\/\\\/www.ucm.edu.co\\\/somos-ganadores-del-fondo-de-innovacion-de-100k\\\/#primaryimage\"},\"thumbnailUrl\":\"https:\\\/\\\/www.ucm.edu.co\\\/wp-content\\\/uploads\\\/2021\\\/06\\\/Ganadores-Copy.png\",\"articleSection\":[\"Internacionalizaci\u00f3n\"],\"inLanguage\":\"en-US\",\"potentialAction\":[{\"@type\":\"CommentAction\",\"name\":\"Comment\",\"target\":[\"https:\\\/\\\/www.ucm.edu.co\\\/somos-ganadores-del-fondo-de-innovacion-de-100k\\\/#respond\"]}]},{\"@type\":\"WebPage\",\"@id\":\"https:\\\/\\\/www.ucm.edu.co\\\/somos-ganadores-del-fondo-de-innovacion-de-100k\\\/\",\"url\":\"https:\\\/\\\/www.ucm.edu.co\\\/somos-ganadores-del-fondo-de-innovacion-de-100k\\\/\",\"name\":\"UCM - Universidad Cat\u00f3lica de Manizales\",\"isPartOf\":{\"@id\":\"https:\\\/\\\/www.ucm.edu.co\\\/#website\"},\"primaryImageOfPage\":{\"@id\":\"https:\\\/\\\/www.ucm.edu.co\\\/somos-ganadores-del-fondo-de-innovacion-de-100k\\\/#primaryimage\"},\"image\":{\"@id\":\"https:\\\/\\\/www.ucm.edu.co\\\/somos-ganadores-del-fondo-de-innovacion-de-100k\\\/#primaryimage\"},\"thumbnailUrl\":\"https:\\\/\\\/www.ucm.edu.co\\\/wp-content\\\/uploads\\\/2021\\\/06\\\/Ganadores-Copy.png\",\"datePublished\":\"2021-06-03T16:26:17+00:00\",\"dateModified\":\"2021-06-03T16:27:03+00:00\",\"breadcrumb\":{\"@id\":\"https:\\\/\\\/www.ucm.edu.co\\\/somos-ganadores-del-fondo-de-innovacion-de-100k\\\/#breadcrumb\"},\"inLanguage\":\"en-US\",\"potentialAction\":[{\"@type\":\"ReadAction\",\"target\":[\"https:\\\/\\\/www.ucm.edu.co\\\/somos-ganadores-del-fondo-de-innovacion-de-100k\\\/\"]}]},{\"@type\":\"ImageObject\",\"inLanguage\":\"en-US\",\"@id\":\"https:\\\/\\\/www.ucm.edu.co\\\/somos-ganadores-del-fondo-de-innovacion-de-100k\\\/#primaryimage\",\"url\":\"https:\\\/\\\/www.ucm.edu.co\\\/wp-content\\\/uploads\\\/2021\\\/06\\\/Ganadores-Copy.png\",\"contentUrl\":\"https:\\\/\\\/www.ucm.edu.co\\\/wp-content\\\/uploads\\\/2021\\\/06\\\/Ganadores-Copy.png\",\"width\":240,\"height\":232,\"caption\":\"noticia somos ganadores del fondo de innovaci\u00f3n de 100k\"},{\"@type\":\"BreadcrumbList\",\"@id\":\"https:\\\/\\\/www.ucm.edu.co\\\/somos-ganadores-del-fondo-de-innovacion-de-100k\\\/#breadcrumb\",\"itemListElement\":[{\"@type\":\"ListItem\",\"position\":1,\"name\":\"Portada\",\"item\":\"https:\\\/\\\/www.ucm.edu.co\\\/\"},{\"@type\":\"ListItem\",\"position\":2,\"name\":\"Somos ganadores del Fondo de Innovaci\u00f3n de 100K!\"}]},{\"@type\":\"WebSite\",\"@id\":\"https:\\\/\\\/www.ucm.edu.co\\\/#website\",\"url\":\"https:\\\/\\\/www.ucm.edu.co\\\/\",\"name\":\"UCM - Universidad Cat\u00f3lica de Manizales\",\"description\":\"Ven a ser quien quieres ser\",\"publisher\":{\"@id\":\"https:\\\/\\\/www.ucm.edu.co\\\/#organization\"},\"alternateName\":\"UCM\",\"potentialAction\":[{\"@type\":\"SearchAction\",\"target\":{\"@type\":\"EntryPoint\",\"urlTemplate\":\"https:\\\/\\\/www.ucm.edu.co\\\/?s={search_term_string}\"},\"query-input\":{\"@type\":\"PropertyValueSpecification\",\"valueRequired\":true,\"valueName\":\"search_term_string\"}}],\"inLanguage\":\"en-US\"},{\"@type\":\"Organization\",\"@id\":\"https:\\\/\\\/www.ucm.edu.co\\\/#organization\",\"name\":\"Universidad Cat\u00f3lica de Manizales\",\"alternateName\":\"UCM\",\"url\":\"https:\\\/\\\/www.ucm.edu.co\\\/\",\"logo\":{\"@type\":\"ImageObject\",\"inLanguage\":\"en-US\",\"@id\":\"https:\\\/\\\/www.ucm.edu.co\\\/#\\\/schema\\\/logo\\\/image\\\/\",\"url\":\"https:\\\/\\\/www.ucm.edu.co\\\/wp-content\\\/uploads\\\/2021\\\/03\\\/favicon_ucm.png\",\"contentUrl\":\"https:\\\/\\\/www.ucm.edu.co\\\/wp-content\\\/uploads\\\/2021\\\/03\\\/favicon_ucm.png\",\"width\":512,\"height\":512,\"caption\":\"Universidad Cat\u00f3lica de Manizales\"},\"image\":{\"@id\":\"https:\\\/\\\/www.ucm.edu.co\\\/#\\\/schema\\\/logo\\\/image\\\/\"},\"sameAs\":[\"https:\\\/\\\/www.facebook.com\\\/ucatolicamanizales\",\"https:\\\/\\\/x.com\\\/ucm_manizales\",\"https:\\\/\\\/www.instagram.com\\\/ucatolicamanizales\\\/\",\"https:\\\/\\\/co.linkedin.com\\\/school\\\/ucatolicamanizales\\\/\",\"https:\\\/\\\/www.youtube.com\\\/user\\\/UCMtelevision\"]},{\"@type\":\"Person\",\"@id\":\"https:\\\/\\\/www.ucm.edu.co\\\/#\\\/schema\\\/person\\\/fea805666959d6cfcf87dea44ef2f0b8\",\"name\":\"Prensa UCM\",\"image\":{\"@type\":\"ImageObject\",\"inLanguage\":\"en-US\",\"@id\":\"https:\\\/\\\/secure.gravatar.com\\\/avatar\\\/e9670ef3f6e98ca21e5ca101324fddb19f2b728f8bc808ffc267be23350fac46?s=96&d=mm&r=g\",\"url\":\"https:\\\/\\\/secure.gravatar.com\\\/avatar\\\/e9670ef3f6e98ca21e5ca101324fddb19f2b728f8bc808ffc267be23350fac46?s=96&d=mm&r=g\",\"contentUrl\":\"https:\\\/\\\/secure.gravatar.com\\\/avatar\\\/e9670ef3f6e98ca21e5ca101324fddb19f2b728f8bc808ffc267be23350fac46?s=96&d=mm&r=g\",\"caption\":\"Prensa UCM\"},\"url\":\"https:\\\/\\\/www.ucm.edu.co\\\/en\\\/author\\\/prensa\\\/\"}]}<\/script>\n<!-- \/ Yoast SEO plugin. -->","yoast_head_json":{"title":"UCM - Universidad Cat\u00f3lica de Manizales","robots":{"index":"index","follow":"follow","max-snippet":"max-snippet:-1","max-image-preview":"max-image-preview:large","max-video-preview":"max-video-preview:-1"},"canonical":"https:\/\/www.ucm.edu.co\/en\/somos-ganadores-del-fondo-de-innovacion-de-100k\/","og_locale":"en_US","og_type":"article","og_title":"UCM - Universidad Cat\u00f3lica de Manizales","og_description":"Esta convocatoria de 100K proporcionar\u00e1 diez subvenciones de USD $26,175 cada una para apoyar nuevas asociaciones entre instituciones de educaci\u00f3n superior de Colombia y los Estados Unidos , la UCM trabajar\u00e1 de la mano con la Florida International University.","og_url":"https:\/\/www.ucm.edu.co\/en\/somos-ganadores-del-fondo-de-innovacion-de-100k\/","og_site_name":"UCM - Universidad Cat\u00f3lica de Manizales","article_publisher":"https:\/\/www.facebook.com\/ucatolicamanizales","article_published_time":"2021-06-03T16:26:17+00:00","article_modified_time":"2021-06-03T16:27:03+00:00","og_image":[{"width":240,"height":232,"url":"https:\/\/www.ucm.edu.co\/wp-content\/uploads\/2021\/06\/Ganadores-Copy.png","type":"image\/png"}],"author":"Prensa UCM","twitter_card":"summary_large_image","twitter_creator":"@ucm_manizales","twitter_site":"@ucm_manizales","twitter_misc":{"Written by":"Prensa UCM","Est. reading time":"1 minute"},"schema":{"@context":"https:\/\/schema.org","@graph":[{"@type":"Article","@id":"https:\/\/www.ucm.edu.co\/somos-ganadores-del-fondo-de-innovacion-de-100k\/#article","isPartOf":{"@id":"https:\/\/www.ucm.edu.co\/somos-ganadores-del-fondo-de-innovacion-de-100k\/"},"author":{"name":"Prensa UCM","@id":"https:\/\/www.ucm.edu.co\/#\/schema\/person\/fea805666959d6cfcf87dea44ef2f0b8"},"headline":"Somos ganadores del Fondo de Innovaci\u00f3n de 100K!","datePublished":"2021-06-03T16:26:17+00:00","dateModified":"2021-06-03T16:27:03+00:00","mainEntityOfPage":{"@id":"https:\/\/www.ucm.edu.co\/somos-ganadores-del-fondo-de-innovacion-de-100k\/"},"wordCount":255,"commentCount":0,"publisher":{"@id":"https:\/\/www.ucm.edu.co\/#organization"},"image":{"@id":"https:\/\/www.ucm.edu.co\/somos-ganadores-del-fondo-de-innovacion-de-100k\/#primaryimage"},"thumbnailUrl":"https:\/\/www.ucm.edu.co\/wp-content\/uploads\/2021\/06\/Ganadores-Copy.png","articleSection":["Internacionalizaci\u00f3n"],"inLanguage":"en-US","potentialAction":[{"@type":"CommentAction","name":"Comment","target":["https:\/\/www.ucm.edu.co\/somos-ganadores-del-fondo-de-innovacion-de-100k\/#respond"]}]},{"@type":"WebPage","@id":"https:\/\/www.ucm.edu.co\/somos-ganadores-del-fondo-de-innovacion-de-100k\/","url":"https:\/\/www.ucm.edu.co\/somos-ganadores-del-fondo-de-innovacion-de-100k\/","name":"UCM - Universidad Cat\u00f3lica de Manizales","isPartOf":{"@id":"https:\/\/www.ucm.edu.co\/#website"},"primaryImageOfPage":{"@id":"https:\/\/www.ucm.edu.co\/somos-ganadores-del-fondo-de-innovacion-de-100k\/#primaryimage"},"image":{"@id":"https:\/\/www.ucm.edu.co\/somos-ganadores-del-fondo-de-innovacion-de-100k\/#primaryimage"},"thumbnailUrl":"https:\/\/www.ucm.edu.co\/wp-content\/uploads\/2021\/06\/Ganadores-Copy.png","datePublished":"2021-06-03T16:26:17+00:00","dateModified":"2021-06-03T16:27:03+00:00","breadcrumb":{"@id":"https:\/\/www.ucm.edu.co\/somos-ganadores-del-fondo-de-innovacion-de-100k\/#breadcrumb"},"inLanguage":"en-US","potentialAction":[{"@type":"ReadAction","target":["https:\/\/www.ucm.edu.co\/somos-ganadores-del-fondo-de-innovacion-de-100k\/"]}]},{"@type":"ImageObject","inLanguage":"en-US","@id":"https:\/\/www.ucm.edu.co\/somos-ganadores-del-fondo-de-innovacion-de-100k\/#primaryimage","url":"https:\/\/www.ucm.edu.co\/wp-content\/uploads\/2021\/06\/Ganadores-Copy.png","contentUrl":"https:\/\/www.ucm.edu.co\/wp-content\/uploads\/2021\/06\/Ganadores-Copy.png","width":240,"height":232,"caption":"noticia somos ganadores del fondo de innovaci\u00f3n de 100k"},{"@type":"BreadcrumbList","@id":"https:\/\/www.ucm.edu.co\/somos-ganadores-del-fondo-de-innovacion-de-100k\/#breadcrumb","itemListElement":[{"@type":"ListItem","position":1,"name":"Portada","item":"https:\/\/www.ucm.edu.co\/"},{"@type":"ListItem","position":2,"name":"Somos ganadores del Fondo de Innovaci\u00f3n de 100K!"}]},{"@type":"WebSite","@id":"https:\/\/www.ucm.edu.co\/#website","url":"https:\/\/www.ucm.edu.co\/","name":"UCM - Universidad Cat\u00f3lica de Manizales","description":"Ven a ser quien quieres ser","publisher":{"@id":"https:\/\/www.ucm.edu.co\/#organization"},"alternateName":"UCM","potentialAction":[{"@type":"SearchAction","target":{"@type":"EntryPoint","urlTemplate":"https:\/\/www.ucm.edu.co\/?s={search_term_string}"},"query-input":{"@type":"PropertyValueSpecification","valueRequired":true,"valueName":"search_term_string"}}],"inLanguage":"en-US"},{"@type":"Organization","@id":"https:\/\/www.ucm.edu.co\/#organization","name":"Universidad Cat\u00f3lica de Manizales","alternateName":"UCM","url":"https:\/\/www.ucm.edu.co\/","logo":{"@type":"ImageObject","inLanguage":"en-US","@id":"https:\/\/www.ucm.edu.co\/#\/schema\/logo\/image\/","url":"https:\/\/www.ucm.edu.co\/wp-content\/uploads\/2021\/03\/favicon_ucm.png","contentUrl":"https:\/\/www.ucm.edu.co\/wp-content\/uploads\/2021\/03\/favicon_ucm.png","width":512,"height":512,"caption":"Universidad Cat\u00f3lica de Manizales"},"image":{"@id":"https:\/\/www.ucm.edu.co\/#\/schema\/logo\/image\/"},"sameAs":["https:\/\/www.facebook.com\/ucatolicamanizales","https:\/\/x.com\/ucm_manizales","https:\/\/www.instagram.com\/ucatolicamanizales\/","https:\/\/co.linkedin.com\/school\/ucatolicamanizales\/","https:\/\/www.youtube.com\/user\/UCMtelevision"]},{"@type":"Person","@id":"https:\/\/www.ucm.edu.co\/#\/schema\/person\/fea805666959d6cfcf87dea44ef2f0b8","name":"Prensa UCM","image":{"@type":"ImageObject","inLanguage":"en-US","@id":"https:\/\/secure.gravatar.com\/avatar\/e9670ef3f6e98ca21e5ca101324fddb19f2b728f8bc808ffc267be23350fac46?s=96&d=mm&r=g","url":"https:\/\/secure.gravatar.com\/avatar\/e9670ef3f6e98ca21e5ca101324fddb19f2b728f8bc808ffc267be23350fac46?s=96&d=mm&r=g","contentUrl":"https:\/\/secure.gravatar.com\/avatar\/e9670ef3f6e98ca21e5ca101324fddb19f2b728f8bc808ffc267be23350fac46?s=96&d=mm&r=g","caption":"Prensa UCM"},"url":"https:\/\/www.ucm.edu.co\/en\/author\/prensa\/"}]}},"_links":{"self":[{"href":"https:\/\/www.ucm.edu.co\/en\/wp-json\/wp\/v2\/posts\/192576","targetHints":{"allow":["GET"]}}],"collection":[{"href":"https:\/\/www.ucm.edu.co\/en\/wp-json\/wp\/v2\/posts"}],"about":[{"href":"https:\/\/www.ucm.edu.co\/en\/wp-json\/wp\/v2\/types\/post"}],"author":[{"embeddable":true,"href":"https:\/\/www.ucm.edu.co\/en\/wp-json\/wp\/v2\/users\/5"}],"replies":[{"embeddable":true,"href":"https:\/\/www.ucm.edu.co\/en\/wp-json\/wp\/v2\/comments?post=192576"}],"version-history":[{"count":2,"href":"https:\/\/www.ucm.edu.co\/en\/wp-json\/wp\/v2\/posts\/192576\/revisions"}],"predecessor-version":[{"id":192580,"href":"https:\/\/www.ucm.edu.co\/en\/wp-json\/wp\/v2\/posts\/192576\/revisions\/192580"}],"wp:featuredmedia":[{"embeddable":true,"href":"https:\/\/www.ucm.edu.co\/en\/wp-json\/wp\/v2\/media\/192577"}],"wp:attachment":[{"href":"https:\/\/www.ucm.edu.co\/en\/wp-json\/wp\/v2\/media?parent=192576"}],"wp:term":[{"taxonomy":"category","embeddable":true,"href":"https:\/\/www.ucm.edu.co\/en\/wp-json\/wp\/v2\/categories?post=192576"},{"taxonomy":"post_tag","embeddable":true,"href":"https:\/\/www.ucm.edu.co\/en\/wp-json\/wp\/v2\/tags?post=192576"}],"curies":[{"name":"wp","href":"https:\/\/api.w.org\/{rel}","templated":true}]}}