{"id":192263,"date":"2021-05-19T16:32:33","date_gmt":"2021-05-19T21:32:33","guid":{"rendered":"https:\/\/www.ucm.edu.co\/?p=192263"},"modified":"2021-05-19T16:46:39","modified_gmt":"2021-05-19T21:46:39","slug":"ucm-elegida-como-coordinadora-de-programa-de-la-oducal","status":"publish","type":"post","link":"https:\/\/www.ucm.edu.co\/en\/ucm-elegida-como-coordinadora-de-programa-de-la-oducal\/","title":{"rendered":"UCM elegida como coordinadora de Programa de ODUCAL"},"content":{"rendered":"<p class=\"wp-block-paragraph\">The <strong>Universidad Cat\u00f3lica de Manizales<\/strong> fue asignada como coordinadora del programa <strong>Augere Universitas, <\/strong>que tiene como objetivo fomentar el crecimiento y desarrollo universitario integral de profesores, investigadores, directivos y administrativos, con experiencias interculturales e internacionales que fortalezcan la calidad de la educaci\u00f3n superior.<\/p>\n\n\n\n<p class=\"wp-block-paragraph\">El Programa, creado por la <strong>Organizaci\u00f3n de Universidades Cat\u00f3licas de Am\u00e9rica Latina y el Caribe (ODUCAL),<\/strong> se convierte en el tercero coordinado por la UCM, al lado de la Pastoral Universitaria y la Red Juvenil de Responsabilidad Social, con representaci\u00f3n en m\u00e1s de 40 universidades de Am\u00e9rica Latina, en 12 pa\u00edses<\/p>\n\n\n\n<p class=\"wp-block-paragraph\"><strong>Mat\u00edas Andr\u00e9s Mar\u00edn, director de Internacionalizaci\u00f3n UCM: <\/strong>Tenemos tres retos, el primero es activar la movilidad de manera multidireccional en la regi\u00f3n que permita fomentar la internacionalizaci\u00f3n de la docencia, de la investigaci\u00f3n, de la extensi\u00f3n y proyecci\u00f3n social, as\u00ed como la internacionalizaci\u00f3n administrativa.<\/p>\n\n\n\n<p class=\"wp-block-paragraph\">Un segundo reto, es promover anualmente un proyecto bandera desde la coordinaci\u00f3n para movilidad administrativa desde un enfoque de generaci\u00f3n de capacidades en asocio con otras IES de la regi\u00f3n, seg\u00fan un \u00e1rea estrat\u00e9gica por a\u00f1o.<\/p>\n\n\n\n<p class=\"wp-block-paragraph\">Finalmente, el gran reto ser\u00e1 poder dar visibilidad y participaci\u00f3n por medio de proyectos de movilidad a los diferentes actores que hacen posible la educaci\u00f3n superior en Am\u00e9rica Latina.<\/p>","protected":false},"excerpt":{"rendered":"<p>La UCM tiene a cargo la coordinaci\u00f3n de la Pastoral Universitaria, la Red Juvenil de Responsabilidad Social y Augere Universitas <\/p>","protected":false},"author":5,"featured_media":192265,"comment_status":"open","ping_status":"open","sticky":false,"template":"","format":"standard","meta":{"_et_pb_use_builder":"","_et_pb_old_content":"","_et_gb_content_width":"","content-type":"","_monsterinsights_skip_tracking":false,"footnotes":""},"categories":[16],"tags":[68,69],"class_list":["post-192263","post","type-post","status-publish","format-standard","has-post-thumbnail","hentry","category-internacionalizacion","tag-ucm","tag-universidad-catolica-de-manizales"],"yoast_head":"<!-- This site is optimized with the Yoast SEO plugin v28.1 - https:\/\/yoast.com\/product\/yoast-seo-wordpress\/ -->\n<title>UCM - Universidad Cat\u00f3lica de Manizales<\/title>\n<meta name=\"robots\" content=\"index, follow, max-snippet:-1, max-image-preview:large, max-video-preview:-1\" \/>\n<link rel=\"canonical\" href=\"https:\/\/www.ucm.edu.co\/en\/ucm-elegida-como-coordinadora-de-programa-de-la-oducal\/\" \/>\n<meta property=\"og:locale\" content=\"en_US\" \/>\n<meta property=\"og:type\" content=\"article\" \/>\n<meta property=\"og:title\" content=\"UCM - Universidad Cat\u00f3lica de Manizales\" \/>\n<meta property=\"og:description\" content=\"La UCM tiene a cargo la coordinaci\u00f3n de la Pastoral Universitaria, la Red Juvenil de Responsabilidad Social y Augere Universitas\" \/>\n<meta property=\"og:url\" content=\"https:\/\/www.ucm.edu.co\/en\/ucm-elegida-como-coordinadora-de-programa-de-la-oducal\/\" \/>\n<meta property=\"og:site_name\" content=\"UCM - Universidad Cat\u00f3lica de Manizales\" \/>\n<meta property=\"article:publisher\" content=\"https:\/\/www.facebook.com\/ucatolicamanizales\" \/>\n<meta property=\"article:published_time\" content=\"2021-05-19T21:32:33+00:00\" \/>\n<meta property=\"article:modified_time\" content=\"2021-05-19T21:46:39+00:00\" \/>\n<meta property=\"og:image\" content=\"https:\/\/www.ucm.edu.co\/wp-content\/uploads\/2021\/05\/Fachada-UCM.jpg\" \/>\n\t<meta property=\"og:image:width\" content=\"800\" \/>\n\t<meta property=\"og:image:height\" content=\"449\" \/>\n\t<meta property=\"og:image:type\" content=\"image\/jpeg\" \/>\n<meta name=\"author\" content=\"Prensa UCM\" \/>\n<meta name=\"twitter:card\" content=\"summary_large_image\" \/>\n<meta name=\"twitter:creator\" content=\"@ucm_manizales\" \/>\n<meta name=\"twitter:site\" content=\"@ucm_manizales\" \/>\n<meta name=\"twitter:label1\" content=\"Written by\" \/>\n\t<meta name=\"twitter:data1\" content=\"Prensa UCM\" \/>\n\t<meta name=\"twitter:label2\" content=\"Est. reading time\" \/>\n\t<meta name=\"twitter:data2\" content=\"1 minute\" \/>\n<script type=\"application\/ld+json\" class=\"yoast-schema-graph\">{\"@context\":\"https:\\\/\\\/schema.org\",\"@graph\":[{\"@type\":\"Article\",\"@id\":\"https:\\\/\\\/www.ucm.edu.co\\\/ucm-elegida-como-coordinadora-de-programa-de-la-oducal\\\/#article\",\"isPartOf\":{\"@id\":\"https:\\\/\\\/www.ucm.edu.co\\\/ucm-elegida-como-coordinadora-de-programa-de-la-oducal\\\/\"},\"author\":{\"name\":\"Prensa UCM\",\"@id\":\"https:\\\/\\\/www.ucm.edu.co\\\/#\\\/schema\\\/person\\\/fea805666959d6cfcf87dea44ef2f0b8\"},\"headline\":\"UCM elegida como coordinadora de Programa de ODUCAL\",\"datePublished\":\"2021-05-19T21:32:33+00:00\",\"dateModified\":\"2021-05-19T21:46:39+00:00\",\"mainEntityOfPage\":{\"@id\":\"https:\\\/\\\/www.ucm.edu.co\\\/ucm-elegida-como-coordinadora-de-programa-de-la-oducal\\\/\"},\"wordCount\":237,\"commentCount\":0,\"publisher\":{\"@id\":\"https:\\\/\\\/www.ucm.edu.co\\\/#organization\"},\"image\":{\"@id\":\"https:\\\/\\\/www.ucm.edu.co\\\/ucm-elegida-como-coordinadora-de-programa-de-la-oducal\\\/#primaryimage\"},\"thumbnailUrl\":\"https:\\\/\\\/www.ucm.edu.co\\\/wp-content\\\/uploads\\\/2021\\\/05\\\/Fachada-UCM.jpg\",\"keywords\":[\"UCM\",\"Universidad Cat\u00f3lica de Manizales\"],\"articleSection\":[\"Internacionalizaci\u00f3n\"],\"inLanguage\":\"en-US\",\"potentialAction\":[{\"@type\":\"CommentAction\",\"name\":\"Comment\",\"target\":[\"https:\\\/\\\/www.ucm.edu.co\\\/ucm-elegida-como-coordinadora-de-programa-de-la-oducal\\\/#respond\"]}]},{\"@type\":\"WebPage\",\"@id\":\"https:\\\/\\\/www.ucm.edu.co\\\/ucm-elegida-como-coordinadora-de-programa-de-la-oducal\\\/\",\"url\":\"https:\\\/\\\/www.ucm.edu.co\\\/ucm-elegida-como-coordinadora-de-programa-de-la-oducal\\\/\",\"name\":\"UCM - Universidad Cat\u00f3lica de Manizales\",\"isPartOf\":{\"@id\":\"https:\\\/\\\/www.ucm.edu.co\\\/#website\"},\"primaryImageOfPage\":{\"@id\":\"https:\\\/\\\/www.ucm.edu.co\\\/ucm-elegida-como-coordinadora-de-programa-de-la-oducal\\\/#primaryimage\"},\"image\":{\"@id\":\"https:\\\/\\\/www.ucm.edu.co\\\/ucm-elegida-como-coordinadora-de-programa-de-la-oducal\\\/#primaryimage\"},\"thumbnailUrl\":\"https:\\\/\\\/www.ucm.edu.co\\\/wp-content\\\/uploads\\\/2021\\\/05\\\/Fachada-UCM.jpg\",\"datePublished\":\"2021-05-19T21:32:33+00:00\",\"dateModified\":\"2021-05-19T21:46:39+00:00\",\"breadcrumb\":{\"@id\":\"https:\\\/\\\/www.ucm.edu.co\\\/ucm-elegida-como-coordinadora-de-programa-de-la-oducal\\\/#breadcrumb\"},\"inLanguage\":\"en-US\",\"potentialAction\":[{\"@type\":\"ReadAction\",\"target\":[\"https:\\\/\\\/www.ucm.edu.co\\\/ucm-elegida-como-coordinadora-de-programa-de-la-oducal\\\/\"]}]},{\"@type\":\"ImageObject\",\"inLanguage\":\"en-US\",\"@id\":\"https:\\\/\\\/www.ucm.edu.co\\\/ucm-elegida-como-coordinadora-de-programa-de-la-oducal\\\/#primaryimage\",\"url\":\"https:\\\/\\\/www.ucm.edu.co\\\/wp-content\\\/uploads\\\/2021\\\/05\\\/Fachada-UCM.jpg\",\"contentUrl\":\"https:\\\/\\\/www.ucm.edu.co\\\/wp-content\\\/uploads\\\/2021\\\/05\\\/Fachada-UCM.jpg\",\"width\":800,\"height\":449,\"caption\":\"Apoyo a la permanencia\"},{\"@type\":\"BreadcrumbList\",\"@id\":\"https:\\\/\\\/www.ucm.edu.co\\\/ucm-elegida-como-coordinadora-de-programa-de-la-oducal\\\/#breadcrumb\",\"itemListElement\":[{\"@type\":\"ListItem\",\"position\":1,\"name\":\"Portada\",\"item\":\"https:\\\/\\\/www.ucm.edu.co\\\/\"},{\"@type\":\"ListItem\",\"position\":2,\"name\":\"UCM elegida como coordinadora de Programa de ODUCAL\"}]},{\"@type\":\"WebSite\",\"@id\":\"https:\\\/\\\/www.ucm.edu.co\\\/#website\",\"url\":\"https:\\\/\\\/www.ucm.edu.co\\\/\",\"name\":\"UCM - Universidad Cat\u00f3lica de Manizales\",\"description\":\"Ven a ser quien quieres ser\",\"publisher\":{\"@id\":\"https:\\\/\\\/www.ucm.edu.co\\\/#organization\"},\"alternateName\":\"UCM\",\"potentialAction\":[{\"@type\":\"SearchAction\",\"target\":{\"@type\":\"EntryPoint\",\"urlTemplate\":\"https:\\\/\\\/www.ucm.edu.co\\\/?s={search_term_string}\"},\"query-input\":{\"@type\":\"PropertyValueSpecification\",\"valueRequired\":true,\"valueName\":\"search_term_string\"}}],\"inLanguage\":\"en-US\"},{\"@type\":\"Organization\",\"@id\":\"https:\\\/\\\/www.ucm.edu.co\\\/#organization\",\"name\":\"Universidad Cat\u00f3lica de Manizales\",\"alternateName\":\"UCM\",\"url\":\"https:\\\/\\\/www.ucm.edu.co\\\/\",\"logo\":{\"@type\":\"ImageObject\",\"inLanguage\":\"en-US\",\"@id\":\"https:\\\/\\\/www.ucm.edu.co\\\/#\\\/schema\\\/logo\\\/image\\\/\",\"url\":\"https:\\\/\\\/www.ucm.edu.co\\\/wp-content\\\/uploads\\\/2021\\\/03\\\/favicon_ucm.png\",\"contentUrl\":\"https:\\\/\\\/www.ucm.edu.co\\\/wp-content\\\/uploads\\\/2021\\\/03\\\/favicon_ucm.png\",\"width\":512,\"height\":512,\"caption\":\"Universidad Cat\u00f3lica de Manizales\"},\"image\":{\"@id\":\"https:\\\/\\\/www.ucm.edu.co\\\/#\\\/schema\\\/logo\\\/image\\\/\"},\"sameAs\":[\"https:\\\/\\\/www.facebook.com\\\/ucatolicamanizales\",\"https:\\\/\\\/x.com\\\/ucm_manizales\",\"https:\\\/\\\/www.instagram.com\\\/ucatolicamanizales\\\/\",\"https:\\\/\\\/co.linkedin.com\\\/school\\\/ucatolicamanizales\\\/\",\"https:\\\/\\\/www.youtube.com\\\/user\\\/UCMtelevision\"]},{\"@type\":\"Person\",\"@id\":\"https:\\\/\\\/www.ucm.edu.co\\\/#\\\/schema\\\/person\\\/fea805666959d6cfcf87dea44ef2f0b8\",\"name\":\"Prensa UCM\",\"image\":{\"@type\":\"ImageObject\",\"inLanguage\":\"en-US\",\"@id\":\"https:\\\/\\\/secure.gravatar.com\\\/avatar\\\/e9670ef3f6e98ca21e5ca101324fddb19f2b728f8bc808ffc267be23350fac46?s=96&d=mm&r=g\",\"url\":\"https:\\\/\\\/secure.gravatar.com\\\/avatar\\\/e9670ef3f6e98ca21e5ca101324fddb19f2b728f8bc808ffc267be23350fac46?s=96&d=mm&r=g\",\"contentUrl\":\"https:\\\/\\\/secure.gravatar.com\\\/avatar\\\/e9670ef3f6e98ca21e5ca101324fddb19f2b728f8bc808ffc267be23350fac46?s=96&d=mm&r=g\",\"caption\":\"Prensa UCM\"},\"url\":\"https:\\\/\\\/www.ucm.edu.co\\\/en\\\/author\\\/prensa\\\/\"}]}<\/script>\n<!-- \/ Yoast SEO plugin. -->","yoast_head_json":{"title":"UCM - Universidad Cat\u00f3lica de Manizales","robots":{"index":"index","follow":"follow","max-snippet":"max-snippet:-1","max-image-preview":"max-image-preview:large","max-video-preview":"max-video-preview:-1"},"canonical":"https:\/\/www.ucm.edu.co\/en\/ucm-elegida-como-coordinadora-de-programa-de-la-oducal\/","og_locale":"en_US","og_type":"article","og_title":"UCM - Universidad Cat\u00f3lica de Manizales","og_description":"La UCM tiene a cargo la coordinaci\u00f3n de la Pastoral Universitaria, la Red Juvenil de Responsabilidad Social y Augere Universitas","og_url":"https:\/\/www.ucm.edu.co\/en\/ucm-elegida-como-coordinadora-de-programa-de-la-oducal\/","og_site_name":"UCM - Universidad Cat\u00f3lica de Manizales","article_publisher":"https:\/\/www.facebook.com\/ucatolicamanizales","article_published_time":"2021-05-19T21:32:33+00:00","article_modified_time":"2021-05-19T21:46:39+00:00","og_image":[{"width":800,"height":449,"url":"https:\/\/www.ucm.edu.co\/wp-content\/uploads\/2021\/05\/Fachada-UCM.jpg","type":"image\/jpeg"}],"author":"Prensa UCM","twitter_card":"summary_large_image","twitter_creator":"@ucm_manizales","twitter_site":"@ucm_manizales","twitter_misc":{"Written by":"Prensa UCM","Est. reading time":"1 minute"},"schema":{"@context":"https:\/\/schema.org","@graph":[{"@type":"Article","@id":"https:\/\/www.ucm.edu.co\/ucm-elegida-como-coordinadora-de-programa-de-la-oducal\/#article","isPartOf":{"@id":"https:\/\/www.ucm.edu.co\/ucm-elegida-como-coordinadora-de-programa-de-la-oducal\/"},"author":{"name":"Prensa UCM","@id":"https:\/\/www.ucm.edu.co\/#\/schema\/person\/fea805666959d6cfcf87dea44ef2f0b8"},"headline":"UCM elegida como coordinadora de Programa de ODUCAL","datePublished":"2021-05-19T21:32:33+00:00","dateModified":"2021-05-19T21:46:39+00:00","mainEntityOfPage":{"@id":"https:\/\/www.ucm.edu.co\/ucm-elegida-como-coordinadora-de-programa-de-la-oducal\/"},"wordCount":237,"commentCount":0,"publisher":{"@id":"https:\/\/www.ucm.edu.co\/#organization"},"image":{"@id":"https:\/\/www.ucm.edu.co\/ucm-elegida-como-coordinadora-de-programa-de-la-oducal\/#primaryimage"},"thumbnailUrl":"https:\/\/www.ucm.edu.co\/wp-content\/uploads\/2021\/05\/Fachada-UCM.jpg","keywords":["UCM","Universidad Cat\u00f3lica de Manizales"],"articleSection":["Internacionalizaci\u00f3n"],"inLanguage":"en-US","potentialAction":[{"@type":"CommentAction","name":"Comment","target":["https:\/\/www.ucm.edu.co\/ucm-elegida-como-coordinadora-de-programa-de-la-oducal\/#respond"]}]},{"@type":"WebPage","@id":"https:\/\/www.ucm.edu.co\/ucm-elegida-como-coordinadora-de-programa-de-la-oducal\/","url":"https:\/\/www.ucm.edu.co\/ucm-elegida-como-coordinadora-de-programa-de-la-oducal\/","name":"UCM - Universidad Cat\u00f3lica de Manizales","isPartOf":{"@id":"https:\/\/www.ucm.edu.co\/#website"},"primaryImageOfPage":{"@id":"https:\/\/www.ucm.edu.co\/ucm-elegida-como-coordinadora-de-programa-de-la-oducal\/#primaryimage"},"image":{"@id":"https:\/\/www.ucm.edu.co\/ucm-elegida-como-coordinadora-de-programa-de-la-oducal\/#primaryimage"},"thumbnailUrl":"https:\/\/www.ucm.edu.co\/wp-content\/uploads\/2021\/05\/Fachada-UCM.jpg","datePublished":"2021-05-19T21:32:33+00:00","dateModified":"2021-05-19T21:46:39+00:00","breadcrumb":{"@id":"https:\/\/www.ucm.edu.co\/ucm-elegida-como-coordinadora-de-programa-de-la-oducal\/#breadcrumb"},"inLanguage":"en-US","potentialAction":[{"@type":"ReadAction","target":["https:\/\/www.ucm.edu.co\/ucm-elegida-como-coordinadora-de-programa-de-la-oducal\/"]}]},{"@type":"ImageObject","inLanguage":"en-US","@id":"https:\/\/www.ucm.edu.co\/ucm-elegida-como-coordinadora-de-programa-de-la-oducal\/#primaryimage","url":"https:\/\/www.ucm.edu.co\/wp-content\/uploads\/2021\/05\/Fachada-UCM.jpg","contentUrl":"https:\/\/www.ucm.edu.co\/wp-content\/uploads\/2021\/05\/Fachada-UCM.jpg","width":800,"height":449,"caption":"Apoyo a la permanencia"},{"@type":"BreadcrumbList","@id":"https:\/\/www.ucm.edu.co\/ucm-elegida-como-coordinadora-de-programa-de-la-oducal\/#breadcrumb","itemListElement":[{"@type":"ListItem","position":1,"name":"Portada","item":"https:\/\/www.ucm.edu.co\/"},{"@type":"ListItem","position":2,"name":"UCM elegida como coordinadora de Programa de ODUCAL"}]},{"@type":"WebSite","@id":"https:\/\/www.ucm.edu.co\/#website","url":"https:\/\/www.ucm.edu.co\/","name":"UCM - Universidad Cat\u00f3lica de Manizales","description":"Ven a ser quien quieres ser","publisher":{"@id":"https:\/\/www.ucm.edu.co\/#organization"},"alternateName":"UCM","potentialAction":[{"@type":"SearchAction","target":{"@type":"EntryPoint","urlTemplate":"https:\/\/www.ucm.edu.co\/?s={search_term_string}"},"query-input":{"@type":"PropertyValueSpecification","valueRequired":true,"valueName":"search_term_string"}}],"inLanguage":"en-US"},{"@type":"Organization","@id":"https:\/\/www.ucm.edu.co\/#organization","name":"Universidad Cat\u00f3lica de Manizales","alternateName":"UCM","url":"https:\/\/www.ucm.edu.co\/","logo":{"@type":"ImageObject","inLanguage":"en-US","@id":"https:\/\/www.ucm.edu.co\/#\/schema\/logo\/image\/","url":"https:\/\/www.ucm.edu.co\/wp-content\/uploads\/2021\/03\/favicon_ucm.png","contentUrl":"https:\/\/www.ucm.edu.co\/wp-content\/uploads\/2021\/03\/favicon_ucm.png","width":512,"height":512,"caption":"Universidad Cat\u00f3lica de Manizales"},"image":{"@id":"https:\/\/www.ucm.edu.co\/#\/schema\/logo\/image\/"},"sameAs":["https:\/\/www.facebook.com\/ucatolicamanizales","https:\/\/x.com\/ucm_manizales","https:\/\/www.instagram.com\/ucatolicamanizales\/","https:\/\/co.linkedin.com\/school\/ucatolicamanizales\/","https:\/\/www.youtube.com\/user\/UCMtelevision"]},{"@type":"Person","@id":"https:\/\/www.ucm.edu.co\/#\/schema\/person\/fea805666959d6cfcf87dea44ef2f0b8","name":"Prensa UCM","image":{"@type":"ImageObject","inLanguage":"en-US","@id":"https:\/\/secure.gravatar.com\/avatar\/e9670ef3f6e98ca21e5ca101324fddb19f2b728f8bc808ffc267be23350fac46?s=96&d=mm&r=g","url":"https:\/\/secure.gravatar.com\/avatar\/e9670ef3f6e98ca21e5ca101324fddb19f2b728f8bc808ffc267be23350fac46?s=96&d=mm&r=g","contentUrl":"https:\/\/secure.gravatar.com\/avatar\/e9670ef3f6e98ca21e5ca101324fddb19f2b728f8bc808ffc267be23350fac46?s=96&d=mm&r=g","caption":"Prensa UCM"},"url":"https:\/\/www.ucm.edu.co\/en\/author\/prensa\/"}]}},"_links":{"self":[{"href":"https:\/\/www.ucm.edu.co\/en\/wp-json\/wp\/v2\/posts\/192263","targetHints":{"allow":["GET"]}}],"collection":[{"href":"https:\/\/www.ucm.edu.co\/en\/wp-json\/wp\/v2\/posts"}],"about":[{"href":"https:\/\/www.ucm.edu.co\/en\/wp-json\/wp\/v2\/types\/post"}],"author":[{"embeddable":true,"href":"https:\/\/www.ucm.edu.co\/en\/wp-json\/wp\/v2\/users\/5"}],"replies":[{"embeddable":true,"href":"https:\/\/www.ucm.edu.co\/en\/wp-json\/wp\/v2\/comments?post=192263"}],"version-history":[{"count":4,"href":"https:\/\/www.ucm.edu.co\/en\/wp-json\/wp\/v2\/posts\/192263\/revisions"}],"predecessor-version":[{"id":192270,"href":"https:\/\/www.ucm.edu.co\/en\/wp-json\/wp\/v2\/posts\/192263\/revisions\/192270"}],"wp:featuredmedia":[{"embeddable":true,"href":"https:\/\/www.ucm.edu.co\/en\/wp-json\/wp\/v2\/media\/192265"}],"wp:attachment":[{"href":"https:\/\/www.ucm.edu.co\/en\/wp-json\/wp\/v2\/media?parent=192263"}],"wp:term":[{"taxonomy":"category","embeddable":true,"href":"https:\/\/www.ucm.edu.co\/en\/wp-json\/wp\/v2\/categories?post=192263"},{"taxonomy":"post_tag","embeddable":true,"href":"https:\/\/www.ucm.edu.co\/en\/wp-json\/wp\/v2\/tags?post=192263"}],"curies":[{"name":"wp","href":"https:\/\/api.w.org\/{rel}","templated":true}]}}