{"id":192260,"date":"2021-05-19T16:11:21","date_gmt":"2021-05-19T21:11:21","guid":{"rendered":"https:\/\/www.ucm.edu.co\/?p=192260"},"modified":"2021-05-20T07:54:16","modified_gmt":"2021-05-20T12:54:16","slug":"segundo-recorrido-en-museo-frances-invita-ucm-y-la-alianza-francesa-manizales","status":"publish","type":"post","link":"https:\/\/www.ucm.edu.co\/en\/segundo-recorrido-en-museo-frances-invita-ucm-y-la-alianza-francesa-manizales\/","title":{"rendered":"Segundo Recorrido en museo Franc\u00e9s, Invita UCM y la Alianza Francesa Manizales"},"content":{"rendered":"<p class=\"wp-block-paragraph\">Luego de la exitosa visita virtual al museo franc\u00e9s Jeu de Paume el pasado 7 de mayo, la <strong>Universidad Cat\u00f3lica de Manizales<\/strong> desde su Rector\u00eda y Vicerrector\u00eda de <strong>Bienestar y Pastoral Universitaria<\/strong> a trav\u00e9s de la Unidad de Cultura en convenio con la <strong>Alianza Francesa Manizales<\/strong> te invitan al segundo recorrido, el cual se realizar\u00e1 este&nbsp;viernes <strong>21 de mayo (Centre Pompidou)<\/strong> a las 5:00 pm v\u00eda zoom (cuenta privada de la Alianza Francesa) para lo cual deber\u00e1s inscribirte y disfrutar de este maravilloso recorrido guiado sin ning\u00fan costo.<\/p>\n\n\n\n<p class=\"wp-block-paragraph\">IMPORTANTE: previo a tu inscripci\u00f3n se remitir\u00e1 un correo oficial con la informaci\u00f3n de ingreso.<br>Al ingresar tus datos apruebas su uso para env\u00edo de informaci\u00f3n correspondiente a la actividad.<\/p>\n\n\n\n<p class=\"wp-block-paragraph\"><strong>FORMULARIO DE INSCRIPCI\u00d3N: <\/strong><a rel=\"noreferrer noopener\" href=\"https:\/\/forms.gle\/bk15vPQXJDFZ8hoe9\" target=\"_blank\">https:\/\/forms.gle\/bk15vPQXJDFZ8hoe9<\/a><\/p>\n\n\n\n<p class=\"wp-block-paragraph\"><\/p>\n\n\n\n<figure class=\"wp-block-image size-large\"><img loading=\"lazy\" decoding=\"async\" width=\"1000\" height=\"1000\" src=\"https:\/\/www.ucm.edu.co\/wp-content\/uploads\/2021\/05\/turismo_visual_museos.jpg\" alt=\"\" class=\"wp-image-191828\"\/><\/figure>","protected":false},"excerpt":{"rendered":"<p>La visita virtual al museo Centre Pompidou se realizar\u00e1 este\u00a0viernes 21 de mayo a las 5:00 p.m.<\/p>","protected":false},"author":5,"featured_media":191786,"comment_status":"open","ping_status":"open","sticky":false,"template":"","format":"standard","meta":{"_et_pb_use_builder":"","_et_pb_old_content":"","_et_gb_content_width":"","content-type":"","_monsterinsights_skip_tracking":false,"footnotes":""},"categories":[14,16],"tags":[],"class_list":["post-192260","post","type-post","status-publish","format-standard","has-post-thumbnail","hentry","category-bienestar","category-internacionalizacion"],"yoast_head":"<!-- This site is optimized with the Yoast SEO plugin v28.1 - https:\/\/yoast.com\/product\/yoast-seo-wordpress\/ -->\n<title>UCM - Universidad Cat\u00f3lica de Manizales<\/title>\n<meta name=\"robots\" content=\"index, follow, max-snippet:-1, max-image-preview:large, max-video-preview:-1\" \/>\n<link rel=\"canonical\" href=\"https:\/\/www.ucm.edu.co\/en\/segundo-recorrido-en-museo-frances-invita-ucm-y-la-alianza-francesa-manizales\/\" \/>\n<meta property=\"og:locale\" content=\"en_US\" \/>\n<meta property=\"og:type\" content=\"article\" \/>\n<meta property=\"og:title\" content=\"UCM - Universidad Cat\u00f3lica de Manizales\" \/>\n<meta property=\"og:description\" content=\"La visita virtual al museo Centre Pompidou se realizar\u00e1 este\u00a0viernes 21 de mayo a las 5:00 p.m.\" \/>\n<meta property=\"og:url\" content=\"https:\/\/www.ucm.edu.co\/en\/segundo-recorrido-en-museo-frances-invita-ucm-y-la-alianza-francesa-manizales\/\" \/>\n<meta property=\"og:site_name\" content=\"UCM - Universidad Cat\u00f3lica de Manizales\" \/>\n<meta property=\"article:publisher\" content=\"https:\/\/www.facebook.com\/ucatolicamanizales\" \/>\n<meta property=\"article:published_time\" content=\"2021-05-19T21:11:21+00:00\" \/>\n<meta property=\"article:modified_time\" content=\"2021-05-20T12:54:16+00:00\" \/>\n<meta property=\"og:image\" content=\"https:\/\/www.ucm.edu.co\/wp-content\/uploads\/2021\/05\/Copia-de-MUSEO-FRANCO\u0301FONO-PIEZAS-VARIAS-04.jpg\" \/>\n\t<meta property=\"og:image:width\" content=\"1285\" \/>\n\t<meta property=\"og:image:height\" content=\"812\" \/>\n\t<meta property=\"og:image:type\" content=\"image\/jpeg\" \/>\n<meta name=\"author\" content=\"Prensa UCM\" \/>\n<meta name=\"twitter:card\" content=\"summary_large_image\" \/>\n<meta name=\"twitter:creator\" content=\"@ucm_manizales\" \/>\n<meta name=\"twitter:site\" content=\"@ucm_manizales\" \/>\n<meta name=\"twitter:label1\" content=\"Written by\" \/>\n\t<meta name=\"twitter:data1\" content=\"Prensa UCM\" \/>\n\t<meta name=\"twitter:label2\" content=\"Est. reading time\" \/>\n\t<meta name=\"twitter:data2\" content=\"1 minute\" \/>\n<script type=\"application\/ld+json\" class=\"yoast-schema-graph\">{\"@context\":\"https:\\\/\\\/schema.org\",\"@graph\":[{\"@type\":\"Article\",\"@id\":\"https:\\\/\\\/www.ucm.edu.co\\\/segundo-recorrido-en-museo-frances-invita-ucm-y-la-alianza-francesa-manizales\\\/#article\",\"isPartOf\":{\"@id\":\"https:\\\/\\\/www.ucm.edu.co\\\/segundo-recorrido-en-museo-frances-invita-ucm-y-la-alianza-francesa-manizales\\\/\"},\"author\":{\"name\":\"Prensa UCM\",\"@id\":\"https:\\\/\\\/www.ucm.edu.co\\\/#\\\/schema\\\/person\\\/fea805666959d6cfcf87dea44ef2f0b8\"},\"headline\":\"Segundo Recorrido en museo Franc\u00e9s, Invita UCM y la Alianza Francesa Manizales\",\"datePublished\":\"2021-05-19T21:11:21+00:00\",\"dateModified\":\"2021-05-20T12:54:16+00:00\",\"mainEntityOfPage\":{\"@id\":\"https:\\\/\\\/www.ucm.edu.co\\\/segundo-recorrido-en-museo-frances-invita-ucm-y-la-alianza-francesa-manizales\\\/\"},\"wordCount\":152,\"commentCount\":0,\"publisher\":{\"@id\":\"https:\\\/\\\/www.ucm.edu.co\\\/#organization\"},\"image\":{\"@id\":\"https:\\\/\\\/www.ucm.edu.co\\\/segundo-recorrido-en-museo-frances-invita-ucm-y-la-alianza-francesa-manizales\\\/#primaryimage\"},\"thumbnailUrl\":\"https:\\\/\\\/www.ucm.edu.co\\\/wp-content\\\/uploads\\\/2021\\\/05\\\/Copia-de-MUSEO-FRANCO\u0301FONO-PIEZAS-VARIAS-04.jpg\",\"articleSection\":[\"Bienestar\",\"Internacionalizaci\u00f3n\"],\"inLanguage\":\"en-US\",\"potentialAction\":[{\"@type\":\"CommentAction\",\"name\":\"Comment\",\"target\":[\"https:\\\/\\\/www.ucm.edu.co\\\/segundo-recorrido-en-museo-frances-invita-ucm-y-la-alianza-francesa-manizales\\\/#respond\"]}]},{\"@type\":\"WebPage\",\"@id\":\"https:\\\/\\\/www.ucm.edu.co\\\/segundo-recorrido-en-museo-frances-invita-ucm-y-la-alianza-francesa-manizales\\\/\",\"url\":\"https:\\\/\\\/www.ucm.edu.co\\\/segundo-recorrido-en-museo-frances-invita-ucm-y-la-alianza-francesa-manizales\\\/\",\"name\":\"UCM - Universidad Cat\u00f3lica de Manizales\",\"isPartOf\":{\"@id\":\"https:\\\/\\\/www.ucm.edu.co\\\/#website\"},\"primaryImageOfPage\":{\"@id\":\"https:\\\/\\\/www.ucm.edu.co\\\/segundo-recorrido-en-museo-frances-invita-ucm-y-la-alianza-francesa-manizales\\\/#primaryimage\"},\"image\":{\"@id\":\"https:\\\/\\\/www.ucm.edu.co\\\/segundo-recorrido-en-museo-frances-invita-ucm-y-la-alianza-francesa-manizales\\\/#primaryimage\"},\"thumbnailUrl\":\"https:\\\/\\\/www.ucm.edu.co\\\/wp-content\\\/uploads\\\/2021\\\/05\\\/Copia-de-MUSEO-FRANCO\u0301FONO-PIEZAS-VARIAS-04.jpg\",\"datePublished\":\"2021-05-19T21:11:21+00:00\",\"dateModified\":\"2021-05-20T12:54:16+00:00\",\"breadcrumb\":{\"@id\":\"https:\\\/\\\/www.ucm.edu.co\\\/segundo-recorrido-en-museo-frances-invita-ucm-y-la-alianza-francesa-manizales\\\/#breadcrumb\"},\"inLanguage\":\"en-US\",\"potentialAction\":[{\"@type\":\"ReadAction\",\"target\":[\"https:\\\/\\\/www.ucm.edu.co\\\/segundo-recorrido-en-museo-frances-invita-ucm-y-la-alianza-francesa-manizales\\\/\"]}]},{\"@type\":\"ImageObject\",\"inLanguage\":\"en-US\",\"@id\":\"https:\\\/\\\/www.ucm.edu.co\\\/segundo-recorrido-en-museo-frances-invita-ucm-y-la-alianza-francesa-manizales\\\/#primaryimage\",\"url\":\"https:\\\/\\\/www.ucm.edu.co\\\/wp-content\\\/uploads\\\/2021\\\/05\\\/Copia-de-MUSEO-FRANCO\u0301FONO-PIEZAS-VARIAS-04.jpg\",\"contentUrl\":\"https:\\\/\\\/www.ucm.edu.co\\\/wp-content\\\/uploads\\\/2021\\\/05\\\/Copia-de-MUSEO-FRANCO\u0301FONO-PIEZAS-VARIAS-04.jpg\",\"width\":1285,\"height\":812},{\"@type\":\"BreadcrumbList\",\"@id\":\"https:\\\/\\\/www.ucm.edu.co\\\/segundo-recorrido-en-museo-frances-invita-ucm-y-la-alianza-francesa-manizales\\\/#breadcrumb\",\"itemListElement\":[{\"@type\":\"ListItem\",\"position\":1,\"name\":\"Portada\",\"item\":\"https:\\\/\\\/www.ucm.edu.co\\\/\"},{\"@type\":\"ListItem\",\"position\":2,\"name\":\"Segundo Recorrido en museo Franc\u00e9s, Invita UCM y la Alianza Francesa Manizales\"}]},{\"@type\":\"WebSite\",\"@id\":\"https:\\\/\\\/www.ucm.edu.co\\\/#website\",\"url\":\"https:\\\/\\\/www.ucm.edu.co\\\/\",\"name\":\"UCM - Universidad Cat\u00f3lica de Manizales\",\"description\":\"Ven a ser quien quieres ser\",\"publisher\":{\"@id\":\"https:\\\/\\\/www.ucm.edu.co\\\/#organization\"},\"alternateName\":\"UCM\",\"potentialAction\":[{\"@type\":\"SearchAction\",\"target\":{\"@type\":\"EntryPoint\",\"urlTemplate\":\"https:\\\/\\\/www.ucm.edu.co\\\/?s={search_term_string}\"},\"query-input\":{\"@type\":\"PropertyValueSpecification\",\"valueRequired\":true,\"valueName\":\"search_term_string\"}}],\"inLanguage\":\"en-US\"},{\"@type\":\"Organization\",\"@id\":\"https:\\\/\\\/www.ucm.edu.co\\\/#organization\",\"name\":\"Universidad Cat\u00f3lica de Manizales\",\"alternateName\":\"UCM\",\"url\":\"https:\\\/\\\/www.ucm.edu.co\\\/\",\"logo\":{\"@type\":\"ImageObject\",\"inLanguage\":\"en-US\",\"@id\":\"https:\\\/\\\/www.ucm.edu.co\\\/#\\\/schema\\\/logo\\\/image\\\/\",\"url\":\"https:\\\/\\\/www.ucm.edu.co\\\/wp-content\\\/uploads\\\/2021\\\/03\\\/favicon_ucm.png\",\"contentUrl\":\"https:\\\/\\\/www.ucm.edu.co\\\/wp-content\\\/uploads\\\/2021\\\/03\\\/favicon_ucm.png\",\"width\":512,\"height\":512,\"caption\":\"Universidad Cat\u00f3lica de Manizales\"},\"image\":{\"@id\":\"https:\\\/\\\/www.ucm.edu.co\\\/#\\\/schema\\\/logo\\\/image\\\/\"},\"sameAs\":[\"https:\\\/\\\/www.facebook.com\\\/ucatolicamanizales\",\"https:\\\/\\\/x.com\\\/ucm_manizales\",\"https:\\\/\\\/www.instagram.com\\\/ucatolicamanizales\\\/\",\"https:\\\/\\\/co.linkedin.com\\\/school\\\/ucatolicamanizales\\\/\",\"https:\\\/\\\/www.youtube.com\\\/user\\\/UCMtelevision\"]},{\"@type\":\"Person\",\"@id\":\"https:\\\/\\\/www.ucm.edu.co\\\/#\\\/schema\\\/person\\\/fea805666959d6cfcf87dea44ef2f0b8\",\"name\":\"Prensa UCM\",\"image\":{\"@type\":\"ImageObject\",\"inLanguage\":\"en-US\",\"@id\":\"https:\\\/\\\/secure.gravatar.com\\\/avatar\\\/e9670ef3f6e98ca21e5ca101324fddb19f2b728f8bc808ffc267be23350fac46?s=96&d=mm&r=g\",\"url\":\"https:\\\/\\\/secure.gravatar.com\\\/avatar\\\/e9670ef3f6e98ca21e5ca101324fddb19f2b728f8bc808ffc267be23350fac46?s=96&d=mm&r=g\",\"contentUrl\":\"https:\\\/\\\/secure.gravatar.com\\\/avatar\\\/e9670ef3f6e98ca21e5ca101324fddb19f2b728f8bc808ffc267be23350fac46?s=96&d=mm&r=g\",\"caption\":\"Prensa UCM\"},\"url\":\"https:\\\/\\\/www.ucm.edu.co\\\/en\\\/author\\\/prensa\\\/\"}]}<\/script>\n<!-- \/ Yoast SEO plugin. -->","yoast_head_json":{"title":"UCM - Universidad Cat\u00f3lica de Manizales","robots":{"index":"index","follow":"follow","max-snippet":"max-snippet:-1","max-image-preview":"max-image-preview:large","max-video-preview":"max-video-preview:-1"},"canonical":"https:\/\/www.ucm.edu.co\/en\/segundo-recorrido-en-museo-frances-invita-ucm-y-la-alianza-francesa-manizales\/","og_locale":"en_US","og_type":"article","og_title":"UCM - Universidad Cat\u00f3lica de Manizales","og_description":"La visita virtual al museo Centre Pompidou se realizar\u00e1 este\u00a0viernes 21 de mayo a las 5:00 p.m.","og_url":"https:\/\/www.ucm.edu.co\/en\/segundo-recorrido-en-museo-frances-invita-ucm-y-la-alianza-francesa-manizales\/","og_site_name":"UCM - Universidad Cat\u00f3lica de Manizales","article_publisher":"https:\/\/www.facebook.com\/ucatolicamanizales","article_published_time":"2021-05-19T21:11:21+00:00","article_modified_time":"2021-05-20T12:54:16+00:00","og_image":[{"width":1285,"height":812,"url":"https:\/\/www.ucm.edu.co\/wp-content\/uploads\/2021\/05\/Copia-de-MUSEO-FRANCO\u0301FONO-PIEZAS-VARIAS-04.jpg","type":"image\/jpeg"}],"author":"Prensa UCM","twitter_card":"summary_large_image","twitter_creator":"@ucm_manizales","twitter_site":"@ucm_manizales","twitter_misc":{"Written by":"Prensa UCM","Est. reading time":"1 minute"},"schema":{"@context":"https:\/\/schema.org","@graph":[{"@type":"Article","@id":"https:\/\/www.ucm.edu.co\/segundo-recorrido-en-museo-frances-invita-ucm-y-la-alianza-francesa-manizales\/#article","isPartOf":{"@id":"https:\/\/www.ucm.edu.co\/segundo-recorrido-en-museo-frances-invita-ucm-y-la-alianza-francesa-manizales\/"},"author":{"name":"Prensa UCM","@id":"https:\/\/www.ucm.edu.co\/#\/schema\/person\/fea805666959d6cfcf87dea44ef2f0b8"},"headline":"Segundo Recorrido en museo Franc\u00e9s, Invita UCM y la Alianza Francesa Manizales","datePublished":"2021-05-19T21:11:21+00:00","dateModified":"2021-05-20T12:54:16+00:00","mainEntityOfPage":{"@id":"https:\/\/www.ucm.edu.co\/segundo-recorrido-en-museo-frances-invita-ucm-y-la-alianza-francesa-manizales\/"},"wordCount":152,"commentCount":0,"publisher":{"@id":"https:\/\/www.ucm.edu.co\/#organization"},"image":{"@id":"https:\/\/www.ucm.edu.co\/segundo-recorrido-en-museo-frances-invita-ucm-y-la-alianza-francesa-manizales\/#primaryimage"},"thumbnailUrl":"https:\/\/www.ucm.edu.co\/wp-content\/uploads\/2021\/05\/Copia-de-MUSEO-FRANCO\u0301FONO-PIEZAS-VARIAS-04.jpg","articleSection":["Bienestar","Internacionalizaci\u00f3n"],"inLanguage":"en-US","potentialAction":[{"@type":"CommentAction","name":"Comment","target":["https:\/\/www.ucm.edu.co\/segundo-recorrido-en-museo-frances-invita-ucm-y-la-alianza-francesa-manizales\/#respond"]}]},{"@type":"WebPage","@id":"https:\/\/www.ucm.edu.co\/segundo-recorrido-en-museo-frances-invita-ucm-y-la-alianza-francesa-manizales\/","url":"https:\/\/www.ucm.edu.co\/segundo-recorrido-en-museo-frances-invita-ucm-y-la-alianza-francesa-manizales\/","name":"UCM - Universidad Cat\u00f3lica de Manizales","isPartOf":{"@id":"https:\/\/www.ucm.edu.co\/#website"},"primaryImageOfPage":{"@id":"https:\/\/www.ucm.edu.co\/segundo-recorrido-en-museo-frances-invita-ucm-y-la-alianza-francesa-manizales\/#primaryimage"},"image":{"@id":"https:\/\/www.ucm.edu.co\/segundo-recorrido-en-museo-frances-invita-ucm-y-la-alianza-francesa-manizales\/#primaryimage"},"thumbnailUrl":"https:\/\/www.ucm.edu.co\/wp-content\/uploads\/2021\/05\/Copia-de-MUSEO-FRANCO\u0301FONO-PIEZAS-VARIAS-04.jpg","datePublished":"2021-05-19T21:11:21+00:00","dateModified":"2021-05-20T12:54:16+00:00","breadcrumb":{"@id":"https:\/\/www.ucm.edu.co\/segundo-recorrido-en-museo-frances-invita-ucm-y-la-alianza-francesa-manizales\/#breadcrumb"},"inLanguage":"en-US","potentialAction":[{"@type":"ReadAction","target":["https:\/\/www.ucm.edu.co\/segundo-recorrido-en-museo-frances-invita-ucm-y-la-alianza-francesa-manizales\/"]}]},{"@type":"ImageObject","inLanguage":"en-US","@id":"https:\/\/www.ucm.edu.co\/segundo-recorrido-en-museo-frances-invita-ucm-y-la-alianza-francesa-manizales\/#primaryimage","url":"https:\/\/www.ucm.edu.co\/wp-content\/uploads\/2021\/05\/Copia-de-MUSEO-FRANCO\u0301FONO-PIEZAS-VARIAS-04.jpg","contentUrl":"https:\/\/www.ucm.edu.co\/wp-content\/uploads\/2021\/05\/Copia-de-MUSEO-FRANCO\u0301FONO-PIEZAS-VARIAS-04.jpg","width":1285,"height":812},{"@type":"BreadcrumbList","@id":"https:\/\/www.ucm.edu.co\/segundo-recorrido-en-museo-frances-invita-ucm-y-la-alianza-francesa-manizales\/#breadcrumb","itemListElement":[{"@type":"ListItem","position":1,"name":"Portada","item":"https:\/\/www.ucm.edu.co\/"},{"@type":"ListItem","position":2,"name":"Segundo Recorrido en museo Franc\u00e9s, Invita UCM y la Alianza Francesa Manizales"}]},{"@type":"WebSite","@id":"https:\/\/www.ucm.edu.co\/#website","url":"https:\/\/www.ucm.edu.co\/","name":"UCM - Universidad Cat\u00f3lica de Manizales","description":"Ven a ser quien quieres ser","publisher":{"@id":"https:\/\/www.ucm.edu.co\/#organization"},"alternateName":"UCM","potentialAction":[{"@type":"SearchAction","target":{"@type":"EntryPoint","urlTemplate":"https:\/\/www.ucm.edu.co\/?s={search_term_string}"},"query-input":{"@type":"PropertyValueSpecification","valueRequired":true,"valueName":"search_term_string"}}],"inLanguage":"en-US"},{"@type":"Organization","@id":"https:\/\/www.ucm.edu.co\/#organization","name":"Universidad Cat\u00f3lica de Manizales","alternateName":"UCM","url":"https:\/\/www.ucm.edu.co\/","logo":{"@type":"ImageObject","inLanguage":"en-US","@id":"https:\/\/www.ucm.edu.co\/#\/schema\/logo\/image\/","url":"https:\/\/www.ucm.edu.co\/wp-content\/uploads\/2021\/03\/favicon_ucm.png","contentUrl":"https:\/\/www.ucm.edu.co\/wp-content\/uploads\/2021\/03\/favicon_ucm.png","width":512,"height":512,"caption":"Universidad Cat\u00f3lica de Manizales"},"image":{"@id":"https:\/\/www.ucm.edu.co\/#\/schema\/logo\/image\/"},"sameAs":["https:\/\/www.facebook.com\/ucatolicamanizales","https:\/\/x.com\/ucm_manizales","https:\/\/www.instagram.com\/ucatolicamanizales\/","https:\/\/co.linkedin.com\/school\/ucatolicamanizales\/","https:\/\/www.youtube.com\/user\/UCMtelevision"]},{"@type":"Person","@id":"https:\/\/www.ucm.edu.co\/#\/schema\/person\/fea805666959d6cfcf87dea44ef2f0b8","name":"Prensa UCM","image":{"@type":"ImageObject","inLanguage":"en-US","@id":"https:\/\/secure.gravatar.com\/avatar\/e9670ef3f6e98ca21e5ca101324fddb19f2b728f8bc808ffc267be23350fac46?s=96&d=mm&r=g","url":"https:\/\/secure.gravatar.com\/avatar\/e9670ef3f6e98ca21e5ca101324fddb19f2b728f8bc808ffc267be23350fac46?s=96&d=mm&r=g","contentUrl":"https:\/\/secure.gravatar.com\/avatar\/e9670ef3f6e98ca21e5ca101324fddb19f2b728f8bc808ffc267be23350fac46?s=96&d=mm&r=g","caption":"Prensa UCM"},"url":"https:\/\/www.ucm.edu.co\/en\/author\/prensa\/"}]}},"_links":{"self":[{"href":"https:\/\/www.ucm.edu.co\/en\/wp-json\/wp\/v2\/posts\/192260","targetHints":{"allow":["GET"]}}],"collection":[{"href":"https:\/\/www.ucm.edu.co\/en\/wp-json\/wp\/v2\/posts"}],"about":[{"href":"https:\/\/www.ucm.edu.co\/en\/wp-json\/wp\/v2\/types\/post"}],"author":[{"embeddable":true,"href":"https:\/\/www.ucm.edu.co\/en\/wp-json\/wp\/v2\/users\/5"}],"replies":[{"embeddable":true,"href":"https:\/\/www.ucm.edu.co\/en\/wp-json\/wp\/v2\/comments?post=192260"}],"version-history":[{"count":3,"href":"https:\/\/www.ucm.edu.co\/en\/wp-json\/wp\/v2\/posts\/192260\/revisions"}],"predecessor-version":[{"id":192278,"href":"https:\/\/www.ucm.edu.co\/en\/wp-json\/wp\/v2\/posts\/192260\/revisions\/192278"}],"wp:featuredmedia":[{"embeddable":true,"href":"https:\/\/www.ucm.edu.co\/en\/wp-json\/wp\/v2\/media\/191786"}],"wp:attachment":[{"href":"https:\/\/www.ucm.edu.co\/en\/wp-json\/wp\/v2\/media?parent=192260"}],"wp:term":[{"taxonomy":"category","embeddable":true,"href":"https:\/\/www.ucm.edu.co\/en\/wp-json\/wp\/v2\/categories?post=192260"},{"taxonomy":"post_tag","embeddable":true,"href":"https:\/\/www.ucm.edu.co\/en\/wp-json\/wp\/v2\/tags?post=192260"}],"curies":[{"name":"wp","href":"https:\/\/api.w.org\/{rel}","templated":true}]}}