{"id":192253,"date":"2021-05-19T15:58:13","date_gmt":"2021-05-19T20:58:13","guid":{"rendered":"https:\/\/www.ucm.edu.co\/?p=192253"},"modified":"2021-05-21T15:06:09","modified_gmt":"2021-05-21T20:06:09","slug":"ucm-y-corpocaldas-firman-convenio-que-permitira-vigilar-calidad-del-aire-en-manizales","status":"publish","type":"post","link":"https:\/\/www.ucm.edu.co\/en\/ucm-y-corpocaldas-firman-convenio-que-permitira-vigilar-calidad-del-aire-en-manizales\/","title":{"rendered":"UCM y Corpocaldas firman convenio que permitir\u00e1 vigilar calidad del aire en Manizales"},"content":{"rendered":"<p class=\"wp-block-paragraph\">La Universidad Cat\u00f3lica de Manizales, el programa de Ingenier\u00eda Ambiental y Corpocaldas firmaron un convenio para que el equipo PM10 de la UCM se convierta en un nuevo punto del Sistema de Vigilancia de la Calidad del Aire (SVCA) en la ciudad. Con este acuerdo, Manizales suma a sus cinco estaciones, una nueva alternativa para investigar y monitorear part\u00edculas de aire de di\u00e1metro 10\u03bcm o menos.<\/p>\n\n\n\n<p class=\"wp-block-paragraph\"><strong>Mar\u00eda Fernanda Ortiz Revelo, directora del programa de Ingenier\u00eda Ambiental<\/strong>: Para el programa de Ingenier\u00eda Ambiental, este convenio representa un gran aporte, no solo para la ciudad, sino tambi\u00e9n para los procesos de formaci\u00f3n-investigaci\u00f3n que se generan desde el Programa y que  impactan en las necesidades de la ciudad. <\/p>\n\n\n\n<p class=\"wp-block-paragraph\">El objetivo de este equipo muestreador de aire de Alto Volumen PM10 es monitorear part\u00edculas del aire con un di\u00e1metro aerodin\u00e1mico de&nbsp;10\u03bcm o menos, y permite obtener datos en tiempo real y de forma continua para identificar aquellas concentraciones que est\u00e9n por fuera de los rangos permisibles.&nbsp;<\/p>\n\n\n\n<p class=\"wp-block-paragraph\"><\/p>\n\n\n\n<div class=\"wp-block-media-text alignwide is-stacked-on-mobile\" style=\"grid-template-columns:36% auto\"><figure class=\"wp-block-media-text__media\"><img loading=\"lazy\" decoding=\"async\" width=\"800\" height=\"450\" src=\"https:\/\/www.ucm.edu.co\/wp-content\/uploads\/2021\/05\/WhatsApp-Image-2021-05-19-at-15.46.02.jpeg\" alt=\"\" class=\"wp-image-192256 size-full\"\/><\/figure><div class=\"wp-block-media-text__content\">\n<p class=\"wp-block-paragraph\"><strong>Mauricio Velasco Garc\u00eda, ingeniero Corpocaldas responsable del monitoreo de calidad de aire en Caldas: <\/strong>La importancia de este convenio es fortalecer la relaci\u00f3n Estado-Universidad en temas de monitoreo de la contaminaci\u00f3n atmosf\u00e9rica. Adem\u00e1s, con el funcionamiento de este equipo, se podr\u00e1 vigilar un sector donde no existen datos de calidad del aire a nivel de PM10, como lo es la Avenida Santander a la altura de la calle 62, punto de alta circulaci\u00f3n vehicular en una de las principales v\u00edas de la ciudad.<\/p>\n<\/div><\/div>\n\n\n\n<div style=\"height:13px\" aria-hidden=\"true\" class=\"wp-block-spacer\"><\/div>\n\n\n\n<div class=\"wp-block-image\"><figure class=\"aligncenter size-large is-resized\"><img loading=\"lazy\" decoding=\"async\" src=\"https:\/\/www.ucm.edu.co\/wp-content\/uploads\/2021\/05\/P1910723-1.jpg\" alt=\"\" class=\"wp-image-192276\" width=\"668\" height=\"375\"\/><\/figure><\/div>","protected":false},"excerpt":{"rendered":"<p>Manizales cuenta con seis estaciones de vigilancia de calidad del aire situadas en: UCM, Gobernaci\u00f3n, Liceo Isabel la Cat\u00f3lica, sector Palogrande, Mil\u00e1n y La Nubia.<\/p>","protected":false},"author":5,"featured_media":192255,"comment_status":"open","ping_status":"open","sticky":false,"template":"","format":"standard","meta":{"_et_pb_use_builder":"","_et_pb_old_content":"","_et_gb_content_width":"","content-type":"","_monsterinsights_skip_tracking":false,"footnotes":""},"categories":[11],"tags":[232,205,68,69],"class_list":["post-192253","post","type-post","status-publish","format-standard","has-post-thumbnail","hentry","category-proyeccion","tag-corpocaldas","tag-manizales","tag-ucm","tag-universidad-catolica-de-manizales"],"yoast_head":"<!-- This site is optimized with the Yoast SEO plugin v28.1 - https:\/\/yoast.com\/product\/yoast-seo-wordpress\/ -->\n<title>UCM - Universidad Cat\u00f3lica de Manizales<\/title>\n<meta name=\"robots\" content=\"index, follow, max-snippet:-1, max-image-preview:large, max-video-preview:-1\" \/>\n<link rel=\"canonical\" href=\"https:\/\/www.ucm.edu.co\/en\/ucm-y-corpocaldas-firman-convenio-que-permitira-vigilar-calidad-del-aire-en-manizales\/\" \/>\n<meta property=\"og:locale\" content=\"en_US\" \/>\n<meta property=\"og:type\" content=\"article\" \/>\n<meta property=\"og:title\" content=\"UCM - Universidad Cat\u00f3lica de Manizales\" \/>\n<meta property=\"og:description\" content=\"Manizales cuenta con seis estaciones de vigilancia de calidad del aire situadas en: UCM, Gobernaci\u00f3n, Liceo Isabel la Cat\u00f3lica, sector Palogrande, Mil\u00e1n y La Nubia.\" \/>\n<meta property=\"og:url\" content=\"https:\/\/www.ucm.edu.co\/en\/ucm-y-corpocaldas-firman-convenio-que-permitira-vigilar-calidad-del-aire-en-manizales\/\" \/>\n<meta property=\"og:site_name\" content=\"UCM - Universidad Cat\u00f3lica de Manizales\" \/>\n<meta property=\"article:publisher\" content=\"https:\/\/www.facebook.com\/ucatolicamanizales\" \/>\n<meta property=\"article:published_time\" content=\"2021-05-19T20:58:13+00:00\" \/>\n<meta property=\"article:modified_time\" content=\"2021-05-21T20:06:09+00:00\" \/>\n<meta property=\"og:image\" content=\"https:\/\/www.ucm.edu.co\/wp-content\/uploads\/2021\/05\/WhatsApp-Image-2021-05-19-at-15.46.02-1.jpeg\" \/>\n\t<meta property=\"og:image:width\" content=\"800\" \/>\n\t<meta property=\"og:image:height\" content=\"450\" \/>\n\t<meta property=\"og:image:type\" content=\"image\/jpeg\" \/>\n<meta name=\"author\" content=\"Prensa UCM\" \/>\n<meta name=\"twitter:card\" content=\"summary_large_image\" \/>\n<meta name=\"twitter:creator\" content=\"@ucm_manizales\" \/>\n<meta name=\"twitter:site\" content=\"@ucm_manizales\" \/>\n<meta name=\"twitter:label1\" content=\"Written by\" \/>\n\t<meta name=\"twitter:data1\" content=\"Prensa UCM\" \/>\n\t<meta name=\"twitter:label2\" content=\"Est. reading time\" \/>\n\t<meta name=\"twitter:data2\" content=\"1 minute\" \/>\n<script type=\"application\/ld+json\" class=\"yoast-schema-graph\">{\"@context\":\"https:\\\/\\\/schema.org\",\"@graph\":[{\"@type\":\"Article\",\"@id\":\"https:\\\/\\\/www.ucm.edu.co\\\/ucm-y-corpocaldas-firman-convenio-que-permitira-vigilar-calidad-del-aire-en-manizales\\\/#article\",\"isPartOf\":{\"@id\":\"https:\\\/\\\/www.ucm.edu.co\\\/ucm-y-corpocaldas-firman-convenio-que-permitira-vigilar-calidad-del-aire-en-manizales\\\/\"},\"author\":{\"name\":\"Prensa UCM\",\"@id\":\"https:\\\/\\\/www.ucm.edu.co\\\/#\\\/schema\\\/person\\\/fea805666959d6cfcf87dea44ef2f0b8\"},\"headline\":\"UCM y Corpocaldas firman convenio que permitir\u00e1 vigilar calidad del aire en Manizales\",\"datePublished\":\"2021-05-19T20:58:13+00:00\",\"dateModified\":\"2021-05-21T20:06:09+00:00\",\"mainEntityOfPage\":{\"@id\":\"https:\\\/\\\/www.ucm.edu.co\\\/ucm-y-corpocaldas-firman-convenio-que-permitira-vigilar-calidad-del-aire-en-manizales\\\/\"},\"wordCount\":281,\"commentCount\":0,\"publisher\":{\"@id\":\"https:\\\/\\\/www.ucm.edu.co\\\/#organization\"},\"image\":{\"@id\":\"https:\\\/\\\/www.ucm.edu.co\\\/ucm-y-corpocaldas-firman-convenio-que-permitira-vigilar-calidad-del-aire-en-manizales\\\/#primaryimage\"},\"thumbnailUrl\":\"https:\\\/\\\/www.ucm.edu.co\\\/wp-content\\\/uploads\\\/2021\\\/05\\\/WhatsApp-Image-2021-05-19-at-15.46.02-1.jpeg\",\"keywords\":[\"Corpocaldas\",\"Manizales\",\"UCM\",\"Universidad Cat\u00f3lica de Manizales\"],\"articleSection\":[\"Ext. y Proyecci\u00f3n\"],\"inLanguage\":\"en-US\",\"potentialAction\":[{\"@type\":\"CommentAction\",\"name\":\"Comment\",\"target\":[\"https:\\\/\\\/www.ucm.edu.co\\\/ucm-y-corpocaldas-firman-convenio-que-permitira-vigilar-calidad-del-aire-en-manizales\\\/#respond\"]}]},{\"@type\":\"WebPage\",\"@id\":\"https:\\\/\\\/www.ucm.edu.co\\\/ucm-y-corpocaldas-firman-convenio-que-permitira-vigilar-calidad-del-aire-en-manizales\\\/\",\"url\":\"https:\\\/\\\/www.ucm.edu.co\\\/ucm-y-corpocaldas-firman-convenio-que-permitira-vigilar-calidad-del-aire-en-manizales\\\/\",\"name\":\"UCM - Universidad Cat\u00f3lica de Manizales\",\"isPartOf\":{\"@id\":\"https:\\\/\\\/www.ucm.edu.co\\\/#website\"},\"primaryImageOfPage\":{\"@id\":\"https:\\\/\\\/www.ucm.edu.co\\\/ucm-y-corpocaldas-firman-convenio-que-permitira-vigilar-calidad-del-aire-en-manizales\\\/#primaryimage\"},\"image\":{\"@id\":\"https:\\\/\\\/www.ucm.edu.co\\\/ucm-y-corpocaldas-firman-convenio-que-permitira-vigilar-calidad-del-aire-en-manizales\\\/#primaryimage\"},\"thumbnailUrl\":\"https:\\\/\\\/www.ucm.edu.co\\\/wp-content\\\/uploads\\\/2021\\\/05\\\/WhatsApp-Image-2021-05-19-at-15.46.02-1.jpeg\",\"datePublished\":\"2021-05-19T20:58:13+00:00\",\"dateModified\":\"2021-05-21T20:06:09+00:00\",\"breadcrumb\":{\"@id\":\"https:\\\/\\\/www.ucm.edu.co\\\/ucm-y-corpocaldas-firman-convenio-que-permitira-vigilar-calidad-del-aire-en-manizales\\\/#breadcrumb\"},\"inLanguage\":\"en-US\",\"potentialAction\":[{\"@type\":\"ReadAction\",\"target\":[\"https:\\\/\\\/www.ucm.edu.co\\\/ucm-y-corpocaldas-firman-convenio-que-permitira-vigilar-calidad-del-aire-en-manizales\\\/\"]}]},{\"@type\":\"ImageObject\",\"inLanguage\":\"en-US\",\"@id\":\"https:\\\/\\\/www.ucm.edu.co\\\/ucm-y-corpocaldas-firman-convenio-que-permitira-vigilar-calidad-del-aire-en-manizales\\\/#primaryimage\",\"url\":\"https:\\\/\\\/www.ucm.edu.co\\\/wp-content\\\/uploads\\\/2021\\\/05\\\/WhatsApp-Image-2021-05-19-at-15.46.02-1.jpeg\",\"contentUrl\":\"https:\\\/\\\/www.ucm.edu.co\\\/wp-content\\\/uploads\\\/2021\\\/05\\\/WhatsApp-Image-2021-05-19-at-15.46.02-1.jpeg\",\"width\":800,\"height\":450},{\"@type\":\"BreadcrumbList\",\"@id\":\"https:\\\/\\\/www.ucm.edu.co\\\/ucm-y-corpocaldas-firman-convenio-que-permitira-vigilar-calidad-del-aire-en-manizales\\\/#breadcrumb\",\"itemListElement\":[{\"@type\":\"ListItem\",\"position\":1,\"name\":\"Portada\",\"item\":\"https:\\\/\\\/www.ucm.edu.co\\\/\"},{\"@type\":\"ListItem\",\"position\":2,\"name\":\"UCM y Corpocaldas firman convenio que permitir\u00e1 vigilar calidad del aire en Manizales\"}]},{\"@type\":\"WebSite\",\"@id\":\"https:\\\/\\\/www.ucm.edu.co\\\/#website\",\"url\":\"https:\\\/\\\/www.ucm.edu.co\\\/\",\"name\":\"UCM - Universidad Cat\u00f3lica de Manizales\",\"description\":\"Ven a ser quien quieres ser\",\"publisher\":{\"@id\":\"https:\\\/\\\/www.ucm.edu.co\\\/#organization\"},\"alternateName\":\"UCM\",\"potentialAction\":[{\"@type\":\"SearchAction\",\"target\":{\"@type\":\"EntryPoint\",\"urlTemplate\":\"https:\\\/\\\/www.ucm.edu.co\\\/?s={search_term_string}\"},\"query-input\":{\"@type\":\"PropertyValueSpecification\",\"valueRequired\":true,\"valueName\":\"search_term_string\"}}],\"inLanguage\":\"en-US\"},{\"@type\":\"Organization\",\"@id\":\"https:\\\/\\\/www.ucm.edu.co\\\/#organization\",\"name\":\"Universidad Cat\u00f3lica de Manizales\",\"alternateName\":\"UCM\",\"url\":\"https:\\\/\\\/www.ucm.edu.co\\\/\",\"logo\":{\"@type\":\"ImageObject\",\"inLanguage\":\"en-US\",\"@id\":\"https:\\\/\\\/www.ucm.edu.co\\\/#\\\/schema\\\/logo\\\/image\\\/\",\"url\":\"https:\\\/\\\/www.ucm.edu.co\\\/wp-content\\\/uploads\\\/2021\\\/03\\\/favicon_ucm.png\",\"contentUrl\":\"https:\\\/\\\/www.ucm.edu.co\\\/wp-content\\\/uploads\\\/2021\\\/03\\\/favicon_ucm.png\",\"width\":512,\"height\":512,\"caption\":\"Universidad Cat\u00f3lica de Manizales\"},\"image\":{\"@id\":\"https:\\\/\\\/www.ucm.edu.co\\\/#\\\/schema\\\/logo\\\/image\\\/\"},\"sameAs\":[\"https:\\\/\\\/www.facebook.com\\\/ucatolicamanizales\",\"https:\\\/\\\/x.com\\\/ucm_manizales\",\"https:\\\/\\\/www.instagram.com\\\/ucatolicamanizales\\\/\",\"https:\\\/\\\/co.linkedin.com\\\/school\\\/ucatolicamanizales\\\/\",\"https:\\\/\\\/www.youtube.com\\\/user\\\/UCMtelevision\"]},{\"@type\":\"Person\",\"@id\":\"https:\\\/\\\/www.ucm.edu.co\\\/#\\\/schema\\\/person\\\/fea805666959d6cfcf87dea44ef2f0b8\",\"name\":\"Prensa UCM\",\"image\":{\"@type\":\"ImageObject\",\"inLanguage\":\"en-US\",\"@id\":\"https:\\\/\\\/secure.gravatar.com\\\/avatar\\\/e9670ef3f6e98ca21e5ca101324fddb19f2b728f8bc808ffc267be23350fac46?s=96&d=mm&r=g\",\"url\":\"https:\\\/\\\/secure.gravatar.com\\\/avatar\\\/e9670ef3f6e98ca21e5ca101324fddb19f2b728f8bc808ffc267be23350fac46?s=96&d=mm&r=g\",\"contentUrl\":\"https:\\\/\\\/secure.gravatar.com\\\/avatar\\\/e9670ef3f6e98ca21e5ca101324fddb19f2b728f8bc808ffc267be23350fac46?s=96&d=mm&r=g\",\"caption\":\"Prensa UCM\"},\"url\":\"https:\\\/\\\/www.ucm.edu.co\\\/en\\\/author\\\/prensa\\\/\"}]}<\/script>\n<!-- \/ Yoast SEO plugin. -->","yoast_head_json":{"title":"UCM - Universidad Cat\u00f3lica de Manizales","robots":{"index":"index","follow":"follow","max-snippet":"max-snippet:-1","max-image-preview":"max-image-preview:large","max-video-preview":"max-video-preview:-1"},"canonical":"https:\/\/www.ucm.edu.co\/en\/ucm-y-corpocaldas-firman-convenio-que-permitira-vigilar-calidad-del-aire-en-manizales\/","og_locale":"en_US","og_type":"article","og_title":"UCM - Universidad Cat\u00f3lica de Manizales","og_description":"Manizales cuenta con seis estaciones de vigilancia de calidad del aire situadas en: UCM, Gobernaci\u00f3n, Liceo Isabel la Cat\u00f3lica, sector Palogrande, Mil\u00e1n y La Nubia.","og_url":"https:\/\/www.ucm.edu.co\/en\/ucm-y-corpocaldas-firman-convenio-que-permitira-vigilar-calidad-del-aire-en-manizales\/","og_site_name":"UCM - Universidad Cat\u00f3lica de Manizales","article_publisher":"https:\/\/www.facebook.com\/ucatolicamanizales","article_published_time":"2021-05-19T20:58:13+00:00","article_modified_time":"2021-05-21T20:06:09+00:00","og_image":[{"width":800,"height":450,"url":"https:\/\/www.ucm.edu.co\/wp-content\/uploads\/2021\/05\/WhatsApp-Image-2021-05-19-at-15.46.02-1.jpeg","type":"image\/jpeg"}],"author":"Prensa UCM","twitter_card":"summary_large_image","twitter_creator":"@ucm_manizales","twitter_site":"@ucm_manizales","twitter_misc":{"Written by":"Prensa UCM","Est. reading time":"1 minute"},"schema":{"@context":"https:\/\/schema.org","@graph":[{"@type":"Article","@id":"https:\/\/www.ucm.edu.co\/ucm-y-corpocaldas-firman-convenio-que-permitira-vigilar-calidad-del-aire-en-manizales\/#article","isPartOf":{"@id":"https:\/\/www.ucm.edu.co\/ucm-y-corpocaldas-firman-convenio-que-permitira-vigilar-calidad-del-aire-en-manizales\/"},"author":{"name":"Prensa UCM","@id":"https:\/\/www.ucm.edu.co\/#\/schema\/person\/fea805666959d6cfcf87dea44ef2f0b8"},"headline":"UCM y Corpocaldas firman convenio que permitir\u00e1 vigilar calidad del aire en Manizales","datePublished":"2021-05-19T20:58:13+00:00","dateModified":"2021-05-21T20:06:09+00:00","mainEntityOfPage":{"@id":"https:\/\/www.ucm.edu.co\/ucm-y-corpocaldas-firman-convenio-que-permitira-vigilar-calidad-del-aire-en-manizales\/"},"wordCount":281,"commentCount":0,"publisher":{"@id":"https:\/\/www.ucm.edu.co\/#organization"},"image":{"@id":"https:\/\/www.ucm.edu.co\/ucm-y-corpocaldas-firman-convenio-que-permitira-vigilar-calidad-del-aire-en-manizales\/#primaryimage"},"thumbnailUrl":"https:\/\/www.ucm.edu.co\/wp-content\/uploads\/2021\/05\/WhatsApp-Image-2021-05-19-at-15.46.02-1.jpeg","keywords":["Corpocaldas","Manizales","UCM","Universidad Cat\u00f3lica de Manizales"],"articleSection":["Ext. y Proyecci\u00f3n"],"inLanguage":"en-US","potentialAction":[{"@type":"CommentAction","name":"Comment","target":["https:\/\/www.ucm.edu.co\/ucm-y-corpocaldas-firman-convenio-que-permitira-vigilar-calidad-del-aire-en-manizales\/#respond"]}]},{"@type":"WebPage","@id":"https:\/\/www.ucm.edu.co\/ucm-y-corpocaldas-firman-convenio-que-permitira-vigilar-calidad-del-aire-en-manizales\/","url":"https:\/\/www.ucm.edu.co\/ucm-y-corpocaldas-firman-convenio-que-permitira-vigilar-calidad-del-aire-en-manizales\/","name":"UCM - Universidad Cat\u00f3lica de Manizales","isPartOf":{"@id":"https:\/\/www.ucm.edu.co\/#website"},"primaryImageOfPage":{"@id":"https:\/\/www.ucm.edu.co\/ucm-y-corpocaldas-firman-convenio-que-permitira-vigilar-calidad-del-aire-en-manizales\/#primaryimage"},"image":{"@id":"https:\/\/www.ucm.edu.co\/ucm-y-corpocaldas-firman-convenio-que-permitira-vigilar-calidad-del-aire-en-manizales\/#primaryimage"},"thumbnailUrl":"https:\/\/www.ucm.edu.co\/wp-content\/uploads\/2021\/05\/WhatsApp-Image-2021-05-19-at-15.46.02-1.jpeg","datePublished":"2021-05-19T20:58:13+00:00","dateModified":"2021-05-21T20:06:09+00:00","breadcrumb":{"@id":"https:\/\/www.ucm.edu.co\/ucm-y-corpocaldas-firman-convenio-que-permitira-vigilar-calidad-del-aire-en-manizales\/#breadcrumb"},"inLanguage":"en-US","potentialAction":[{"@type":"ReadAction","target":["https:\/\/www.ucm.edu.co\/ucm-y-corpocaldas-firman-convenio-que-permitira-vigilar-calidad-del-aire-en-manizales\/"]}]},{"@type":"ImageObject","inLanguage":"en-US","@id":"https:\/\/www.ucm.edu.co\/ucm-y-corpocaldas-firman-convenio-que-permitira-vigilar-calidad-del-aire-en-manizales\/#primaryimage","url":"https:\/\/www.ucm.edu.co\/wp-content\/uploads\/2021\/05\/WhatsApp-Image-2021-05-19-at-15.46.02-1.jpeg","contentUrl":"https:\/\/www.ucm.edu.co\/wp-content\/uploads\/2021\/05\/WhatsApp-Image-2021-05-19-at-15.46.02-1.jpeg","width":800,"height":450},{"@type":"BreadcrumbList","@id":"https:\/\/www.ucm.edu.co\/ucm-y-corpocaldas-firman-convenio-que-permitira-vigilar-calidad-del-aire-en-manizales\/#breadcrumb","itemListElement":[{"@type":"ListItem","position":1,"name":"Portada","item":"https:\/\/www.ucm.edu.co\/"},{"@type":"ListItem","position":2,"name":"UCM y Corpocaldas firman convenio que permitir\u00e1 vigilar calidad del aire en Manizales"}]},{"@type":"WebSite","@id":"https:\/\/www.ucm.edu.co\/#website","url":"https:\/\/www.ucm.edu.co\/","name":"UCM - Universidad Cat\u00f3lica de Manizales","description":"Ven a ser quien quieres ser","publisher":{"@id":"https:\/\/www.ucm.edu.co\/#organization"},"alternateName":"UCM","potentialAction":[{"@type":"SearchAction","target":{"@type":"EntryPoint","urlTemplate":"https:\/\/www.ucm.edu.co\/?s={search_term_string}"},"query-input":{"@type":"PropertyValueSpecification","valueRequired":true,"valueName":"search_term_string"}}],"inLanguage":"en-US"},{"@type":"Organization","@id":"https:\/\/www.ucm.edu.co\/#organization","name":"Universidad Cat\u00f3lica de Manizales","alternateName":"UCM","url":"https:\/\/www.ucm.edu.co\/","logo":{"@type":"ImageObject","inLanguage":"en-US","@id":"https:\/\/www.ucm.edu.co\/#\/schema\/logo\/image\/","url":"https:\/\/www.ucm.edu.co\/wp-content\/uploads\/2021\/03\/favicon_ucm.png","contentUrl":"https:\/\/www.ucm.edu.co\/wp-content\/uploads\/2021\/03\/favicon_ucm.png","width":512,"height":512,"caption":"Universidad Cat\u00f3lica de Manizales"},"image":{"@id":"https:\/\/www.ucm.edu.co\/#\/schema\/logo\/image\/"},"sameAs":["https:\/\/www.facebook.com\/ucatolicamanizales","https:\/\/x.com\/ucm_manizales","https:\/\/www.instagram.com\/ucatolicamanizales\/","https:\/\/co.linkedin.com\/school\/ucatolicamanizales\/","https:\/\/www.youtube.com\/user\/UCMtelevision"]},{"@type":"Person","@id":"https:\/\/www.ucm.edu.co\/#\/schema\/person\/fea805666959d6cfcf87dea44ef2f0b8","name":"Prensa UCM","image":{"@type":"ImageObject","inLanguage":"en-US","@id":"https:\/\/secure.gravatar.com\/avatar\/e9670ef3f6e98ca21e5ca101324fddb19f2b728f8bc808ffc267be23350fac46?s=96&d=mm&r=g","url":"https:\/\/secure.gravatar.com\/avatar\/e9670ef3f6e98ca21e5ca101324fddb19f2b728f8bc808ffc267be23350fac46?s=96&d=mm&r=g","contentUrl":"https:\/\/secure.gravatar.com\/avatar\/e9670ef3f6e98ca21e5ca101324fddb19f2b728f8bc808ffc267be23350fac46?s=96&d=mm&r=g","caption":"Prensa UCM"},"url":"https:\/\/www.ucm.edu.co\/en\/author\/prensa\/"}]}},"_links":{"self":[{"href":"https:\/\/www.ucm.edu.co\/en\/wp-json\/wp\/v2\/posts\/192253","targetHints":{"allow":["GET"]}}],"collection":[{"href":"https:\/\/www.ucm.edu.co\/en\/wp-json\/wp\/v2\/posts"}],"about":[{"href":"https:\/\/www.ucm.edu.co\/en\/wp-json\/wp\/v2\/types\/post"}],"author":[{"embeddable":true,"href":"https:\/\/www.ucm.edu.co\/en\/wp-json\/wp\/v2\/users\/5"}],"replies":[{"embeddable":true,"href":"https:\/\/www.ucm.edu.co\/en\/wp-json\/wp\/v2\/comments?post=192253"}],"version-history":[{"count":9,"href":"https:\/\/www.ucm.edu.co\/en\/wp-json\/wp\/v2\/posts\/192253\/revisions"}],"predecessor-version":[{"id":192375,"href":"https:\/\/www.ucm.edu.co\/en\/wp-json\/wp\/v2\/posts\/192253\/revisions\/192375"}],"wp:featuredmedia":[{"embeddable":true,"href":"https:\/\/www.ucm.edu.co\/en\/wp-json\/wp\/v2\/media\/192255"}],"wp:attachment":[{"href":"https:\/\/www.ucm.edu.co\/en\/wp-json\/wp\/v2\/media?parent=192253"}],"wp:term":[{"taxonomy":"category","embeddable":true,"href":"https:\/\/www.ucm.edu.co\/en\/wp-json\/wp\/v2\/categories?post=192253"},{"taxonomy":"post_tag","embeddable":true,"href":"https:\/\/www.ucm.edu.co\/en\/wp-json\/wp\/v2\/tags?post=192253"}],"curies":[{"name":"wp","href":"https:\/\/api.w.org\/{rel}","templated":true}]}}