{"id":191882,"date":"2021-05-05T12:10:10","date_gmt":"2021-05-05T17:10:10","guid":{"rendered":"https:\/\/www.ucm.edu.co\/?p=191882"},"modified":"2021-05-05T12:11:46","modified_gmt":"2021-05-05T17:11:46","slug":"convocatoria-para-el-programa-de-becas-de-estudios-en-europa","status":"publish","type":"post","link":"https:\/\/www.ucm.edu.co\/en\/convocatoria-para-el-programa-de-becas-de-estudios-en-europa\/","title":{"rendered":"Convocatoria para el programa de becas de estudios en Europa"},"content":{"rendered":"<p class=\"wp-block-paragraph\">Se encuentran abiertas las inscripciones para el programa de becas parciales de estudios a desarrollarse en los a\u00f1os 2022 y 2023 en Europa, en las prestigiadas instituciones: Pearson College London y la CUOA Business School.<\/p>\n\n\n\n<p class=\"wp-block-paragraph\">Actualmente son ofrecidos los siguientes cursos:<\/p>\n\n\n\n<p class=\"wp-block-paragraph\">Pearson College London en Londres:<br>\u2022 Contemporary Topics in Business Strategy*<br>*Este curso ofrece un m\u00f3dulo de ingl\u00e9s gratuito.<\/p>\n\n\n\n<p class=\"wp-block-paragraph\">CUOA Business School en Italia:<br>\u2022 International Management &amp; Leadership;<br>\u2022 Creativity, Innovation &amp; New Businesses;<br>\u2022 Business Strategy &amp; Marketing Management;<br>\u2022 Operations, Logistics &amp; Lean Management<\/p>\n\n\n\n<p class=\"wp-block-paragraph\">El objetivo de estos programas es ofrecer la oportunidad de profundizar el conocimiento en el \u00e1rea de administraci\u00f3n, idioma ingl\u00e9s y realizar una experiencia internacional en el \u00e1mbito empresarial de Europa.<\/p>\n\n\n\n<p class=\"wp-block-paragraph\">Para inscribirse gratuitamente complete el siguiente formulario: https:\/\/bit.ly\/3x6pSPr<\/p>\n\n\n\n<p class=\"wp-block-paragraph\">Los programas tienen las siguientes caracter\u00edsticas:\u202f<\/p>\n\n\n\n<p class=\"wp-block-paragraph\">Duraci\u00f3n: 3 semanas en los meses de enero o julio con clases de lunes a jueves, los viernes est\u00e1n destinados para visitas opcionales.<br>Visitas: Son ofrecidas dos importantes visitas opcionales a la ONU y la OMC en Ginebra, Suiza.<br>Idioma: No hay examen de validaci\u00f3n, pero el buen acompa\u00f1amiento de las clases requiere validaci\u00f3n m\u00ednima del nivel intermedio de ingl\u00e9s, ya que el curso es dictado en este idioma sin traducci\u00f3n simult\u00e1nea.<br>Beneficios: Tarifas especiales en hoteles, adem\u00e1s de ofrecer la opci\u00f3n de acomodaci\u00f3n en el housing del campus de la universidad dependiendo de la disponibilidad y visitas a organizaciones como Twitter, Disney, ONU, Amazon entre otras (seg\u00fan el destino).<br>Certificaciones:Certificate in Executive Management m\u00e1s la informaci\u00f3n del programa tem\u00e1tico elegido y\u202fBusiness English Certificate\u202femitidos por la universidad donde se llevaron acabo las actividades acad\u00e9micas.<br>Proceso selectivo de la beca parcial de estudios: Los candidatos deben entrar en contacto por el enlace o correo electr\u00f3nico informado abajo y solicitar el application form. Despu\u00e9s de recibir estos documentos se realizar\u00e1 el correspondiente an\u00e1lisis, se evaluar\u00e1 su experiencia acad\u00e9mica y su nivel de ingl\u00e9s de acuerdo con la redacci\u00f3n que tiene que realizar en el formulario.<\/p>\n\n\n\n<p class=\"wp-block-paragraph\">Para recibir m\u00e1s informaciones sobre el proceso de postulaci\u00f3n, complete el siguiente formulario: https:\/\/bit.ly\/3x6pSPr<br>Una vez que diligencie sus datos, en un plazo de hasta 7 d\u00edas h\u00e1biles, uno de mis asistentes le contactar\u00e1 para resolver cualquier duda y enviarle m\u00e1s informaciones.<br>Importante:si no recibe el e-mail de uno mis asistentes, verifique en su caja de spam.<\/p>\n\n\n\n<p class=\"wp-block-paragraph\">Las inscripciones est\u00e1n abiertashasta el domingo 16 mayo.<\/p>\n\n\n\n<p class=\"wp-block-paragraph\">\u00a1Esperamos su postulaci\u00f3n!<\/p>\n\n\n\n<p class=\"wp-block-paragraph\">Saludos acad\u00e9micos,<br>Prof. Ricardo Britto \u2013 prof.ricardobritto@ibs-americas.com<br>Responsable por el proceso selectivo.<\/p>\n\n\n\n<p class=\"wp-block-paragraph\"><\/p>\n\n\n\n<p class=\"wp-block-paragraph\">Imagen tomada de: www.bilingual-app.com<\/p>","protected":false},"excerpt":{"rendered":"<p>Los cursos tienen una duraci\u00f3n de tres semanas<\/p>","protected":false},"author":5,"featured_media":191918,"comment_status":"open","ping_status":"open","sticky":false,"template":"","format":"standard","meta":{"_et_pb_use_builder":"","_et_pb_old_content":"","_et_gb_content_width":"","content-type":"","_monsterinsights_skip_tracking":false,"footnotes":""},"categories":[16],"tags":[337,336,152],"class_list":["post-191882","post","type-post","status-publish","format-standard","has-post-thumbnail","hentry","category-internacionalizacion","tag-cuoa-business-school","tag-pearson-college-london","tag-ucm-global"],"yoast_head":"<!-- This site is optimized with the Yoast SEO plugin v28.1 - https:\/\/yoast.com\/product\/yoast-seo-wordpress\/ -->\n<title>UCM - Universidad Cat\u00f3lica de Manizales<\/title>\n<meta name=\"robots\" content=\"index, follow, max-snippet:-1, max-image-preview:large, max-video-preview:-1\" \/>\n<link rel=\"canonical\" href=\"https:\/\/www.ucm.edu.co\/en\/convocatoria-para-el-programa-de-becas-de-estudios-en-europa\/\" \/>\n<meta property=\"og:locale\" content=\"en_US\" \/>\n<meta property=\"og:type\" content=\"article\" \/>\n<meta property=\"og:title\" content=\"UCM - Universidad Cat\u00f3lica de Manizales\" \/>\n<meta property=\"og:description\" content=\"Los cursos tienen una duraci\u00f3n de tres semanas\" \/>\n<meta property=\"og:url\" content=\"https:\/\/www.ucm.edu.co\/en\/convocatoria-para-el-programa-de-becas-de-estudios-en-europa\/\" \/>\n<meta property=\"og:site_name\" content=\"UCM - Universidad Cat\u00f3lica de Manizales\" \/>\n<meta property=\"article:publisher\" content=\"https:\/\/www.facebook.com\/ucatolicamanizales\" \/>\n<meta property=\"article:published_time\" content=\"2021-05-05T17:10:10+00:00\" \/>\n<meta property=\"article:modified_time\" content=\"2021-05-05T17:11:46+00:00\" \/>\n<meta property=\"og:image\" content=\"https:\/\/www.ucm.edu.co\/wp-content\/uploads\/2021\/05\/03_estudiar-y-trabajar-al-mismo-tiempo_b_opt-1.png\" \/>\n\t<meta property=\"og:image:width\" content=\"800\" \/>\n\t<meta property=\"og:image:height\" content=\"440\" \/>\n\t<meta property=\"og:image:type\" content=\"image\/png\" \/>\n<meta name=\"author\" content=\"Prensa UCM\" \/>\n<meta name=\"twitter:card\" content=\"summary_large_image\" \/>\n<meta name=\"twitter:creator\" content=\"@ucm_manizales\" \/>\n<meta name=\"twitter:site\" content=\"@ucm_manizales\" \/>\n<meta name=\"twitter:label1\" content=\"Written by\" \/>\n\t<meta name=\"twitter:data1\" content=\"Prensa UCM\" \/>\n\t<meta name=\"twitter:label2\" content=\"Est. reading time\" \/>\n\t<meta name=\"twitter:data2\" content=\"2 minutes\" \/>\n<script type=\"application\/ld+json\" class=\"yoast-schema-graph\">{\"@context\":\"https:\\\/\\\/schema.org\",\"@graph\":[{\"@type\":\"Article\",\"@id\":\"https:\\\/\\\/www.ucm.edu.co\\\/convocatoria-para-el-programa-de-becas-de-estudios-en-europa\\\/#article\",\"isPartOf\":{\"@id\":\"https:\\\/\\\/www.ucm.edu.co\\\/convocatoria-para-el-programa-de-becas-de-estudios-en-europa\\\/\"},\"author\":{\"name\":\"Prensa UCM\",\"@id\":\"https:\\\/\\\/www.ucm.edu.co\\\/#\\\/schema\\\/person\\\/fea805666959d6cfcf87dea44ef2f0b8\"},\"headline\":\"Convocatoria para el programa de becas de estudios en Europa\",\"datePublished\":\"2021-05-05T17:10:10+00:00\",\"dateModified\":\"2021-05-05T17:11:46+00:00\",\"mainEntityOfPage\":{\"@id\":\"https:\\\/\\\/www.ucm.edu.co\\\/convocatoria-para-el-programa-de-becas-de-estudios-en-europa\\\/\"},\"wordCount\":461,\"commentCount\":0,\"publisher\":{\"@id\":\"https:\\\/\\\/www.ucm.edu.co\\\/#organization\"},\"image\":{\"@id\":\"https:\\\/\\\/www.ucm.edu.co\\\/convocatoria-para-el-programa-de-becas-de-estudios-en-europa\\\/#primaryimage\"},\"thumbnailUrl\":\"https:\\\/\\\/www.ucm.edu.co\\\/wp-content\\\/uploads\\\/2021\\\/05\\\/03_estudiar-y-trabajar-al-mismo-tiempo_b_opt-1.png\",\"keywords\":[\"CUOA Business School\",\"Pearson College London\",\"UCM Global\"],\"articleSection\":[\"Internacionalizaci\u00f3n\"],\"inLanguage\":\"en-US\",\"potentialAction\":[{\"@type\":\"CommentAction\",\"name\":\"Comment\",\"target\":[\"https:\\\/\\\/www.ucm.edu.co\\\/convocatoria-para-el-programa-de-becas-de-estudios-en-europa\\\/#respond\"]}]},{\"@type\":\"WebPage\",\"@id\":\"https:\\\/\\\/www.ucm.edu.co\\\/convocatoria-para-el-programa-de-becas-de-estudios-en-europa\\\/\",\"url\":\"https:\\\/\\\/www.ucm.edu.co\\\/convocatoria-para-el-programa-de-becas-de-estudios-en-europa\\\/\",\"name\":\"UCM - Universidad Cat\u00f3lica de Manizales\",\"isPartOf\":{\"@id\":\"https:\\\/\\\/www.ucm.edu.co\\\/#website\"},\"primaryImageOfPage\":{\"@id\":\"https:\\\/\\\/www.ucm.edu.co\\\/convocatoria-para-el-programa-de-becas-de-estudios-en-europa\\\/#primaryimage\"},\"image\":{\"@id\":\"https:\\\/\\\/www.ucm.edu.co\\\/convocatoria-para-el-programa-de-becas-de-estudios-en-europa\\\/#primaryimage\"},\"thumbnailUrl\":\"https:\\\/\\\/www.ucm.edu.co\\\/wp-content\\\/uploads\\\/2021\\\/05\\\/03_estudiar-y-trabajar-al-mismo-tiempo_b_opt-1.png\",\"datePublished\":\"2021-05-05T17:10:10+00:00\",\"dateModified\":\"2021-05-05T17:11:46+00:00\",\"breadcrumb\":{\"@id\":\"https:\\\/\\\/www.ucm.edu.co\\\/convocatoria-para-el-programa-de-becas-de-estudios-en-europa\\\/#breadcrumb\"},\"inLanguage\":\"en-US\",\"potentialAction\":[{\"@type\":\"ReadAction\",\"target\":[\"https:\\\/\\\/www.ucm.edu.co\\\/convocatoria-para-el-programa-de-becas-de-estudios-en-europa\\\/\"]}]},{\"@type\":\"ImageObject\",\"inLanguage\":\"en-US\",\"@id\":\"https:\\\/\\\/www.ucm.edu.co\\\/convocatoria-para-el-programa-de-becas-de-estudios-en-europa\\\/#primaryimage\",\"url\":\"https:\\\/\\\/www.ucm.edu.co\\\/wp-content\\\/uploads\\\/2021\\\/05\\\/03_estudiar-y-trabajar-al-mismo-tiempo_b_opt-1.png\",\"contentUrl\":\"https:\\\/\\\/www.ucm.edu.co\\\/wp-content\\\/uploads\\\/2021\\\/05\\\/03_estudiar-y-trabajar-al-mismo-tiempo_b_opt-1.png\",\"width\":800,\"height\":440},{\"@type\":\"BreadcrumbList\",\"@id\":\"https:\\\/\\\/www.ucm.edu.co\\\/convocatoria-para-el-programa-de-becas-de-estudios-en-europa\\\/#breadcrumb\",\"itemListElement\":[{\"@type\":\"ListItem\",\"position\":1,\"name\":\"Portada\",\"item\":\"https:\\\/\\\/www.ucm.edu.co\\\/\"},{\"@type\":\"ListItem\",\"position\":2,\"name\":\"Convocatoria para el programa de becas de estudios en Europa\"}]},{\"@type\":\"WebSite\",\"@id\":\"https:\\\/\\\/www.ucm.edu.co\\\/#website\",\"url\":\"https:\\\/\\\/www.ucm.edu.co\\\/\",\"name\":\"UCM - Universidad Cat\u00f3lica de Manizales\",\"description\":\"Ven a ser quien quieres ser\",\"publisher\":{\"@id\":\"https:\\\/\\\/www.ucm.edu.co\\\/#organization\"},\"alternateName\":\"UCM\",\"potentialAction\":[{\"@type\":\"SearchAction\",\"target\":{\"@type\":\"EntryPoint\",\"urlTemplate\":\"https:\\\/\\\/www.ucm.edu.co\\\/?s={search_term_string}\"},\"query-input\":{\"@type\":\"PropertyValueSpecification\",\"valueRequired\":true,\"valueName\":\"search_term_string\"}}],\"inLanguage\":\"en-US\"},{\"@type\":\"Organization\",\"@id\":\"https:\\\/\\\/www.ucm.edu.co\\\/#organization\",\"name\":\"Universidad Cat\u00f3lica de Manizales\",\"alternateName\":\"UCM\",\"url\":\"https:\\\/\\\/www.ucm.edu.co\\\/\",\"logo\":{\"@type\":\"ImageObject\",\"inLanguage\":\"en-US\",\"@id\":\"https:\\\/\\\/www.ucm.edu.co\\\/#\\\/schema\\\/logo\\\/image\\\/\",\"url\":\"https:\\\/\\\/www.ucm.edu.co\\\/wp-content\\\/uploads\\\/2021\\\/03\\\/favicon_ucm.png\",\"contentUrl\":\"https:\\\/\\\/www.ucm.edu.co\\\/wp-content\\\/uploads\\\/2021\\\/03\\\/favicon_ucm.png\",\"width\":512,\"height\":512,\"caption\":\"Universidad Cat\u00f3lica de Manizales\"},\"image\":{\"@id\":\"https:\\\/\\\/www.ucm.edu.co\\\/#\\\/schema\\\/logo\\\/image\\\/\"},\"sameAs\":[\"https:\\\/\\\/www.facebook.com\\\/ucatolicamanizales\",\"https:\\\/\\\/x.com\\\/ucm_manizales\",\"https:\\\/\\\/www.instagram.com\\\/ucatolicamanizales\\\/\",\"https:\\\/\\\/co.linkedin.com\\\/school\\\/ucatolicamanizales\\\/\",\"https:\\\/\\\/www.youtube.com\\\/user\\\/UCMtelevision\"]},{\"@type\":\"Person\",\"@id\":\"https:\\\/\\\/www.ucm.edu.co\\\/#\\\/schema\\\/person\\\/fea805666959d6cfcf87dea44ef2f0b8\",\"name\":\"Prensa UCM\",\"image\":{\"@type\":\"ImageObject\",\"inLanguage\":\"en-US\",\"@id\":\"https:\\\/\\\/secure.gravatar.com\\\/avatar\\\/e9670ef3f6e98ca21e5ca101324fddb19f2b728f8bc808ffc267be23350fac46?s=96&d=mm&r=g\",\"url\":\"https:\\\/\\\/secure.gravatar.com\\\/avatar\\\/e9670ef3f6e98ca21e5ca101324fddb19f2b728f8bc808ffc267be23350fac46?s=96&d=mm&r=g\",\"contentUrl\":\"https:\\\/\\\/secure.gravatar.com\\\/avatar\\\/e9670ef3f6e98ca21e5ca101324fddb19f2b728f8bc808ffc267be23350fac46?s=96&d=mm&r=g\",\"caption\":\"Prensa UCM\"},\"url\":\"https:\\\/\\\/www.ucm.edu.co\\\/en\\\/author\\\/prensa\\\/\"}]}<\/script>\n<!-- \/ Yoast SEO plugin. -->","yoast_head_json":{"title":"UCM - Universidad Cat\u00f3lica de Manizales","robots":{"index":"index","follow":"follow","max-snippet":"max-snippet:-1","max-image-preview":"max-image-preview:large","max-video-preview":"max-video-preview:-1"},"canonical":"https:\/\/www.ucm.edu.co\/en\/convocatoria-para-el-programa-de-becas-de-estudios-en-europa\/","og_locale":"en_US","og_type":"article","og_title":"UCM - Universidad Cat\u00f3lica de Manizales","og_description":"Los cursos tienen una duraci\u00f3n de tres semanas","og_url":"https:\/\/www.ucm.edu.co\/en\/convocatoria-para-el-programa-de-becas-de-estudios-en-europa\/","og_site_name":"UCM - Universidad Cat\u00f3lica de Manizales","article_publisher":"https:\/\/www.facebook.com\/ucatolicamanizales","article_published_time":"2021-05-05T17:10:10+00:00","article_modified_time":"2021-05-05T17:11:46+00:00","og_image":[{"width":800,"height":440,"url":"https:\/\/www.ucm.edu.co\/wp-content\/uploads\/2021\/05\/03_estudiar-y-trabajar-al-mismo-tiempo_b_opt-1.png","type":"image\/png"}],"author":"Prensa UCM","twitter_card":"summary_large_image","twitter_creator":"@ucm_manizales","twitter_site":"@ucm_manizales","twitter_misc":{"Written by":"Prensa UCM","Est. reading time":"2 minutes"},"schema":{"@context":"https:\/\/schema.org","@graph":[{"@type":"Article","@id":"https:\/\/www.ucm.edu.co\/convocatoria-para-el-programa-de-becas-de-estudios-en-europa\/#article","isPartOf":{"@id":"https:\/\/www.ucm.edu.co\/convocatoria-para-el-programa-de-becas-de-estudios-en-europa\/"},"author":{"name":"Prensa UCM","@id":"https:\/\/www.ucm.edu.co\/#\/schema\/person\/fea805666959d6cfcf87dea44ef2f0b8"},"headline":"Convocatoria para el programa de becas de estudios en Europa","datePublished":"2021-05-05T17:10:10+00:00","dateModified":"2021-05-05T17:11:46+00:00","mainEntityOfPage":{"@id":"https:\/\/www.ucm.edu.co\/convocatoria-para-el-programa-de-becas-de-estudios-en-europa\/"},"wordCount":461,"commentCount":0,"publisher":{"@id":"https:\/\/www.ucm.edu.co\/#organization"},"image":{"@id":"https:\/\/www.ucm.edu.co\/convocatoria-para-el-programa-de-becas-de-estudios-en-europa\/#primaryimage"},"thumbnailUrl":"https:\/\/www.ucm.edu.co\/wp-content\/uploads\/2021\/05\/03_estudiar-y-trabajar-al-mismo-tiempo_b_opt-1.png","keywords":["CUOA Business School","Pearson College London","UCM Global"],"articleSection":["Internacionalizaci\u00f3n"],"inLanguage":"en-US","potentialAction":[{"@type":"CommentAction","name":"Comment","target":["https:\/\/www.ucm.edu.co\/convocatoria-para-el-programa-de-becas-de-estudios-en-europa\/#respond"]}]},{"@type":"WebPage","@id":"https:\/\/www.ucm.edu.co\/convocatoria-para-el-programa-de-becas-de-estudios-en-europa\/","url":"https:\/\/www.ucm.edu.co\/convocatoria-para-el-programa-de-becas-de-estudios-en-europa\/","name":"UCM - Universidad Cat\u00f3lica de Manizales","isPartOf":{"@id":"https:\/\/www.ucm.edu.co\/#website"},"primaryImageOfPage":{"@id":"https:\/\/www.ucm.edu.co\/convocatoria-para-el-programa-de-becas-de-estudios-en-europa\/#primaryimage"},"image":{"@id":"https:\/\/www.ucm.edu.co\/convocatoria-para-el-programa-de-becas-de-estudios-en-europa\/#primaryimage"},"thumbnailUrl":"https:\/\/www.ucm.edu.co\/wp-content\/uploads\/2021\/05\/03_estudiar-y-trabajar-al-mismo-tiempo_b_opt-1.png","datePublished":"2021-05-05T17:10:10+00:00","dateModified":"2021-05-05T17:11:46+00:00","breadcrumb":{"@id":"https:\/\/www.ucm.edu.co\/convocatoria-para-el-programa-de-becas-de-estudios-en-europa\/#breadcrumb"},"inLanguage":"en-US","potentialAction":[{"@type":"ReadAction","target":["https:\/\/www.ucm.edu.co\/convocatoria-para-el-programa-de-becas-de-estudios-en-europa\/"]}]},{"@type":"ImageObject","inLanguage":"en-US","@id":"https:\/\/www.ucm.edu.co\/convocatoria-para-el-programa-de-becas-de-estudios-en-europa\/#primaryimage","url":"https:\/\/www.ucm.edu.co\/wp-content\/uploads\/2021\/05\/03_estudiar-y-trabajar-al-mismo-tiempo_b_opt-1.png","contentUrl":"https:\/\/www.ucm.edu.co\/wp-content\/uploads\/2021\/05\/03_estudiar-y-trabajar-al-mismo-tiempo_b_opt-1.png","width":800,"height":440},{"@type":"BreadcrumbList","@id":"https:\/\/www.ucm.edu.co\/convocatoria-para-el-programa-de-becas-de-estudios-en-europa\/#breadcrumb","itemListElement":[{"@type":"ListItem","position":1,"name":"Portada","item":"https:\/\/www.ucm.edu.co\/"},{"@type":"ListItem","position":2,"name":"Convocatoria para el programa de becas de estudios en Europa"}]},{"@type":"WebSite","@id":"https:\/\/www.ucm.edu.co\/#website","url":"https:\/\/www.ucm.edu.co\/","name":"UCM - Universidad Cat\u00f3lica de Manizales","description":"Ven a ser quien quieres ser","publisher":{"@id":"https:\/\/www.ucm.edu.co\/#organization"},"alternateName":"UCM","potentialAction":[{"@type":"SearchAction","target":{"@type":"EntryPoint","urlTemplate":"https:\/\/www.ucm.edu.co\/?s={search_term_string}"},"query-input":{"@type":"PropertyValueSpecification","valueRequired":true,"valueName":"search_term_string"}}],"inLanguage":"en-US"},{"@type":"Organization","@id":"https:\/\/www.ucm.edu.co\/#organization","name":"Universidad Cat\u00f3lica de Manizales","alternateName":"UCM","url":"https:\/\/www.ucm.edu.co\/","logo":{"@type":"ImageObject","inLanguage":"en-US","@id":"https:\/\/www.ucm.edu.co\/#\/schema\/logo\/image\/","url":"https:\/\/www.ucm.edu.co\/wp-content\/uploads\/2021\/03\/favicon_ucm.png","contentUrl":"https:\/\/www.ucm.edu.co\/wp-content\/uploads\/2021\/03\/favicon_ucm.png","width":512,"height":512,"caption":"Universidad Cat\u00f3lica de Manizales"},"image":{"@id":"https:\/\/www.ucm.edu.co\/#\/schema\/logo\/image\/"},"sameAs":["https:\/\/www.facebook.com\/ucatolicamanizales","https:\/\/x.com\/ucm_manizales","https:\/\/www.instagram.com\/ucatolicamanizales\/","https:\/\/co.linkedin.com\/school\/ucatolicamanizales\/","https:\/\/www.youtube.com\/user\/UCMtelevision"]},{"@type":"Person","@id":"https:\/\/www.ucm.edu.co\/#\/schema\/person\/fea805666959d6cfcf87dea44ef2f0b8","name":"Prensa UCM","image":{"@type":"ImageObject","inLanguage":"en-US","@id":"https:\/\/secure.gravatar.com\/avatar\/e9670ef3f6e98ca21e5ca101324fddb19f2b728f8bc808ffc267be23350fac46?s=96&d=mm&r=g","url":"https:\/\/secure.gravatar.com\/avatar\/e9670ef3f6e98ca21e5ca101324fddb19f2b728f8bc808ffc267be23350fac46?s=96&d=mm&r=g","contentUrl":"https:\/\/secure.gravatar.com\/avatar\/e9670ef3f6e98ca21e5ca101324fddb19f2b728f8bc808ffc267be23350fac46?s=96&d=mm&r=g","caption":"Prensa UCM"},"url":"https:\/\/www.ucm.edu.co\/en\/author\/prensa\/"}]}},"_links":{"self":[{"href":"https:\/\/www.ucm.edu.co\/en\/wp-json\/wp\/v2\/posts\/191882","targetHints":{"allow":["GET"]}}],"collection":[{"href":"https:\/\/www.ucm.edu.co\/en\/wp-json\/wp\/v2\/posts"}],"about":[{"href":"https:\/\/www.ucm.edu.co\/en\/wp-json\/wp\/v2\/types\/post"}],"author":[{"embeddable":true,"href":"https:\/\/www.ucm.edu.co\/en\/wp-json\/wp\/v2\/users\/5"}],"replies":[{"embeddable":true,"href":"https:\/\/www.ucm.edu.co\/en\/wp-json\/wp\/v2\/comments?post=191882"}],"version-history":[{"count":2,"href":"https:\/\/www.ucm.edu.co\/en\/wp-json\/wp\/v2\/posts\/191882\/revisions"}],"predecessor-version":[{"id":191924,"href":"https:\/\/www.ucm.edu.co\/en\/wp-json\/wp\/v2\/posts\/191882\/revisions\/191924"}],"wp:featuredmedia":[{"embeddable":true,"href":"https:\/\/www.ucm.edu.co\/en\/wp-json\/wp\/v2\/media\/191918"}],"wp:attachment":[{"href":"https:\/\/www.ucm.edu.co\/en\/wp-json\/wp\/v2\/media?parent=191882"}],"wp:term":[{"taxonomy":"category","embeddable":true,"href":"https:\/\/www.ucm.edu.co\/en\/wp-json\/wp\/v2\/categories?post=191882"},{"taxonomy":"post_tag","embeddable":true,"href":"https:\/\/www.ucm.edu.co\/en\/wp-json\/wp\/v2\/tags?post=191882"}],"curies":[{"name":"wp","href":"https:\/\/api.w.org\/{rel}","templated":true}]}}