{"id":191201,"date":"2021-04-23T17:29:20","date_gmt":"2021-04-23T22:29:20","guid":{"rendered":"https:\/\/www.ucm.edu.co\/?p=191201"},"modified":"2021-04-23T17:44:17","modified_gmt":"2021-04-23T22:44:17","slug":"intervenciones-de-enfermeria-en-personas-con-sindrome-post-covid-19","status":"publish","type":"post","link":"https:\/\/www.ucm.edu.co\/en\/intervenciones-de-enfermeria-en-personas-con-sindrome-post-covid-19\/","title":{"rendered":"Intervenciones de enfermer\u00eda en personas con s\u00edndrome post covid 19"},"content":{"rendered":"<p class=\"wp-block-paragraph\"><\/p>\n\n\n\n<p class=\"wp-block-paragraph\">Compartimos un art\u00edculo publicado en el \u00faltimo bolet\u00edn de la *<strong>Red Internacional de Enfermer\u00eda En cuidado Cr\u00edtico<\/strong>, escrito por la profesora del programa de Enfermer\u00eda de la Universidad Cat\u00f3lica de Manizales,\u00a0<strong>Yanier Betancur Manrique<\/strong>.<\/p>\n\n\n\n<p class=\"wp-block-paragraph\">El documento hace una compilaci\u00f3n sobre los s\u00edntomas que hasta ahora se han logrado detectar en pacientes post covid, dando adem\u00e1s las intervenciones que el profesional de enfermer\u00eda debe tener en cuenta en el cuidado de personas que padecen secuelas posteriores al virus.<\/p>\n\n\n\n<p class=\"wp-block-paragraph\"><strong>LINK del art\u00edculo<\/strong>&nbsp;(P\u00e1ginas 9-10 11)<\/p>\n\n\n\n<figure class=\"wp-block-embed is-type-rich is-provider-issuu wp-block-embed-issuu\"><div class=\"wp-block-embed__wrapper\">\n<div data-url=\"https:\/\/issuu.com\/facultaddeenfermeriapuj\/docs\/34._boletin_abril_2021\" style=\"width: 1080px; height: 304px;\" class=\"issuuembed\"><\/div><script type=\"text\/javascript\" src=\"\/\/e.issuu.com\/embed.js\" async=\"true\"><\/script>\n<\/div><\/figure>\n\n\n\n<p class=\"wp-block-paragraph\"><strong>Yanier Betancur Manrique:<\/strong>&nbsp;Enfermera de la Universidad Cat\u00f3lica de Manizales, Especialista y Mag\u00edster en Enfermer\u00eda en Cuidado Cr\u00edtico de la Pontificia Universidad Javeriana, profesora adscrita al programa de Enfermer\u00eda&nbsp;<strong>UCM<\/strong>&nbsp;y perteneciente a la Red Internacional de Enfermer\u00eda en Cuidado Cr\u00edtico nodo Colombia.<\/p>\n\n\n\n<p class=\"wp-block-paragraph\">*<strong>Red Internacional de Enfermer\u00eda En cuidado Cr\u00edtico (REINECC)<\/strong>:&nbsp;tiene dentro de sus objetivos fomentar la integraci\u00f3n y cooperaci\u00f3n interdisciplinar y multidisciplinar en el \u00e1mbito nacional e internacional acerca del cuidado a pacientes cr\u00edticos y sus familias, as\u00ed como fortalecer a trav\u00e9s de la Red la excelencia disciplinar en las \u00e1reas acad\u00e9micas, t\u00e9cnicas, de gesti\u00f3n e investigativas, a nivel internacional de la Enfermer\u00eda en Cuidados Cr\u00edticos. M\u00e1s informaci\u00f3n sobre la&nbsp;<strong>REINECC&nbsp;<\/strong>en&nbsp;<a href=\"http:\/\/riesweb.site\/redes\/reinecc\/\">http:\/\/riesweb.site\/redes\/reinecc\/<\/a><\/p>\n\n\n\n<figure class=\"wp-block-image size-large\"><img loading=\"lazy\" decoding=\"async\" width=\"1494\" height=\"840\" src=\"https:\/\/www.ucm.edu.co\/wp-content\/uploads\/2021\/04\/Intervenciones-de-enfermeria-en-personas-con-sindrome-post-covid-19-1.jpg\" alt=\"\" class=\"wp-image-191202\"\/><\/figure>\n\n\n\n<figure class=\"wp-block-image size-large\"><img loading=\"lazy\" decoding=\"async\" width=\"1494\" height=\"840\" src=\"https:\/\/www.ucm.edu.co\/wp-content\/uploads\/2021\/04\/Intervenciones-de-enfermeria-en-personas-con-sindrome-post-covid-19-2.jpg\" alt=\"\" class=\"wp-image-191203\"\/><\/figure>\n\n\n\n<figure class=\"wp-block-image size-large\"><img loading=\"lazy\" decoding=\"async\" width=\"1494\" height=\"840\" src=\"https:\/\/www.ucm.edu.co\/wp-content\/uploads\/2021\/04\/Intervenciones-de-enfermeria-en-personas-con-sindrome-post-covid-19-3.jpg\" alt=\"\" class=\"wp-image-191204\"\/><\/figure>","protected":false},"excerpt":{"rendered":"<p>El documento hace una compilaci\u00f3n sobre los s\u00edntomas que hasta ahora se han logrado detectar en pacientes post covid y el cuidado que se debe tener con ellos por parte del personal de enfermer\u00eda.<\/p>","protected":false},"author":5,"featured_media":191209,"comment_status":"open","ping_status":"open","sticky":false,"template":"","format":"standard","meta":{"_et_pb_use_builder":"","_et_pb_old_content":"","_et_gb_content_width":"","content-type":"","_monsterinsights_skip_tracking":false,"footnotes":""},"categories":[274,13],"tags":[223,325,144,328,326,327],"class_list":["post-191201","post","type-post","status-publish","format-standard","has-post-thumbnail","hentry","category-graduados-enfermeria","category-docencia","tag-enfermeria","tag-pacientes-covid","tag-programa-de-enfermeria-ucm","tag-red-internacional-de-enfermeria","tag-sintomas-post-covid","tag-yanier-betancur"],"yoast_head":"<!-- This site is optimized with the Yoast SEO plugin v28.1 - https:\/\/yoast.com\/product\/yoast-seo-wordpress\/ -->\n<title>UCM - Universidad Cat\u00f3lica de Manizales<\/title>\n<meta name=\"robots\" content=\"index, follow, max-snippet:-1, max-image-preview:large, max-video-preview:-1\" \/>\n<link rel=\"canonical\" href=\"https:\/\/www.ucm.edu.co\/en\/intervenciones-de-enfermeria-en-personas-con-sindrome-post-covid-19\/\" \/>\n<meta property=\"og:locale\" content=\"en_US\" \/>\n<meta property=\"og:type\" content=\"article\" \/>\n<meta property=\"og:title\" content=\"UCM - Universidad Cat\u00f3lica de Manizales\" \/>\n<meta property=\"og:description\" content=\"El documento hace una compilaci\u00f3n sobre los s\u00edntomas que hasta ahora se han logrado detectar en pacientes post covid y el cuidado que se debe tener con ellos por parte del personal de enfermer\u00eda.\" \/>\n<meta property=\"og:url\" content=\"https:\/\/www.ucm.edu.co\/en\/intervenciones-de-enfermeria-en-personas-con-sindrome-post-covid-19\/\" \/>\n<meta property=\"og:site_name\" content=\"UCM - Universidad Cat\u00f3lica de Manizales\" \/>\n<meta property=\"article:publisher\" content=\"https:\/\/www.facebook.com\/ucatolicamanizales\" \/>\n<meta property=\"article:published_time\" content=\"2021-04-23T22:29:20+00:00\" \/>\n<meta property=\"article:modified_time\" content=\"2021-04-23T22:44:17+00:00\" \/>\n<meta property=\"og:image\" content=\"https:\/\/www.ucm.edu.co\/wp-content\/uploads\/2021\/04\/yanier_betancur-1.jpg\" \/>\n\t<meta property=\"og:image:width\" content=\"795\" \/>\n\t<meta property=\"og:image:height\" content=\"717\" \/>\n\t<meta property=\"og:image:type\" content=\"image\/jpeg\" \/>\n<meta name=\"author\" content=\"Prensa UCM\" \/>\n<meta name=\"twitter:card\" content=\"summary_large_image\" \/>\n<meta name=\"twitter:creator\" content=\"@ucm_manizales\" \/>\n<meta name=\"twitter:site\" content=\"@ucm_manizales\" \/>\n<meta name=\"twitter:label1\" content=\"Written by\" \/>\n\t<meta name=\"twitter:data1\" content=\"Prensa UCM\" \/>\n\t<meta name=\"twitter:label2\" content=\"Est. reading time\" \/>\n\t<meta name=\"twitter:data2\" content=\"1 minute\" \/>\n<script type=\"application\/ld+json\" class=\"yoast-schema-graph\">{\"@context\":\"https:\\\/\\\/schema.org\",\"@graph\":[{\"@type\":\"Article\",\"@id\":\"https:\\\/\\\/www.ucm.edu.co\\\/intervenciones-de-enfermeria-en-personas-con-sindrome-post-covid-19\\\/#article\",\"isPartOf\":{\"@id\":\"https:\\\/\\\/www.ucm.edu.co\\\/intervenciones-de-enfermeria-en-personas-con-sindrome-post-covid-19\\\/\"},\"author\":{\"name\":\"Prensa UCM\",\"@id\":\"https:\\\/\\\/www.ucm.edu.co\\\/#\\\/schema\\\/person\\\/fea805666959d6cfcf87dea44ef2f0b8\"},\"headline\":\"Intervenciones de enfermer\u00eda en personas con s\u00edndrome post covid 19\",\"datePublished\":\"2021-04-23T22:29:20+00:00\",\"dateModified\":\"2021-04-23T22:44:17+00:00\",\"mainEntityOfPage\":{\"@id\":\"https:\\\/\\\/www.ucm.edu.co\\\/intervenciones-de-enfermeria-en-personas-con-sindrome-post-covid-19\\\/\"},\"wordCount\":259,\"commentCount\":0,\"publisher\":{\"@id\":\"https:\\\/\\\/www.ucm.edu.co\\\/#organization\"},\"image\":{\"@id\":\"https:\\\/\\\/www.ucm.edu.co\\\/intervenciones-de-enfermeria-en-personas-con-sindrome-post-covid-19\\\/#primaryimage\"},\"thumbnailUrl\":\"https:\\\/\\\/www.ucm.edu.co\\\/wp-content\\\/uploads\\\/2021\\\/04\\\/yanier_betancur-1.jpg\",\"keywords\":[\"Enfermer\u00eda\",\"Pacientes Covid\",\"Programa de Enfermer\u00eda UCM\",\"Red Internacional de Enfermer\u00eda\",\"S\u00edntomas Post covid\",\"Yanier Betancur\"],\"articleSection\":[\"Graduados Enfermer\u00eda\",\"Docencia\"],\"inLanguage\":\"en-US\",\"potentialAction\":[{\"@type\":\"CommentAction\",\"name\":\"Comment\",\"target\":[\"https:\\\/\\\/www.ucm.edu.co\\\/intervenciones-de-enfermeria-en-personas-con-sindrome-post-covid-19\\\/#respond\"]}]},{\"@type\":\"WebPage\",\"@id\":\"https:\\\/\\\/www.ucm.edu.co\\\/intervenciones-de-enfermeria-en-personas-con-sindrome-post-covid-19\\\/\",\"url\":\"https:\\\/\\\/www.ucm.edu.co\\\/intervenciones-de-enfermeria-en-personas-con-sindrome-post-covid-19\\\/\",\"name\":\"UCM - Universidad Cat\u00f3lica de Manizales\",\"isPartOf\":{\"@id\":\"https:\\\/\\\/www.ucm.edu.co\\\/#website\"},\"primaryImageOfPage\":{\"@id\":\"https:\\\/\\\/www.ucm.edu.co\\\/intervenciones-de-enfermeria-en-personas-con-sindrome-post-covid-19\\\/#primaryimage\"},\"image\":{\"@id\":\"https:\\\/\\\/www.ucm.edu.co\\\/intervenciones-de-enfermeria-en-personas-con-sindrome-post-covid-19\\\/#primaryimage\"},\"thumbnailUrl\":\"https:\\\/\\\/www.ucm.edu.co\\\/wp-content\\\/uploads\\\/2021\\\/04\\\/yanier_betancur-1.jpg\",\"datePublished\":\"2021-04-23T22:29:20+00:00\",\"dateModified\":\"2021-04-23T22:44:17+00:00\",\"breadcrumb\":{\"@id\":\"https:\\\/\\\/www.ucm.edu.co\\\/intervenciones-de-enfermeria-en-personas-con-sindrome-post-covid-19\\\/#breadcrumb\"},\"inLanguage\":\"en-US\",\"potentialAction\":[{\"@type\":\"ReadAction\",\"target\":[\"https:\\\/\\\/www.ucm.edu.co\\\/intervenciones-de-enfermeria-en-personas-con-sindrome-post-covid-19\\\/\"]}]},{\"@type\":\"ImageObject\",\"inLanguage\":\"en-US\",\"@id\":\"https:\\\/\\\/www.ucm.edu.co\\\/intervenciones-de-enfermeria-en-personas-con-sindrome-post-covid-19\\\/#primaryimage\",\"url\":\"https:\\\/\\\/www.ucm.edu.co\\\/wp-content\\\/uploads\\\/2021\\\/04\\\/yanier_betancur-1.jpg\",\"contentUrl\":\"https:\\\/\\\/www.ucm.edu.co\\\/wp-content\\\/uploads\\\/2021\\\/04\\\/yanier_betancur-1.jpg\",\"width\":795,\"height\":717},{\"@type\":\"BreadcrumbList\",\"@id\":\"https:\\\/\\\/www.ucm.edu.co\\\/intervenciones-de-enfermeria-en-personas-con-sindrome-post-covid-19\\\/#breadcrumb\",\"itemListElement\":[{\"@type\":\"ListItem\",\"position\":1,\"name\":\"Portada\",\"item\":\"https:\\\/\\\/www.ucm.edu.co\\\/\"},{\"@type\":\"ListItem\",\"position\":2,\"name\":\"Intervenciones de enfermer\u00eda en personas con s\u00edndrome post covid 19\"}]},{\"@type\":\"WebSite\",\"@id\":\"https:\\\/\\\/www.ucm.edu.co\\\/#website\",\"url\":\"https:\\\/\\\/www.ucm.edu.co\\\/\",\"name\":\"UCM - Universidad Cat\u00f3lica de Manizales\",\"description\":\"Ven a ser quien quieres ser\",\"publisher\":{\"@id\":\"https:\\\/\\\/www.ucm.edu.co\\\/#organization\"},\"alternateName\":\"UCM\",\"potentialAction\":[{\"@type\":\"SearchAction\",\"target\":{\"@type\":\"EntryPoint\",\"urlTemplate\":\"https:\\\/\\\/www.ucm.edu.co\\\/?s={search_term_string}\"},\"query-input\":{\"@type\":\"PropertyValueSpecification\",\"valueRequired\":true,\"valueName\":\"search_term_string\"}}],\"inLanguage\":\"en-US\"},{\"@type\":\"Organization\",\"@id\":\"https:\\\/\\\/www.ucm.edu.co\\\/#organization\",\"name\":\"Universidad Cat\u00f3lica de Manizales\",\"alternateName\":\"UCM\",\"url\":\"https:\\\/\\\/www.ucm.edu.co\\\/\",\"logo\":{\"@type\":\"ImageObject\",\"inLanguage\":\"en-US\",\"@id\":\"https:\\\/\\\/www.ucm.edu.co\\\/#\\\/schema\\\/logo\\\/image\\\/\",\"url\":\"https:\\\/\\\/www.ucm.edu.co\\\/wp-content\\\/uploads\\\/2021\\\/03\\\/favicon_ucm.png\",\"contentUrl\":\"https:\\\/\\\/www.ucm.edu.co\\\/wp-content\\\/uploads\\\/2021\\\/03\\\/favicon_ucm.png\",\"width\":512,\"height\":512,\"caption\":\"Universidad Cat\u00f3lica de Manizales\"},\"image\":{\"@id\":\"https:\\\/\\\/www.ucm.edu.co\\\/#\\\/schema\\\/logo\\\/image\\\/\"},\"sameAs\":[\"https:\\\/\\\/www.facebook.com\\\/ucatolicamanizales\",\"https:\\\/\\\/x.com\\\/ucm_manizales\",\"https:\\\/\\\/www.instagram.com\\\/ucatolicamanizales\\\/\",\"https:\\\/\\\/co.linkedin.com\\\/school\\\/ucatolicamanizales\\\/\",\"https:\\\/\\\/www.youtube.com\\\/user\\\/UCMtelevision\"]},{\"@type\":\"Person\",\"@id\":\"https:\\\/\\\/www.ucm.edu.co\\\/#\\\/schema\\\/person\\\/fea805666959d6cfcf87dea44ef2f0b8\",\"name\":\"Prensa UCM\",\"image\":{\"@type\":\"ImageObject\",\"inLanguage\":\"en-US\",\"@id\":\"https:\\\/\\\/secure.gravatar.com\\\/avatar\\\/e9670ef3f6e98ca21e5ca101324fddb19f2b728f8bc808ffc267be23350fac46?s=96&d=mm&r=g\",\"url\":\"https:\\\/\\\/secure.gravatar.com\\\/avatar\\\/e9670ef3f6e98ca21e5ca101324fddb19f2b728f8bc808ffc267be23350fac46?s=96&d=mm&r=g\",\"contentUrl\":\"https:\\\/\\\/secure.gravatar.com\\\/avatar\\\/e9670ef3f6e98ca21e5ca101324fddb19f2b728f8bc808ffc267be23350fac46?s=96&d=mm&r=g\",\"caption\":\"Prensa UCM\"},\"url\":\"https:\\\/\\\/www.ucm.edu.co\\\/en\\\/author\\\/prensa\\\/\"}]}<\/script>\n<!-- \/ Yoast SEO plugin. -->","yoast_head_json":{"title":"UCM - Universidad Cat\u00f3lica de Manizales","robots":{"index":"index","follow":"follow","max-snippet":"max-snippet:-1","max-image-preview":"max-image-preview:large","max-video-preview":"max-video-preview:-1"},"canonical":"https:\/\/www.ucm.edu.co\/en\/intervenciones-de-enfermeria-en-personas-con-sindrome-post-covid-19\/","og_locale":"en_US","og_type":"article","og_title":"UCM - Universidad Cat\u00f3lica de Manizales","og_description":"El documento hace una compilaci\u00f3n sobre los s\u00edntomas que hasta ahora se han logrado detectar en pacientes post covid y el cuidado que se debe tener con ellos por parte del personal de enfermer\u00eda.","og_url":"https:\/\/www.ucm.edu.co\/en\/intervenciones-de-enfermeria-en-personas-con-sindrome-post-covid-19\/","og_site_name":"UCM - Universidad Cat\u00f3lica de Manizales","article_publisher":"https:\/\/www.facebook.com\/ucatolicamanizales","article_published_time":"2021-04-23T22:29:20+00:00","article_modified_time":"2021-04-23T22:44:17+00:00","og_image":[{"width":795,"height":717,"url":"https:\/\/www.ucm.edu.co\/wp-content\/uploads\/2021\/04\/yanier_betancur-1.jpg","type":"image\/jpeg"}],"author":"Prensa UCM","twitter_card":"summary_large_image","twitter_creator":"@ucm_manizales","twitter_site":"@ucm_manizales","twitter_misc":{"Written by":"Prensa UCM","Est. reading time":"1 minute"},"schema":{"@context":"https:\/\/schema.org","@graph":[{"@type":"Article","@id":"https:\/\/www.ucm.edu.co\/intervenciones-de-enfermeria-en-personas-con-sindrome-post-covid-19\/#article","isPartOf":{"@id":"https:\/\/www.ucm.edu.co\/intervenciones-de-enfermeria-en-personas-con-sindrome-post-covid-19\/"},"author":{"name":"Prensa UCM","@id":"https:\/\/www.ucm.edu.co\/#\/schema\/person\/fea805666959d6cfcf87dea44ef2f0b8"},"headline":"Intervenciones de enfermer\u00eda en personas con s\u00edndrome post covid 19","datePublished":"2021-04-23T22:29:20+00:00","dateModified":"2021-04-23T22:44:17+00:00","mainEntityOfPage":{"@id":"https:\/\/www.ucm.edu.co\/intervenciones-de-enfermeria-en-personas-con-sindrome-post-covid-19\/"},"wordCount":259,"commentCount":0,"publisher":{"@id":"https:\/\/www.ucm.edu.co\/#organization"},"image":{"@id":"https:\/\/www.ucm.edu.co\/intervenciones-de-enfermeria-en-personas-con-sindrome-post-covid-19\/#primaryimage"},"thumbnailUrl":"https:\/\/www.ucm.edu.co\/wp-content\/uploads\/2021\/04\/yanier_betancur-1.jpg","keywords":["Enfermer\u00eda","Pacientes Covid","Programa de Enfermer\u00eda UCM","Red Internacional de Enfermer\u00eda","S\u00edntomas Post covid","Yanier Betancur"],"articleSection":["Graduados Enfermer\u00eda","Docencia"],"inLanguage":"en-US","potentialAction":[{"@type":"CommentAction","name":"Comment","target":["https:\/\/www.ucm.edu.co\/intervenciones-de-enfermeria-en-personas-con-sindrome-post-covid-19\/#respond"]}]},{"@type":"WebPage","@id":"https:\/\/www.ucm.edu.co\/intervenciones-de-enfermeria-en-personas-con-sindrome-post-covid-19\/","url":"https:\/\/www.ucm.edu.co\/intervenciones-de-enfermeria-en-personas-con-sindrome-post-covid-19\/","name":"UCM - Universidad Cat\u00f3lica de Manizales","isPartOf":{"@id":"https:\/\/www.ucm.edu.co\/#website"},"primaryImageOfPage":{"@id":"https:\/\/www.ucm.edu.co\/intervenciones-de-enfermeria-en-personas-con-sindrome-post-covid-19\/#primaryimage"},"image":{"@id":"https:\/\/www.ucm.edu.co\/intervenciones-de-enfermeria-en-personas-con-sindrome-post-covid-19\/#primaryimage"},"thumbnailUrl":"https:\/\/www.ucm.edu.co\/wp-content\/uploads\/2021\/04\/yanier_betancur-1.jpg","datePublished":"2021-04-23T22:29:20+00:00","dateModified":"2021-04-23T22:44:17+00:00","breadcrumb":{"@id":"https:\/\/www.ucm.edu.co\/intervenciones-de-enfermeria-en-personas-con-sindrome-post-covid-19\/#breadcrumb"},"inLanguage":"en-US","potentialAction":[{"@type":"ReadAction","target":["https:\/\/www.ucm.edu.co\/intervenciones-de-enfermeria-en-personas-con-sindrome-post-covid-19\/"]}]},{"@type":"ImageObject","inLanguage":"en-US","@id":"https:\/\/www.ucm.edu.co\/intervenciones-de-enfermeria-en-personas-con-sindrome-post-covid-19\/#primaryimage","url":"https:\/\/www.ucm.edu.co\/wp-content\/uploads\/2021\/04\/yanier_betancur-1.jpg","contentUrl":"https:\/\/www.ucm.edu.co\/wp-content\/uploads\/2021\/04\/yanier_betancur-1.jpg","width":795,"height":717},{"@type":"BreadcrumbList","@id":"https:\/\/www.ucm.edu.co\/intervenciones-de-enfermeria-en-personas-con-sindrome-post-covid-19\/#breadcrumb","itemListElement":[{"@type":"ListItem","position":1,"name":"Portada","item":"https:\/\/www.ucm.edu.co\/"},{"@type":"ListItem","position":2,"name":"Intervenciones de enfermer\u00eda en personas con s\u00edndrome post covid 19"}]},{"@type":"WebSite","@id":"https:\/\/www.ucm.edu.co\/#website","url":"https:\/\/www.ucm.edu.co\/","name":"UCM - Universidad Cat\u00f3lica de Manizales","description":"Ven a ser quien quieres ser","publisher":{"@id":"https:\/\/www.ucm.edu.co\/#organization"},"alternateName":"UCM","potentialAction":[{"@type":"SearchAction","target":{"@type":"EntryPoint","urlTemplate":"https:\/\/www.ucm.edu.co\/?s={search_term_string}"},"query-input":{"@type":"PropertyValueSpecification","valueRequired":true,"valueName":"search_term_string"}}],"inLanguage":"en-US"},{"@type":"Organization","@id":"https:\/\/www.ucm.edu.co\/#organization","name":"Universidad Cat\u00f3lica de Manizales","alternateName":"UCM","url":"https:\/\/www.ucm.edu.co\/","logo":{"@type":"ImageObject","inLanguage":"en-US","@id":"https:\/\/www.ucm.edu.co\/#\/schema\/logo\/image\/","url":"https:\/\/www.ucm.edu.co\/wp-content\/uploads\/2021\/03\/favicon_ucm.png","contentUrl":"https:\/\/www.ucm.edu.co\/wp-content\/uploads\/2021\/03\/favicon_ucm.png","width":512,"height":512,"caption":"Universidad Cat\u00f3lica de Manizales"},"image":{"@id":"https:\/\/www.ucm.edu.co\/#\/schema\/logo\/image\/"},"sameAs":["https:\/\/www.facebook.com\/ucatolicamanizales","https:\/\/x.com\/ucm_manizales","https:\/\/www.instagram.com\/ucatolicamanizales\/","https:\/\/co.linkedin.com\/school\/ucatolicamanizales\/","https:\/\/www.youtube.com\/user\/UCMtelevision"]},{"@type":"Person","@id":"https:\/\/www.ucm.edu.co\/#\/schema\/person\/fea805666959d6cfcf87dea44ef2f0b8","name":"Prensa UCM","image":{"@type":"ImageObject","inLanguage":"en-US","@id":"https:\/\/secure.gravatar.com\/avatar\/e9670ef3f6e98ca21e5ca101324fddb19f2b728f8bc808ffc267be23350fac46?s=96&d=mm&r=g","url":"https:\/\/secure.gravatar.com\/avatar\/e9670ef3f6e98ca21e5ca101324fddb19f2b728f8bc808ffc267be23350fac46?s=96&d=mm&r=g","contentUrl":"https:\/\/secure.gravatar.com\/avatar\/e9670ef3f6e98ca21e5ca101324fddb19f2b728f8bc808ffc267be23350fac46?s=96&d=mm&r=g","caption":"Prensa UCM"},"url":"https:\/\/www.ucm.edu.co\/en\/author\/prensa\/"}]}},"_links":{"self":[{"href":"https:\/\/www.ucm.edu.co\/en\/wp-json\/wp\/v2\/posts\/191201","targetHints":{"allow":["GET"]}}],"collection":[{"href":"https:\/\/www.ucm.edu.co\/en\/wp-json\/wp\/v2\/posts"}],"about":[{"href":"https:\/\/www.ucm.edu.co\/en\/wp-json\/wp\/v2\/types\/post"}],"author":[{"embeddable":true,"href":"https:\/\/www.ucm.edu.co\/en\/wp-json\/wp\/v2\/users\/5"}],"replies":[{"embeddable":true,"href":"https:\/\/www.ucm.edu.co\/en\/wp-json\/wp\/v2\/comments?post=191201"}],"version-history":[{"count":3,"href":"https:\/\/www.ucm.edu.co\/en\/wp-json\/wp\/v2\/posts\/191201\/revisions"}],"predecessor-version":[{"id":191213,"href":"https:\/\/www.ucm.edu.co\/en\/wp-json\/wp\/v2\/posts\/191201\/revisions\/191213"}],"wp:featuredmedia":[{"embeddable":true,"href":"https:\/\/www.ucm.edu.co\/en\/wp-json\/wp\/v2\/media\/191209"}],"wp:attachment":[{"href":"https:\/\/www.ucm.edu.co\/en\/wp-json\/wp\/v2\/media?parent=191201"}],"wp:term":[{"taxonomy":"category","embeddable":true,"href":"https:\/\/www.ucm.edu.co\/en\/wp-json\/wp\/v2\/categories?post=191201"},{"taxonomy":"post_tag","embeddable":true,"href":"https:\/\/www.ucm.edu.co\/en\/wp-json\/wp\/v2\/tags?post=191201"}],"curies":[{"name":"wp","href":"https:\/\/api.w.org\/{rel}","templated":true}]}}