{"id":191095,"date":"2021-04-21T11:05:43","date_gmt":"2021-04-21T16:05:43","guid":{"rendered":"https:\/\/www.ucm.edu.co\/?p=191095"},"modified":"2023-04-24T11:13:11","modified_gmt":"2023-04-24T16:13:11","slug":"miguel-angel-santos-guerra-participo-en-espacio-academico-ucm","status":"publish","type":"post","link":"https:\/\/www.ucm.edu.co\/en\/miguel-angel-santos-guerra-participo-en-espacio-academico-ucm\/","title":{"rendered":"Miguel \u00c1ngel Santos Guerra particip\u00f3 en espacio acad\u00e9mico UCM"},"content":{"rendered":"<p class=\"wp-block-paragraph\">El pasado 13 de marzo de 2021, se realiz\u00f3 el seminario de Evaluaci\u00f3n Pedag\u00f3gica de la Maestr\u00eda en Educaci\u00f3n. El espacio acad\u00e9mico cont\u00f3 con la participaci\u00f3n del Maestro Miguel \u00c1ngel Santos Guerra, catedr\u00e1tico de Did\u00e1ctica y Organizaci\u00f3n Escolar en la Universidad de M\u00e1laga.<\/p>\n\n\n\n<p class=\"wp-block-paragraph\">Miguel \u00c1ngel, quien fue invitado por el profesor \u00c1ngel Andr\u00e9s L\u00f3pez Trujillo de la Facultad de Educaci\u00f3n, cuenta con publicaciones acad\u00e9micas sobre organizaci\u00f3n escolar, evaluaci\u00f3n educativa, formaci\u00f3n del profesorado y g\u00e9nero en la educaci\u00f3n. <a rel=\"noreferrer noopener\" href=\"https:\/\/mas.laopiniondemalaga.es\/blog\/eladarve\/\" target=\"_blank\">Ver blog <\/a><\/p>\n\n\n\n<figure class=\"wp-block-image aligncenter size-large is-resized\"><img loading=\"lazy\" decoding=\"async\" src=\"https:\/\/www.ucm.edu.co\/wp-content\/uploads\/2021\/04\/image-8.png\" alt=\"\" class=\"wp-image-191097\" width=\"556\" height=\"172\"\/><\/figure>\n\n\n\n<p class=\"wp-block-paragraph\"><strong>\u00c1ngel Andr\u00e9s L\u00f3pez Trujillo, profesor de la Maestr\u00eda en Educaci\u00f3n: <\/strong>Dios le bendiga su bondad y su vocaci\u00f3n, esto solo lo hace un ser humano sencillo y que comparte el saber, espero podamos seguir en contacto porque vienen muchos otros espacios acad\u00e9micos y oportunidades para ser potenciados con su presencia.<\/p>","protected":false},"excerpt":{"rendered":"<p>El maestro habl\u00f3 sobre su experiencia e investigaciones en el \u00e1mbito educativo.<\/p>","protected":false},"author":5,"featured_media":191096,"comment_status":"open","ping_status":"open","sticky":false,"template":"","format":"standard","meta":{"_et_pb_use_builder":"","_et_pb_old_content":"","_et_gb_content_width":"","content-type":"","_monsterinsights_skip_tracking":false,"footnotes":""},"categories":[13,16],"tags":[321,69,237],"class_list":["post-191095","post","type-post","status-publish","format-standard","has-post-thumbnail","hentry","category-docencia","category-internacionalizacion","tag-evaluacion-pedagogica","tag-universidad-catolica-de-manizales","tag-universidad-de-malaga"],"yoast_head":"<!-- This site is optimized with the Yoast SEO plugin v28.1 - https:\/\/yoast.com\/product\/yoast-seo-wordpress\/ -->\n<title>UCM - Universidad Cat\u00f3lica de Manizales<\/title>\n<meta name=\"robots\" content=\"index, follow, max-snippet:-1, max-image-preview:large, max-video-preview:-1\" \/>\n<link rel=\"canonical\" href=\"https:\/\/www.ucm.edu.co\/en\/miguel-angel-santos-guerra-participo-en-espacio-academico-ucm\/\" \/>\n<meta property=\"og:locale\" content=\"en_US\" \/>\n<meta property=\"og:type\" content=\"article\" \/>\n<meta property=\"og:title\" content=\"UCM - Universidad Cat\u00f3lica de Manizales\" \/>\n<meta property=\"og:description\" content=\"El maestro habl\u00f3 sobre su experiencia e investigaciones en el \u00e1mbito educativo.\" \/>\n<meta property=\"og:url\" content=\"https:\/\/www.ucm.edu.co\/en\/miguel-angel-santos-guerra-participo-en-espacio-academico-ucm\/\" \/>\n<meta property=\"og:site_name\" content=\"UCM - Universidad Cat\u00f3lica de Manizales\" \/>\n<meta property=\"article:publisher\" content=\"https:\/\/www.facebook.com\/ucatolicamanizales\" \/>\n<meta property=\"article:published_time\" content=\"2021-04-21T16:05:43+00:00\" \/>\n<meta property=\"article:modified_time\" content=\"2023-04-24T16:13:11+00:00\" \/>\n<meta property=\"og:image\" content=\"https:\/\/www.ucm.edu.co\/wp-content\/uploads\/2021\/04\/image-7-1.png\" \/>\n\t<meta property=\"og:image:width\" content=\"545\" \/>\n\t<meta property=\"og:image:height\" content=\"323\" \/>\n\t<meta property=\"og:image:type\" content=\"image\/png\" \/>\n<meta name=\"author\" content=\"Prensa UCM\" \/>\n<meta name=\"twitter:card\" content=\"summary_large_image\" \/>\n<meta name=\"twitter:creator\" content=\"@ucm_manizales\" \/>\n<meta name=\"twitter:site\" content=\"@ucm_manizales\" \/>\n<meta name=\"twitter:label1\" content=\"Written by\" \/>\n\t<meta name=\"twitter:data1\" content=\"Prensa UCM\" \/>\n\t<meta name=\"twitter:label2\" content=\"Est. reading time\" \/>\n\t<meta name=\"twitter:data2\" content=\"1 minute\" \/>\n<script type=\"application\/ld+json\" class=\"yoast-schema-graph\">{\"@context\":\"https:\\\/\\\/schema.org\",\"@graph\":[{\"@type\":\"Article\",\"@id\":\"https:\\\/\\\/www.ucm.edu.co\\\/miguel-angel-santos-guerra-participo-en-espacio-academico-ucm\\\/#article\",\"isPartOf\":{\"@id\":\"https:\\\/\\\/www.ucm.edu.co\\\/miguel-angel-santos-guerra-participo-en-espacio-academico-ucm\\\/\"},\"author\":{\"name\":\"Prensa UCM\",\"@id\":\"https:\\\/\\\/www.ucm.edu.co\\\/#\\\/schema\\\/person\\\/fea805666959d6cfcf87dea44ef2f0b8\"},\"headline\":\"Miguel \u00c1ngel Santos Guerra particip\u00f3 en espacio acad\u00e9mico UCM\",\"datePublished\":\"2021-04-21T16:05:43+00:00\",\"dateModified\":\"2023-04-24T16:13:11+00:00\",\"mainEntityOfPage\":{\"@id\":\"https:\\\/\\\/www.ucm.edu.co\\\/miguel-angel-santos-guerra-participo-en-espacio-academico-ucm\\\/\"},\"wordCount\":162,\"commentCount\":0,\"publisher\":{\"@id\":\"https:\\\/\\\/www.ucm.edu.co\\\/#organization\"},\"image\":{\"@id\":\"https:\\\/\\\/www.ucm.edu.co\\\/miguel-angel-santos-guerra-participo-en-espacio-academico-ucm\\\/#primaryimage\"},\"thumbnailUrl\":\"https:\\\/\\\/www.ucm.edu.co\\\/wp-content\\\/uploads\\\/2021\\\/04\\\/image-7-1.png\",\"keywords\":[\"Evaluaci\u00f3n pedag\u00f3gica\",\"Universidad Cat\u00f3lica de Manizales\",\"Universidad de M\u00e1laga\"],\"articleSection\":[\"Docencia\",\"Internacionalizaci\u00f3n\"],\"inLanguage\":\"en-US\",\"potentialAction\":[{\"@type\":\"CommentAction\",\"name\":\"Comment\",\"target\":[\"https:\\\/\\\/www.ucm.edu.co\\\/miguel-angel-santos-guerra-participo-en-espacio-academico-ucm\\\/#respond\"]}]},{\"@type\":\"WebPage\",\"@id\":\"https:\\\/\\\/www.ucm.edu.co\\\/miguel-angel-santos-guerra-participo-en-espacio-academico-ucm\\\/\",\"url\":\"https:\\\/\\\/www.ucm.edu.co\\\/miguel-angel-santos-guerra-participo-en-espacio-academico-ucm\\\/\",\"name\":\"UCM - Universidad Cat\u00f3lica de Manizales\",\"isPartOf\":{\"@id\":\"https:\\\/\\\/www.ucm.edu.co\\\/#website\"},\"primaryImageOfPage\":{\"@id\":\"https:\\\/\\\/www.ucm.edu.co\\\/miguel-angel-santos-guerra-participo-en-espacio-academico-ucm\\\/#primaryimage\"},\"image\":{\"@id\":\"https:\\\/\\\/www.ucm.edu.co\\\/miguel-angel-santos-guerra-participo-en-espacio-academico-ucm\\\/#primaryimage\"},\"thumbnailUrl\":\"https:\\\/\\\/www.ucm.edu.co\\\/wp-content\\\/uploads\\\/2021\\\/04\\\/image-7-1.png\",\"datePublished\":\"2021-04-21T16:05:43+00:00\",\"dateModified\":\"2023-04-24T16:13:11+00:00\",\"breadcrumb\":{\"@id\":\"https:\\\/\\\/www.ucm.edu.co\\\/miguel-angel-santos-guerra-participo-en-espacio-academico-ucm\\\/#breadcrumb\"},\"inLanguage\":\"en-US\",\"potentialAction\":[{\"@type\":\"ReadAction\",\"target\":[\"https:\\\/\\\/www.ucm.edu.co\\\/miguel-angel-santos-guerra-participo-en-espacio-academico-ucm\\\/\"]}]},{\"@type\":\"ImageObject\",\"inLanguage\":\"en-US\",\"@id\":\"https:\\\/\\\/www.ucm.edu.co\\\/miguel-angel-santos-guerra-participo-en-espacio-academico-ucm\\\/#primaryimage\",\"url\":\"https:\\\/\\\/www.ucm.edu.co\\\/wp-content\\\/uploads\\\/2021\\\/04\\\/image-7-1.png\",\"contentUrl\":\"https:\\\/\\\/www.ucm.edu.co\\\/wp-content\\\/uploads\\\/2021\\\/04\\\/image-7-1.png\",\"width\":545,\"height\":323},{\"@type\":\"BreadcrumbList\",\"@id\":\"https:\\\/\\\/www.ucm.edu.co\\\/miguel-angel-santos-guerra-participo-en-espacio-academico-ucm\\\/#breadcrumb\",\"itemListElement\":[{\"@type\":\"ListItem\",\"position\":1,\"name\":\"Portada\",\"item\":\"https:\\\/\\\/www.ucm.edu.co\\\/\"},{\"@type\":\"ListItem\",\"position\":2,\"name\":\"Miguel \u00c1ngel Santos Guerra particip\u00f3 en espacio acad\u00e9mico UCM\"}]},{\"@type\":\"WebSite\",\"@id\":\"https:\\\/\\\/www.ucm.edu.co\\\/#website\",\"url\":\"https:\\\/\\\/www.ucm.edu.co\\\/\",\"name\":\"UCM - Universidad Cat\u00f3lica de Manizales\",\"description\":\"Ven a ser quien quieres ser\",\"publisher\":{\"@id\":\"https:\\\/\\\/www.ucm.edu.co\\\/#organization\"},\"alternateName\":\"UCM\",\"potentialAction\":[{\"@type\":\"SearchAction\",\"target\":{\"@type\":\"EntryPoint\",\"urlTemplate\":\"https:\\\/\\\/www.ucm.edu.co\\\/?s={search_term_string}\"},\"query-input\":{\"@type\":\"PropertyValueSpecification\",\"valueRequired\":true,\"valueName\":\"search_term_string\"}}],\"inLanguage\":\"en-US\"},{\"@type\":\"Organization\",\"@id\":\"https:\\\/\\\/www.ucm.edu.co\\\/#organization\",\"name\":\"Universidad Cat\u00f3lica de Manizales\",\"alternateName\":\"UCM\",\"url\":\"https:\\\/\\\/www.ucm.edu.co\\\/\",\"logo\":{\"@type\":\"ImageObject\",\"inLanguage\":\"en-US\",\"@id\":\"https:\\\/\\\/www.ucm.edu.co\\\/#\\\/schema\\\/logo\\\/image\\\/\",\"url\":\"https:\\\/\\\/www.ucm.edu.co\\\/wp-content\\\/uploads\\\/2021\\\/03\\\/favicon_ucm.png\",\"contentUrl\":\"https:\\\/\\\/www.ucm.edu.co\\\/wp-content\\\/uploads\\\/2021\\\/03\\\/favicon_ucm.png\",\"width\":512,\"height\":512,\"caption\":\"Universidad Cat\u00f3lica de Manizales\"},\"image\":{\"@id\":\"https:\\\/\\\/www.ucm.edu.co\\\/#\\\/schema\\\/logo\\\/image\\\/\"},\"sameAs\":[\"https:\\\/\\\/www.facebook.com\\\/ucatolicamanizales\",\"https:\\\/\\\/x.com\\\/ucm_manizales\",\"https:\\\/\\\/www.instagram.com\\\/ucatolicamanizales\\\/\",\"https:\\\/\\\/co.linkedin.com\\\/school\\\/ucatolicamanizales\\\/\",\"https:\\\/\\\/www.youtube.com\\\/user\\\/UCMtelevision\"]},{\"@type\":\"Person\",\"@id\":\"https:\\\/\\\/www.ucm.edu.co\\\/#\\\/schema\\\/person\\\/fea805666959d6cfcf87dea44ef2f0b8\",\"name\":\"Prensa UCM\",\"image\":{\"@type\":\"ImageObject\",\"inLanguage\":\"en-US\",\"@id\":\"https:\\\/\\\/secure.gravatar.com\\\/avatar\\\/e9670ef3f6e98ca21e5ca101324fddb19f2b728f8bc808ffc267be23350fac46?s=96&d=mm&r=g\",\"url\":\"https:\\\/\\\/secure.gravatar.com\\\/avatar\\\/e9670ef3f6e98ca21e5ca101324fddb19f2b728f8bc808ffc267be23350fac46?s=96&d=mm&r=g\",\"contentUrl\":\"https:\\\/\\\/secure.gravatar.com\\\/avatar\\\/e9670ef3f6e98ca21e5ca101324fddb19f2b728f8bc808ffc267be23350fac46?s=96&d=mm&r=g\",\"caption\":\"Prensa UCM\"},\"url\":\"https:\\\/\\\/www.ucm.edu.co\\\/en\\\/author\\\/prensa\\\/\"}]}<\/script>\n<!-- \/ Yoast SEO plugin. -->","yoast_head_json":{"title":"UCM - Universidad Cat\u00f3lica de Manizales","robots":{"index":"index","follow":"follow","max-snippet":"max-snippet:-1","max-image-preview":"max-image-preview:large","max-video-preview":"max-video-preview:-1"},"canonical":"https:\/\/www.ucm.edu.co\/en\/miguel-angel-santos-guerra-participo-en-espacio-academico-ucm\/","og_locale":"en_US","og_type":"article","og_title":"UCM - Universidad Cat\u00f3lica de Manizales","og_description":"El maestro habl\u00f3 sobre su experiencia e investigaciones en el \u00e1mbito educativo.","og_url":"https:\/\/www.ucm.edu.co\/en\/miguel-angel-santos-guerra-participo-en-espacio-academico-ucm\/","og_site_name":"UCM - Universidad Cat\u00f3lica de Manizales","article_publisher":"https:\/\/www.facebook.com\/ucatolicamanizales","article_published_time":"2021-04-21T16:05:43+00:00","article_modified_time":"2023-04-24T16:13:11+00:00","og_image":[{"width":545,"height":323,"url":"https:\/\/www.ucm.edu.co\/wp-content\/uploads\/2021\/04\/image-7-1.png","type":"image\/png"}],"author":"Prensa UCM","twitter_card":"summary_large_image","twitter_creator":"@ucm_manizales","twitter_site":"@ucm_manizales","twitter_misc":{"Written by":"Prensa UCM","Est. reading time":"1 minute"},"schema":{"@context":"https:\/\/schema.org","@graph":[{"@type":"Article","@id":"https:\/\/www.ucm.edu.co\/miguel-angel-santos-guerra-participo-en-espacio-academico-ucm\/#article","isPartOf":{"@id":"https:\/\/www.ucm.edu.co\/miguel-angel-santos-guerra-participo-en-espacio-academico-ucm\/"},"author":{"name":"Prensa UCM","@id":"https:\/\/www.ucm.edu.co\/#\/schema\/person\/fea805666959d6cfcf87dea44ef2f0b8"},"headline":"Miguel \u00c1ngel Santos Guerra particip\u00f3 en espacio acad\u00e9mico UCM","datePublished":"2021-04-21T16:05:43+00:00","dateModified":"2023-04-24T16:13:11+00:00","mainEntityOfPage":{"@id":"https:\/\/www.ucm.edu.co\/miguel-angel-santos-guerra-participo-en-espacio-academico-ucm\/"},"wordCount":162,"commentCount":0,"publisher":{"@id":"https:\/\/www.ucm.edu.co\/#organization"},"image":{"@id":"https:\/\/www.ucm.edu.co\/miguel-angel-santos-guerra-participo-en-espacio-academico-ucm\/#primaryimage"},"thumbnailUrl":"https:\/\/www.ucm.edu.co\/wp-content\/uploads\/2021\/04\/image-7-1.png","keywords":["Evaluaci\u00f3n pedag\u00f3gica","Universidad Cat\u00f3lica de Manizales","Universidad de M\u00e1laga"],"articleSection":["Docencia","Internacionalizaci\u00f3n"],"inLanguage":"en-US","potentialAction":[{"@type":"CommentAction","name":"Comment","target":["https:\/\/www.ucm.edu.co\/miguel-angel-santos-guerra-participo-en-espacio-academico-ucm\/#respond"]}]},{"@type":"WebPage","@id":"https:\/\/www.ucm.edu.co\/miguel-angel-santos-guerra-participo-en-espacio-academico-ucm\/","url":"https:\/\/www.ucm.edu.co\/miguel-angel-santos-guerra-participo-en-espacio-academico-ucm\/","name":"UCM - Universidad Cat\u00f3lica de Manizales","isPartOf":{"@id":"https:\/\/www.ucm.edu.co\/#website"},"primaryImageOfPage":{"@id":"https:\/\/www.ucm.edu.co\/miguel-angel-santos-guerra-participo-en-espacio-academico-ucm\/#primaryimage"},"image":{"@id":"https:\/\/www.ucm.edu.co\/miguel-angel-santos-guerra-participo-en-espacio-academico-ucm\/#primaryimage"},"thumbnailUrl":"https:\/\/www.ucm.edu.co\/wp-content\/uploads\/2021\/04\/image-7-1.png","datePublished":"2021-04-21T16:05:43+00:00","dateModified":"2023-04-24T16:13:11+00:00","breadcrumb":{"@id":"https:\/\/www.ucm.edu.co\/miguel-angel-santos-guerra-participo-en-espacio-academico-ucm\/#breadcrumb"},"inLanguage":"en-US","potentialAction":[{"@type":"ReadAction","target":["https:\/\/www.ucm.edu.co\/miguel-angel-santos-guerra-participo-en-espacio-academico-ucm\/"]}]},{"@type":"ImageObject","inLanguage":"en-US","@id":"https:\/\/www.ucm.edu.co\/miguel-angel-santos-guerra-participo-en-espacio-academico-ucm\/#primaryimage","url":"https:\/\/www.ucm.edu.co\/wp-content\/uploads\/2021\/04\/image-7-1.png","contentUrl":"https:\/\/www.ucm.edu.co\/wp-content\/uploads\/2021\/04\/image-7-1.png","width":545,"height":323},{"@type":"BreadcrumbList","@id":"https:\/\/www.ucm.edu.co\/miguel-angel-santos-guerra-participo-en-espacio-academico-ucm\/#breadcrumb","itemListElement":[{"@type":"ListItem","position":1,"name":"Portada","item":"https:\/\/www.ucm.edu.co\/"},{"@type":"ListItem","position":2,"name":"Miguel \u00c1ngel Santos Guerra particip\u00f3 en espacio acad\u00e9mico UCM"}]},{"@type":"WebSite","@id":"https:\/\/www.ucm.edu.co\/#website","url":"https:\/\/www.ucm.edu.co\/","name":"UCM - Universidad Cat\u00f3lica de Manizales","description":"Ven a ser quien quieres ser","publisher":{"@id":"https:\/\/www.ucm.edu.co\/#organization"},"alternateName":"UCM","potentialAction":[{"@type":"SearchAction","target":{"@type":"EntryPoint","urlTemplate":"https:\/\/www.ucm.edu.co\/?s={search_term_string}"},"query-input":{"@type":"PropertyValueSpecification","valueRequired":true,"valueName":"search_term_string"}}],"inLanguage":"en-US"},{"@type":"Organization","@id":"https:\/\/www.ucm.edu.co\/#organization","name":"Universidad Cat\u00f3lica de Manizales","alternateName":"UCM","url":"https:\/\/www.ucm.edu.co\/","logo":{"@type":"ImageObject","inLanguage":"en-US","@id":"https:\/\/www.ucm.edu.co\/#\/schema\/logo\/image\/","url":"https:\/\/www.ucm.edu.co\/wp-content\/uploads\/2021\/03\/favicon_ucm.png","contentUrl":"https:\/\/www.ucm.edu.co\/wp-content\/uploads\/2021\/03\/favicon_ucm.png","width":512,"height":512,"caption":"Universidad Cat\u00f3lica de Manizales"},"image":{"@id":"https:\/\/www.ucm.edu.co\/#\/schema\/logo\/image\/"},"sameAs":["https:\/\/www.facebook.com\/ucatolicamanizales","https:\/\/x.com\/ucm_manizales","https:\/\/www.instagram.com\/ucatolicamanizales\/","https:\/\/co.linkedin.com\/school\/ucatolicamanizales\/","https:\/\/www.youtube.com\/user\/UCMtelevision"]},{"@type":"Person","@id":"https:\/\/www.ucm.edu.co\/#\/schema\/person\/fea805666959d6cfcf87dea44ef2f0b8","name":"Prensa UCM","image":{"@type":"ImageObject","inLanguage":"en-US","@id":"https:\/\/secure.gravatar.com\/avatar\/e9670ef3f6e98ca21e5ca101324fddb19f2b728f8bc808ffc267be23350fac46?s=96&d=mm&r=g","url":"https:\/\/secure.gravatar.com\/avatar\/e9670ef3f6e98ca21e5ca101324fddb19f2b728f8bc808ffc267be23350fac46?s=96&d=mm&r=g","contentUrl":"https:\/\/secure.gravatar.com\/avatar\/e9670ef3f6e98ca21e5ca101324fddb19f2b728f8bc808ffc267be23350fac46?s=96&d=mm&r=g","caption":"Prensa UCM"},"url":"https:\/\/www.ucm.edu.co\/en\/author\/prensa\/"}]}},"_links":{"self":[{"href":"https:\/\/www.ucm.edu.co\/en\/wp-json\/wp\/v2\/posts\/191095","targetHints":{"allow":["GET"]}}],"collection":[{"href":"https:\/\/www.ucm.edu.co\/en\/wp-json\/wp\/v2\/posts"}],"about":[{"href":"https:\/\/www.ucm.edu.co\/en\/wp-json\/wp\/v2\/types\/post"}],"author":[{"embeddable":true,"href":"https:\/\/www.ucm.edu.co\/en\/wp-json\/wp\/v2\/users\/5"}],"replies":[{"embeddable":true,"href":"https:\/\/www.ucm.edu.co\/en\/wp-json\/wp\/v2\/comments?post=191095"}],"version-history":[{"count":5,"href":"https:\/\/www.ucm.edu.co\/en\/wp-json\/wp\/v2\/posts\/191095\/revisions"}],"predecessor-version":[{"id":208700,"href":"https:\/\/www.ucm.edu.co\/en\/wp-json\/wp\/v2\/posts\/191095\/revisions\/208700"}],"wp:featuredmedia":[{"embeddable":true,"href":"https:\/\/www.ucm.edu.co\/en\/wp-json\/wp\/v2\/media\/191096"}],"wp:attachment":[{"href":"https:\/\/www.ucm.edu.co\/en\/wp-json\/wp\/v2\/media?parent=191095"}],"wp:term":[{"taxonomy":"category","embeddable":true,"href":"https:\/\/www.ucm.edu.co\/en\/wp-json\/wp\/v2\/categories?post=191095"},{"taxonomy":"post_tag","embeddable":true,"href":"https:\/\/www.ucm.edu.co\/en\/wp-json\/wp\/v2\/tags?post=191095"}],"curies":[{"name":"wp","href":"https:\/\/api.w.org\/{rel}","templated":true}]}}