{"id":190944,"date":"2021-04-19T18:36:51","date_gmt":"2021-04-19T23:36:51","guid":{"rendered":"https:\/\/www.ucm.edu.co\/?p=190944"},"modified":"2021-04-20T18:12:57","modified_gmt":"2021-04-20T23:12:57","slug":"la-educacion-infantil-una-mirada-desde-chile-y-colombia-tema-del-cuarto-dialogo-pedagogico-virtual","status":"publish","type":"post","link":"https:\/\/www.ucm.edu.co\/en\/la-educacion-infantil-una-mirada-desde-chile-y-colombia-tema-del-cuarto-dialogo-pedagogico-virtual\/","title":{"rendered":"\u201cLa Educaci\u00f3n Infantil, una mirada desde Chile y Colombia\u201d tema del Cuarto Di\u00e1logo Pedag\u00f3gico Virtual."},"content":{"rendered":"<p class=\"wp-block-paragraph\">El viernes 23 de abril la UCM realizar\u00e1 el cuarto \u201cDi\u00e1logo Pedag\u00f3gico Virtual\u201d, esta vez enfocado a la&nbsp;\u201c<em><strong>Educaci\u00f3n Infantil, una mirada desde Chile y Colombia\u201d.<\/strong><\/em><\/p>\n\n\n\n<p class=\"wp-block-paragraph\"><em><strong>Participantes:<\/strong><\/em><\/p>\n\n\n\n<p class=\"wp-block-paragraph\"><em><strong>Magister Ximena Claudia Espinosa Gonz\u00e1lez: <\/strong>educadora<\/em> de P\u00e1rvulos, acad\u00e9mica Departamento de Did\u00e1ctica Facultad Educaci\u00f3n de la Universidad Cat\u00f3lica de la Sant\u00edsima Concepci\u00f3n, Chile.&nbsp;<\/p>\n\n\n\n<p class=\"wp-block-paragraph\"><strong>Educadora Jeannette Riquelme<\/strong>: directora del Jard\u00edn Infantil El Pescador, Caleta Lo Rojas, Comuna Coronel, Regi\u00f3n del BioB\u00edo.&nbsp;<\/p>\n\n\n\n<p class=\"wp-block-paragraph\"><strong>Magister Gloria Eugenia Mart\u00ednez&nbsp;G\u00f3mez<\/strong>: profesora de Educaci\u00f3n Infantil, Escuela Normal Superior de Caldas.<\/p>\n\n\n\n<p class=\"wp-block-paragraph\"><strong>Magister Luz Stella Montoya Duque<\/strong>: acompa\u00f1ante del proceso Primera Infancia, Secretar\u00eda de Educaci\u00f3n de Manizales.<\/p>\n\n\n\n<p class=\"wp-block-paragraph\">El Di\u00e1logo Pedag\u00f3gico Virtual es una estrategia que se realiza dentro de la pr\u00e1ctica pedag\u00f3gica y educativa, contexto socioeducativo, de la Licenciatura en Tecnolog\u00eda e Inform\u00e1tica de la Facultad de Educaci\u00f3n de la&nbsp;<strong>Universidad Cat\u00f3lica de Manizales<\/strong>, &nbsp;abriendo la posibilidad de interacci\u00f3n de los estudiantes&nbsp;con los diferentes actores, con la intenci\u00f3n de comprender las realidades pedag\u00f3gicas&nbsp; y educativas, desde la observaci\u00f3n, la confrontaci\u00f3n te\u00f3rica, el compartir de experiencias, la plenaria pedag\u00f3gica, el reconocimiento de la labor social del maestro y dem\u00e1s elementos que constituyen la labor del profesor.<\/p>\n\n\n\n<p class=\"wp-block-paragraph\"><strong>Date<\/strong>: 23 de abril de 2021<\/p>\n\n\n\n<p class=\"wp-block-paragraph\"><strong>Hora<\/strong>: 3:00 a 4:30 p.m Colombia \u2013 4:00 a 5:30 pm Chile<\/p>\n\n\n\n<p class=\"wp-block-paragraph\"><strong>Zoom Id<\/strong>:&nbsp;903 935 8615<\/p>\n\n\n\n<figure class=\"wp-block-image size-large\"><img loading=\"lazy\" decoding=\"async\" width=\"800\" height=\"964\" src=\"https:\/\/www.ucm.edu.co\/wp-content\/uploads\/2021\/04\/WhatsApp-Image-2021-04-16-at-4.02.03-PM.jpeg\" alt=\"\" class=\"wp-image-190945\"\/><\/figure>","protected":false},"excerpt":{"rendered":"<p>En esta oportunidad tendremos dos invitadas de Manizales y contaremos con el aporte de dos profesionales chilenas, quienes brindar\u00e1n un contexto internacional a esta actividad.<\/p>","protected":false},"author":5,"featured_media":190946,"comment_status":"open","ping_status":"open","sticky":false,"template":"","format":"standard","meta":{"_et_pb_use_builder":"","_et_pb_old_content":"","_et_gb_content_width":"","content-type":"","_monsterinsights_skip_tracking":false,"footnotes":""},"categories":[13,16],"tags":[],"class_list":["post-190944","post","type-post","status-publish","format-standard","has-post-thumbnail","hentry","category-docencia","category-internacionalizacion"],"yoast_head":"<!-- This site is optimized with the Yoast SEO plugin v28.1 - https:\/\/yoast.com\/product\/yoast-seo-wordpress\/ -->\n<title>UCM - Universidad Cat\u00f3lica de Manizales<\/title>\n<meta name=\"robots\" content=\"index, follow, max-snippet:-1, max-image-preview:large, max-video-preview:-1\" \/>\n<link rel=\"canonical\" href=\"https:\/\/www.ucm.edu.co\/en\/la-educacion-infantil-una-mirada-desde-chile-y-colombia-tema-del-cuarto-dialogo-pedagogico-virtual\/\" \/>\n<meta property=\"og:locale\" content=\"en_US\" \/>\n<meta property=\"og:type\" content=\"article\" \/>\n<meta property=\"og:title\" content=\"UCM - Universidad Cat\u00f3lica de Manizales\" \/>\n<meta property=\"og:description\" content=\"En esta oportunidad tendremos dos invitadas de Manizales y contaremos con el aporte de dos profesionales chilenas, quienes brindar\u00e1n un contexto internacional a esta actividad.\" \/>\n<meta property=\"og:url\" content=\"https:\/\/www.ucm.edu.co\/en\/la-educacion-infantil-una-mirada-desde-chile-y-colombia-tema-del-cuarto-dialogo-pedagogico-virtual\/\" \/>\n<meta property=\"og:site_name\" content=\"UCM - Universidad Cat\u00f3lica de Manizales\" \/>\n<meta property=\"article:publisher\" content=\"https:\/\/www.facebook.com\/ucatolicamanizales\" \/>\n<meta property=\"article:published_time\" content=\"2021-04-19T23:36:51+00:00\" \/>\n<meta property=\"article:modified_time\" content=\"2021-04-20T23:12:57+00:00\" \/>\n<meta property=\"og:image\" content=\"https:\/\/www.ucm.edu.co\/wp-content\/uploads\/2021\/04\/WhatsApp-Image-2021-04-19-at-6.35.34-PM.jpeg\" \/>\n\t<meta property=\"og:image:width\" content=\"546\" \/>\n\t<meta property=\"og:image:height\" content=\"301\" \/>\n\t<meta property=\"og:image:type\" content=\"image\/jpeg\" \/>\n<meta name=\"author\" content=\"Prensa UCM\" \/>\n<meta name=\"twitter:card\" content=\"summary_large_image\" \/>\n<meta name=\"twitter:creator\" content=\"@ucm_manizales\" \/>\n<meta name=\"twitter:site\" content=\"@ucm_manizales\" \/>\n<meta name=\"twitter:label1\" content=\"Written by\" \/>\n\t<meta name=\"twitter:data1\" content=\"Prensa UCM\" \/>\n\t<meta name=\"twitter:label2\" content=\"Est. reading time\" \/>\n\t<meta name=\"twitter:data2\" content=\"1 minute\" \/>\n<script type=\"application\/ld+json\" class=\"yoast-schema-graph\">{\"@context\":\"https:\\\/\\\/schema.org\",\"@graph\":[{\"@type\":\"Article\",\"@id\":\"https:\\\/\\\/www.ucm.edu.co\\\/la-educacion-infantil-una-mirada-desde-chile-y-colombia-tema-del-cuarto-dialogo-pedagogico-virtual\\\/#article\",\"isPartOf\":{\"@id\":\"https:\\\/\\\/www.ucm.edu.co\\\/la-educacion-infantil-una-mirada-desde-chile-y-colombia-tema-del-cuarto-dialogo-pedagogico-virtual\\\/\"},\"author\":{\"name\":\"Prensa UCM\",\"@id\":\"https:\\\/\\\/www.ucm.edu.co\\\/#\\\/schema\\\/person\\\/fea805666959d6cfcf87dea44ef2f0b8\"},\"headline\":\"\u201cLa Educaci\u00f3n Infantil, una mirada desde Chile y Colombia\u201d tema del Cuarto Di\u00e1logo Pedag\u00f3gico Virtual.\",\"datePublished\":\"2021-04-19T23:36:51+00:00\",\"dateModified\":\"2021-04-20T23:12:57+00:00\",\"mainEntityOfPage\":{\"@id\":\"https:\\\/\\\/www.ucm.edu.co\\\/la-educacion-infantil-una-mirada-desde-chile-y-colombia-tema-del-cuarto-dialogo-pedagogico-virtual\\\/\"},\"wordCount\":261,\"commentCount\":0,\"publisher\":{\"@id\":\"https:\\\/\\\/www.ucm.edu.co\\\/#organization\"},\"image\":{\"@id\":\"https:\\\/\\\/www.ucm.edu.co\\\/la-educacion-infantil-una-mirada-desde-chile-y-colombia-tema-del-cuarto-dialogo-pedagogico-virtual\\\/#primaryimage\"},\"thumbnailUrl\":\"https:\\\/\\\/www.ucm.edu.co\\\/wp-content\\\/uploads\\\/2021\\\/04\\\/WhatsApp-Image-2021-04-19-at-6.35.34-PM.jpeg\",\"articleSection\":[\"Docencia\",\"Internacionalizaci\u00f3n\"],\"inLanguage\":\"en-US\",\"potentialAction\":[{\"@type\":\"CommentAction\",\"name\":\"Comment\",\"target\":[\"https:\\\/\\\/www.ucm.edu.co\\\/la-educacion-infantil-una-mirada-desde-chile-y-colombia-tema-del-cuarto-dialogo-pedagogico-virtual\\\/#respond\"]}]},{\"@type\":\"WebPage\",\"@id\":\"https:\\\/\\\/www.ucm.edu.co\\\/la-educacion-infantil-una-mirada-desde-chile-y-colombia-tema-del-cuarto-dialogo-pedagogico-virtual\\\/\",\"url\":\"https:\\\/\\\/www.ucm.edu.co\\\/la-educacion-infantil-una-mirada-desde-chile-y-colombia-tema-del-cuarto-dialogo-pedagogico-virtual\\\/\",\"name\":\"UCM - Universidad Cat\u00f3lica de Manizales\",\"isPartOf\":{\"@id\":\"https:\\\/\\\/www.ucm.edu.co\\\/#website\"},\"primaryImageOfPage\":{\"@id\":\"https:\\\/\\\/www.ucm.edu.co\\\/la-educacion-infantil-una-mirada-desde-chile-y-colombia-tema-del-cuarto-dialogo-pedagogico-virtual\\\/#primaryimage\"},\"image\":{\"@id\":\"https:\\\/\\\/www.ucm.edu.co\\\/la-educacion-infantil-una-mirada-desde-chile-y-colombia-tema-del-cuarto-dialogo-pedagogico-virtual\\\/#primaryimage\"},\"thumbnailUrl\":\"https:\\\/\\\/www.ucm.edu.co\\\/wp-content\\\/uploads\\\/2021\\\/04\\\/WhatsApp-Image-2021-04-19-at-6.35.34-PM.jpeg\",\"datePublished\":\"2021-04-19T23:36:51+00:00\",\"dateModified\":\"2021-04-20T23:12:57+00:00\",\"breadcrumb\":{\"@id\":\"https:\\\/\\\/www.ucm.edu.co\\\/la-educacion-infantil-una-mirada-desde-chile-y-colombia-tema-del-cuarto-dialogo-pedagogico-virtual\\\/#breadcrumb\"},\"inLanguage\":\"en-US\",\"potentialAction\":[{\"@type\":\"ReadAction\",\"target\":[\"https:\\\/\\\/www.ucm.edu.co\\\/la-educacion-infantil-una-mirada-desde-chile-y-colombia-tema-del-cuarto-dialogo-pedagogico-virtual\\\/\"]}]},{\"@type\":\"ImageObject\",\"inLanguage\":\"en-US\",\"@id\":\"https:\\\/\\\/www.ucm.edu.co\\\/la-educacion-infantil-una-mirada-desde-chile-y-colombia-tema-del-cuarto-dialogo-pedagogico-virtual\\\/#primaryimage\",\"url\":\"https:\\\/\\\/www.ucm.edu.co\\\/wp-content\\\/uploads\\\/2021\\\/04\\\/WhatsApp-Image-2021-04-19-at-6.35.34-PM.jpeg\",\"contentUrl\":\"https:\\\/\\\/www.ucm.edu.co\\\/wp-content\\\/uploads\\\/2021\\\/04\\\/WhatsApp-Image-2021-04-19-at-6.35.34-PM.jpeg\",\"width\":546,\"height\":301},{\"@type\":\"BreadcrumbList\",\"@id\":\"https:\\\/\\\/www.ucm.edu.co\\\/la-educacion-infantil-una-mirada-desde-chile-y-colombia-tema-del-cuarto-dialogo-pedagogico-virtual\\\/#breadcrumb\",\"itemListElement\":[{\"@type\":\"ListItem\",\"position\":1,\"name\":\"Portada\",\"item\":\"https:\\\/\\\/www.ucm.edu.co\\\/\"},{\"@type\":\"ListItem\",\"position\":2,\"name\":\"\u201cLa Educaci\u00f3n Infantil, una mirada desde Chile y Colombia\u201d tema del Cuarto Di\u00e1logo Pedag\u00f3gico Virtual.\"}]},{\"@type\":\"WebSite\",\"@id\":\"https:\\\/\\\/www.ucm.edu.co\\\/#website\",\"url\":\"https:\\\/\\\/www.ucm.edu.co\\\/\",\"name\":\"UCM - Universidad Cat\u00f3lica de Manizales\",\"description\":\"Ven a ser quien quieres ser\",\"publisher\":{\"@id\":\"https:\\\/\\\/www.ucm.edu.co\\\/#organization\"},\"alternateName\":\"UCM\",\"potentialAction\":[{\"@type\":\"SearchAction\",\"target\":{\"@type\":\"EntryPoint\",\"urlTemplate\":\"https:\\\/\\\/www.ucm.edu.co\\\/?s={search_term_string}\"},\"query-input\":{\"@type\":\"PropertyValueSpecification\",\"valueRequired\":true,\"valueName\":\"search_term_string\"}}],\"inLanguage\":\"en-US\"},{\"@type\":\"Organization\",\"@id\":\"https:\\\/\\\/www.ucm.edu.co\\\/#organization\",\"name\":\"Universidad Cat\u00f3lica de Manizales\",\"alternateName\":\"UCM\",\"url\":\"https:\\\/\\\/www.ucm.edu.co\\\/\",\"logo\":{\"@type\":\"ImageObject\",\"inLanguage\":\"en-US\",\"@id\":\"https:\\\/\\\/www.ucm.edu.co\\\/#\\\/schema\\\/logo\\\/image\\\/\",\"url\":\"https:\\\/\\\/www.ucm.edu.co\\\/wp-content\\\/uploads\\\/2021\\\/03\\\/favicon_ucm.png\",\"contentUrl\":\"https:\\\/\\\/www.ucm.edu.co\\\/wp-content\\\/uploads\\\/2021\\\/03\\\/favicon_ucm.png\",\"width\":512,\"height\":512,\"caption\":\"Universidad Cat\u00f3lica de Manizales\"},\"image\":{\"@id\":\"https:\\\/\\\/www.ucm.edu.co\\\/#\\\/schema\\\/logo\\\/image\\\/\"},\"sameAs\":[\"https:\\\/\\\/www.facebook.com\\\/ucatolicamanizales\",\"https:\\\/\\\/x.com\\\/ucm_manizales\",\"https:\\\/\\\/www.instagram.com\\\/ucatolicamanizales\\\/\",\"https:\\\/\\\/co.linkedin.com\\\/school\\\/ucatolicamanizales\\\/\",\"https:\\\/\\\/www.youtube.com\\\/user\\\/UCMtelevision\"]},{\"@type\":\"Person\",\"@id\":\"https:\\\/\\\/www.ucm.edu.co\\\/#\\\/schema\\\/person\\\/fea805666959d6cfcf87dea44ef2f0b8\",\"name\":\"Prensa UCM\",\"image\":{\"@type\":\"ImageObject\",\"inLanguage\":\"en-US\",\"@id\":\"https:\\\/\\\/secure.gravatar.com\\\/avatar\\\/e9670ef3f6e98ca21e5ca101324fddb19f2b728f8bc808ffc267be23350fac46?s=96&d=mm&r=g\",\"url\":\"https:\\\/\\\/secure.gravatar.com\\\/avatar\\\/e9670ef3f6e98ca21e5ca101324fddb19f2b728f8bc808ffc267be23350fac46?s=96&d=mm&r=g\",\"contentUrl\":\"https:\\\/\\\/secure.gravatar.com\\\/avatar\\\/e9670ef3f6e98ca21e5ca101324fddb19f2b728f8bc808ffc267be23350fac46?s=96&d=mm&r=g\",\"caption\":\"Prensa UCM\"},\"url\":\"https:\\\/\\\/www.ucm.edu.co\\\/en\\\/author\\\/prensa\\\/\"}]}<\/script>\n<!-- \/ Yoast SEO plugin. -->","yoast_head_json":{"title":"UCM - Universidad Cat\u00f3lica de Manizales","robots":{"index":"index","follow":"follow","max-snippet":"max-snippet:-1","max-image-preview":"max-image-preview:large","max-video-preview":"max-video-preview:-1"},"canonical":"https:\/\/www.ucm.edu.co\/en\/la-educacion-infantil-una-mirada-desde-chile-y-colombia-tema-del-cuarto-dialogo-pedagogico-virtual\/","og_locale":"en_US","og_type":"article","og_title":"UCM - Universidad Cat\u00f3lica de Manizales","og_description":"En esta oportunidad tendremos dos invitadas de Manizales y contaremos con el aporte de dos profesionales chilenas, quienes brindar\u00e1n un contexto internacional a esta actividad.","og_url":"https:\/\/www.ucm.edu.co\/en\/la-educacion-infantil-una-mirada-desde-chile-y-colombia-tema-del-cuarto-dialogo-pedagogico-virtual\/","og_site_name":"UCM - Universidad Cat\u00f3lica de Manizales","article_publisher":"https:\/\/www.facebook.com\/ucatolicamanizales","article_published_time":"2021-04-19T23:36:51+00:00","article_modified_time":"2021-04-20T23:12:57+00:00","og_image":[{"width":546,"height":301,"url":"https:\/\/www.ucm.edu.co\/wp-content\/uploads\/2021\/04\/WhatsApp-Image-2021-04-19-at-6.35.34-PM.jpeg","type":"image\/jpeg"}],"author":"Prensa UCM","twitter_card":"summary_large_image","twitter_creator":"@ucm_manizales","twitter_site":"@ucm_manizales","twitter_misc":{"Written by":"Prensa UCM","Est. reading time":"1 minute"},"schema":{"@context":"https:\/\/schema.org","@graph":[{"@type":"Article","@id":"https:\/\/www.ucm.edu.co\/la-educacion-infantil-una-mirada-desde-chile-y-colombia-tema-del-cuarto-dialogo-pedagogico-virtual\/#article","isPartOf":{"@id":"https:\/\/www.ucm.edu.co\/la-educacion-infantil-una-mirada-desde-chile-y-colombia-tema-del-cuarto-dialogo-pedagogico-virtual\/"},"author":{"name":"Prensa UCM","@id":"https:\/\/www.ucm.edu.co\/#\/schema\/person\/fea805666959d6cfcf87dea44ef2f0b8"},"headline":"\u201cLa Educaci\u00f3n Infantil, una mirada desde Chile y Colombia\u201d tema del Cuarto Di\u00e1logo Pedag\u00f3gico Virtual.","datePublished":"2021-04-19T23:36:51+00:00","dateModified":"2021-04-20T23:12:57+00:00","mainEntityOfPage":{"@id":"https:\/\/www.ucm.edu.co\/la-educacion-infantil-una-mirada-desde-chile-y-colombia-tema-del-cuarto-dialogo-pedagogico-virtual\/"},"wordCount":261,"commentCount":0,"publisher":{"@id":"https:\/\/www.ucm.edu.co\/#organization"},"image":{"@id":"https:\/\/www.ucm.edu.co\/la-educacion-infantil-una-mirada-desde-chile-y-colombia-tema-del-cuarto-dialogo-pedagogico-virtual\/#primaryimage"},"thumbnailUrl":"https:\/\/www.ucm.edu.co\/wp-content\/uploads\/2021\/04\/WhatsApp-Image-2021-04-19-at-6.35.34-PM.jpeg","articleSection":["Docencia","Internacionalizaci\u00f3n"],"inLanguage":"en-US","potentialAction":[{"@type":"CommentAction","name":"Comment","target":["https:\/\/www.ucm.edu.co\/la-educacion-infantil-una-mirada-desde-chile-y-colombia-tema-del-cuarto-dialogo-pedagogico-virtual\/#respond"]}]},{"@type":"WebPage","@id":"https:\/\/www.ucm.edu.co\/la-educacion-infantil-una-mirada-desde-chile-y-colombia-tema-del-cuarto-dialogo-pedagogico-virtual\/","url":"https:\/\/www.ucm.edu.co\/la-educacion-infantil-una-mirada-desde-chile-y-colombia-tema-del-cuarto-dialogo-pedagogico-virtual\/","name":"UCM - Universidad Cat\u00f3lica de Manizales","isPartOf":{"@id":"https:\/\/www.ucm.edu.co\/#website"},"primaryImageOfPage":{"@id":"https:\/\/www.ucm.edu.co\/la-educacion-infantil-una-mirada-desde-chile-y-colombia-tema-del-cuarto-dialogo-pedagogico-virtual\/#primaryimage"},"image":{"@id":"https:\/\/www.ucm.edu.co\/la-educacion-infantil-una-mirada-desde-chile-y-colombia-tema-del-cuarto-dialogo-pedagogico-virtual\/#primaryimage"},"thumbnailUrl":"https:\/\/www.ucm.edu.co\/wp-content\/uploads\/2021\/04\/WhatsApp-Image-2021-04-19-at-6.35.34-PM.jpeg","datePublished":"2021-04-19T23:36:51+00:00","dateModified":"2021-04-20T23:12:57+00:00","breadcrumb":{"@id":"https:\/\/www.ucm.edu.co\/la-educacion-infantil-una-mirada-desde-chile-y-colombia-tema-del-cuarto-dialogo-pedagogico-virtual\/#breadcrumb"},"inLanguage":"en-US","potentialAction":[{"@type":"ReadAction","target":["https:\/\/www.ucm.edu.co\/la-educacion-infantil-una-mirada-desde-chile-y-colombia-tema-del-cuarto-dialogo-pedagogico-virtual\/"]}]},{"@type":"ImageObject","inLanguage":"en-US","@id":"https:\/\/www.ucm.edu.co\/la-educacion-infantil-una-mirada-desde-chile-y-colombia-tema-del-cuarto-dialogo-pedagogico-virtual\/#primaryimage","url":"https:\/\/www.ucm.edu.co\/wp-content\/uploads\/2021\/04\/WhatsApp-Image-2021-04-19-at-6.35.34-PM.jpeg","contentUrl":"https:\/\/www.ucm.edu.co\/wp-content\/uploads\/2021\/04\/WhatsApp-Image-2021-04-19-at-6.35.34-PM.jpeg","width":546,"height":301},{"@type":"BreadcrumbList","@id":"https:\/\/www.ucm.edu.co\/la-educacion-infantil-una-mirada-desde-chile-y-colombia-tema-del-cuarto-dialogo-pedagogico-virtual\/#breadcrumb","itemListElement":[{"@type":"ListItem","position":1,"name":"Portada","item":"https:\/\/www.ucm.edu.co\/"},{"@type":"ListItem","position":2,"name":"\u201cLa Educaci\u00f3n Infantil, una mirada desde Chile y Colombia\u201d tema del Cuarto Di\u00e1logo Pedag\u00f3gico Virtual."}]},{"@type":"WebSite","@id":"https:\/\/www.ucm.edu.co\/#website","url":"https:\/\/www.ucm.edu.co\/","name":"UCM - Universidad Cat\u00f3lica de Manizales","description":"Ven a ser quien quieres ser","publisher":{"@id":"https:\/\/www.ucm.edu.co\/#organization"},"alternateName":"UCM","potentialAction":[{"@type":"SearchAction","target":{"@type":"EntryPoint","urlTemplate":"https:\/\/www.ucm.edu.co\/?s={search_term_string}"},"query-input":{"@type":"PropertyValueSpecification","valueRequired":true,"valueName":"search_term_string"}}],"inLanguage":"en-US"},{"@type":"Organization","@id":"https:\/\/www.ucm.edu.co\/#organization","name":"Universidad Cat\u00f3lica de Manizales","alternateName":"UCM","url":"https:\/\/www.ucm.edu.co\/","logo":{"@type":"ImageObject","inLanguage":"en-US","@id":"https:\/\/www.ucm.edu.co\/#\/schema\/logo\/image\/","url":"https:\/\/www.ucm.edu.co\/wp-content\/uploads\/2021\/03\/favicon_ucm.png","contentUrl":"https:\/\/www.ucm.edu.co\/wp-content\/uploads\/2021\/03\/favicon_ucm.png","width":512,"height":512,"caption":"Universidad Cat\u00f3lica de Manizales"},"image":{"@id":"https:\/\/www.ucm.edu.co\/#\/schema\/logo\/image\/"},"sameAs":["https:\/\/www.facebook.com\/ucatolicamanizales","https:\/\/x.com\/ucm_manizales","https:\/\/www.instagram.com\/ucatolicamanizales\/","https:\/\/co.linkedin.com\/school\/ucatolicamanizales\/","https:\/\/www.youtube.com\/user\/UCMtelevision"]},{"@type":"Person","@id":"https:\/\/www.ucm.edu.co\/#\/schema\/person\/fea805666959d6cfcf87dea44ef2f0b8","name":"Prensa UCM","image":{"@type":"ImageObject","inLanguage":"en-US","@id":"https:\/\/secure.gravatar.com\/avatar\/e9670ef3f6e98ca21e5ca101324fddb19f2b728f8bc808ffc267be23350fac46?s=96&d=mm&r=g","url":"https:\/\/secure.gravatar.com\/avatar\/e9670ef3f6e98ca21e5ca101324fddb19f2b728f8bc808ffc267be23350fac46?s=96&d=mm&r=g","contentUrl":"https:\/\/secure.gravatar.com\/avatar\/e9670ef3f6e98ca21e5ca101324fddb19f2b728f8bc808ffc267be23350fac46?s=96&d=mm&r=g","caption":"Prensa UCM"},"url":"https:\/\/www.ucm.edu.co\/en\/author\/prensa\/"}]}},"_links":{"self":[{"href":"https:\/\/www.ucm.edu.co\/en\/wp-json\/wp\/v2\/posts\/190944","targetHints":{"allow":["GET"]}}],"collection":[{"href":"https:\/\/www.ucm.edu.co\/en\/wp-json\/wp\/v2\/posts"}],"about":[{"href":"https:\/\/www.ucm.edu.co\/en\/wp-json\/wp\/v2\/types\/post"}],"author":[{"embeddable":true,"href":"https:\/\/www.ucm.edu.co\/en\/wp-json\/wp\/v2\/users\/5"}],"replies":[{"embeddable":true,"href":"https:\/\/www.ucm.edu.co\/en\/wp-json\/wp\/v2\/comments?post=190944"}],"version-history":[{"count":5,"href":"https:\/\/www.ucm.edu.co\/en\/wp-json\/wp\/v2\/posts\/190944\/revisions"}],"predecessor-version":[{"id":191049,"href":"https:\/\/www.ucm.edu.co\/en\/wp-json\/wp\/v2\/posts\/190944\/revisions\/191049"}],"wp:featuredmedia":[{"embeddable":true,"href":"https:\/\/www.ucm.edu.co\/en\/wp-json\/wp\/v2\/media\/190946"}],"wp:attachment":[{"href":"https:\/\/www.ucm.edu.co\/en\/wp-json\/wp\/v2\/media?parent=190944"}],"wp:term":[{"taxonomy":"category","embeddable":true,"href":"https:\/\/www.ucm.edu.co\/en\/wp-json\/wp\/v2\/categories?post=190944"},{"taxonomy":"post_tag","embeddable":true,"href":"https:\/\/www.ucm.edu.co\/en\/wp-json\/wp\/v2\/tags?post=190944"}],"curies":[{"name":"wp","href":"https:\/\/api.w.org\/{rel}","templated":true}]}}