{"id":190009,"date":"2021-04-08T14:09:50","date_gmt":"2021-04-08T19:09:50","guid":{"rendered":"https:\/\/www.ucm.edu.co\/?p=190009"},"modified":"2023-04-24T11:13:16","modified_gmt":"2023-04-24T16:13:16","slug":"conoce-los-conferencistas-que-acompanaran-el-cierre-del-i-taller-binacional-cambio-climatico-y-gestion-del-riesgo","status":"publish","type":"post","link":"https:\/\/www.ucm.edu.co\/en\/conoce-los-conferencistas-que-acompanaran-el-cierre-del-i-taller-binacional-cambio-climatico-y-gestion-del-riesgo\/","title":{"rendered":"Conoce los conferencistas que acompa\u00f1ar\u00e1n el cierre del I Taller Binacional: Cambio Clim\u00e1tico y Gesti\u00f3n del Riesgo"},"content":{"rendered":"<p class=\"wp-block-paragraph\">Hoy se realizar\u00e1 el cierre del I Taller Binacional: Cambio Clim\u00e1tico y Gesti\u00f3n de Riesgo, llevado a cabo por los programas de arquitectura de la <strong>Universidad Cat\u00f3lica de Manizales<\/strong> (Colombia) y la <strong>Universidad del Azuay<\/strong>&nbsp;(Cuenca, Ecuador). El encuentro que se har\u00e1 de manera virtual y ser\u00e1 transmitido por el canal de YouTube de la UCM, tendr\u00e1 la participaci\u00f3n de Iv\u00e1n Hernando Caicedo Rubiano, experto en la implementaci\u00f3n de procesos de gesti\u00f3n del riesgo de desastres; y Hubert Mazurek, director de investigaci\u00f3n en el Instituto de Investigaci\u00f3n para el Desarrollo (IRD &#8211; Francia) con conferencias relacionadas con estas tem\u00e1ticas.<\/p>\n\n\n\n<p class=\"wp-block-paragraph\">El Taller se realiza desde pasado 15 de marzo, y tiene como objetivo <strong>fomentar y fortalecer la investigaci\u00f3n, reflexi\u00f3n y trabajo colaborativo <\/strong>de los estudiantes colombianos y ecuatorianos frente a los problemas globales ocasionados por el cambio clim\u00e1tico y formular un dise\u00f1o de vivienda temporal tomando como ejemplo lo ocurrido con el desafortunado paso del hurac\u00e1n Iota en el Archipi\u00e9lago de San Andr\u00e9s, Providencia y Santa Catalina en noviembre de 2020.<\/p>\n\n\n\n<p class=\"wp-block-paragraph\"><\/p>\n\n\n\n<p class=\"has-medium-font-size wp-block-paragraph\"><strong>Iv\u00e1n Hernando Caicedo Rubiano<\/strong><\/p>\n\n\n\n<div class=\"wp-block-media-text alignwide is-stacked-on-mobile\" style=\"grid-template-columns:23% auto\"><figure class=\"wp-block-media-text__media\"><img loading=\"lazy\" decoding=\"async\" width=\"360\" height=\"558\" src=\"https:\/\/www.ucm.edu.co\/wp-content\/uploads\/2021\/04\/Ivan-Caicedo_jpg-1.jpg\" alt=\"\" class=\"wp-image-190020 size-full\"\/><\/figure><div class=\"wp-block-media-text__content\">\n<p class=\"has-text-align-left wp-block-paragraph\">Profesional especializado con m\u00e1s de veinte (20) a\u00f1os de&nbsp;experiencia, experto en la implementaci\u00f3n de procesos de gesti\u00f3n del riesgo de desastres; en la asistencia t\u00e9cnica para el desarrollo de instancias de coordinaci\u00f3n, instrumentos de planificaci\u00f3n y mecanismos de financiaci\u00f3n para la gesti\u00f3n del riesgo de desastres; en la formulaci\u00f3n, seguimiento y evaluaci\u00f3n de planes de gesti\u00f3n del riesgo de desastres (territoriales, sectoriales y empresariales), la integraci\u00f3n de la gesti\u00f3n del riesgo en los instrumentos de planificaci\u00f3n del desarrollo a nivel territorial y sectorial; en la ejecuci\u00f3n de medidas de reducci\u00f3n del riesgo (obras de mitigaci\u00f3n \u2013 procesos de reasentamiento de poblaci\u00f3n -reforzamiento estructural de viviendas); en formulaci\u00f3n, revisi\u00f3n, ajustes, &nbsp;seguimiento y evaluaci\u00f3n a planes de ordenamiento territorial y asistencia t\u00e9cnica para el ordenamiento territorial municipal.<\/p>\n<\/div><\/div>\n\n\n\n<p class=\"wp-block-paragraph\"><\/p>\n\n\n\n<p class=\"wp-block-paragraph\">Se ha desempe\u00f1ado con \u00e9xito en cargos directivos como:<\/p>\n\n\n\n<ul class=\"wp-block-list\">\n<li>Subdirector de Reducci\u00f3n del Riesgo en la Unidad Nacional de Gesti\u00f3n del Riesgo de Desastres \u2013 UNGRD.<\/li>\n\n\n\n<li>Subdirector de Reducci\u00f3n del Riesgo y Adaptaci\u00f3n al Cambio Clim\u00e1tico del Instituto Distrital de Gesti\u00f3n del Riesgo y Cambio Clim\u00e1tico \u2013 IDIGER \/ Alcald\u00eda Mayor de Bogot\u00e1 D.C.<\/li>\n\n\n\n<li>Coordinador del Equipo de Riesgos del Ministerio de Ambiente.<\/li>\n<\/ul>\n\n\n\n<p class=\"wp-block-paragraph\">Igualmente, en el desarrollo de procesos, programas y proyectos para la gesti\u00f3n del riesgo y el desarrollo territorial, se desataca:<\/p>\n\n\n\n<ul class=\"wp-block-list\">\n<li>Coordinador de la Sala de Crisis Nacional durante la emergencia proyecto hidroel\u00e9ctrico Hidro Ituango (2018).<\/li>\n\n\n\n<li>Coordinador para la implementaci\u00f3n de la pol\u00edtica p\u00fablica de los procesos&nbsp;de&nbsp;reducci\u00f3n del riesgo&nbsp;de&nbsp;desastres y adaptaci\u00f3n&nbsp;al cambio clim\u00e1tico requeridos en el Sistema&nbsp;Nacional&nbsp;de&nbsp;Gesti\u00f3n del Riesgo&nbsp;de&nbsp;Desastres &#8211; SNGRD y Sistema Nacional de Cambio Clim\u00e1tico&nbsp;&#8211; SISCLIMA&nbsp;de&nbsp;Colombia, a nivel&nbsp;de&nbsp;entidades nacionales y locales (Territoriales, sectoriales y empresariales).<\/li>\n\n\n\n<li>Coordinador de la asistencia t\u00e9cnica realizada con recursos del Banco Mundial, a m\u00e1s de ochocientos (800) municipios para el desarrollo de instancias de coordinaci\u00f3n, instrumentos de planificaci\u00f3n y mecanismos de financiaci\u00f3n para la gesti\u00f3n del riesgo de desastres.<\/li>\n\n\n\n<li>Dise\u00f1ador de la Especializaci\u00f3n en Gesti\u00f3n del Riesgo de Desastres Integrada a la Planificaci\u00f3n Territorial de la Fundaci\u00f3n Universidad de Popay\u00e1n.<\/li>\n\n\n\n<li>Profesor de postgrado en Gesti\u00f3n del Riesgo de Desastres en la Universidad Cat\u00f3lica de Manizales y de la Fundaci\u00f3n Universidad de Popay\u00e1n<\/li>\n\n\n\n<li>Director y asesor en la formulaci\u00f3n, concertaci\u00f3n y adopci\u00f3n de m\u00e1s de veinte (20) Planes de Ordenamiento Territorial Municipal.<\/li>\n\n\n\n<li>Director y asesor en la implementaci\u00f3n de m\u00e1s de veinticinco (25) Expedientes Municipales como instrumentos de seguimiento y evaluaci\u00f3n de los Planes de Ordenamiento Territorial.<\/li>\n\n\n\n<li>Coordinador de la asistencia t\u00e9cnica a m\u00e1s de cien (100) municipios para formulaci\u00f3n, concertaci\u00f3n, adopci\u00f3n, seguimiento y evaluaci\u00f3n de Planes de Ordenamiento Territorial a nivel municipal, y de su integraci\u00f3n con la Gesti\u00f3n del Riesgo de Desastres (proceso adelantado con recursos del Banco Mundial).<\/li>\n<\/ul>\n\n\n\n<p class=\"has-medium-font-size wp-block-paragraph\"><strong>Hubert Mazurek<\/strong><\/p>\n\n\n\n<div class=\"wp-block-media-text alignwide is-stacked-on-mobile\" style=\"grid-template-columns:27% auto\"><figure class=\"wp-block-media-text__media\"><img loading=\"lazy\" decoding=\"async\" width=\"723\" height=\"936\" src=\"https:\/\/www.ucm.edu.co\/wp-content\/uploads\/2021\/04\/Hubert-Mazurek_jpg-1.jpg\" alt=\"\" class=\"wp-image-190017 size-full\"\/><\/figure><div class=\"wp-block-media-text__content\">\n<p class=\"has-text-align-left wp-block-paragraph\">Director de investigaci\u00f3n en el Instituto de Investigaci\u00f3n para el Desarrollo (IRD &#8211; Francia), ExDirector del laboratorio LPED (Poblaci\u00f3n, Medio Ambiente y Desarrollo del IRD y de Aix Marseille Universidad). Doctor en ecolog\u00eda y HDR en geograf\u00eda. Llev\u00f3 su carrera principalmente en Am\u00e9rica Latina (Per\u00fa, Colombia y Bolivia) participando en distintos programas sobre el ordenamiento territorial y las pol\u00edticas p\u00fablicas en cuanto a desarrollo local. Trabaja sobre las relaciones o interfaces entre sociedad y medio ambiente en las comunidades tradicionales de los Andes, y sobre las cuestiones de riesgos (naturales y antr\u00f3picos), de gobernanza de las \u00e1reas protegidas, y de medio ambiente urbano. Dirige desde 2015 el programa MC3 \u201cMediterranean Cities and Climate Change\u201d, y AC3 \u201cAndean Cities and Climate Change\u201d, una red de socios para la comparaci\u00f3n de las pol\u00edticas urbanas, del urbanismo y de las pr\u00e1cticas ciudadanas en el marco de la \u201cciudad sostenible\u201d. Especialista en Resiliencia, fue co-presidente del 4\u00ba congreso mundial sobre resiliencia en Marsella, en junio 2018, y da conferencias en muchos pa\u00edses sobre el tema.<\/p>\n\n\n\n<p class=\"wp-block-paragraph\"><\/p>\n<\/div><\/div>\n\n\n\n<p class=\"wp-block-paragraph\">Profesor en Aix-Marseille Universidad, Francia; Universidad Cat\u00f3lica de Manizales y Universidad Aut\u00f3noma de Manizales, Colombia; y Universidad Mayor de San Andr\u00e9s, Bolivia.<\/p>\n\n\n\n<p class=\"wp-block-paragraph\">Actualmente reside en Bolivia, trabaja en el programa IV3C (Indicadores de Vulnerabilidad al Cambio Clim\u00e1tico en Ciudad) en colaboraci\u00f3n con el Gobierno municipal de La Paz y Tarija (Financiamiento UE-AFD-CAF); en un programa sobre la contaminaci\u00f3n de la cuenca del r\u00edo Katari (UMSA y diversas universidades francesas); y un programa sobre \u201cCondiciones de implementaci\u00f3n de pol\u00edticas urbanas sostenibles\u201d (programa comparativo en los Andes).<\/p>\n\n\n\n<p class=\"wp-block-paragraph\"><\/p>\n\n\n\n<h2 class=\"wp-block-heading\"><strong>Programaci\u00f3n:<\/strong><\/h2>\n\n\n\n<ul class=\"wp-block-list\">\n<li><strong>17h00 a 18h00<\/strong>&nbsp;Presentaci\u00f3n de cada grupo dentro de su respectivo paralelo y selecci\u00f3n de equipo ganador.<\/li>\n\n\n\n<li><strong>18h00 a 18h40<\/strong>&nbsp;Charlas de cierre a cargo de invitados expertos en Cambio clim\u00e1tico y gesti\u00f3n del riesgo.<strong>(Con transmisi\u00f3n por el Canal de YouTube de la UCM).<\/strong><\/li>\n\n\n\n<li><strong>18h40 a 20h00<\/strong>&nbsp;Exposici\u00f3n de los 4 grupos ganadores y palabras de cierre por parte de las respectivas autoridades&nbsp;<strong>(Con transmisi\u00f3n por el Canal de YouTube de la UCM).&nbsp;<\/strong><\/li>\n<\/ul>\n\n\n\n<p class=\"wp-block-paragraph\"><strong>Enlace de transmisi\u00f3n:<\/strong> <a rel=\"noreferrer noopener\" href=\"https:\/\/youtu.be\/5C2c3oyDoIk\" target=\"_blank\">https:\/\/youtu.be\/5C2c3oyDoIk<\/a><\/p>\n\n\n\n<p class=\"wp-block-paragraph\"><\/p>\n\n\n\n<figure class=\"wp-block-image size-large\"><img loading=\"lazy\" decoding=\"async\" width=\"1364\" height=\"766\" src=\"https:\/\/www.ucm.edu.co\/wp-content\/uploads\/2021\/04\/mailing-2-2.png\" alt=\"\" class=\"wp-image-190047\"\/><\/figure>","protected":false},"excerpt":{"rendered":"<p>La transmisi\u00f3n del I Taller Binacional: Cambio Clim\u00e1tico y Gesti\u00f3n del Riesgo iniciar\u00e1 a las 6:00 p.m. por el canal de YouTube de la UCM. <\/p>","protected":false},"author":5,"featured_media":189651,"comment_status":"open","ping_status":"open","sticky":false,"template":"","format":"standard","meta":{"_et_pb_use_builder":"","_et_pb_old_content":"","_et_gb_content_width":"","content-type":"","_monsterinsights_skip_tracking":false,"footnotes":""},"categories":[16],"tags":[68,69,253],"class_list":["post-190009","post","type-post","status-publish","format-standard","has-post-thumbnail","hentry","category-internacionalizacion","tag-ucm","tag-universidad-catolica-de-manizales","tag-universidad-del-azuay"],"yoast_head":"<!-- This site is optimized with the Yoast SEO plugin v28.1 - https:\/\/yoast.com\/product\/yoast-seo-wordpress\/ -->\n<title>UCM - Universidad Cat\u00f3lica de Manizales<\/title>\n<meta name=\"robots\" content=\"index, follow, max-snippet:-1, max-image-preview:large, max-video-preview:-1\" \/>\n<link rel=\"canonical\" href=\"https:\/\/www.ucm.edu.co\/en\/conoce-los-conferencistas-que-acompanaran-el-cierre-del-i-taller-binacional-cambio-climatico-y-gestion-del-riesgo\/\" \/>\n<meta property=\"og:locale\" content=\"en_US\" \/>\n<meta property=\"og:type\" content=\"article\" \/>\n<meta property=\"og:title\" content=\"UCM - Universidad Cat\u00f3lica de Manizales\" \/>\n<meta property=\"og:description\" content=\"La transmisi\u00f3n del I Taller Binacional: Cambio Clim\u00e1tico y Gesti\u00f3n del Riesgo iniciar\u00e1 a las 6:00 p.m. por el canal de YouTube de la UCM.\" \/>\n<meta property=\"og:url\" content=\"https:\/\/www.ucm.edu.co\/en\/conoce-los-conferencistas-que-acompanaran-el-cierre-del-i-taller-binacional-cambio-climatico-y-gestion-del-riesgo\/\" \/>\n<meta property=\"og:site_name\" content=\"UCM - Universidad Cat\u00f3lica de Manizales\" \/>\n<meta property=\"article:publisher\" content=\"https:\/\/www.facebook.com\/ucatolicamanizales\" \/>\n<meta property=\"article:published_time\" content=\"2021-04-08T19:09:50+00:00\" \/>\n<meta property=\"article:modified_time\" content=\"2023-04-24T16:13:16+00:00\" \/>\n<meta property=\"og:image\" content=\"https:\/\/www.ucm.edu.co\/wp-content\/uploads\/2021\/04\/cambio_climatico-05-1.png\" \/>\n\t<meta property=\"og:image:width\" content=\"450\" \/>\n\t<meta property=\"og:image:height\" content=\"248\" \/>\n\t<meta property=\"og:image:type\" content=\"image\/png\" \/>\n<meta name=\"author\" content=\"Prensa UCM\" \/>\n<meta name=\"twitter:card\" content=\"summary_large_image\" \/>\n<meta name=\"twitter:creator\" content=\"@ucm_manizales\" \/>\n<meta name=\"twitter:site\" content=\"@ucm_manizales\" \/>\n<meta name=\"twitter:label1\" content=\"Written by\" \/>\n\t<meta name=\"twitter:data1\" content=\"Prensa UCM\" \/>\n\t<meta name=\"twitter:label2\" content=\"Est. reading time\" \/>\n\t<meta name=\"twitter:data2\" content=\"5 minutes\" \/>\n<script type=\"application\/ld+json\" class=\"yoast-schema-graph\">{\"@context\":\"https:\\\/\\\/schema.org\",\"@graph\":[{\"@type\":\"Article\",\"@id\":\"https:\\\/\\\/www.ucm.edu.co\\\/conoce-los-conferencistas-que-acompanaran-el-cierre-del-i-taller-binacional-cambio-climatico-y-gestion-del-riesgo\\\/#article\",\"isPartOf\":{\"@id\":\"https:\\\/\\\/www.ucm.edu.co\\\/conoce-los-conferencistas-que-acompanaran-el-cierre-del-i-taller-binacional-cambio-climatico-y-gestion-del-riesgo\\\/\"},\"author\":{\"name\":\"Prensa UCM\",\"@id\":\"https:\\\/\\\/www.ucm.edu.co\\\/#\\\/schema\\\/person\\\/fea805666959d6cfcf87dea44ef2f0b8\"},\"headline\":\"Conoce los conferencistas que acompa\u00f1ar\u00e1n el cierre del I Taller Binacional: Cambio Clim\u00e1tico y Gesti\u00f3n del Riesgo\",\"datePublished\":\"2021-04-08T19:09:50+00:00\",\"dateModified\":\"2023-04-24T16:13:16+00:00\",\"mainEntityOfPage\":{\"@id\":\"https:\\\/\\\/www.ucm.edu.co\\\/conoce-los-conferencistas-que-acompanaran-el-cierre-del-i-taller-binacional-cambio-climatico-y-gestion-del-riesgo\\\/\"},\"wordCount\":1117,\"commentCount\":0,\"publisher\":{\"@id\":\"https:\\\/\\\/www.ucm.edu.co\\\/#organization\"},\"image\":{\"@id\":\"https:\\\/\\\/www.ucm.edu.co\\\/conoce-los-conferencistas-que-acompanaran-el-cierre-del-i-taller-binacional-cambio-climatico-y-gestion-del-riesgo\\\/#primaryimage\"},\"thumbnailUrl\":\"https:\\\/\\\/www.ucm.edu.co\\\/wp-content\\\/uploads\\\/2021\\\/04\\\/cambio_climatico-05-1.png\",\"keywords\":[\"UCM\",\"Universidad Cat\u00f3lica de Manizales\",\"Universidad del Azuay\"],\"articleSection\":[\"Internacionalizaci\u00f3n\"],\"inLanguage\":\"en-US\",\"potentialAction\":[{\"@type\":\"CommentAction\",\"name\":\"Comment\",\"target\":[\"https:\\\/\\\/www.ucm.edu.co\\\/conoce-los-conferencistas-que-acompanaran-el-cierre-del-i-taller-binacional-cambio-climatico-y-gestion-del-riesgo\\\/#respond\"]}]},{\"@type\":\"WebPage\",\"@id\":\"https:\\\/\\\/www.ucm.edu.co\\\/conoce-los-conferencistas-que-acompanaran-el-cierre-del-i-taller-binacional-cambio-climatico-y-gestion-del-riesgo\\\/\",\"url\":\"https:\\\/\\\/www.ucm.edu.co\\\/conoce-los-conferencistas-que-acompanaran-el-cierre-del-i-taller-binacional-cambio-climatico-y-gestion-del-riesgo\\\/\",\"name\":\"UCM - Universidad Cat\u00f3lica de Manizales\",\"isPartOf\":{\"@id\":\"https:\\\/\\\/www.ucm.edu.co\\\/#website\"},\"primaryImageOfPage\":{\"@id\":\"https:\\\/\\\/www.ucm.edu.co\\\/conoce-los-conferencistas-que-acompanaran-el-cierre-del-i-taller-binacional-cambio-climatico-y-gestion-del-riesgo\\\/#primaryimage\"},\"image\":{\"@id\":\"https:\\\/\\\/www.ucm.edu.co\\\/conoce-los-conferencistas-que-acompanaran-el-cierre-del-i-taller-binacional-cambio-climatico-y-gestion-del-riesgo\\\/#primaryimage\"},\"thumbnailUrl\":\"https:\\\/\\\/www.ucm.edu.co\\\/wp-content\\\/uploads\\\/2021\\\/04\\\/cambio_climatico-05-1.png\",\"datePublished\":\"2021-04-08T19:09:50+00:00\",\"dateModified\":\"2023-04-24T16:13:16+00:00\",\"breadcrumb\":{\"@id\":\"https:\\\/\\\/www.ucm.edu.co\\\/conoce-los-conferencistas-que-acompanaran-el-cierre-del-i-taller-binacional-cambio-climatico-y-gestion-del-riesgo\\\/#breadcrumb\"},\"inLanguage\":\"en-US\",\"potentialAction\":[{\"@type\":\"ReadAction\",\"target\":[\"https:\\\/\\\/www.ucm.edu.co\\\/conoce-los-conferencistas-que-acompanaran-el-cierre-del-i-taller-binacional-cambio-climatico-y-gestion-del-riesgo\\\/\"]}]},{\"@type\":\"ImageObject\",\"inLanguage\":\"en-US\",\"@id\":\"https:\\\/\\\/www.ucm.edu.co\\\/conoce-los-conferencistas-que-acompanaran-el-cierre-del-i-taller-binacional-cambio-climatico-y-gestion-del-riesgo\\\/#primaryimage\",\"url\":\"https:\\\/\\\/www.ucm.edu.co\\\/wp-content\\\/uploads\\\/2021\\\/04\\\/cambio_climatico-05-1.png\",\"contentUrl\":\"https:\\\/\\\/www.ucm.edu.co\\\/wp-content\\\/uploads\\\/2021\\\/04\\\/cambio_climatico-05-1.png\",\"width\":450,\"height\":248},{\"@type\":\"BreadcrumbList\",\"@id\":\"https:\\\/\\\/www.ucm.edu.co\\\/conoce-los-conferencistas-que-acompanaran-el-cierre-del-i-taller-binacional-cambio-climatico-y-gestion-del-riesgo\\\/#breadcrumb\",\"itemListElement\":[{\"@type\":\"ListItem\",\"position\":1,\"name\":\"Portada\",\"item\":\"https:\\\/\\\/www.ucm.edu.co\\\/\"},{\"@type\":\"ListItem\",\"position\":2,\"name\":\"Conoce los conferencistas que acompa\u00f1ar\u00e1n el cierre del I Taller Binacional: Cambio Clim\u00e1tico y Gesti\u00f3n del Riesgo\"}]},{\"@type\":\"WebSite\",\"@id\":\"https:\\\/\\\/www.ucm.edu.co\\\/#website\",\"url\":\"https:\\\/\\\/www.ucm.edu.co\\\/\",\"name\":\"UCM - Universidad Cat\u00f3lica de Manizales\",\"description\":\"Ven a ser quien quieres ser\",\"publisher\":{\"@id\":\"https:\\\/\\\/www.ucm.edu.co\\\/#organization\"},\"alternateName\":\"UCM\",\"potentialAction\":[{\"@type\":\"SearchAction\",\"target\":{\"@type\":\"EntryPoint\",\"urlTemplate\":\"https:\\\/\\\/www.ucm.edu.co\\\/?s={search_term_string}\"},\"query-input\":{\"@type\":\"PropertyValueSpecification\",\"valueRequired\":true,\"valueName\":\"search_term_string\"}}],\"inLanguage\":\"en-US\"},{\"@type\":\"Organization\",\"@id\":\"https:\\\/\\\/www.ucm.edu.co\\\/#organization\",\"name\":\"Universidad Cat\u00f3lica de Manizales\",\"alternateName\":\"UCM\",\"url\":\"https:\\\/\\\/www.ucm.edu.co\\\/\",\"logo\":{\"@type\":\"ImageObject\",\"inLanguage\":\"en-US\",\"@id\":\"https:\\\/\\\/www.ucm.edu.co\\\/#\\\/schema\\\/logo\\\/image\\\/\",\"url\":\"https:\\\/\\\/www.ucm.edu.co\\\/wp-content\\\/uploads\\\/2021\\\/03\\\/favicon_ucm.png\",\"contentUrl\":\"https:\\\/\\\/www.ucm.edu.co\\\/wp-content\\\/uploads\\\/2021\\\/03\\\/favicon_ucm.png\",\"width\":512,\"height\":512,\"caption\":\"Universidad Cat\u00f3lica de Manizales\"},\"image\":{\"@id\":\"https:\\\/\\\/www.ucm.edu.co\\\/#\\\/schema\\\/logo\\\/image\\\/\"},\"sameAs\":[\"https:\\\/\\\/www.facebook.com\\\/ucatolicamanizales\",\"https:\\\/\\\/x.com\\\/ucm_manizales\",\"https:\\\/\\\/www.instagram.com\\\/ucatolicamanizales\\\/\",\"https:\\\/\\\/co.linkedin.com\\\/school\\\/ucatolicamanizales\\\/\",\"https:\\\/\\\/www.youtube.com\\\/user\\\/UCMtelevision\"]},{\"@type\":\"Person\",\"@id\":\"https:\\\/\\\/www.ucm.edu.co\\\/#\\\/schema\\\/person\\\/fea805666959d6cfcf87dea44ef2f0b8\",\"name\":\"Prensa UCM\",\"image\":{\"@type\":\"ImageObject\",\"inLanguage\":\"en-US\",\"@id\":\"https:\\\/\\\/secure.gravatar.com\\\/avatar\\\/e9670ef3f6e98ca21e5ca101324fddb19f2b728f8bc808ffc267be23350fac46?s=96&d=mm&r=g\",\"url\":\"https:\\\/\\\/secure.gravatar.com\\\/avatar\\\/e9670ef3f6e98ca21e5ca101324fddb19f2b728f8bc808ffc267be23350fac46?s=96&d=mm&r=g\",\"contentUrl\":\"https:\\\/\\\/secure.gravatar.com\\\/avatar\\\/e9670ef3f6e98ca21e5ca101324fddb19f2b728f8bc808ffc267be23350fac46?s=96&d=mm&r=g\",\"caption\":\"Prensa UCM\"},\"url\":\"https:\\\/\\\/www.ucm.edu.co\\\/en\\\/author\\\/prensa\\\/\"}]}<\/script>\n<!-- \/ Yoast SEO plugin. -->","yoast_head_json":{"title":"UCM - Universidad Cat\u00f3lica de Manizales","robots":{"index":"index","follow":"follow","max-snippet":"max-snippet:-1","max-image-preview":"max-image-preview:large","max-video-preview":"max-video-preview:-1"},"canonical":"https:\/\/www.ucm.edu.co\/en\/conoce-los-conferencistas-que-acompanaran-el-cierre-del-i-taller-binacional-cambio-climatico-y-gestion-del-riesgo\/","og_locale":"en_US","og_type":"article","og_title":"UCM - Universidad Cat\u00f3lica de Manizales","og_description":"La transmisi\u00f3n del I Taller Binacional: Cambio Clim\u00e1tico y Gesti\u00f3n del Riesgo iniciar\u00e1 a las 6:00 p.m. por el canal de YouTube de la UCM.","og_url":"https:\/\/www.ucm.edu.co\/en\/conoce-los-conferencistas-que-acompanaran-el-cierre-del-i-taller-binacional-cambio-climatico-y-gestion-del-riesgo\/","og_site_name":"UCM - Universidad Cat\u00f3lica de Manizales","article_publisher":"https:\/\/www.facebook.com\/ucatolicamanizales","article_published_time":"2021-04-08T19:09:50+00:00","article_modified_time":"2023-04-24T16:13:16+00:00","og_image":[{"width":450,"height":248,"url":"https:\/\/www.ucm.edu.co\/wp-content\/uploads\/2021\/04\/cambio_climatico-05-1.png","type":"image\/png"}],"author":"Prensa UCM","twitter_card":"summary_large_image","twitter_creator":"@ucm_manizales","twitter_site":"@ucm_manizales","twitter_misc":{"Written by":"Prensa UCM","Est. reading time":"5 minutes"},"schema":{"@context":"https:\/\/schema.org","@graph":[{"@type":"Article","@id":"https:\/\/www.ucm.edu.co\/conoce-los-conferencistas-que-acompanaran-el-cierre-del-i-taller-binacional-cambio-climatico-y-gestion-del-riesgo\/#article","isPartOf":{"@id":"https:\/\/www.ucm.edu.co\/conoce-los-conferencistas-que-acompanaran-el-cierre-del-i-taller-binacional-cambio-climatico-y-gestion-del-riesgo\/"},"author":{"name":"Prensa UCM","@id":"https:\/\/www.ucm.edu.co\/#\/schema\/person\/fea805666959d6cfcf87dea44ef2f0b8"},"headline":"Conoce los conferencistas que acompa\u00f1ar\u00e1n el cierre del I Taller Binacional: Cambio Clim\u00e1tico y Gesti\u00f3n del Riesgo","datePublished":"2021-04-08T19:09:50+00:00","dateModified":"2023-04-24T16:13:16+00:00","mainEntityOfPage":{"@id":"https:\/\/www.ucm.edu.co\/conoce-los-conferencistas-que-acompanaran-el-cierre-del-i-taller-binacional-cambio-climatico-y-gestion-del-riesgo\/"},"wordCount":1117,"commentCount":0,"publisher":{"@id":"https:\/\/www.ucm.edu.co\/#organization"},"image":{"@id":"https:\/\/www.ucm.edu.co\/conoce-los-conferencistas-que-acompanaran-el-cierre-del-i-taller-binacional-cambio-climatico-y-gestion-del-riesgo\/#primaryimage"},"thumbnailUrl":"https:\/\/www.ucm.edu.co\/wp-content\/uploads\/2021\/04\/cambio_climatico-05-1.png","keywords":["UCM","Universidad Cat\u00f3lica de Manizales","Universidad del Azuay"],"articleSection":["Internacionalizaci\u00f3n"],"inLanguage":"en-US","potentialAction":[{"@type":"CommentAction","name":"Comment","target":["https:\/\/www.ucm.edu.co\/conoce-los-conferencistas-que-acompanaran-el-cierre-del-i-taller-binacional-cambio-climatico-y-gestion-del-riesgo\/#respond"]}]},{"@type":"WebPage","@id":"https:\/\/www.ucm.edu.co\/conoce-los-conferencistas-que-acompanaran-el-cierre-del-i-taller-binacional-cambio-climatico-y-gestion-del-riesgo\/","url":"https:\/\/www.ucm.edu.co\/conoce-los-conferencistas-que-acompanaran-el-cierre-del-i-taller-binacional-cambio-climatico-y-gestion-del-riesgo\/","name":"UCM - Universidad Cat\u00f3lica de Manizales","isPartOf":{"@id":"https:\/\/www.ucm.edu.co\/#website"},"primaryImageOfPage":{"@id":"https:\/\/www.ucm.edu.co\/conoce-los-conferencistas-que-acompanaran-el-cierre-del-i-taller-binacional-cambio-climatico-y-gestion-del-riesgo\/#primaryimage"},"image":{"@id":"https:\/\/www.ucm.edu.co\/conoce-los-conferencistas-que-acompanaran-el-cierre-del-i-taller-binacional-cambio-climatico-y-gestion-del-riesgo\/#primaryimage"},"thumbnailUrl":"https:\/\/www.ucm.edu.co\/wp-content\/uploads\/2021\/04\/cambio_climatico-05-1.png","datePublished":"2021-04-08T19:09:50+00:00","dateModified":"2023-04-24T16:13:16+00:00","breadcrumb":{"@id":"https:\/\/www.ucm.edu.co\/conoce-los-conferencistas-que-acompanaran-el-cierre-del-i-taller-binacional-cambio-climatico-y-gestion-del-riesgo\/#breadcrumb"},"inLanguage":"en-US","potentialAction":[{"@type":"ReadAction","target":["https:\/\/www.ucm.edu.co\/conoce-los-conferencistas-que-acompanaran-el-cierre-del-i-taller-binacional-cambio-climatico-y-gestion-del-riesgo\/"]}]},{"@type":"ImageObject","inLanguage":"en-US","@id":"https:\/\/www.ucm.edu.co\/conoce-los-conferencistas-que-acompanaran-el-cierre-del-i-taller-binacional-cambio-climatico-y-gestion-del-riesgo\/#primaryimage","url":"https:\/\/www.ucm.edu.co\/wp-content\/uploads\/2021\/04\/cambio_climatico-05-1.png","contentUrl":"https:\/\/www.ucm.edu.co\/wp-content\/uploads\/2021\/04\/cambio_climatico-05-1.png","width":450,"height":248},{"@type":"BreadcrumbList","@id":"https:\/\/www.ucm.edu.co\/conoce-los-conferencistas-que-acompanaran-el-cierre-del-i-taller-binacional-cambio-climatico-y-gestion-del-riesgo\/#breadcrumb","itemListElement":[{"@type":"ListItem","position":1,"name":"Portada","item":"https:\/\/www.ucm.edu.co\/"},{"@type":"ListItem","position":2,"name":"Conoce los conferencistas que acompa\u00f1ar\u00e1n el cierre del I Taller Binacional: Cambio Clim\u00e1tico y Gesti\u00f3n del Riesgo"}]},{"@type":"WebSite","@id":"https:\/\/www.ucm.edu.co\/#website","url":"https:\/\/www.ucm.edu.co\/","name":"UCM - Universidad Cat\u00f3lica de Manizales","description":"Ven a ser quien quieres ser","publisher":{"@id":"https:\/\/www.ucm.edu.co\/#organization"},"alternateName":"UCM","potentialAction":[{"@type":"SearchAction","target":{"@type":"EntryPoint","urlTemplate":"https:\/\/www.ucm.edu.co\/?s={search_term_string}"},"query-input":{"@type":"PropertyValueSpecification","valueRequired":true,"valueName":"search_term_string"}}],"inLanguage":"en-US"},{"@type":"Organization","@id":"https:\/\/www.ucm.edu.co\/#organization","name":"Universidad Cat\u00f3lica de Manizales","alternateName":"UCM","url":"https:\/\/www.ucm.edu.co\/","logo":{"@type":"ImageObject","inLanguage":"en-US","@id":"https:\/\/www.ucm.edu.co\/#\/schema\/logo\/image\/","url":"https:\/\/www.ucm.edu.co\/wp-content\/uploads\/2021\/03\/favicon_ucm.png","contentUrl":"https:\/\/www.ucm.edu.co\/wp-content\/uploads\/2021\/03\/favicon_ucm.png","width":512,"height":512,"caption":"Universidad Cat\u00f3lica de Manizales"},"image":{"@id":"https:\/\/www.ucm.edu.co\/#\/schema\/logo\/image\/"},"sameAs":["https:\/\/www.facebook.com\/ucatolicamanizales","https:\/\/x.com\/ucm_manizales","https:\/\/www.instagram.com\/ucatolicamanizales\/","https:\/\/co.linkedin.com\/school\/ucatolicamanizales\/","https:\/\/www.youtube.com\/user\/UCMtelevision"]},{"@type":"Person","@id":"https:\/\/www.ucm.edu.co\/#\/schema\/person\/fea805666959d6cfcf87dea44ef2f0b8","name":"Prensa UCM","image":{"@type":"ImageObject","inLanguage":"en-US","@id":"https:\/\/secure.gravatar.com\/avatar\/e9670ef3f6e98ca21e5ca101324fddb19f2b728f8bc808ffc267be23350fac46?s=96&d=mm&r=g","url":"https:\/\/secure.gravatar.com\/avatar\/e9670ef3f6e98ca21e5ca101324fddb19f2b728f8bc808ffc267be23350fac46?s=96&d=mm&r=g","contentUrl":"https:\/\/secure.gravatar.com\/avatar\/e9670ef3f6e98ca21e5ca101324fddb19f2b728f8bc808ffc267be23350fac46?s=96&d=mm&r=g","caption":"Prensa UCM"},"url":"https:\/\/www.ucm.edu.co\/en\/author\/prensa\/"}]}},"_links":{"self":[{"href":"https:\/\/www.ucm.edu.co\/en\/wp-json\/wp\/v2\/posts\/190009","targetHints":{"allow":["GET"]}}],"collection":[{"href":"https:\/\/www.ucm.edu.co\/en\/wp-json\/wp\/v2\/posts"}],"about":[{"href":"https:\/\/www.ucm.edu.co\/en\/wp-json\/wp\/v2\/types\/post"}],"author":[{"embeddable":true,"href":"https:\/\/www.ucm.edu.co\/en\/wp-json\/wp\/v2\/users\/5"}],"replies":[{"embeddable":true,"href":"https:\/\/www.ucm.edu.co\/en\/wp-json\/wp\/v2\/comments?post=190009"}],"version-history":[{"count":19,"href":"https:\/\/www.ucm.edu.co\/en\/wp-json\/wp\/v2\/posts\/190009\/revisions"}],"predecessor-version":[{"id":208701,"href":"https:\/\/www.ucm.edu.co\/en\/wp-json\/wp\/v2\/posts\/190009\/revisions\/208701"}],"wp:featuredmedia":[{"embeddable":true,"href":"https:\/\/www.ucm.edu.co\/en\/wp-json\/wp\/v2\/media\/189651"}],"wp:attachment":[{"href":"https:\/\/www.ucm.edu.co\/en\/wp-json\/wp\/v2\/media?parent=190009"}],"wp:term":[{"taxonomy":"category","embeddable":true,"href":"https:\/\/www.ucm.edu.co\/en\/wp-json\/wp\/v2\/categories?post=190009"},{"taxonomy":"post_tag","embeddable":true,"href":"https:\/\/www.ucm.edu.co\/en\/wp-json\/wp\/v2\/tags?post=190009"}],"curies":[{"name":"wp","href":"https:\/\/api.w.org\/{rel}","templated":true}]}}