{"id":189163,"date":"2021-03-18T20:16:00","date_gmt":"2021-03-19T01:16:00","guid":{"rendered":"https:\/\/www.ucm.edu.co\/?p=189163"},"modified":"2021-04-03T20:24:47","modified_gmt":"2021-04-04T01:24:47","slug":"obten-una-beca-para-masteres-universitarios-en-la-u-de-sevilla","status":"publish","type":"post","link":"https:\/\/www.ucm.edu.co\/en\/obten-una-beca-para-masteres-universitarios-en-la-u-de-sevilla\/","title":{"rendered":"Obt\u00e9n una beca para m\u00e1steres universitarios en la U. de Sevilla"},"content":{"rendered":"<p class=\"wp-block-paragraph\"><strong>Plazo de solicitud:<\/strong>&nbsp;hasta el 12 de abril de 2021 a las 23:59 horas (GMT\/UTC+01:00) Madrid.<\/p>\n\n\n\n<p class=\"wp-block-paragraph\"><strong>N\u00ba de Plazas convocadas:<\/strong>&nbsp;10.<\/p>\n\n\n\n<p class=\"wp-block-paragraph\"><strong>Cuant\u00eda de las Becas:<\/strong>&nbsp;2.500\u20ac. Las becas cubren los gastos de matr\u00edcula de un m\u00e1ster de 60 ECTS. La cantidad restante hasta los 2.500 euros se har\u00e1 efectiva, una vez el becario haya formalizado su matr\u00edcula e iniciado los estudios correspondientes en la Universidad de Sevilla.<\/p>\n\n\n\n<p class=\"wp-block-paragraph\"><strong>Target audience:<\/strong>&nbsp;estudiantes, profesores y egresados vinculados a instituciones del \u00e1mbito latinoamericano asociadas a la AUIP que est\u00e9n interesados en realizar estudios oficiales de M\u00e1ster Universitario.<\/p>\n\n\n\n<p class=\"wp-block-paragraph\"><strong>M\u00e1s informaci\u00f3n:<\/strong>&nbsp;<a href=\"https:\/\/auip.us16.list-manage.com\/track\/click?u=42c792ba41f28932c7ac4a618&amp;id=d13548523e&amp;e=9c30ebc23b\" target=\"_blank\" rel=\"noreferrer noopener\">http:\/\/auip.org\/es\/becas-auip\/2190<\/a><\/p>","protected":false},"excerpt":{"rendered":"<p>Inf\u00f3rmate en www.auip.org\/es\/becas-auip\/2190 o por medio del correo dirinternacionalizacion@ucm.edu.co<\/p>","protected":false},"author":5,"featured_media":189164,"comment_status":"open","ping_status":"open","sticky":false,"template":"","format":"standard","meta":{"_et_pb_use_builder":"","_et_pb_old_content":"","_et_gb_content_width":"","content-type":"","_monsterinsights_skip_tracking":false,"footnotes":""},"categories":[16],"tags":[94,66,238,236,68,152,69],"class_list":["post-189163","post","type-post","status-publish","format-standard","has-post-thumbnail","hentry","category-internacionalizacion","tag-becas","tag-factor-5-visibilidad-nacional-e-internacional","tag-masteres-universitarios","tag-oficina-de-relaciones-interinstitucionales-e-internacionales","tag-ucm","tag-ucm-global","tag-universidad-catolica-de-manizales"],"yoast_head":"<!-- This site is optimized with the Yoast SEO plugin v28.1 - https:\/\/yoast.com\/product\/yoast-seo-wordpress\/ -->\n<title>UCM - Universidad Cat\u00f3lica de Manizales<\/title>\n<meta name=\"robots\" content=\"index, follow, max-snippet:-1, max-image-preview:large, max-video-preview:-1\" \/>\n<link rel=\"canonical\" href=\"https:\/\/www.ucm.edu.co\/en\/obten-una-beca-para-masteres-universitarios-en-la-u-de-sevilla\/\" \/>\n<meta property=\"og:locale\" content=\"en_US\" \/>\n<meta property=\"og:type\" content=\"article\" \/>\n<meta property=\"og:title\" content=\"UCM - Universidad Cat\u00f3lica de Manizales\" \/>\n<meta property=\"og:description\" content=\"Inf\u00f3rmate en www.auip.org\/es\/becas-auip\/2190 o por medio del correo dirinternacionalizacion@ucm.edu.co\" \/>\n<meta property=\"og:url\" content=\"https:\/\/www.ucm.edu.co\/en\/obten-una-beca-para-masteres-universitarios-en-la-u-de-sevilla\/\" \/>\n<meta property=\"og:site_name\" content=\"UCM - Universidad Cat\u00f3lica de Manizales\" \/>\n<meta property=\"article:publisher\" content=\"https:\/\/www.facebook.com\/ucatolicamanizales\" \/>\n<meta property=\"article:published_time\" content=\"2021-03-19T01:16:00+00:00\" \/>\n<meta property=\"article:modified_time\" content=\"2021-04-04T01:24:47+00:00\" \/>\n<meta property=\"og:image\" content=\"https:\/\/www.ucm.edu.co\/wp-content\/uploads\/2021\/04\/universidad-sevilla_opt-1.jpg\" \/>\n\t<meta property=\"og:image:width\" content=\"450\" \/>\n\t<meta property=\"og:image:height\" content=\"300\" \/>\n\t<meta property=\"og:image:type\" content=\"image\/jpeg\" \/>\n<meta name=\"author\" content=\"Prensa UCM\" \/>\n<meta name=\"twitter:card\" content=\"summary_large_image\" \/>\n<meta name=\"twitter:creator\" content=\"@ucm_manizales\" \/>\n<meta name=\"twitter:site\" content=\"@ucm_manizales\" \/>\n<meta name=\"twitter:label1\" content=\"Written by\" \/>\n\t<meta name=\"twitter:data1\" content=\"Prensa UCM\" \/>\n\t<meta name=\"twitter:label2\" content=\"Est. reading time\" \/>\n\t<meta name=\"twitter:data2\" content=\"1 minute\" \/>\n<script type=\"application\/ld+json\" class=\"yoast-schema-graph\">{\"@context\":\"https:\\\/\\\/schema.org\",\"@graph\":[{\"@type\":\"Article\",\"@id\":\"https:\\\/\\\/www.ucm.edu.co\\\/obten-una-beca-para-masteres-universitarios-en-la-u-de-sevilla\\\/#article\",\"isPartOf\":{\"@id\":\"https:\\\/\\\/www.ucm.edu.co\\\/obten-una-beca-para-masteres-universitarios-en-la-u-de-sevilla\\\/\"},\"author\":{\"name\":\"Prensa UCM\",\"@id\":\"https:\\\/\\\/www.ucm.edu.co\\\/#\\\/schema\\\/person\\\/fea805666959d6cfcf87dea44ef2f0b8\"},\"headline\":\"Obt\u00e9n una beca para m\u00e1steres universitarios en la U. de Sevilla\",\"datePublished\":\"2021-03-19T01:16:00+00:00\",\"dateModified\":\"2021-04-04T01:24:47+00:00\",\"mainEntityOfPage\":{\"@id\":\"https:\\\/\\\/www.ucm.edu.co\\\/obten-una-beca-para-masteres-universitarios-en-la-u-de-sevilla\\\/\"},\"wordCount\":120,\"commentCount\":0,\"publisher\":{\"@id\":\"https:\\\/\\\/www.ucm.edu.co\\\/#organization\"},\"image\":{\"@id\":\"https:\\\/\\\/www.ucm.edu.co\\\/obten-una-beca-para-masteres-universitarios-en-la-u-de-sevilla\\\/#primaryimage\"},\"thumbnailUrl\":\"https:\\\/\\\/www.ucm.edu.co\\\/wp-content\\\/uploads\\\/2021\\\/04\\\/universidad-sevilla_opt-1.jpg\",\"keywords\":[\"Becas\",\"Factor 5 Visibilidad nacional e internacional\",\"M\u00e1steres universitarios\",\"Oficina de Relaciones Interinstitucionales e Internacionales\",\"UCM\",\"UCM Global\",\"Universidad Cat\u00f3lica de Manizales\"],\"articleSection\":[\"Internacionalizaci\u00f3n\"],\"inLanguage\":\"en-US\",\"potentialAction\":[{\"@type\":\"CommentAction\",\"name\":\"Comment\",\"target\":[\"https:\\\/\\\/www.ucm.edu.co\\\/obten-una-beca-para-masteres-universitarios-en-la-u-de-sevilla\\\/#respond\"]}]},{\"@type\":\"WebPage\",\"@id\":\"https:\\\/\\\/www.ucm.edu.co\\\/obten-una-beca-para-masteres-universitarios-en-la-u-de-sevilla\\\/\",\"url\":\"https:\\\/\\\/www.ucm.edu.co\\\/obten-una-beca-para-masteres-universitarios-en-la-u-de-sevilla\\\/\",\"name\":\"UCM - Universidad Cat\u00f3lica de Manizales\",\"isPartOf\":{\"@id\":\"https:\\\/\\\/www.ucm.edu.co\\\/#website\"},\"primaryImageOfPage\":{\"@id\":\"https:\\\/\\\/www.ucm.edu.co\\\/obten-una-beca-para-masteres-universitarios-en-la-u-de-sevilla\\\/#primaryimage\"},\"image\":{\"@id\":\"https:\\\/\\\/www.ucm.edu.co\\\/obten-una-beca-para-masteres-universitarios-en-la-u-de-sevilla\\\/#primaryimage\"},\"thumbnailUrl\":\"https:\\\/\\\/www.ucm.edu.co\\\/wp-content\\\/uploads\\\/2021\\\/04\\\/universidad-sevilla_opt-1.jpg\",\"datePublished\":\"2021-03-19T01:16:00+00:00\",\"dateModified\":\"2021-04-04T01:24:47+00:00\",\"breadcrumb\":{\"@id\":\"https:\\\/\\\/www.ucm.edu.co\\\/obten-una-beca-para-masteres-universitarios-en-la-u-de-sevilla\\\/#breadcrumb\"},\"inLanguage\":\"en-US\",\"potentialAction\":[{\"@type\":\"ReadAction\",\"target\":[\"https:\\\/\\\/www.ucm.edu.co\\\/obten-una-beca-para-masteres-universitarios-en-la-u-de-sevilla\\\/\"]}]},{\"@type\":\"ImageObject\",\"inLanguage\":\"en-US\",\"@id\":\"https:\\\/\\\/www.ucm.edu.co\\\/obten-una-beca-para-masteres-universitarios-en-la-u-de-sevilla\\\/#primaryimage\",\"url\":\"https:\\\/\\\/www.ucm.edu.co\\\/wp-content\\\/uploads\\\/2021\\\/04\\\/universidad-sevilla_opt-1.jpg\",\"contentUrl\":\"https:\\\/\\\/www.ucm.edu.co\\\/wp-content\\\/uploads\\\/2021\\\/04\\\/universidad-sevilla_opt-1.jpg\",\"width\":450,\"height\":300},{\"@type\":\"BreadcrumbList\",\"@id\":\"https:\\\/\\\/www.ucm.edu.co\\\/obten-una-beca-para-masteres-universitarios-en-la-u-de-sevilla\\\/#breadcrumb\",\"itemListElement\":[{\"@type\":\"ListItem\",\"position\":1,\"name\":\"Portada\",\"item\":\"https:\\\/\\\/www.ucm.edu.co\\\/\"},{\"@type\":\"ListItem\",\"position\":2,\"name\":\"Obt\u00e9n una beca para m\u00e1steres universitarios en la U. de Sevilla\"}]},{\"@type\":\"WebSite\",\"@id\":\"https:\\\/\\\/www.ucm.edu.co\\\/#website\",\"url\":\"https:\\\/\\\/www.ucm.edu.co\\\/\",\"name\":\"UCM - Universidad Cat\u00f3lica de Manizales\",\"description\":\"Ven a ser quien quieres ser\",\"publisher\":{\"@id\":\"https:\\\/\\\/www.ucm.edu.co\\\/#organization\"},\"alternateName\":\"UCM\",\"potentialAction\":[{\"@type\":\"SearchAction\",\"target\":{\"@type\":\"EntryPoint\",\"urlTemplate\":\"https:\\\/\\\/www.ucm.edu.co\\\/?s={search_term_string}\"},\"query-input\":{\"@type\":\"PropertyValueSpecification\",\"valueRequired\":true,\"valueName\":\"search_term_string\"}}],\"inLanguage\":\"en-US\"},{\"@type\":\"Organization\",\"@id\":\"https:\\\/\\\/www.ucm.edu.co\\\/#organization\",\"name\":\"Universidad Cat\u00f3lica de Manizales\",\"alternateName\":\"UCM\",\"url\":\"https:\\\/\\\/www.ucm.edu.co\\\/\",\"logo\":{\"@type\":\"ImageObject\",\"inLanguage\":\"en-US\",\"@id\":\"https:\\\/\\\/www.ucm.edu.co\\\/#\\\/schema\\\/logo\\\/image\\\/\",\"url\":\"https:\\\/\\\/www.ucm.edu.co\\\/wp-content\\\/uploads\\\/2021\\\/03\\\/favicon_ucm.png\",\"contentUrl\":\"https:\\\/\\\/www.ucm.edu.co\\\/wp-content\\\/uploads\\\/2021\\\/03\\\/favicon_ucm.png\",\"width\":512,\"height\":512,\"caption\":\"Universidad Cat\u00f3lica de Manizales\"},\"image\":{\"@id\":\"https:\\\/\\\/www.ucm.edu.co\\\/#\\\/schema\\\/logo\\\/image\\\/\"},\"sameAs\":[\"https:\\\/\\\/www.facebook.com\\\/ucatolicamanizales\",\"https:\\\/\\\/x.com\\\/ucm_manizales\",\"https:\\\/\\\/www.instagram.com\\\/ucatolicamanizales\\\/\",\"https:\\\/\\\/co.linkedin.com\\\/school\\\/ucatolicamanizales\\\/\",\"https:\\\/\\\/www.youtube.com\\\/user\\\/UCMtelevision\"]},{\"@type\":\"Person\",\"@id\":\"https:\\\/\\\/www.ucm.edu.co\\\/#\\\/schema\\\/person\\\/fea805666959d6cfcf87dea44ef2f0b8\",\"name\":\"Prensa UCM\",\"image\":{\"@type\":\"ImageObject\",\"inLanguage\":\"en-US\",\"@id\":\"https:\\\/\\\/secure.gravatar.com\\\/avatar\\\/e9670ef3f6e98ca21e5ca101324fddb19f2b728f8bc808ffc267be23350fac46?s=96&d=mm&r=g\",\"url\":\"https:\\\/\\\/secure.gravatar.com\\\/avatar\\\/e9670ef3f6e98ca21e5ca101324fddb19f2b728f8bc808ffc267be23350fac46?s=96&d=mm&r=g\",\"contentUrl\":\"https:\\\/\\\/secure.gravatar.com\\\/avatar\\\/e9670ef3f6e98ca21e5ca101324fddb19f2b728f8bc808ffc267be23350fac46?s=96&d=mm&r=g\",\"caption\":\"Prensa UCM\"},\"url\":\"https:\\\/\\\/www.ucm.edu.co\\\/en\\\/author\\\/prensa\\\/\"}]}<\/script>\n<!-- \/ Yoast SEO plugin. -->","yoast_head_json":{"title":"UCM - Universidad Cat\u00f3lica de Manizales","robots":{"index":"index","follow":"follow","max-snippet":"max-snippet:-1","max-image-preview":"max-image-preview:large","max-video-preview":"max-video-preview:-1"},"canonical":"https:\/\/www.ucm.edu.co\/en\/obten-una-beca-para-masteres-universitarios-en-la-u-de-sevilla\/","og_locale":"en_US","og_type":"article","og_title":"UCM - Universidad Cat\u00f3lica de Manizales","og_description":"Inf\u00f3rmate en www.auip.org\/es\/becas-auip\/2190 o por medio del correo dirinternacionalizacion@ucm.edu.co","og_url":"https:\/\/www.ucm.edu.co\/en\/obten-una-beca-para-masteres-universitarios-en-la-u-de-sevilla\/","og_site_name":"UCM - Universidad Cat\u00f3lica de Manizales","article_publisher":"https:\/\/www.facebook.com\/ucatolicamanizales","article_published_time":"2021-03-19T01:16:00+00:00","article_modified_time":"2021-04-04T01:24:47+00:00","og_image":[{"width":450,"height":300,"url":"https:\/\/www.ucm.edu.co\/wp-content\/uploads\/2021\/04\/universidad-sevilla_opt-1.jpg","type":"image\/jpeg"}],"author":"Prensa UCM","twitter_card":"summary_large_image","twitter_creator":"@ucm_manizales","twitter_site":"@ucm_manizales","twitter_misc":{"Written by":"Prensa UCM","Est. reading time":"1 minute"},"schema":{"@context":"https:\/\/schema.org","@graph":[{"@type":"Article","@id":"https:\/\/www.ucm.edu.co\/obten-una-beca-para-masteres-universitarios-en-la-u-de-sevilla\/#article","isPartOf":{"@id":"https:\/\/www.ucm.edu.co\/obten-una-beca-para-masteres-universitarios-en-la-u-de-sevilla\/"},"author":{"name":"Prensa UCM","@id":"https:\/\/www.ucm.edu.co\/#\/schema\/person\/fea805666959d6cfcf87dea44ef2f0b8"},"headline":"Obt\u00e9n una beca para m\u00e1steres universitarios en la U. de Sevilla","datePublished":"2021-03-19T01:16:00+00:00","dateModified":"2021-04-04T01:24:47+00:00","mainEntityOfPage":{"@id":"https:\/\/www.ucm.edu.co\/obten-una-beca-para-masteres-universitarios-en-la-u-de-sevilla\/"},"wordCount":120,"commentCount":0,"publisher":{"@id":"https:\/\/www.ucm.edu.co\/#organization"},"image":{"@id":"https:\/\/www.ucm.edu.co\/obten-una-beca-para-masteres-universitarios-en-la-u-de-sevilla\/#primaryimage"},"thumbnailUrl":"https:\/\/www.ucm.edu.co\/wp-content\/uploads\/2021\/04\/universidad-sevilla_opt-1.jpg","keywords":["Becas","Factor 5 Visibilidad nacional e internacional","M\u00e1steres universitarios","Oficina de Relaciones Interinstitucionales e Internacionales","UCM","UCM Global","Universidad Cat\u00f3lica de Manizales"],"articleSection":["Internacionalizaci\u00f3n"],"inLanguage":"en-US","potentialAction":[{"@type":"CommentAction","name":"Comment","target":["https:\/\/www.ucm.edu.co\/obten-una-beca-para-masteres-universitarios-en-la-u-de-sevilla\/#respond"]}]},{"@type":"WebPage","@id":"https:\/\/www.ucm.edu.co\/obten-una-beca-para-masteres-universitarios-en-la-u-de-sevilla\/","url":"https:\/\/www.ucm.edu.co\/obten-una-beca-para-masteres-universitarios-en-la-u-de-sevilla\/","name":"UCM - Universidad Cat\u00f3lica de Manizales","isPartOf":{"@id":"https:\/\/www.ucm.edu.co\/#website"},"primaryImageOfPage":{"@id":"https:\/\/www.ucm.edu.co\/obten-una-beca-para-masteres-universitarios-en-la-u-de-sevilla\/#primaryimage"},"image":{"@id":"https:\/\/www.ucm.edu.co\/obten-una-beca-para-masteres-universitarios-en-la-u-de-sevilla\/#primaryimage"},"thumbnailUrl":"https:\/\/www.ucm.edu.co\/wp-content\/uploads\/2021\/04\/universidad-sevilla_opt-1.jpg","datePublished":"2021-03-19T01:16:00+00:00","dateModified":"2021-04-04T01:24:47+00:00","breadcrumb":{"@id":"https:\/\/www.ucm.edu.co\/obten-una-beca-para-masteres-universitarios-en-la-u-de-sevilla\/#breadcrumb"},"inLanguage":"en-US","potentialAction":[{"@type":"ReadAction","target":["https:\/\/www.ucm.edu.co\/obten-una-beca-para-masteres-universitarios-en-la-u-de-sevilla\/"]}]},{"@type":"ImageObject","inLanguage":"en-US","@id":"https:\/\/www.ucm.edu.co\/obten-una-beca-para-masteres-universitarios-en-la-u-de-sevilla\/#primaryimage","url":"https:\/\/www.ucm.edu.co\/wp-content\/uploads\/2021\/04\/universidad-sevilla_opt-1.jpg","contentUrl":"https:\/\/www.ucm.edu.co\/wp-content\/uploads\/2021\/04\/universidad-sevilla_opt-1.jpg","width":450,"height":300},{"@type":"BreadcrumbList","@id":"https:\/\/www.ucm.edu.co\/obten-una-beca-para-masteres-universitarios-en-la-u-de-sevilla\/#breadcrumb","itemListElement":[{"@type":"ListItem","position":1,"name":"Portada","item":"https:\/\/www.ucm.edu.co\/"},{"@type":"ListItem","position":2,"name":"Obt\u00e9n una beca para m\u00e1steres universitarios en la U. de Sevilla"}]},{"@type":"WebSite","@id":"https:\/\/www.ucm.edu.co\/#website","url":"https:\/\/www.ucm.edu.co\/","name":"UCM - Universidad Cat\u00f3lica de Manizales","description":"Ven a ser quien quieres ser","publisher":{"@id":"https:\/\/www.ucm.edu.co\/#organization"},"alternateName":"UCM","potentialAction":[{"@type":"SearchAction","target":{"@type":"EntryPoint","urlTemplate":"https:\/\/www.ucm.edu.co\/?s={search_term_string}"},"query-input":{"@type":"PropertyValueSpecification","valueRequired":true,"valueName":"search_term_string"}}],"inLanguage":"en-US"},{"@type":"Organization","@id":"https:\/\/www.ucm.edu.co\/#organization","name":"Universidad Cat\u00f3lica de Manizales","alternateName":"UCM","url":"https:\/\/www.ucm.edu.co\/","logo":{"@type":"ImageObject","inLanguage":"en-US","@id":"https:\/\/www.ucm.edu.co\/#\/schema\/logo\/image\/","url":"https:\/\/www.ucm.edu.co\/wp-content\/uploads\/2021\/03\/favicon_ucm.png","contentUrl":"https:\/\/www.ucm.edu.co\/wp-content\/uploads\/2021\/03\/favicon_ucm.png","width":512,"height":512,"caption":"Universidad Cat\u00f3lica de Manizales"},"image":{"@id":"https:\/\/www.ucm.edu.co\/#\/schema\/logo\/image\/"},"sameAs":["https:\/\/www.facebook.com\/ucatolicamanizales","https:\/\/x.com\/ucm_manizales","https:\/\/www.instagram.com\/ucatolicamanizales\/","https:\/\/co.linkedin.com\/school\/ucatolicamanizales\/","https:\/\/www.youtube.com\/user\/UCMtelevision"]},{"@type":"Person","@id":"https:\/\/www.ucm.edu.co\/#\/schema\/person\/fea805666959d6cfcf87dea44ef2f0b8","name":"Prensa UCM","image":{"@type":"ImageObject","inLanguage":"en-US","@id":"https:\/\/secure.gravatar.com\/avatar\/e9670ef3f6e98ca21e5ca101324fddb19f2b728f8bc808ffc267be23350fac46?s=96&d=mm&r=g","url":"https:\/\/secure.gravatar.com\/avatar\/e9670ef3f6e98ca21e5ca101324fddb19f2b728f8bc808ffc267be23350fac46?s=96&d=mm&r=g","contentUrl":"https:\/\/secure.gravatar.com\/avatar\/e9670ef3f6e98ca21e5ca101324fddb19f2b728f8bc808ffc267be23350fac46?s=96&d=mm&r=g","caption":"Prensa UCM"},"url":"https:\/\/www.ucm.edu.co\/en\/author\/prensa\/"}]}},"_links":{"self":[{"href":"https:\/\/www.ucm.edu.co\/en\/wp-json\/wp\/v2\/posts\/189163","targetHints":{"allow":["GET"]}}],"collection":[{"href":"https:\/\/www.ucm.edu.co\/en\/wp-json\/wp\/v2\/posts"}],"about":[{"href":"https:\/\/www.ucm.edu.co\/en\/wp-json\/wp\/v2\/types\/post"}],"author":[{"embeddable":true,"href":"https:\/\/www.ucm.edu.co\/en\/wp-json\/wp\/v2\/users\/5"}],"replies":[{"embeddable":true,"href":"https:\/\/www.ucm.edu.co\/en\/wp-json\/wp\/v2\/comments?post=189163"}],"version-history":[{"count":1,"href":"https:\/\/www.ucm.edu.co\/en\/wp-json\/wp\/v2\/posts\/189163\/revisions"}],"predecessor-version":[{"id":189165,"href":"https:\/\/www.ucm.edu.co\/en\/wp-json\/wp\/v2\/posts\/189163\/revisions\/189165"}],"wp:featuredmedia":[{"embeddable":true,"href":"https:\/\/www.ucm.edu.co\/en\/wp-json\/wp\/v2\/media\/189164"}],"wp:attachment":[{"href":"https:\/\/www.ucm.edu.co\/en\/wp-json\/wp\/v2\/media?parent=189163"}],"wp:term":[{"taxonomy":"category","embeddable":true,"href":"https:\/\/www.ucm.edu.co\/en\/wp-json\/wp\/v2\/categories?post=189163"},{"taxonomy":"post_tag","embeddable":true,"href":"https:\/\/www.ucm.edu.co\/en\/wp-json\/wp\/v2\/tags?post=189163"}],"curies":[{"name":"wp","href":"https:\/\/api.w.org\/{rel}","templated":true}]}}