{"id":184512,"date":"2021-02-25T16:34:12","date_gmt":"2021-02-25T21:34:12","guid":{"rendered":"http:\/\/www.ucm.edu.co\/?p=184512"},"modified":"2021-04-16T12:17:19","modified_gmt":"2021-04-16T17:17:19","slug":"me-siento-orgulloso-de-ser-ucm-es-la-mejor-universidad-graduado","status":"publish","type":"post","link":"https:\/\/www.ucm.edu.co\/en\/me-siento-orgulloso-de-ser-ucm-es-la-mejor-universidad-graduado\/","title":{"rendered":"\u201cMe siento orgulloso de ser UCM , es la mejor universidad\u201d: graduado"},"content":{"rendered":"<p class=\"wp-block-paragraph\"><strong>Yeison Hawer Guti\u00e9rrez<\/strong>, graduado del <strong>programa de Enfermer\u00eda en el 2017<\/strong>, se destaca en su trabajo como <strong>enfermero en el \u00e1rea de urgencias y cirug\u00eda en la Cl\u00ednica Las Victorias <\/strong>en Espinal, Tolima.<br>Tambi\u00e9n se desarrolla profesionalmente en el <strong>Centro Internacional de Entrenamiento en Investigaciones M\u00e9dicas <\/strong>(CIDEIM), centro colaborador de la OMS en Leishmaniasis desde 1993 y como centro regional de entrenamiento. Desde esta organizaci\u00f3n se promueve la <strong>investigaci\u00f3n y capacitaci\u00f3n<\/strong> a nivel regional y nacional, para la <strong>prevenci\u00f3n y control de enfermedades tropicales<\/strong> desatendidas y otras enfermedades infecciosas.<br>\u201cEstoy vinculado desde el a\u00f1o 2019 como <strong>Coordinador de Campo<\/strong> en un proyecto que se realiza de leishmaniasis en tres municipios de Colombia. Estoy en proceso de formaci\u00f3n en estad\u00edstica de la investigaci\u00f3n biom\u00e9dica y en 2 semestre de Maestr\u00eda en Salud P\u00fablica con la Universidad Aut\u00f3noma de Manizales\u201d explic\u00f3 nuestro graduado UCM.<\/p>\n\n\n\n<h2 class=\"wp-block-heading\"><strong>Experiencias que marcan<\/strong><\/h2>\n\n\n\n<p class=\"wp-block-paragraph\">Desde que se grad\u00f3 comenz\u00f3 a trabajar como <strong>enfermero coordinador<\/strong> del \u00c1rea Asistencial en el <strong>Hospital San Rafael en Dolores, Tolima<\/strong>, donde estuvo vinculado hasta junio de 2019, y all\u00ed se le abrieron las puertas al mundo de la salud p\u00fablica.<br>\u201cEn el 2018 acept\u00e9 la <strong>coordinaci\u00f3n del Plan de Intervenciones Colectivas<\/strong> (PIC) en el municipio de Natagaima, Tolima, y hac\u00eda ambas cosas, me desempe\u00f1aba como enfermero de la IPS de Dolores, y desarrollaba mi funci\u00f3n como coordinador PIC, donde estuve durante dos a\u00f1os y en el 2019&nbsp; acept\u00e9 ser <strong>enfermero de salud p\u00fablica<\/strong> en el municipio de Rovira, Tolima\u201d.<br>En el a\u00f1o 2020 lleg\u00f3 la pandemia y regres\u00f3 al municipio de Dolores, donde se desempe\u00f1\u00f3 como <strong>Coordinador Covid<\/strong> y realiz\u00f3 acompa\u00f1amiento a la E.S.E en la creaci\u00f3n de las \u00e1reas Covid, Protocolos y Estrategias, encaminadas a procesos de promoci\u00f3n y prevenci\u00f3n.<br>\u201cSon experiencias significativas, ya que <strong>he tenido la fortuna de hacer muchas cosas al tiempo<\/strong>, en las cuales siempre he dado lo mejor de mi. Me caracterizo por ser responsable, me adapto con rapidez y me intereso por cumplir de manera adecuada con la puntualidad, honestidad y responsabilidad en las distintas actividades que realizo. <strong>A donde llego siempre dejo la huella de mi alma mater<\/strong>, estoy dispuesto a cumplir con las distintas funciones, obligaciones y normas laborales que tengan establecidas, me presento con gran entusiasmo. <strong>Mi mayor fortaleza es mi perfil humano-cristiano, sello UCM<\/strong>\u201d.<\/p>\n\n\n\n<h2 class=\"wp-block-heading\"><strong>Recuerdos UCM<\/strong><\/h2>\n\n\n\n<p class=\"wp-block-paragraph\">\u201c<strong>La formaci\u00f3n en salud p\u00fablica, el trabajo comunitario y la investigaci\u00f3n han sido mi mayor fortaleza<\/strong> para desempe\u00f1ar mis funciones como enfermero. La Universidad brinda herramientas esenciales en el campo de la investigaci\u00f3n, oferta los diferentes semilleros que son los que hacen que uno crezca en este proceso y brinda el acompa\u00f1amiento para optar al t\u00edtulo\u201d.<br>Se gradu\u00f3 como <strong>asistente de proyecto de investigaci\u00f3n<\/strong> del <strong>Health Communication Research Group<\/strong>. Resalta la labor de su tutora Mar\u00eda del Pilar Mar\u00edn, quien hizo crecer su pasi\u00f3n por esta l\u00ednea, \u201cgracias a ello hoy en d\u00eda como enfermero aporto y me formo para demostrar que <strong>la enfermer\u00eda est\u00e1 hecha para desempe\u00f1arse desde diferentes campos de acci\u00f3n<\/strong>, trabajando con y por el individuo, la familia y la comunidad\u201d.<\/p>\n\n\n\n<h2 class=\"wp-block-heading\"><strong>\u00bfPor qu\u00e9 estudiar en la UCM?<\/strong><\/h2>\n\n\n\n<p class=\"wp-block-paragraph\">\u201c<strong>Me siento orgulloso de ser UCM<\/strong> , es la mejor universidad del mundo, nos forma como profesionales \u00edntegros, con carisma y perfil humano cristiano. <strong>A donde llegamos nos caracterizamos por nuestra alma mater<\/strong>, recomiendo esta universidad una y mil veces aquellos j\u00f3venes que est\u00e1n pr\u00f3ximos a cursar un pregrado o posgrado que elijan la Universidad de la excelencia\u201d.<\/p>","protected":false},"excerpt":{"rendered":"<p>En la Universidad Cat\u00f3lica de Manizales resaltamos el desarrollo profesional de nuestros graduados. Conoce la historia de Yeison Hawer Guti\u00e9rrez<\/p>","protected":false},"author":8,"featured_media":184513,"comment_status":"closed","ping_status":"closed","sticky":false,"template":"","format":"standard","meta":{"_et_pb_use_builder":"","_et_pb_old_content":"","_et_gb_content_width":"","content-type":"","_monsterinsights_skip_tracking":false,"footnotes":""},"categories":[274,15],"tags":[141,142,144,68,145,69],"class_list":["post-184512","post","type-post","status-publish","format-standard","has-post-thumbnail","hentry","category-graduados-enfermeria","category-graduados","tag-comunicaciones-ucm","tag-graduado-ucm","tag-programa-de-enfermeria-ucm","tag-ucm","tag-unidad-de-graduados-ucm","tag-universidad-catolica-de-manizales"],"yoast_head":"<!-- This site is optimized with the Yoast SEO plugin v28.1 - https:\/\/yoast.com\/product\/yoast-seo-wordpress\/ -->\n<title>UCM - Universidad Cat\u00f3lica de Manizales<\/title>\n<meta name=\"robots\" content=\"index, follow, max-snippet:-1, max-image-preview:large, max-video-preview:-1\" \/>\n<link rel=\"canonical\" href=\"https:\/\/www.ucm.edu.co\/en\/me-siento-orgulloso-de-ser-ucm-es-la-mejor-universidad-graduado\/\" \/>\n<meta property=\"og:locale\" content=\"en_US\" \/>\n<meta property=\"og:type\" content=\"article\" \/>\n<meta property=\"og:title\" content=\"UCM - Universidad Cat\u00f3lica de Manizales\" \/>\n<meta property=\"og:description\" content=\"En la Universidad Cat\u00f3lica de Manizales resaltamos el desarrollo profesional de nuestros graduados. Conoce la historia de Yeison Hawer Guti\u00e9rrez\" \/>\n<meta property=\"og:url\" content=\"https:\/\/www.ucm.edu.co\/en\/me-siento-orgulloso-de-ser-ucm-es-la-mejor-universidad-graduado\/\" \/>\n<meta property=\"og:site_name\" content=\"UCM - Universidad Cat\u00f3lica de Manizales\" \/>\n<meta property=\"article:publisher\" content=\"https:\/\/www.facebook.com\/ucatolicamanizales\" \/>\n<meta property=\"article:published_time\" content=\"2021-02-25T21:34:12+00:00\" \/>\n<meta property=\"article:modified_time\" content=\"2021-04-16T17:17:19+00:00\" \/>\n<meta property=\"og:image\" content=\"https:\/\/www.ucm.edu.co\/wp-content\/uploads\/2021\/02\/Yeison-Hawer-Gutie\u0301rrez-Graduado-Enfermeri\u0301a.jpg\" \/>\n\t<meta property=\"og:image:width\" content=\"450\" \/>\n\t<meta property=\"og:image:height\" content=\"300\" \/>\n\t<meta property=\"og:image:type\" content=\"image\/jpeg\" \/>\n<meta name=\"author\" content=\"Marca UCM\" \/>\n<meta name=\"twitter:card\" content=\"summary_large_image\" \/>\n<meta name=\"twitter:creator\" content=\"@ucm_manizales\" \/>\n<meta name=\"twitter:site\" content=\"@ucm_manizales\" \/>\n<meta name=\"twitter:label1\" content=\"Written by\" \/>\n\t<meta name=\"twitter:data1\" content=\"Marca UCM\" \/>\n\t<meta name=\"twitter:label2\" content=\"Est. reading time\" \/>\n\t<meta name=\"twitter:data2\" content=\"3 minutes\" \/>\n<script type=\"application\/ld+json\" class=\"yoast-schema-graph\">{\"@context\":\"https:\\\/\\\/schema.org\",\"@graph\":[{\"@type\":\"Article\",\"@id\":\"https:\\\/\\\/www.ucm.edu.co\\\/me-siento-orgulloso-de-ser-ucm-es-la-mejor-universidad-graduado\\\/#article\",\"isPartOf\":{\"@id\":\"https:\\\/\\\/www.ucm.edu.co\\\/me-siento-orgulloso-de-ser-ucm-es-la-mejor-universidad-graduado\\\/\"},\"author\":{\"name\":\"Marca UCM\",\"@id\":\"https:\\\/\\\/www.ucm.edu.co\\\/#\\\/schema\\\/person\\\/52f5e2d6835d561911c3d6866e61cd5f\"},\"headline\":\"\u201cMe siento orgulloso de ser UCM , es la mejor universidad\u201d: graduado\",\"datePublished\":\"2021-02-25T21:34:12+00:00\",\"dateModified\":\"2021-04-16T17:17:19+00:00\",\"mainEntityOfPage\":{\"@id\":\"https:\\\/\\\/www.ucm.edu.co\\\/me-siento-orgulloso-de-ser-ucm-es-la-mejor-universidad-graduado\\\/\"},\"wordCount\":629,\"publisher\":{\"@id\":\"https:\\\/\\\/www.ucm.edu.co\\\/#organization\"},\"image\":{\"@id\":\"https:\\\/\\\/www.ucm.edu.co\\\/me-siento-orgulloso-de-ser-ucm-es-la-mejor-universidad-graduado\\\/#primaryimage\"},\"thumbnailUrl\":\"https:\\\/\\\/www.ucm.edu.co\\\/wp-content\\\/uploads\\\/2021\\\/02\\\/Yeison-Hawer-Gutie\u0301rrez-Graduado-Enfermeri\u0301a.jpg\",\"keywords\":[\"Comunicaciones UCM\",\"Graduado UCM\",\"Programa de Enfermer\u00eda UCM\",\"UCM\",\"Unidad de Graduados UCM\",\"Universidad Cat\u00f3lica de Manizales\"],\"articleSection\":[\"Graduados Enfermer\u00eda\",\"Graduados\"],\"inLanguage\":\"en-US\"},{\"@type\":\"WebPage\",\"@id\":\"https:\\\/\\\/www.ucm.edu.co\\\/me-siento-orgulloso-de-ser-ucm-es-la-mejor-universidad-graduado\\\/\",\"url\":\"https:\\\/\\\/www.ucm.edu.co\\\/me-siento-orgulloso-de-ser-ucm-es-la-mejor-universidad-graduado\\\/\",\"name\":\"UCM - Universidad Cat\u00f3lica de Manizales\",\"isPartOf\":{\"@id\":\"https:\\\/\\\/www.ucm.edu.co\\\/#website\"},\"primaryImageOfPage\":{\"@id\":\"https:\\\/\\\/www.ucm.edu.co\\\/me-siento-orgulloso-de-ser-ucm-es-la-mejor-universidad-graduado\\\/#primaryimage\"},\"image\":{\"@id\":\"https:\\\/\\\/www.ucm.edu.co\\\/me-siento-orgulloso-de-ser-ucm-es-la-mejor-universidad-graduado\\\/#primaryimage\"},\"thumbnailUrl\":\"https:\\\/\\\/www.ucm.edu.co\\\/wp-content\\\/uploads\\\/2021\\\/02\\\/Yeison-Hawer-Gutie\u0301rrez-Graduado-Enfermeri\u0301a.jpg\",\"datePublished\":\"2021-02-25T21:34:12+00:00\",\"dateModified\":\"2021-04-16T17:17:19+00:00\",\"breadcrumb\":{\"@id\":\"https:\\\/\\\/www.ucm.edu.co\\\/me-siento-orgulloso-de-ser-ucm-es-la-mejor-universidad-graduado\\\/#breadcrumb\"},\"inLanguage\":\"en-US\",\"potentialAction\":[{\"@type\":\"ReadAction\",\"target\":[\"https:\\\/\\\/www.ucm.edu.co\\\/me-siento-orgulloso-de-ser-ucm-es-la-mejor-universidad-graduado\\\/\"]}]},{\"@type\":\"ImageObject\",\"inLanguage\":\"en-US\",\"@id\":\"https:\\\/\\\/www.ucm.edu.co\\\/me-siento-orgulloso-de-ser-ucm-es-la-mejor-universidad-graduado\\\/#primaryimage\",\"url\":\"https:\\\/\\\/www.ucm.edu.co\\\/wp-content\\\/uploads\\\/2021\\\/02\\\/Yeison-Hawer-Gutie\u0301rrez-Graduado-Enfermeri\u0301a.jpg\",\"contentUrl\":\"https:\\\/\\\/www.ucm.edu.co\\\/wp-content\\\/uploads\\\/2021\\\/02\\\/Yeison-Hawer-Gutie\u0301rrez-Graduado-Enfermeri\u0301a.jpg\",\"width\":450,\"height\":300},{\"@type\":\"BreadcrumbList\",\"@id\":\"https:\\\/\\\/www.ucm.edu.co\\\/me-siento-orgulloso-de-ser-ucm-es-la-mejor-universidad-graduado\\\/#breadcrumb\",\"itemListElement\":[{\"@type\":\"ListItem\",\"position\":1,\"name\":\"Portada\",\"item\":\"https:\\\/\\\/www.ucm.edu.co\\\/\"},{\"@type\":\"ListItem\",\"position\":2,\"name\":\"\u201cMe siento orgulloso de ser UCM , es la mejor universidad\u201d: graduado\"}]},{\"@type\":\"WebSite\",\"@id\":\"https:\\\/\\\/www.ucm.edu.co\\\/#website\",\"url\":\"https:\\\/\\\/www.ucm.edu.co\\\/\",\"name\":\"UCM - Universidad Cat\u00f3lica de Manizales\",\"description\":\"Ven a ser quien quieres ser\",\"publisher\":{\"@id\":\"https:\\\/\\\/www.ucm.edu.co\\\/#organization\"},\"alternateName\":\"UCM\",\"potentialAction\":[{\"@type\":\"SearchAction\",\"target\":{\"@type\":\"EntryPoint\",\"urlTemplate\":\"https:\\\/\\\/www.ucm.edu.co\\\/?s={search_term_string}\"},\"query-input\":{\"@type\":\"PropertyValueSpecification\",\"valueRequired\":true,\"valueName\":\"search_term_string\"}}],\"inLanguage\":\"en-US\"},{\"@type\":\"Organization\",\"@id\":\"https:\\\/\\\/www.ucm.edu.co\\\/#organization\",\"name\":\"Universidad Cat\u00f3lica de Manizales\",\"alternateName\":\"UCM\",\"url\":\"https:\\\/\\\/www.ucm.edu.co\\\/\",\"logo\":{\"@type\":\"ImageObject\",\"inLanguage\":\"en-US\",\"@id\":\"https:\\\/\\\/www.ucm.edu.co\\\/#\\\/schema\\\/logo\\\/image\\\/\",\"url\":\"https:\\\/\\\/www.ucm.edu.co\\\/wp-content\\\/uploads\\\/2021\\\/03\\\/favicon_ucm.png\",\"contentUrl\":\"https:\\\/\\\/www.ucm.edu.co\\\/wp-content\\\/uploads\\\/2021\\\/03\\\/favicon_ucm.png\",\"width\":512,\"height\":512,\"caption\":\"Universidad Cat\u00f3lica de Manizales\"},\"image\":{\"@id\":\"https:\\\/\\\/www.ucm.edu.co\\\/#\\\/schema\\\/logo\\\/image\\\/\"},\"sameAs\":[\"https:\\\/\\\/www.facebook.com\\\/ucatolicamanizales\",\"https:\\\/\\\/x.com\\\/ucm_manizales\",\"https:\\\/\\\/www.instagram.com\\\/ucatolicamanizales\\\/\",\"https:\\\/\\\/co.linkedin.com\\\/school\\\/ucatolicamanizales\\\/\",\"https:\\\/\\\/www.youtube.com\\\/user\\\/UCMtelevision\"]},{\"@type\":\"Person\",\"@id\":\"https:\\\/\\\/www.ucm.edu.co\\\/#\\\/schema\\\/person\\\/52f5e2d6835d561911c3d6866e61cd5f\",\"name\":\"Marca UCM\",\"image\":{\"@type\":\"ImageObject\",\"inLanguage\":\"en-US\",\"@id\":\"https:\\\/\\\/secure.gravatar.com\\\/avatar\\\/299dbea677535d5ebf1e551d7096494f841ea22510b872bc8e72334b8a3b3e49?s=96&d=mm&r=g\",\"url\":\"https:\\\/\\\/secure.gravatar.com\\\/avatar\\\/299dbea677535d5ebf1e551d7096494f841ea22510b872bc8e72334b8a3b3e49?s=96&d=mm&r=g\",\"contentUrl\":\"https:\\\/\\\/secure.gravatar.com\\\/avatar\\\/299dbea677535d5ebf1e551d7096494f841ea22510b872bc8e72334b8a3b3e49?s=96&d=mm&r=g\",\"caption\":\"Marca UCM\"},\"url\":\"https:\\\/\\\/www.ucm.edu.co\\\/en\\\/author\\\/marca\\\/\"}]}<\/script>\n<!-- \/ Yoast SEO plugin. -->","yoast_head_json":{"title":"UCM - Universidad Cat\u00f3lica de Manizales","robots":{"index":"index","follow":"follow","max-snippet":"max-snippet:-1","max-image-preview":"max-image-preview:large","max-video-preview":"max-video-preview:-1"},"canonical":"https:\/\/www.ucm.edu.co\/en\/me-siento-orgulloso-de-ser-ucm-es-la-mejor-universidad-graduado\/","og_locale":"en_US","og_type":"article","og_title":"UCM - Universidad Cat\u00f3lica de Manizales","og_description":"En la Universidad Cat\u00f3lica de Manizales resaltamos el desarrollo profesional de nuestros graduados. Conoce la historia de Yeison Hawer Guti\u00e9rrez","og_url":"https:\/\/www.ucm.edu.co\/en\/me-siento-orgulloso-de-ser-ucm-es-la-mejor-universidad-graduado\/","og_site_name":"UCM - Universidad Cat\u00f3lica de Manizales","article_publisher":"https:\/\/www.facebook.com\/ucatolicamanizales","article_published_time":"2021-02-25T21:34:12+00:00","article_modified_time":"2021-04-16T17:17:19+00:00","og_image":[{"width":450,"height":300,"url":"https:\/\/www.ucm.edu.co\/wp-content\/uploads\/2021\/02\/Yeison-Hawer-Gutie\u0301rrez-Graduado-Enfermeri\u0301a.jpg","type":"image\/jpeg"}],"author":"Marca UCM","twitter_card":"summary_large_image","twitter_creator":"@ucm_manizales","twitter_site":"@ucm_manizales","twitter_misc":{"Written by":"Marca UCM","Est. reading time":"3 minutes"},"schema":{"@context":"https:\/\/schema.org","@graph":[{"@type":"Article","@id":"https:\/\/www.ucm.edu.co\/me-siento-orgulloso-de-ser-ucm-es-la-mejor-universidad-graduado\/#article","isPartOf":{"@id":"https:\/\/www.ucm.edu.co\/me-siento-orgulloso-de-ser-ucm-es-la-mejor-universidad-graduado\/"},"author":{"name":"Marca UCM","@id":"https:\/\/www.ucm.edu.co\/#\/schema\/person\/52f5e2d6835d561911c3d6866e61cd5f"},"headline":"\u201cMe siento orgulloso de ser UCM , es la mejor universidad\u201d: graduado","datePublished":"2021-02-25T21:34:12+00:00","dateModified":"2021-04-16T17:17:19+00:00","mainEntityOfPage":{"@id":"https:\/\/www.ucm.edu.co\/me-siento-orgulloso-de-ser-ucm-es-la-mejor-universidad-graduado\/"},"wordCount":629,"publisher":{"@id":"https:\/\/www.ucm.edu.co\/#organization"},"image":{"@id":"https:\/\/www.ucm.edu.co\/me-siento-orgulloso-de-ser-ucm-es-la-mejor-universidad-graduado\/#primaryimage"},"thumbnailUrl":"https:\/\/www.ucm.edu.co\/wp-content\/uploads\/2021\/02\/Yeison-Hawer-Gutie\u0301rrez-Graduado-Enfermeri\u0301a.jpg","keywords":["Comunicaciones UCM","Graduado UCM","Programa de Enfermer\u00eda UCM","UCM","Unidad de Graduados UCM","Universidad Cat\u00f3lica de Manizales"],"articleSection":["Graduados Enfermer\u00eda","Graduados"],"inLanguage":"en-US"},{"@type":"WebPage","@id":"https:\/\/www.ucm.edu.co\/me-siento-orgulloso-de-ser-ucm-es-la-mejor-universidad-graduado\/","url":"https:\/\/www.ucm.edu.co\/me-siento-orgulloso-de-ser-ucm-es-la-mejor-universidad-graduado\/","name":"UCM - Universidad Cat\u00f3lica de Manizales","isPartOf":{"@id":"https:\/\/www.ucm.edu.co\/#website"},"primaryImageOfPage":{"@id":"https:\/\/www.ucm.edu.co\/me-siento-orgulloso-de-ser-ucm-es-la-mejor-universidad-graduado\/#primaryimage"},"image":{"@id":"https:\/\/www.ucm.edu.co\/me-siento-orgulloso-de-ser-ucm-es-la-mejor-universidad-graduado\/#primaryimage"},"thumbnailUrl":"https:\/\/www.ucm.edu.co\/wp-content\/uploads\/2021\/02\/Yeison-Hawer-Gutie\u0301rrez-Graduado-Enfermeri\u0301a.jpg","datePublished":"2021-02-25T21:34:12+00:00","dateModified":"2021-04-16T17:17:19+00:00","breadcrumb":{"@id":"https:\/\/www.ucm.edu.co\/me-siento-orgulloso-de-ser-ucm-es-la-mejor-universidad-graduado\/#breadcrumb"},"inLanguage":"en-US","potentialAction":[{"@type":"ReadAction","target":["https:\/\/www.ucm.edu.co\/me-siento-orgulloso-de-ser-ucm-es-la-mejor-universidad-graduado\/"]}]},{"@type":"ImageObject","inLanguage":"en-US","@id":"https:\/\/www.ucm.edu.co\/me-siento-orgulloso-de-ser-ucm-es-la-mejor-universidad-graduado\/#primaryimage","url":"https:\/\/www.ucm.edu.co\/wp-content\/uploads\/2021\/02\/Yeison-Hawer-Gutie\u0301rrez-Graduado-Enfermeri\u0301a.jpg","contentUrl":"https:\/\/www.ucm.edu.co\/wp-content\/uploads\/2021\/02\/Yeison-Hawer-Gutie\u0301rrez-Graduado-Enfermeri\u0301a.jpg","width":450,"height":300},{"@type":"BreadcrumbList","@id":"https:\/\/www.ucm.edu.co\/me-siento-orgulloso-de-ser-ucm-es-la-mejor-universidad-graduado\/#breadcrumb","itemListElement":[{"@type":"ListItem","position":1,"name":"Portada","item":"https:\/\/www.ucm.edu.co\/"},{"@type":"ListItem","position":2,"name":"\u201cMe siento orgulloso de ser UCM , es la mejor universidad\u201d: graduado"}]},{"@type":"WebSite","@id":"https:\/\/www.ucm.edu.co\/#website","url":"https:\/\/www.ucm.edu.co\/","name":"UCM - Universidad Cat\u00f3lica de Manizales","description":"Ven a ser quien quieres ser","publisher":{"@id":"https:\/\/www.ucm.edu.co\/#organization"},"alternateName":"UCM","potentialAction":[{"@type":"SearchAction","target":{"@type":"EntryPoint","urlTemplate":"https:\/\/www.ucm.edu.co\/?s={search_term_string}"},"query-input":{"@type":"PropertyValueSpecification","valueRequired":true,"valueName":"search_term_string"}}],"inLanguage":"en-US"},{"@type":"Organization","@id":"https:\/\/www.ucm.edu.co\/#organization","name":"Universidad Cat\u00f3lica de Manizales","alternateName":"UCM","url":"https:\/\/www.ucm.edu.co\/","logo":{"@type":"ImageObject","inLanguage":"en-US","@id":"https:\/\/www.ucm.edu.co\/#\/schema\/logo\/image\/","url":"https:\/\/www.ucm.edu.co\/wp-content\/uploads\/2021\/03\/favicon_ucm.png","contentUrl":"https:\/\/www.ucm.edu.co\/wp-content\/uploads\/2021\/03\/favicon_ucm.png","width":512,"height":512,"caption":"Universidad Cat\u00f3lica de Manizales"},"image":{"@id":"https:\/\/www.ucm.edu.co\/#\/schema\/logo\/image\/"},"sameAs":["https:\/\/www.facebook.com\/ucatolicamanizales","https:\/\/x.com\/ucm_manizales","https:\/\/www.instagram.com\/ucatolicamanizales\/","https:\/\/co.linkedin.com\/school\/ucatolicamanizales\/","https:\/\/www.youtube.com\/user\/UCMtelevision"]},{"@type":"Person","@id":"https:\/\/www.ucm.edu.co\/#\/schema\/person\/52f5e2d6835d561911c3d6866e61cd5f","name":"Marca UCM","image":{"@type":"ImageObject","inLanguage":"en-US","@id":"https:\/\/secure.gravatar.com\/avatar\/299dbea677535d5ebf1e551d7096494f841ea22510b872bc8e72334b8a3b3e49?s=96&d=mm&r=g","url":"https:\/\/secure.gravatar.com\/avatar\/299dbea677535d5ebf1e551d7096494f841ea22510b872bc8e72334b8a3b3e49?s=96&d=mm&r=g","contentUrl":"https:\/\/secure.gravatar.com\/avatar\/299dbea677535d5ebf1e551d7096494f841ea22510b872bc8e72334b8a3b3e49?s=96&d=mm&r=g","caption":"Marca UCM"},"url":"https:\/\/www.ucm.edu.co\/en\/author\/marca\/"}]}},"_links":{"self":[{"href":"https:\/\/www.ucm.edu.co\/en\/wp-json\/wp\/v2\/posts\/184512","targetHints":{"allow":["GET"]}}],"collection":[{"href":"https:\/\/www.ucm.edu.co\/en\/wp-json\/wp\/v2\/posts"}],"about":[{"href":"https:\/\/www.ucm.edu.co\/en\/wp-json\/wp\/v2\/types\/post"}],"author":[{"embeddable":true,"href":"https:\/\/www.ucm.edu.co\/en\/wp-json\/wp\/v2\/users\/8"}],"replies":[{"embeddable":true,"href":"https:\/\/www.ucm.edu.co\/en\/wp-json\/wp\/v2\/comments?post=184512"}],"version-history":[{"count":2,"href":"https:\/\/www.ucm.edu.co\/en\/wp-json\/wp\/v2\/posts\/184512\/revisions"}],"predecessor-version":[{"id":190678,"href":"https:\/\/www.ucm.edu.co\/en\/wp-json\/wp\/v2\/posts\/184512\/revisions\/190678"}],"wp:featuredmedia":[{"embeddable":true,"href":"https:\/\/www.ucm.edu.co\/en\/wp-json\/wp\/v2\/media\/184513"}],"wp:attachment":[{"href":"https:\/\/www.ucm.edu.co\/en\/wp-json\/wp\/v2\/media?parent=184512"}],"wp:term":[{"taxonomy":"category","embeddable":true,"href":"https:\/\/www.ucm.edu.co\/en\/wp-json\/wp\/v2\/categories?post=184512"},{"taxonomy":"post_tag","embeddable":true,"href":"https:\/\/www.ucm.edu.co\/en\/wp-json\/wp\/v2\/tags?post=184512"}],"curies":[{"name":"wp","href":"https:\/\/api.w.org\/{rel}","templated":true}]}}