{"id":183572,"date":"2021-02-09T10:27:24","date_gmt":"2021-02-09T15:27:24","guid":{"rendered":"http:\/\/www.ucm.edu.co\/?p=183572"},"modified":"2023-04-24T11:16:01","modified_gmt":"2023-04-24T16:16:01","slug":"conoce-como-puedes-hacer-un-intercambio-por-un-ano-en-estados-unidos","status":"publish","type":"post","link":"https:\/\/www.ucm.edu.co\/en\/conoce-como-puedes-hacer-un-intercambio-por-un-ano-en-estados-unidos\/","title":{"rendered":"Conoce c\u00f3mo puedes hacer un intercambio por un a\u00f1o en Estados Unidos"},"content":{"rendered":"<p>El Programa <strong>Community College Initiative (CCI)<\/strong>, patrocinado por el <strong>Departamento de Estado de los Estados Unidos<\/strong>, es un programa de intercambio no conducente a t\u00edtulo que ofrece la oportunidad de estudiar en institutos tecnol\u00f3gicos (community colleges) en los Estados Unidos para fortalecer el mutuo entendimiento a trav\u00e9s de un <strong>programa de intercambio acad\u00e9mico, vocacional y cultural.<\/strong><br \/>\nLos participantes recibir\u00e1n <strong>instrucci\u00f3n acad\u00e9mica y formaci\u00f3n profesional durante un a\u00f1o<\/strong> acad\u00e9mico y tambi\u00e9n desarrollar\u00e1n <strong>habilidades de liderazgo, mejorar\u00e1n su fluidez en el idioma ingl\u00e9s y aprender\u00e1n sobre la cultura y sociedad <\/strong>de los Estados Unidos, incluyendo aspectos como el <strong>servicio comunitario y la responsabilidad social<\/strong>.&nbsp; Al finalizar el a\u00f1o acad\u00e9mico los participantes recibir\u00e1n un <strong>certificado de participaci\u00f3n<\/strong> y regresar\u00e1n a Colombia con experiencia pr\u00e1ctica adquirida a trav\u00e9s de pasant\u00edas en su \u00e1rea de estudio.<br \/>\n<a href=\"https:\/\/co.usembassy.gov\/es\/education-culture-es\/community-college-initiative-cci\/\" target=\"_blank\" rel=\"noopener\">Para conocer los pasos y el formulario de aplicaci\u00f3n, haz clic aqu\u00ed. <\/a><br \/>\n&nbsp;<\/p>\n<h6>Imagen tomada de es.vecteezy.com<\/h6>","protected":false},"excerpt":{"rendered":"<p>La fecha l\u00edmite para aplicar es el 12 de febrero de 2021 y aplica solo para estudiantes de pregrado<\/p>","protected":false},"author":8,"featured_media":183573,"comment_status":"closed","ping_status":"closed","sticky":false,"template":"","format":"standard","meta":{"_et_pb_use_builder":"","_et_pb_old_content":"","_et_gb_content_width":"","content-type":"","_monsterinsights_skip_tracking":false,"footnotes":""},"categories":[16],"tags":[66,131,97,68,69],"class_list":["post-183572","post","type-post","status-publish","format-standard","has-post-thumbnail","hentry","category-internacionalizacion","tag-factor-5-visibilidad-nacional-e-internacional","tag-pregrado","tag-relaciones-interinstitucionales-e-internacionales-ucm","tag-ucm","tag-universidad-catolica-de-manizales"],"yoast_head":"<!-- This site is optimized with the Yoast SEO plugin v28.1 - https:\/\/yoast.com\/product\/yoast-seo-wordpress\/ -->\n<title>UCM - Universidad Cat\u00f3lica de Manizales<\/title>\n<meta name=\"robots\" content=\"index, follow, max-snippet:-1, max-image-preview:large, max-video-preview:-1\" \/>\n<link rel=\"canonical\" href=\"https:\/\/www.ucm.edu.co\/en\/conoce-como-puedes-hacer-un-intercambio-por-un-ano-en-estados-unidos\/\" \/>\n<meta property=\"og:locale\" content=\"en_US\" \/>\n<meta property=\"og:type\" content=\"article\" \/>\n<meta property=\"og:title\" content=\"UCM - Universidad Cat\u00f3lica de Manizales\" \/>\n<meta property=\"og:description\" content=\"La fecha l\u00edmite para aplicar es el 12 de febrero de 2021 y aplica solo para estudiantes de pregrado\" \/>\n<meta property=\"og:url\" content=\"https:\/\/www.ucm.edu.co\/en\/conoce-como-puedes-hacer-un-intercambio-por-un-ano-en-estados-unidos\/\" \/>\n<meta property=\"og:site_name\" content=\"UCM - Universidad Cat\u00f3lica de Manizales\" \/>\n<meta property=\"article:publisher\" content=\"https:\/\/www.facebook.com\/ucatolicamanizales\" \/>\n<meta property=\"article:published_time\" content=\"2021-02-09T15:27:24+00:00\" \/>\n<meta property=\"article:modified_time\" content=\"2023-04-24T16:16:01+00:00\" \/>\n<meta property=\"og:image\" content=\"https:\/\/www.ucm.edu.co\/wp-content\/uploads\/2021\/02\/Intercambio-internacional-de-estudiantes_opt.jpg\" \/>\n\t<meta property=\"og:image:width\" content=\"450\" \/>\n\t<meta property=\"og:image:height\" content=\"300\" \/>\n\t<meta property=\"og:image:type\" content=\"image\/jpeg\" \/>\n<meta name=\"author\" content=\"Marca UCM\" \/>\n<meta name=\"twitter:card\" content=\"summary_large_image\" \/>\n<meta name=\"twitter:creator\" content=\"@ucm_manizales\" \/>\n<meta name=\"twitter:site\" content=\"@ucm_manizales\" \/>\n<meta name=\"twitter:label1\" content=\"Written by\" \/>\n\t<meta name=\"twitter:data1\" content=\"Marca UCM\" \/>\n\t<meta name=\"twitter:label2\" content=\"Est. reading time\" \/>\n\t<meta name=\"twitter:data2\" content=\"1 minute\" \/>\n<script type=\"application\/ld+json\" class=\"yoast-schema-graph\">{\"@context\":\"https:\\\/\\\/schema.org\",\"@graph\":[{\"@type\":\"Article\",\"@id\":\"https:\\\/\\\/www.ucm.edu.co\\\/conoce-como-puedes-hacer-un-intercambio-por-un-ano-en-estados-unidos\\\/#article\",\"isPartOf\":{\"@id\":\"https:\\\/\\\/www.ucm.edu.co\\\/conoce-como-puedes-hacer-un-intercambio-por-un-ano-en-estados-unidos\\\/\"},\"author\":{\"name\":\"Marca UCM\",\"@id\":\"https:\\\/\\\/www.ucm.edu.co\\\/#\\\/schema\\\/person\\\/52f5e2d6835d561911c3d6866e61cd5f\"},\"headline\":\"Conoce c\u00f3mo puedes hacer un intercambio por un a\u00f1o en Estados Unidos\",\"datePublished\":\"2021-02-09T15:27:24+00:00\",\"dateModified\":\"2023-04-24T16:16:01+00:00\",\"mainEntityOfPage\":{\"@id\":\"https:\\\/\\\/www.ucm.edu.co\\\/conoce-como-puedes-hacer-un-intercambio-por-un-ano-en-estados-unidos\\\/\"},\"wordCount\":189,\"publisher\":{\"@id\":\"https:\\\/\\\/www.ucm.edu.co\\\/#organization\"},\"image\":{\"@id\":\"https:\\\/\\\/www.ucm.edu.co\\\/conoce-como-puedes-hacer-un-intercambio-por-un-ano-en-estados-unidos\\\/#primaryimage\"},\"thumbnailUrl\":\"https:\\\/\\\/www.ucm.edu.co\\\/wp-content\\\/uploads\\\/2021\\\/02\\\/Intercambio-internacional-de-estudiantes_opt.jpg\",\"keywords\":[\"Factor 5 Visibilidad nacional e internacional\",\"Pregrado\",\"Relaciones Interinstitucionales e Internacionales UCM\",\"UCM\",\"Universidad Cat\u00f3lica de Manizales\"],\"articleSection\":[\"Internacionalizaci\u00f3n\"],\"inLanguage\":\"en-US\"},{\"@type\":\"WebPage\",\"@id\":\"https:\\\/\\\/www.ucm.edu.co\\\/conoce-como-puedes-hacer-un-intercambio-por-un-ano-en-estados-unidos\\\/\",\"url\":\"https:\\\/\\\/www.ucm.edu.co\\\/conoce-como-puedes-hacer-un-intercambio-por-un-ano-en-estados-unidos\\\/\",\"name\":\"UCM - Universidad Cat\u00f3lica de Manizales\",\"isPartOf\":{\"@id\":\"https:\\\/\\\/www.ucm.edu.co\\\/#website\"},\"primaryImageOfPage\":{\"@id\":\"https:\\\/\\\/www.ucm.edu.co\\\/conoce-como-puedes-hacer-un-intercambio-por-un-ano-en-estados-unidos\\\/#primaryimage\"},\"image\":{\"@id\":\"https:\\\/\\\/www.ucm.edu.co\\\/conoce-como-puedes-hacer-un-intercambio-por-un-ano-en-estados-unidos\\\/#primaryimage\"},\"thumbnailUrl\":\"https:\\\/\\\/www.ucm.edu.co\\\/wp-content\\\/uploads\\\/2021\\\/02\\\/Intercambio-internacional-de-estudiantes_opt.jpg\",\"datePublished\":\"2021-02-09T15:27:24+00:00\",\"dateModified\":\"2023-04-24T16:16:01+00:00\",\"breadcrumb\":{\"@id\":\"https:\\\/\\\/www.ucm.edu.co\\\/conoce-como-puedes-hacer-un-intercambio-por-un-ano-en-estados-unidos\\\/#breadcrumb\"},\"inLanguage\":\"en-US\",\"potentialAction\":[{\"@type\":\"ReadAction\",\"target\":[\"https:\\\/\\\/www.ucm.edu.co\\\/conoce-como-puedes-hacer-un-intercambio-por-un-ano-en-estados-unidos\\\/\"]}]},{\"@type\":\"ImageObject\",\"inLanguage\":\"en-US\",\"@id\":\"https:\\\/\\\/www.ucm.edu.co\\\/conoce-como-puedes-hacer-un-intercambio-por-un-ano-en-estados-unidos\\\/#primaryimage\",\"url\":\"https:\\\/\\\/www.ucm.edu.co\\\/wp-content\\\/uploads\\\/2021\\\/02\\\/Intercambio-internacional-de-estudiantes_opt.jpg\",\"contentUrl\":\"https:\\\/\\\/www.ucm.edu.co\\\/wp-content\\\/uploads\\\/2021\\\/02\\\/Intercambio-internacional-de-estudiantes_opt.jpg\",\"width\":450,\"height\":300,\"caption\":\"La Universidad Cat\u00f3lica de Manizales extiende esta invitaci\u00f3n para sus comunidades de Profesores y administrativos a la 11\u00aa Conferencia Latinoamericana y del Caribe para la Internacionalizaci\u00f3n de la Educaci\u00f3n Superior \u2013 LACHEC, la cual se llevar\u00e1 a cabo del 13 al 15 de agosto de 2024 en la Universidad de La Salle en Bogot\u00e1, Colombia.\"},{\"@type\":\"BreadcrumbList\",\"@id\":\"https:\\\/\\\/www.ucm.edu.co\\\/conoce-como-puedes-hacer-un-intercambio-por-un-ano-en-estados-unidos\\\/#breadcrumb\",\"itemListElement\":[{\"@type\":\"ListItem\",\"position\":1,\"name\":\"Portada\",\"item\":\"https:\\\/\\\/www.ucm.edu.co\\\/\"},{\"@type\":\"ListItem\",\"position\":2,\"name\":\"Conoce c\u00f3mo puedes hacer un intercambio por un a\u00f1o en Estados Unidos\"}]},{\"@type\":\"WebSite\",\"@id\":\"https:\\\/\\\/www.ucm.edu.co\\\/#website\",\"url\":\"https:\\\/\\\/www.ucm.edu.co\\\/\",\"name\":\"UCM - Universidad Cat\u00f3lica de Manizales\",\"description\":\"Ven a ser quien quieres ser\",\"publisher\":{\"@id\":\"https:\\\/\\\/www.ucm.edu.co\\\/#organization\"},\"alternateName\":\"UCM\",\"potentialAction\":[{\"@type\":\"SearchAction\",\"target\":{\"@type\":\"EntryPoint\",\"urlTemplate\":\"https:\\\/\\\/www.ucm.edu.co\\\/?s={search_term_string}\"},\"query-input\":{\"@type\":\"PropertyValueSpecification\",\"valueRequired\":true,\"valueName\":\"search_term_string\"}}],\"inLanguage\":\"en-US\"},{\"@type\":\"Organization\",\"@id\":\"https:\\\/\\\/www.ucm.edu.co\\\/#organization\",\"name\":\"Universidad Cat\u00f3lica de Manizales\",\"alternateName\":\"UCM\",\"url\":\"https:\\\/\\\/www.ucm.edu.co\\\/\",\"logo\":{\"@type\":\"ImageObject\",\"inLanguage\":\"en-US\",\"@id\":\"https:\\\/\\\/www.ucm.edu.co\\\/#\\\/schema\\\/logo\\\/image\\\/\",\"url\":\"https:\\\/\\\/www.ucm.edu.co\\\/wp-content\\\/uploads\\\/2021\\\/03\\\/favicon_ucm.png\",\"contentUrl\":\"https:\\\/\\\/www.ucm.edu.co\\\/wp-content\\\/uploads\\\/2021\\\/03\\\/favicon_ucm.png\",\"width\":512,\"height\":512,\"caption\":\"Universidad Cat\u00f3lica de Manizales\"},\"image\":{\"@id\":\"https:\\\/\\\/www.ucm.edu.co\\\/#\\\/schema\\\/logo\\\/image\\\/\"},\"sameAs\":[\"https:\\\/\\\/www.facebook.com\\\/ucatolicamanizales\",\"https:\\\/\\\/x.com\\\/ucm_manizales\",\"https:\\\/\\\/www.instagram.com\\\/ucatolicamanizales\\\/\",\"https:\\\/\\\/co.linkedin.com\\\/school\\\/ucatolicamanizales\\\/\",\"https:\\\/\\\/www.youtube.com\\\/user\\\/UCMtelevision\"]},{\"@type\":\"Person\",\"@id\":\"https:\\\/\\\/www.ucm.edu.co\\\/#\\\/schema\\\/person\\\/52f5e2d6835d561911c3d6866e61cd5f\",\"name\":\"Marca UCM\",\"image\":{\"@type\":\"ImageObject\",\"inLanguage\":\"en-US\",\"@id\":\"https:\\\/\\\/secure.gravatar.com\\\/avatar\\\/299dbea677535d5ebf1e551d7096494f841ea22510b872bc8e72334b8a3b3e49?s=96&d=mm&r=g\",\"url\":\"https:\\\/\\\/secure.gravatar.com\\\/avatar\\\/299dbea677535d5ebf1e551d7096494f841ea22510b872bc8e72334b8a3b3e49?s=96&d=mm&r=g\",\"contentUrl\":\"https:\\\/\\\/secure.gravatar.com\\\/avatar\\\/299dbea677535d5ebf1e551d7096494f841ea22510b872bc8e72334b8a3b3e49?s=96&d=mm&r=g\",\"caption\":\"Marca UCM\"},\"url\":\"https:\\\/\\\/www.ucm.edu.co\\\/en\\\/author\\\/marca\\\/\"}]}<\/script>\n<!-- \/ Yoast SEO plugin. -->","yoast_head_json":{"title":"UCM - Universidad Cat\u00f3lica de Manizales","robots":{"index":"index","follow":"follow","max-snippet":"max-snippet:-1","max-image-preview":"max-image-preview:large","max-video-preview":"max-video-preview:-1"},"canonical":"https:\/\/www.ucm.edu.co\/en\/conoce-como-puedes-hacer-un-intercambio-por-un-ano-en-estados-unidos\/","og_locale":"en_US","og_type":"article","og_title":"UCM - Universidad Cat\u00f3lica de Manizales","og_description":"La fecha l\u00edmite para aplicar es el 12 de febrero de 2021 y aplica solo para estudiantes de pregrado","og_url":"https:\/\/www.ucm.edu.co\/en\/conoce-como-puedes-hacer-un-intercambio-por-un-ano-en-estados-unidos\/","og_site_name":"UCM - Universidad Cat\u00f3lica de Manizales","article_publisher":"https:\/\/www.facebook.com\/ucatolicamanizales","article_published_time":"2021-02-09T15:27:24+00:00","article_modified_time":"2023-04-24T16:16:01+00:00","og_image":[{"width":450,"height":300,"url":"https:\/\/www.ucm.edu.co\/wp-content\/uploads\/2021\/02\/Intercambio-internacional-de-estudiantes_opt.jpg","type":"image\/jpeg"}],"author":"Marca UCM","twitter_card":"summary_large_image","twitter_creator":"@ucm_manizales","twitter_site":"@ucm_manizales","twitter_misc":{"Written by":"Marca UCM","Est. reading time":"1 minute"},"schema":{"@context":"https:\/\/schema.org","@graph":[{"@type":"Article","@id":"https:\/\/www.ucm.edu.co\/conoce-como-puedes-hacer-un-intercambio-por-un-ano-en-estados-unidos\/#article","isPartOf":{"@id":"https:\/\/www.ucm.edu.co\/conoce-como-puedes-hacer-un-intercambio-por-un-ano-en-estados-unidos\/"},"author":{"name":"Marca UCM","@id":"https:\/\/www.ucm.edu.co\/#\/schema\/person\/52f5e2d6835d561911c3d6866e61cd5f"},"headline":"Conoce c\u00f3mo puedes hacer un intercambio por un a\u00f1o en Estados Unidos","datePublished":"2021-02-09T15:27:24+00:00","dateModified":"2023-04-24T16:16:01+00:00","mainEntityOfPage":{"@id":"https:\/\/www.ucm.edu.co\/conoce-como-puedes-hacer-un-intercambio-por-un-ano-en-estados-unidos\/"},"wordCount":189,"publisher":{"@id":"https:\/\/www.ucm.edu.co\/#organization"},"image":{"@id":"https:\/\/www.ucm.edu.co\/conoce-como-puedes-hacer-un-intercambio-por-un-ano-en-estados-unidos\/#primaryimage"},"thumbnailUrl":"https:\/\/www.ucm.edu.co\/wp-content\/uploads\/2021\/02\/Intercambio-internacional-de-estudiantes_opt.jpg","keywords":["Factor 5 Visibilidad nacional e internacional","Pregrado","Relaciones Interinstitucionales e Internacionales UCM","UCM","Universidad Cat\u00f3lica de Manizales"],"articleSection":["Internacionalizaci\u00f3n"],"inLanguage":"en-US"},{"@type":"WebPage","@id":"https:\/\/www.ucm.edu.co\/conoce-como-puedes-hacer-un-intercambio-por-un-ano-en-estados-unidos\/","url":"https:\/\/www.ucm.edu.co\/conoce-como-puedes-hacer-un-intercambio-por-un-ano-en-estados-unidos\/","name":"UCM - Universidad Cat\u00f3lica de Manizales","isPartOf":{"@id":"https:\/\/www.ucm.edu.co\/#website"},"primaryImageOfPage":{"@id":"https:\/\/www.ucm.edu.co\/conoce-como-puedes-hacer-un-intercambio-por-un-ano-en-estados-unidos\/#primaryimage"},"image":{"@id":"https:\/\/www.ucm.edu.co\/conoce-como-puedes-hacer-un-intercambio-por-un-ano-en-estados-unidos\/#primaryimage"},"thumbnailUrl":"https:\/\/www.ucm.edu.co\/wp-content\/uploads\/2021\/02\/Intercambio-internacional-de-estudiantes_opt.jpg","datePublished":"2021-02-09T15:27:24+00:00","dateModified":"2023-04-24T16:16:01+00:00","breadcrumb":{"@id":"https:\/\/www.ucm.edu.co\/conoce-como-puedes-hacer-un-intercambio-por-un-ano-en-estados-unidos\/#breadcrumb"},"inLanguage":"en-US","potentialAction":[{"@type":"ReadAction","target":["https:\/\/www.ucm.edu.co\/conoce-como-puedes-hacer-un-intercambio-por-un-ano-en-estados-unidos\/"]}]},{"@type":"ImageObject","inLanguage":"en-US","@id":"https:\/\/www.ucm.edu.co\/conoce-como-puedes-hacer-un-intercambio-por-un-ano-en-estados-unidos\/#primaryimage","url":"https:\/\/www.ucm.edu.co\/wp-content\/uploads\/2021\/02\/Intercambio-internacional-de-estudiantes_opt.jpg","contentUrl":"https:\/\/www.ucm.edu.co\/wp-content\/uploads\/2021\/02\/Intercambio-internacional-de-estudiantes_opt.jpg","width":450,"height":300,"caption":"La Universidad Cat\u00f3lica de Manizales extiende esta invitaci\u00f3n para sus comunidades de Profesores y administrativos a la 11\u00aa Conferencia Latinoamericana y del Caribe para la Internacionalizaci\u00f3n de la Educaci\u00f3n Superior \u2013 LACHEC, la cual se llevar\u00e1 a cabo del 13 al 15 de agosto de 2024 en la Universidad de La Salle en Bogot\u00e1, Colombia."},{"@type":"BreadcrumbList","@id":"https:\/\/www.ucm.edu.co\/conoce-como-puedes-hacer-un-intercambio-por-un-ano-en-estados-unidos\/#breadcrumb","itemListElement":[{"@type":"ListItem","position":1,"name":"Portada","item":"https:\/\/www.ucm.edu.co\/"},{"@type":"ListItem","position":2,"name":"Conoce c\u00f3mo puedes hacer un intercambio por un a\u00f1o en Estados Unidos"}]},{"@type":"WebSite","@id":"https:\/\/www.ucm.edu.co\/#website","url":"https:\/\/www.ucm.edu.co\/","name":"UCM - Universidad Cat\u00f3lica de Manizales","description":"Ven a ser quien quieres ser","publisher":{"@id":"https:\/\/www.ucm.edu.co\/#organization"},"alternateName":"UCM","potentialAction":[{"@type":"SearchAction","target":{"@type":"EntryPoint","urlTemplate":"https:\/\/www.ucm.edu.co\/?s={search_term_string}"},"query-input":{"@type":"PropertyValueSpecification","valueRequired":true,"valueName":"search_term_string"}}],"inLanguage":"en-US"},{"@type":"Organization","@id":"https:\/\/www.ucm.edu.co\/#organization","name":"Universidad Cat\u00f3lica de Manizales","alternateName":"UCM","url":"https:\/\/www.ucm.edu.co\/","logo":{"@type":"ImageObject","inLanguage":"en-US","@id":"https:\/\/www.ucm.edu.co\/#\/schema\/logo\/image\/","url":"https:\/\/www.ucm.edu.co\/wp-content\/uploads\/2021\/03\/favicon_ucm.png","contentUrl":"https:\/\/www.ucm.edu.co\/wp-content\/uploads\/2021\/03\/favicon_ucm.png","width":512,"height":512,"caption":"Universidad Cat\u00f3lica de Manizales"},"image":{"@id":"https:\/\/www.ucm.edu.co\/#\/schema\/logo\/image\/"},"sameAs":["https:\/\/www.facebook.com\/ucatolicamanizales","https:\/\/x.com\/ucm_manizales","https:\/\/www.instagram.com\/ucatolicamanizales\/","https:\/\/co.linkedin.com\/school\/ucatolicamanizales\/","https:\/\/www.youtube.com\/user\/UCMtelevision"]},{"@type":"Person","@id":"https:\/\/www.ucm.edu.co\/#\/schema\/person\/52f5e2d6835d561911c3d6866e61cd5f","name":"Marca UCM","image":{"@type":"ImageObject","inLanguage":"en-US","@id":"https:\/\/secure.gravatar.com\/avatar\/299dbea677535d5ebf1e551d7096494f841ea22510b872bc8e72334b8a3b3e49?s=96&d=mm&r=g","url":"https:\/\/secure.gravatar.com\/avatar\/299dbea677535d5ebf1e551d7096494f841ea22510b872bc8e72334b8a3b3e49?s=96&d=mm&r=g","contentUrl":"https:\/\/secure.gravatar.com\/avatar\/299dbea677535d5ebf1e551d7096494f841ea22510b872bc8e72334b8a3b3e49?s=96&d=mm&r=g","caption":"Marca UCM"},"url":"https:\/\/www.ucm.edu.co\/en\/author\/marca\/"}]}},"_links":{"self":[{"href":"https:\/\/www.ucm.edu.co\/en\/wp-json\/wp\/v2\/posts\/183572","targetHints":{"allow":["GET"]}}],"collection":[{"href":"https:\/\/www.ucm.edu.co\/en\/wp-json\/wp\/v2\/posts"}],"about":[{"href":"https:\/\/www.ucm.edu.co\/en\/wp-json\/wp\/v2\/types\/post"}],"author":[{"embeddable":true,"href":"https:\/\/www.ucm.edu.co\/en\/wp-json\/wp\/v2\/users\/8"}],"replies":[{"embeddable":true,"href":"https:\/\/www.ucm.edu.co\/en\/wp-json\/wp\/v2\/comments?post=183572"}],"version-history":[{"count":1,"href":"https:\/\/www.ucm.edu.co\/en\/wp-json\/wp\/v2\/posts\/183572\/revisions"}],"predecessor-version":[{"id":208710,"href":"https:\/\/www.ucm.edu.co\/en\/wp-json\/wp\/v2\/posts\/183572\/revisions\/208710"}],"wp:featuredmedia":[{"embeddable":true,"href":"https:\/\/www.ucm.edu.co\/en\/wp-json\/wp\/v2\/media\/183573"}],"wp:attachment":[{"href":"https:\/\/www.ucm.edu.co\/en\/wp-json\/wp\/v2\/media?parent=183572"}],"wp:term":[{"taxonomy":"category","embeddable":true,"href":"https:\/\/www.ucm.edu.co\/en\/wp-json\/wp\/v2\/categories?post=183572"},{"taxonomy":"post_tag","embeddable":true,"href":"https:\/\/www.ucm.edu.co\/en\/wp-json\/wp\/v2\/tags?post=183572"}],"curies":[{"name":"wp","href":"https:\/\/api.w.org\/{rel}","templated":true}]}}